{"id":37449,"date":"2015-03-26T00:00:00","date_gmt":"2015-03-26T04:00:00","guid":{"rendered":"https:\/\/dev.explora.cl\/ohiggins\/blog\/2015\/03\/26\/dia-agua\/"},"modified":"2019-05-20T18:02:59","modified_gmt":"2019-05-20T18:02:59","slug":"dia-agua","status":"publish","type":"post","link":"https:\/\/dev.explora.cl\/ohiggins\/dia-agua\/","title":{"rendered":"PAR EXPLORA O\u2019Higgins mantiene compromiso con Mesa para el Desarrollo Sustentable"},"content":{"rendered":"<p><img loading=\"lazy\" decoding=\"async\" class=\" size-full wp-image-9808\" src=\"http:\/\/ec2-34-218-253-251.us-west-2.compute.amazonaws.com\/wp-content\/uploads\/2015\/03\/c951deae61c25f201fedf7ac5995ceb1.jpg\" alt=\"\" width=\"1000\" height=\"667\" \/><\/p>\n<p style=\"text-align: justify\">Dentro del marco de la celebraci\u00f3n del D\u00eda del Agua, realizado recientemente en San Fernando, PAR EXPLORA O\u2019Higgins, junto a otras 25 entidades p\u00fablicas y privadas de la regi\u00f3n, firmaron el acta de compromiso 2015, para continuar con el trabajo de la Mesa de Educaci\u00f3n para el Desarrollo Sustentable.<\/p>\n<p style=\"text-align: justify\">La instancia liderada por la seremi de Educaci\u00f3n, y ejecutada por la seremi de Medioambiente, data de 2003 y tiene como objetivo formar personas y ciudadanos capaces de asumir la responsabilidad de crear y disfrutar de una sociedad sustentable y contribuir al fortalecimiento de procesos educativos que permitan instalar y desarrollar valores, conceptos, habilidades, competencias y actitudes en la ciudadan\u00eda en su conjunto.<\/p>\n<p style=\"text-align: justify\">La firma fue realizada dentro en el Centro Cultural (ex teatro) de San Fernando, en la ceremonia de Certificaci\u00f3n Ambiental de 49 establecimientos educacionales de la regi\u00f3n de O\u2019Higgins; 25 de ellos se incorporaron al mencionado programa y el resto volvi\u00f3 a ganar el reconocimiento, debido a que sus estudiantes y comunidad educativa en general, realiza acciones con el objetivo de generar mayor conciencia en el cuidado del ecosistema.<\/p>\n<p style=\"text-align: justify\"><img decoding=\"async\" class=\" alignleft size-full wp-image-9809\" src=\"http:\/\/ec2-34-218-253-251.us-west-2.compute.amazonaws.com\/wp-content\/uploads\/2015\/03\/dia-agua-13.jpg\" border=\"0\" width=\"300\" style=\"float: left;margin: 10px\" \/>\u201cEste desaf\u00edo es muy importante; pedimos a nuestros profesores que tambi\u00e9n valoren el esfuerzo, el compromiso y lo actitudinal de estos estudiantes; y que queremos destacar en las futuras generaciones\u201d, sostuvo la Seremi de Educaci\u00f3n, Alyson Hadad.<\/p>\n<p style=\"text-align: justify\">Las entidades pertenecientes a la Mesa para el Desarrollo Sustentable se re\u00fanen en forma mensual, para planificar y apoyar actividades en conjunto, que estaremos informando oportunamente.<\/p>\n<p style=\"text-align: justify\">\u00a0<\/p>\n<p style=\"text-align: justify\">Nota: Carla Morales<\/p>\n<p style=\"text-align: justify\">Fotograf\u00edas: Esteban Reyes<\/p>\n","protected":false},"excerpt":{"rendered":"<p>Dentro del marco de la celebraci\u00f3n del D\u00eda del Agua, realizado recientemente en San Fernando, PAR EXPLORA O\u2019Higgins, junto a otras 25 entidades p\u00fablicas y privadas de la regi\u00f3n, firmaron el acta de compromiso 2015, para continuar con el trabajo de la Mesa de Educaci\u00f3n para el Desarrollo Sustentable. La instancia liderada por la seremi [&hellip;]<\/p>\n","protected":false},"author":2,"featured_media":32021,"comment_status":"open","ping_status":"open","sticky":false,"template":"","format":"standard","meta":{"_acf_changed":false,"_exactmetrics_skip_tracking":false,"_exactmetrics_sitenote_active":false,"_exactmetrics_sitenote_note":"","_exactmetrics_sitenote_category":0,"footnotes":"","_links_to":"","_links_to_target":""},"categories":[4],"tags":[],"class_list":["post-37449","post","type-post","status-publish","format-standard","has-post-thumbnail","hentry","category-noticias"],"acf":[],"yoast_head":"<!-- This site is optimized with the Yoast SEO plugin v26.7 - https:\/\/yoast.com\/wordpress\/plugins\/seo\/ -->\n<title>PAR EXPLORA O\u2019Higgins mantiene compromiso con Mesa para el Desarrollo Sustentable - O&#039;Higgins<\/title>\n<meta name=\"robots\" content=\"index, follow, max-snippet:-1, max-image-preview:large, max-video-preview:-1\" \/>\n<link rel=\"canonical\" href=\"https:\/\/dev.explora.cl\/ohiggins\/dia-agua\/\" class=\"yoast-seo-meta-tag\" \/>\n<meta property=\"og:locale\" content=\"es_ES\" class=\"yoast-seo-meta-tag\" \/>\n<meta property=\"og:type\" content=\"article\" class=\"yoast-seo-meta-tag\" \/>\n<meta property=\"og:title\" content=\"PAR EXPLORA O\u2019Higgins mantiene compromiso con Mesa para el Desarrollo Sustentable - O&#039;Higgins\" class=\"yoast-seo-meta-tag\" \/>\n<meta property=\"og:description\" content=\"Dentro del marco de la celebraci\u00f3n del D\u00eda del Agua, realizado recientemente en San Fernando, PAR EXPLORA O\u2019Higgins, junto a otras 25 entidades p\u00fablicas y privadas de la regi\u00f3n, firmaron el acta de compromiso 2015, para continuar con el trabajo de la Mesa de Educaci\u00f3n para el Desarrollo Sustentable. La instancia liderada por la seremi [&hellip;]\" class=\"yoast-seo-meta-tag\" \/>\n<meta property=\"og:url\" content=\"https:\/\/dev.explora.cl\/ohiggins\/dia-agua\/\" class=\"yoast-seo-meta-tag\" \/>\n<meta property=\"og:site_name\" content=\"O&#039;Higgins\" class=\"yoast-seo-meta-tag\" \/>\n<meta property=\"article:published_time\" content=\"2015-03-26T04:00:00+00:00\" class=\"yoast-seo-meta-tag\" \/>\n<meta property=\"article:modified_time\" content=\"2019-05-20T18:02:59+00:00\" class=\"yoast-seo-meta-tag\" \/>\n<meta property=\"og:image\" content=\"https:\/\/dev.explora.cl\/ohiggins\/wp-content\/uploads\/sites\/8\/2018\/06\/c951deae61c25f201fedf7ac5995ceb1.jpg\" class=\"yoast-seo-meta-tag\" \/>\n\t<meta property=\"og:image:width\" content=\"1000\" class=\"yoast-seo-meta-tag\" \/>\n\t<meta property=\"og:image:height\" content=\"667\" class=\"yoast-seo-meta-tag\" \/>\n\t<meta property=\"og:image:type\" content=\"image\/jpeg\" class=\"yoast-seo-meta-tag\" \/>\n<meta name=\"author\" content=\"webman\" class=\"yoast-seo-meta-tag\" \/>\n<meta name=\"twitter:card\" content=\"summary_large_image\" class=\"yoast-seo-meta-tag\" \/>\n<meta name=\"twitter:label1\" content=\"Escrito por\" class=\"yoast-seo-meta-tag\" \/>\n\t<meta name=\"twitter:data1\" content=\"webman\" class=\"yoast-seo-meta-tag\" \/>\n\t<meta name=\"twitter:label2\" content=\"Tiempo estimado de lectura\" class=\"yoast-seo-meta-tag\" \/>\n\t<meta name=\"twitter:data2\" content=\"1 minuto\" class=\"yoast-seo-meta-tag\" \/>\n<script type=\"application\/ld+json\" class=\"yoast-schema-graph\">{\"@context\":\"https:\/\/schema.org\",\"@graph\":[{\"@type\":\"Article\",\"@id\":\"https:\/\/dev.explora.cl\/ohiggins\/dia-agua\/#article\",\"isPartOf\":{\"@id\":\"https:\/\/dev.explora.cl\/ohiggins\/dia-agua\/\"},\"author\":{\"name\":\"webman\",\"@id\":\"https:\/\/dev.explora.cl\/ohiggins\/#\/schema\/person\/cb8349c13ea2d324080adf8480d7ba5d\"},\"headline\":\"PAR EXPLORA O\u2019Higgins mantiene compromiso con Mesa para el Desarrollo Sustentable\",\"datePublished\":\"2015-03-26T04:00:00+00:00\",\"dateModified\":\"2019-05-20T18:02:59+00:00\",\"mainEntityOfPage\":{\"@id\":\"https:\/\/dev.explora.cl\/ohiggins\/dia-agua\/\"},\"wordCount\":273,\"commentCount\":1,\"image\":{\"@id\":\"https:\/\/dev.explora.cl\/ohiggins\/dia-agua\/#primaryimage\"},\"thumbnailUrl\":\"https:\/\/dev.explora.cl\/ohiggins\/wp-content\/uploads\/sites\/8\/2018\/06\/c951deae61c25f201fedf7ac5995ceb1.jpg\",\"articleSection\":[\"Noticias\"],\"inLanguage\":\"es-CL\",\"potentialAction\":[{\"@type\":\"CommentAction\",\"name\":\"Comment\",\"target\":[\"https:\/\/dev.explora.cl\/ohiggins\/dia-agua\/#respond\"]}]},{\"@type\":\"WebPage\",\"@id\":\"https:\/\/dev.explora.cl\/ohiggins\/dia-agua\/\",\"url\":\"https:\/\/dev.explora.cl\/ohiggins\/dia-agua\/\",\"name\":\"PAR EXPLORA O\u2019Higgins mantiene compromiso con Mesa para el Desarrollo Sustentable - O&#039;Higgins\",\"isPartOf\":{\"@id\":\"https:\/\/dev.explora.cl\/ohiggins\/#website\"},\"primaryImageOfPage\":{\"@id\":\"https:\/\/dev.explora.cl\/ohiggins\/dia-agua\/#primaryimage\"},\"image\":{\"@id\":\"https:\/\/dev.explora.cl\/ohiggins\/dia-agua\/#primaryimage\"},\"thumbnailUrl\":\"https:\/\/dev.explora.cl\/ohiggins\/wp-content\/uploads\/sites\/8\/2018\/06\/c951deae61c25f201fedf7ac5995ceb1.jpg\",\"datePublished\":\"2015-03-26T04:00:00+00:00\",\"dateModified\":\"2019-05-20T18:02:59+00:00\",\"author\":{\"@id\":\"https:\/\/dev.explora.cl\/ohiggins\/#\/schema\/person\/cb8349c13ea2d324080adf8480d7ba5d\"},\"breadcrumb\":{\"@id\":\"https:\/\/dev.explora.cl\/ohiggins\/dia-agua\/#breadcrumb\"},\"inLanguage\":\"es-CL\",\"potentialAction\":[{\"@type\":\"ReadAction\",\"target\":[\"https:\/\/dev.explora.cl\/ohiggins\/dia-agua\/\"]}]},{\"@type\":\"ImageObject\",\"inLanguage\":\"es-CL\",\"@id\":\"https:\/\/dev.explora.cl\/ohiggins\/dia-agua\/#primaryimage\",\"url\":\"https:\/\/dev.explora.cl\/ohiggins\/wp-content\/uploads\/sites\/8\/2018\/06\/c951deae61c25f201fedf7ac5995ceb1.jpg\",\"contentUrl\":\"https:\/\/dev.explora.cl\/ohiggins\/wp-content\/uploads\/sites\/8\/2018\/06\/c951deae61c25f201fedf7ac5995ceb1.jpg\",\"width\":1000,\"height\":667},{\"@type\":\"BreadcrumbList\",\"@id\":\"https:\/\/dev.explora.cl\/ohiggins\/dia-agua\/#breadcrumb\",\"itemListElement\":[{\"@type\":\"ListItem\",\"position\":1,\"name\":\"Portada\",\"item\":\"https:\/\/dev.explora.cl\/ohiggins\/\"},{\"@type\":\"ListItem\",\"position\":2,\"name\":\"PAR EXPLORA O\u2019Higgins mantiene compromiso con Mesa para el Desarrollo Sustentable\"}]},{\"@type\":\"WebSite\",\"@id\":\"https:\/\/dev.explora.cl\/ohiggins\/#website\",\"url\":\"https:\/\/dev.explora.cl\/ohiggins\/\",\"name\":\"O&#039;Higgins\",\"description\":\"Otro sitio m\u00e1s de dev.explora.cl\",\"potentialAction\":[{\"@type\":\"SearchAction\",\"target\":{\"@type\":\"EntryPoint\",\"urlTemplate\":\"https:\/\/dev.explora.cl\/ohiggins\/?s={search_term_string}\"},\"query-input\":{\"@type\":\"PropertyValueSpecification\",\"valueRequired\":true,\"valueName\":\"search_term_string\"}}],\"inLanguage\":\"es-CL\"},{\"@type\":\"Person\",\"@id\":\"https:\/\/dev.explora.cl\/ohiggins\/#\/schema\/person\/cb8349c13ea2d324080adf8480d7ba5d\",\"name\":\"webman\",\"image\":{\"@type\":\"ImageObject\",\"inLanguage\":\"es-CL\",\"@id\":\"https:\/\/dev.explora.cl\/ohiggins\/#\/schema\/person\/image\/\",\"url\":\"https:\/\/secure.gravatar.com\/avatar\/eeff3c82f2c02f7177d13663b7e6f890e9a6a0647ce9bb29cae02dcb094c7312?s=96&d=mm&r=g\",\"contentUrl\":\"https:\/\/secure.gravatar.com\/avatar\/eeff3c82f2c02f7177d13663b7e6f890e9a6a0647ce9bb29cae02dcb094c7312?s=96&d=mm&r=g\",\"caption\":\"webman\"},\"url\":\"https:\/\/dev.explora.cl\/ohiggins\/author\/webman\/\"}]}<\/script>\n<!-- \/ Yoast SEO plugin. -->","yoast_head_json":{"title":"PAR EXPLORA O\u2019Higgins mantiene compromiso con Mesa para el Desarrollo Sustentable - O&#039;Higgins","robots":{"index":"index","follow":"follow","max-snippet":"max-snippet:-1","max-image-preview":"max-image-preview:large","max-video-preview":"max-video-preview:-1"},"canonical":"https:\/\/dev.explora.cl\/ohiggins\/dia-agua\/","og_locale":"es_ES","og_type":"article","og_title":"PAR EXPLORA O\u2019Higgins mantiene compromiso con Mesa para el Desarrollo Sustentable - O&#039;Higgins","og_description":"Dentro del marco de la celebraci\u00f3n del D\u00eda del Agua, realizado recientemente en San Fernando, PAR EXPLORA O\u2019Higgins, junto a otras 25 entidades p\u00fablicas y privadas de la regi\u00f3n, firmaron el acta de compromiso 2015, para continuar con el trabajo de la Mesa de Educaci\u00f3n para el Desarrollo Sustentable. La instancia liderada por la seremi [&hellip;]","og_url":"https:\/\/dev.explora.cl\/ohiggins\/dia-agua\/","og_site_name":"O&#039;Higgins","article_published_time":"2015-03-26T04:00:00+00:00","article_modified_time":"2019-05-20T18:02:59+00:00","og_image":[{"width":1000,"height":667,"url":"https:\/\/dev.explora.cl\/ohiggins\/wp-content\/uploads\/sites\/8\/2018\/06\/c951deae61c25f201fedf7ac5995ceb1.jpg","type":"image\/jpeg"}],"author":"webman","twitter_card":"summary_large_image","twitter_misc":{"Escrito por":"webman","Tiempo estimado de lectura":"1 minuto"},"schema":{"@context":"https:\/\/schema.org","@graph":[{"@type":"Article","@id":"https:\/\/dev.explora.cl\/ohiggins\/dia-agua\/#article","isPartOf":{"@id":"https:\/\/dev.explora.cl\/ohiggins\/dia-agua\/"},"author":{"name":"webman","@id":"https:\/\/dev.explora.cl\/ohiggins\/#\/schema\/person\/cb8349c13ea2d324080adf8480d7ba5d"},"headline":"PAR EXPLORA O\u2019Higgins mantiene compromiso con Mesa para el Desarrollo Sustentable","datePublished":"2015-03-26T04:00:00+00:00","dateModified":"2019-05-20T18:02:59+00:00","mainEntityOfPage":{"@id":"https:\/\/dev.explora.cl\/ohiggins\/dia-agua\/"},"wordCount":273,"commentCount":1,"image":{"@id":"https:\/\/dev.explora.cl\/ohiggins\/dia-agua\/#primaryimage"},"thumbnailUrl":"https:\/\/dev.explora.cl\/ohiggins\/wp-content\/uploads\/sites\/8\/2018\/06\/c951deae61c25f201fedf7ac5995ceb1.jpg","articleSection":["Noticias"],"inLanguage":"es-CL","potentialAction":[{"@type":"CommentAction","name":"Comment","target":["https:\/\/dev.explora.cl\/ohiggins\/dia-agua\/#respond"]}]},{"@type":"WebPage","@id":"https:\/\/dev.explora.cl\/ohiggins\/dia-agua\/","url":"https:\/\/dev.explora.cl\/ohiggins\/dia-agua\/","name":"PAR EXPLORA O\u2019Higgins mantiene compromiso con Mesa para el Desarrollo Sustentable - O&#039;Higgins","isPartOf":{"@id":"https:\/\/dev.explora.cl\/ohiggins\/#website"},"primaryImageOfPage":{"@id":"https:\/\/dev.explora.cl\/ohiggins\/dia-agua\/#primaryimage"},"image":{"@id":"https:\/\/dev.explora.cl\/ohiggins\/dia-agua\/#primaryimage"},"thumbnailUrl":"https:\/\/dev.explora.cl\/ohiggins\/wp-content\/uploads\/sites\/8\/2018\/06\/c951deae61c25f201fedf7ac5995ceb1.jpg","datePublished":"2015-03-26T04:00:00+00:00","dateModified":"2019-05-20T18:02:59+00:00","author":{"@id":"https:\/\/dev.explora.cl\/ohiggins\/#\/schema\/person\/cb8349c13ea2d324080adf8480d7ba5d"},"breadcrumb":{"@id":"https:\/\/dev.explora.cl\/ohiggins\/dia-agua\/#breadcrumb"},"inLanguage":"es-CL","potentialAction":[{"@type":"ReadAction","target":["https:\/\/dev.explora.cl\/ohiggins\/dia-agua\/"]}]},{"@type":"ImageObject","inLanguage":"es-CL","@id":"https:\/\/dev.explora.cl\/ohiggins\/dia-agua\/#primaryimage","url":"https:\/\/dev.explora.cl\/ohiggins\/wp-content\/uploads\/sites\/8\/2018\/06\/c951deae61c25f201fedf7ac5995ceb1.jpg","contentUrl":"https:\/\/dev.explora.cl\/ohiggins\/wp-content\/uploads\/sites\/8\/2018\/06\/c951deae61c25f201fedf7ac5995ceb1.jpg","width":1000,"height":667},{"@type":"BreadcrumbList","@id":"https:\/\/dev.explora.cl\/ohiggins\/dia-agua\/#breadcrumb","itemListElement":[{"@type":"ListItem","position":1,"name":"Portada","item":"https:\/\/dev.explora.cl\/ohiggins\/"},{"@type":"ListItem","position":2,"name":"PAR EXPLORA O\u2019Higgins mantiene compromiso con Mesa para el Desarrollo Sustentable"}]},{"@type":"WebSite","@id":"https:\/\/dev.explora.cl\/ohiggins\/#website","url":"https:\/\/dev.explora.cl\/ohiggins\/","name":"O&#039;Higgins","description":"Otro sitio m\u00e1s de dev.explora.cl","potentialAction":[{"@type":"SearchAction","target":{"@type":"EntryPoint","urlTemplate":"https:\/\/dev.explora.cl\/ohiggins\/?s={search_term_string}"},"query-input":{"@type":"PropertyValueSpecification","valueRequired":true,"valueName":"search_term_string"}}],"inLanguage":"es-CL"},{"@type":"Person","@id":"https:\/\/dev.explora.cl\/ohiggins\/#\/schema\/person\/cb8349c13ea2d324080adf8480d7ba5d","name":"webman","image":{"@type":"ImageObject","inLanguage":"es-CL","@id":"https:\/\/dev.explora.cl\/ohiggins\/#\/schema\/person\/image\/","url":"https:\/\/secure.gravatar.com\/avatar\/eeff3c82f2c02f7177d13663b7e6f890e9a6a0647ce9bb29cae02dcb094c7312?s=96&d=mm&r=g","contentUrl":"https:\/\/secure.gravatar.com\/avatar\/eeff3c82f2c02f7177d13663b7e6f890e9a6a0647ce9bb29cae02dcb094c7312?s=96&d=mm&r=g","caption":"webman"},"url":"https:\/\/dev.explora.cl\/ohiggins\/author\/webman\/"}]}},"_links":{"self":[{"href":"https:\/\/dev.explora.cl\/ohiggins\/wp-json\/wp\/v2\/posts\/37449","targetHints":{"allow":["GET"]}}],"collection":[{"href":"https:\/\/dev.explora.cl\/ohiggins\/wp-json\/wp\/v2\/posts"}],"about":[{"href":"https:\/\/dev.explora.cl\/ohiggins\/wp-json\/wp\/v2\/types\/post"}],"author":[{"embeddable":true,"href":"https:\/\/dev.explora.cl\/ohiggins\/wp-json\/wp\/v2\/users\/2"}],"replies":[{"embeddable":true,"href":"https:\/\/dev.explora.cl\/ohiggins\/wp-json\/wp\/v2\/comments?post=37449"}],"version-history":[{"count":1,"href":"https:\/\/dev.explora.cl\/ohiggins\/wp-json\/wp\/v2\/posts\/37449\/revisions"}],"predecessor-version":[{"id":37829,"href":"https:\/\/dev.explora.cl\/ohiggins\/wp-json\/wp\/v2\/posts\/37449\/revisions\/37829"}],"wp:featuredmedia":[{"embeddable":true,"href":"https:\/\/dev.explora.cl\/ohiggins\/wp-json\/wp\/v2\/media\/32021"}],"wp:attachment":[{"href":"https:\/\/dev.explora.cl\/ohiggins\/wp-json\/wp\/v2\/media?parent=37449"}],"wp:term":[{"taxonomy":"category","embeddable":true,"href":"https:\/\/dev.explora.cl\/ohiggins\/wp-json\/wp\/v2\/categories?post=37449"},{"taxonomy":"post_tag","embeddable":true,"href":"https:\/\/dev.explora.cl\/ohiggins\/wp-json\/wp\/v2\/tags?post=37449"}],"curies":[{"name":"wp","href":"https:\/\/api.w.org\/{rel}","templated":true}]}}