{"id":37446,"date":"2015-03-12T00:00:00","date_gmt":"2015-03-12T04:00:00","guid":{"rendered":"https:\/\/dev.explora.cl\/ohiggins\/blog\/2015\/03\/12\/encuentro-1\/"},"modified":"2019-05-20T18:03:01","modified_gmt":"2019-05-20T18:03:01","slug":"encuentro-1","status":"publish","type":"post","link":"https:\/\/dev.explora.cl\/ohiggins\/encuentro-1\/","title":{"rendered":"Comunicadores y cient\u00edficos se reunir\u00e1n en 1\u00b0 Encuentro de Ciencia y Comunicaci\u00f3n"},"content":{"rendered":"<p><img loading=\"lazy\" decoding=\"async\" class=\" size-full wp-image-9356\" src=\"http:\/\/ec2-34-218-253-251.us-west-2.compute.amazonaws.com\/wp-content\/uploads\/2015\/03\/e50ea347917618304944294820c7b33b.jpg\" alt=\"\" width=\"800\" height=\"534\" \/><\/p>\n<p style=\"text-align: justify\">El proyecto FIC \u201cRed de Gesti\u00f3n Tecnol\u00f3gica para el Agro\u201d (RGTA), con la colaboraci\u00f3n de PAR EXPLORA O&#8217;Higgins, realizar\u00e1 el Encuentro de Ciencia y Comunicaci\u00f3n de la regi\u00f3n, con el objetivo de reunir a cient\u00edficos y comunicadores para dar a conocer con el objetivo de reunir a cient\u00edficos y comunicadores en torno a la importancia de difundir el quehacer cient\u00edfico al p\u00fablico en general.<\/p>\n<p style=\"text-align: justify\">El Encuentro estar\u00e1 a cargo del Periodista Cient\u00edfico, Raimundo Roberts, Master en Comunicaci\u00f3n, Presidente de la Asociaci\u00f3n Chilena de Periodistas y Profesionales de la Comunicaci\u00f3n Cient\u00edfica y de la Dra. N\u00e9lida Pohl, PhD, Bi\u00f3loga, Master en Comunicaci\u00f3n de la Ciencia, junto a Patricia Rodr\u00edguez, Directora del Programa de Informaci\u00f3n Cient\u00edfica de CONICYT, Licenciada en Ciencias de la Informaci\u00f3n, Magister en Documentaci\u00f3n Digital.<\/p>\n<p style=\"text-align: justify\">Seg\u00fan expres\u00f3 Roberts: \u201cNuestra propuesta tiene que ver con cruzar datos de N\u00e9lida desde una mirada cient\u00edfica y m\u00edos desde una mirada period\u00edstica para contarle a la gente lo importante que es que el conocimiento cient\u00edfico llegue a las distintas entidades de nuestra sociedad. La ciencia puede solucionar problemas (\u2026) pero, adem\u00e1s, se necesita de una serie de herramientas para comunicarla\u201d.<\/p>\n<p style=\"text-align: justify\">La actividad de car\u00e1cter gratuito y con cupos limitados, se desarrollar\u00e1 el martes 24 de marzo a las 9.30 de la ma\u00f1ana en el Sal\u00f3n Auditorio del Instituto de Investigaciones Agropecuarias &#8211; INIA Rayentu\u00e9.<\/p>\n<p style=\"text-align: justify\">Para mayores informaciones contactarse al mail cbustos@rgta.cl.<\/p>\n<p style=\"text-align: justify\">Fuente: RGTA<\/p>\n","protected":false},"excerpt":{"rendered":"<p>El proyecto FIC \u201cRed de Gesti\u00f3n Tecnol\u00f3gica para el Agro\u201d (RGTA), con la colaboraci\u00f3n de PAR EXPLORA O&#8217;Higgins, realizar\u00e1 el Encuentro de Ciencia y Comunicaci\u00f3n de la regi\u00f3n, con el objetivo de reunir a cient\u00edficos y comunicadores para dar a conocer con el objetivo de reunir a cient\u00edficos y comunicadores en torno a la importancia [&hellip;]<\/p>\n","protected":false},"author":2,"featured_media":32007,"comment_status":"open","ping_status":"open","sticky":false,"template":"","format":"standard","meta":{"_acf_changed":false,"_exactmetrics_skip_tracking":false,"_exactmetrics_sitenote_active":false,"_exactmetrics_sitenote_note":"","_exactmetrics_sitenote_category":0,"footnotes":"","_links_to":"","_links_to_target":""},"categories":[4],"tags":[],"class_list":["post-37446","post","type-post","status-publish","format-standard","has-post-thumbnail","hentry","category-noticias"],"acf":[],"yoast_head":"<!-- This site is optimized with the Yoast SEO plugin v26.7 - https:\/\/yoast.com\/wordpress\/plugins\/seo\/ -->\n<title>Comunicadores y cient\u00edficos se reunir\u00e1n en 1\u00b0 Encuentro de Ciencia y Comunicaci\u00f3n - O&#039;Higgins<\/title>\n<meta name=\"robots\" content=\"index, follow, max-snippet:-1, max-image-preview:large, max-video-preview:-1\" \/>\n<link rel=\"canonical\" href=\"https:\/\/dev.explora.cl\/ohiggins\/encuentro-1\/\" class=\"yoast-seo-meta-tag\" \/>\n<meta property=\"og:locale\" content=\"es_ES\" class=\"yoast-seo-meta-tag\" \/>\n<meta property=\"og:type\" content=\"article\" class=\"yoast-seo-meta-tag\" \/>\n<meta property=\"og:title\" content=\"Comunicadores y cient\u00edficos se reunir\u00e1n en 1\u00b0 Encuentro de Ciencia y Comunicaci\u00f3n - O&#039;Higgins\" class=\"yoast-seo-meta-tag\" \/>\n<meta property=\"og:description\" content=\"El proyecto FIC \u201cRed de Gesti\u00f3n Tecnol\u00f3gica para el Agro\u201d (RGTA), con la colaboraci\u00f3n de PAR EXPLORA O&#8217;Higgins, realizar\u00e1 el Encuentro de Ciencia y Comunicaci\u00f3n de la regi\u00f3n, con el objetivo de reunir a cient\u00edficos y comunicadores para dar a conocer con el objetivo de reunir a cient\u00edficos y comunicadores en torno a la importancia [&hellip;]\" class=\"yoast-seo-meta-tag\" \/>\n<meta property=\"og:url\" content=\"https:\/\/dev.explora.cl\/ohiggins\/encuentro-1\/\" class=\"yoast-seo-meta-tag\" \/>\n<meta property=\"og:site_name\" content=\"O&#039;Higgins\" class=\"yoast-seo-meta-tag\" \/>\n<meta property=\"article:published_time\" content=\"2015-03-12T04:00:00+00:00\" class=\"yoast-seo-meta-tag\" \/>\n<meta property=\"article:modified_time\" content=\"2019-05-20T18:03:01+00:00\" class=\"yoast-seo-meta-tag\" \/>\n<meta property=\"og:image\" content=\"https:\/\/dev.explora.cl\/ohiggins\/wp-content\/uploads\/sites\/8\/2018\/06\/e50ea347917618304944294820c7b33b.jpg\" class=\"yoast-seo-meta-tag\" \/>\n\t<meta property=\"og:image:width\" content=\"800\" class=\"yoast-seo-meta-tag\" \/>\n\t<meta property=\"og:image:height\" content=\"534\" class=\"yoast-seo-meta-tag\" \/>\n\t<meta property=\"og:image:type\" content=\"image\/jpeg\" class=\"yoast-seo-meta-tag\" \/>\n<meta name=\"author\" content=\"webman\" class=\"yoast-seo-meta-tag\" \/>\n<meta name=\"twitter:card\" content=\"summary_large_image\" class=\"yoast-seo-meta-tag\" \/>\n<meta name=\"twitter:label1\" content=\"Escrito por\" class=\"yoast-seo-meta-tag\" \/>\n\t<meta name=\"twitter:data1\" content=\"webman\" class=\"yoast-seo-meta-tag\" \/>\n\t<meta name=\"twitter:label2\" content=\"Tiempo estimado de lectura\" class=\"yoast-seo-meta-tag\" \/>\n\t<meta name=\"twitter:data2\" content=\"1 minuto\" class=\"yoast-seo-meta-tag\" \/>\n<script type=\"application\/ld+json\" class=\"yoast-schema-graph\">{\"@context\":\"https:\/\/schema.org\",\"@graph\":[{\"@type\":\"Article\",\"@id\":\"https:\/\/dev.explora.cl\/ohiggins\/encuentro-1\/#article\",\"isPartOf\":{\"@id\":\"https:\/\/dev.explora.cl\/ohiggins\/encuentro-1\/\"},\"author\":{\"name\":\"webman\",\"@id\":\"https:\/\/dev.explora.cl\/ohiggins\/#\/schema\/person\/cb8349c13ea2d324080adf8480d7ba5d\"},\"headline\":\"Comunicadores y cient\u00edficos se reunir\u00e1n en 1\u00b0 Encuentro de Ciencia y Comunicaci\u00f3n\",\"datePublished\":\"2015-03-12T04:00:00+00:00\",\"dateModified\":\"2019-05-20T18:03:01+00:00\",\"mainEntityOfPage\":{\"@id\":\"https:\/\/dev.explora.cl\/ohiggins\/encuentro-1\/\"},\"wordCount\":276,\"commentCount\":5,\"image\":{\"@id\":\"https:\/\/dev.explora.cl\/ohiggins\/encuentro-1\/#primaryimage\"},\"thumbnailUrl\":\"https:\/\/dev.explora.cl\/ohiggins\/wp-content\/uploads\/sites\/8\/2018\/06\/e50ea347917618304944294820c7b33b.jpg\",\"articleSection\":[\"Noticias\"],\"inLanguage\":\"es-CL\",\"potentialAction\":[{\"@type\":\"CommentAction\",\"name\":\"Comment\",\"target\":[\"https:\/\/dev.explora.cl\/ohiggins\/encuentro-1\/#respond\"]}]},{\"@type\":\"WebPage\",\"@id\":\"https:\/\/dev.explora.cl\/ohiggins\/encuentro-1\/\",\"url\":\"https:\/\/dev.explora.cl\/ohiggins\/encuentro-1\/\",\"name\":\"Comunicadores y cient\u00edficos se reunir\u00e1n en 1\u00b0 Encuentro de Ciencia y Comunicaci\u00f3n - O&#039;Higgins\",\"isPartOf\":{\"@id\":\"https:\/\/dev.explora.cl\/ohiggins\/#website\"},\"primaryImageOfPage\":{\"@id\":\"https:\/\/dev.explora.cl\/ohiggins\/encuentro-1\/#primaryimage\"},\"image\":{\"@id\":\"https:\/\/dev.explora.cl\/ohiggins\/encuentro-1\/#primaryimage\"},\"thumbnailUrl\":\"https:\/\/dev.explora.cl\/ohiggins\/wp-content\/uploads\/sites\/8\/2018\/06\/e50ea347917618304944294820c7b33b.jpg\",\"datePublished\":\"2015-03-12T04:00:00+00:00\",\"dateModified\":\"2019-05-20T18:03:01+00:00\",\"author\":{\"@id\":\"https:\/\/dev.explora.cl\/ohiggins\/#\/schema\/person\/cb8349c13ea2d324080adf8480d7ba5d\"},\"breadcrumb\":{\"@id\":\"https:\/\/dev.explora.cl\/ohiggins\/encuentro-1\/#breadcrumb\"},\"inLanguage\":\"es-CL\",\"potentialAction\":[{\"@type\":\"ReadAction\",\"target\":[\"https:\/\/dev.explora.cl\/ohiggins\/encuentro-1\/\"]}]},{\"@type\":\"ImageObject\",\"inLanguage\":\"es-CL\",\"@id\":\"https:\/\/dev.explora.cl\/ohiggins\/encuentro-1\/#primaryimage\",\"url\":\"https:\/\/dev.explora.cl\/ohiggins\/wp-content\/uploads\/sites\/8\/2018\/06\/e50ea347917618304944294820c7b33b.jpg\",\"contentUrl\":\"https:\/\/dev.explora.cl\/ohiggins\/wp-content\/uploads\/sites\/8\/2018\/06\/e50ea347917618304944294820c7b33b.jpg\",\"width\":800,\"height\":534},{\"@type\":\"BreadcrumbList\",\"@id\":\"https:\/\/dev.explora.cl\/ohiggins\/encuentro-1\/#breadcrumb\",\"itemListElement\":[{\"@type\":\"ListItem\",\"position\":1,\"name\":\"Portada\",\"item\":\"https:\/\/dev.explora.cl\/ohiggins\/\"},{\"@type\":\"ListItem\",\"position\":2,\"name\":\"Comunicadores y cient\u00edficos se reunir\u00e1n en 1\u00b0 Encuentro de Ciencia y Comunicaci\u00f3n\"}]},{\"@type\":\"WebSite\",\"@id\":\"https:\/\/dev.explora.cl\/ohiggins\/#website\",\"url\":\"https:\/\/dev.explora.cl\/ohiggins\/\",\"name\":\"O&#039;Higgins\",\"description\":\"Otro sitio m\u00e1s de dev.explora.cl\",\"potentialAction\":[{\"@type\":\"SearchAction\",\"target\":{\"@type\":\"EntryPoint\",\"urlTemplate\":\"https:\/\/dev.explora.cl\/ohiggins\/?s={search_term_string}\"},\"query-input\":{\"@type\":\"PropertyValueSpecification\",\"valueRequired\":true,\"valueName\":\"search_term_string\"}}],\"inLanguage\":\"es-CL\"},{\"@type\":\"Person\",\"@id\":\"https:\/\/dev.explora.cl\/ohiggins\/#\/schema\/person\/cb8349c13ea2d324080adf8480d7ba5d\",\"name\":\"webman\",\"image\":{\"@type\":\"ImageObject\",\"inLanguage\":\"es-CL\",\"@id\":\"https:\/\/dev.explora.cl\/ohiggins\/#\/schema\/person\/image\/\",\"url\":\"https:\/\/secure.gravatar.com\/avatar\/eeff3c82f2c02f7177d13663b7e6f890e9a6a0647ce9bb29cae02dcb094c7312?s=96&d=mm&r=g\",\"contentUrl\":\"https:\/\/secure.gravatar.com\/avatar\/eeff3c82f2c02f7177d13663b7e6f890e9a6a0647ce9bb29cae02dcb094c7312?s=96&d=mm&r=g\",\"caption\":\"webman\"},\"url\":\"https:\/\/dev.explora.cl\/ohiggins\/author\/webman\/\"}]}<\/script>\n<!-- \/ Yoast SEO plugin. -->","yoast_head_json":{"title":"Comunicadores y cient\u00edficos se reunir\u00e1n en 1\u00b0 Encuentro de Ciencia y Comunicaci\u00f3n - O&#039;Higgins","robots":{"index":"index","follow":"follow","max-snippet":"max-snippet:-1","max-image-preview":"max-image-preview:large","max-video-preview":"max-video-preview:-1"},"canonical":"https:\/\/dev.explora.cl\/ohiggins\/encuentro-1\/","og_locale":"es_ES","og_type":"article","og_title":"Comunicadores y cient\u00edficos se reunir\u00e1n en 1\u00b0 Encuentro de Ciencia y Comunicaci\u00f3n - O&#039;Higgins","og_description":"El proyecto FIC \u201cRed de Gesti\u00f3n Tecnol\u00f3gica para el Agro\u201d (RGTA), con la colaboraci\u00f3n de PAR EXPLORA O&#8217;Higgins, realizar\u00e1 el Encuentro de Ciencia y Comunicaci\u00f3n de la regi\u00f3n, con el objetivo de reunir a cient\u00edficos y comunicadores para dar a conocer con el objetivo de reunir a cient\u00edficos y comunicadores en torno a la importancia [&hellip;]","og_url":"https:\/\/dev.explora.cl\/ohiggins\/encuentro-1\/","og_site_name":"O&#039;Higgins","article_published_time":"2015-03-12T04:00:00+00:00","article_modified_time":"2019-05-20T18:03:01+00:00","og_image":[{"width":800,"height":534,"url":"https:\/\/dev.explora.cl\/ohiggins\/wp-content\/uploads\/sites\/8\/2018\/06\/e50ea347917618304944294820c7b33b.jpg","type":"image\/jpeg"}],"author":"webman","twitter_card":"summary_large_image","twitter_misc":{"Escrito por":"webman","Tiempo estimado de lectura":"1 minuto"},"schema":{"@context":"https:\/\/schema.org","@graph":[{"@type":"Article","@id":"https:\/\/dev.explora.cl\/ohiggins\/encuentro-1\/#article","isPartOf":{"@id":"https:\/\/dev.explora.cl\/ohiggins\/encuentro-1\/"},"author":{"name":"webman","@id":"https:\/\/dev.explora.cl\/ohiggins\/#\/schema\/person\/cb8349c13ea2d324080adf8480d7ba5d"},"headline":"Comunicadores y cient\u00edficos se reunir\u00e1n en 1\u00b0 Encuentro de Ciencia y Comunicaci\u00f3n","datePublished":"2015-03-12T04:00:00+00:00","dateModified":"2019-05-20T18:03:01+00:00","mainEntityOfPage":{"@id":"https:\/\/dev.explora.cl\/ohiggins\/encuentro-1\/"},"wordCount":276,"commentCount":5,"image":{"@id":"https:\/\/dev.explora.cl\/ohiggins\/encuentro-1\/#primaryimage"},"thumbnailUrl":"https:\/\/dev.explora.cl\/ohiggins\/wp-content\/uploads\/sites\/8\/2018\/06\/e50ea347917618304944294820c7b33b.jpg","articleSection":["Noticias"],"inLanguage":"es-CL","potentialAction":[{"@type":"CommentAction","name":"Comment","target":["https:\/\/dev.explora.cl\/ohiggins\/encuentro-1\/#respond"]}]},{"@type":"WebPage","@id":"https:\/\/dev.explora.cl\/ohiggins\/encuentro-1\/","url":"https:\/\/dev.explora.cl\/ohiggins\/encuentro-1\/","name":"Comunicadores y cient\u00edficos se reunir\u00e1n en 1\u00b0 Encuentro de Ciencia y Comunicaci\u00f3n - O&#039;Higgins","isPartOf":{"@id":"https:\/\/dev.explora.cl\/ohiggins\/#website"},"primaryImageOfPage":{"@id":"https:\/\/dev.explora.cl\/ohiggins\/encuentro-1\/#primaryimage"},"image":{"@id":"https:\/\/dev.explora.cl\/ohiggins\/encuentro-1\/#primaryimage"},"thumbnailUrl":"https:\/\/dev.explora.cl\/ohiggins\/wp-content\/uploads\/sites\/8\/2018\/06\/e50ea347917618304944294820c7b33b.jpg","datePublished":"2015-03-12T04:00:00+00:00","dateModified":"2019-05-20T18:03:01+00:00","author":{"@id":"https:\/\/dev.explora.cl\/ohiggins\/#\/schema\/person\/cb8349c13ea2d324080adf8480d7ba5d"},"breadcrumb":{"@id":"https:\/\/dev.explora.cl\/ohiggins\/encuentro-1\/#breadcrumb"},"inLanguage":"es-CL","potentialAction":[{"@type":"ReadAction","target":["https:\/\/dev.explora.cl\/ohiggins\/encuentro-1\/"]}]},{"@type":"ImageObject","inLanguage":"es-CL","@id":"https:\/\/dev.explora.cl\/ohiggins\/encuentro-1\/#primaryimage","url":"https:\/\/dev.explora.cl\/ohiggins\/wp-content\/uploads\/sites\/8\/2018\/06\/e50ea347917618304944294820c7b33b.jpg","contentUrl":"https:\/\/dev.explora.cl\/ohiggins\/wp-content\/uploads\/sites\/8\/2018\/06\/e50ea347917618304944294820c7b33b.jpg","width":800,"height":534},{"@type":"BreadcrumbList","@id":"https:\/\/dev.explora.cl\/ohiggins\/encuentro-1\/#breadcrumb","itemListElement":[{"@type":"ListItem","position":1,"name":"Portada","item":"https:\/\/dev.explora.cl\/ohiggins\/"},{"@type":"ListItem","position":2,"name":"Comunicadores y cient\u00edficos se reunir\u00e1n en 1\u00b0 Encuentro de Ciencia y Comunicaci\u00f3n"}]},{"@type":"WebSite","@id":"https:\/\/dev.explora.cl\/ohiggins\/#website","url":"https:\/\/dev.explora.cl\/ohiggins\/","name":"O&#039;Higgins","description":"Otro sitio m\u00e1s de dev.explora.cl","potentialAction":[{"@type":"SearchAction","target":{"@type":"EntryPoint","urlTemplate":"https:\/\/dev.explora.cl\/ohiggins\/?s={search_term_string}"},"query-input":{"@type":"PropertyValueSpecification","valueRequired":true,"valueName":"search_term_string"}}],"inLanguage":"es-CL"},{"@type":"Person","@id":"https:\/\/dev.explora.cl\/ohiggins\/#\/schema\/person\/cb8349c13ea2d324080adf8480d7ba5d","name":"webman","image":{"@type":"ImageObject","inLanguage":"es-CL","@id":"https:\/\/dev.explora.cl\/ohiggins\/#\/schema\/person\/image\/","url":"https:\/\/secure.gravatar.com\/avatar\/eeff3c82f2c02f7177d13663b7e6f890e9a6a0647ce9bb29cae02dcb094c7312?s=96&d=mm&r=g","contentUrl":"https:\/\/secure.gravatar.com\/avatar\/eeff3c82f2c02f7177d13663b7e6f890e9a6a0647ce9bb29cae02dcb094c7312?s=96&d=mm&r=g","caption":"webman"},"url":"https:\/\/dev.explora.cl\/ohiggins\/author\/webman\/"}]}},"_links":{"self":[{"href":"https:\/\/dev.explora.cl\/ohiggins\/wp-json\/wp\/v2\/posts\/37446","targetHints":{"allow":["GET"]}}],"collection":[{"href":"https:\/\/dev.explora.cl\/ohiggins\/wp-json\/wp\/v2\/posts"}],"about":[{"href":"https:\/\/dev.explora.cl\/ohiggins\/wp-json\/wp\/v2\/types\/post"}],"author":[{"embeddable":true,"href":"https:\/\/dev.explora.cl\/ohiggins\/wp-json\/wp\/v2\/users\/2"}],"replies":[{"embeddable":true,"href":"https:\/\/dev.explora.cl\/ohiggins\/wp-json\/wp\/v2\/comments?post=37446"}],"version-history":[{"count":1,"href":"https:\/\/dev.explora.cl\/ohiggins\/wp-json\/wp\/v2\/posts\/37446\/revisions"}],"predecessor-version":[{"id":37833,"href":"https:\/\/dev.explora.cl\/ohiggins\/wp-json\/wp\/v2\/posts\/37446\/revisions\/37833"}],"wp:featuredmedia":[{"embeddable":true,"href":"https:\/\/dev.explora.cl\/ohiggins\/wp-json\/wp\/v2\/media\/32007"}],"wp:attachment":[{"href":"https:\/\/dev.explora.cl\/ohiggins\/wp-json\/wp\/v2\/media?parent=37446"}],"wp:term":[{"taxonomy":"category","embeddable":true,"href":"https:\/\/dev.explora.cl\/ohiggins\/wp-json\/wp\/v2\/categories?post=37446"},{"taxonomy":"post_tag","embeddable":true,"href":"https:\/\/dev.explora.cl\/ohiggins\/wp-json\/wp\/v2\/tags?post=37446"}],"curies":[{"name":"wp","href":"https:\/\/api.w.org\/{rel}","templated":true}]}}