{"id":37445,"date":"2015-03-11T00:00:00","date_gmt":"2015-03-11T04:00:00","guid":{"rendered":"https:\/\/dev.explora.cl\/ohiggins\/blog\/2015\/03\/11\/dia-astronomia-1\/"},"modified":"2019-05-20T18:03:01","modified_gmt":"2019-05-20T18:03:01","slug":"dia-astronomia-1","status":"publish","type":"post","link":"https:\/\/dev.explora.cl\/ohiggins\/dia-astronomia-1\/","title":{"rendered":"\u00a1Celebra el D\u00eda de la Astronom\u00eda con PAR EXPLORA O\u2019Higgins!"},"content":{"rendered":"<p><img loading=\"lazy\" decoding=\"async\" class=\" size-full wp-image-9337\" src=\"http:\/\/ec2-34-218-253-251.us-west-2.compute.amazonaws.com\/wp-content\/uploads\/2015\/03\/b0be84b54051e84fc3d315b463741fd7.jpg\" alt=\"\" width=\"5184\" height=\"3456\" \/><\/p>\n<p style=\"text-align: justify\">\u00bfPor qu\u00e9 ocurren las estaciones del a\u00f1o? \u00bfPor qu\u00e9 se oscurece m\u00e1s tarde en verano que en invierno? \u00bfPor qu\u00e9 vemos el Sol naranjo al atardecer? \u00bfPor qu\u00e9 el cielo es azul? o \u00bfPor qu\u00e9 ocurren las mareas? \u00c9stas y otras preguntas responder\u00e1 la doctora en ciencias de la U. de Concepci\u00f3n Ren\u00e9e Mateluna, a trav\u00e9s de la charla &#8220;La Astronom\u00eda en lo cotidiano\u201d.<\/p>\n<p style=\"text-align: justify\">La actividad se realizar\u00e1 este 20 de marzo, a partir de las 9.30 horas en la Casa de la Cultura (frente de la Plaza de Armas, calle Valdivia 822), iniciativa con la que PAR EXPLORA O\u2019Higgins, con la colaboraci\u00f3n de la Municipalidad de San Fernando; se sumar\u00e1 a las celebraciones por el D\u00eda de la Astronom\u00eda que el Programa EXPLORA CONICYT, Fundaci\u00f3n Planetario y la Sociedad Chilena de Astronom\u00eda (SOCHIAS) est\u00e1n desarrollando en todo el pa\u00eds.<\/p>\n<p style=\"text-align: justify\">La celebraci\u00f3n partir\u00e1 con una video- conferencia a cargo de Mar\u00eda Teresa Ruiz, Premio Nacional de Ciencias Exactas y Pierre Cox, Director de ALMA, que se desarrollar\u00e1 f\u00edsicamente en el Planetario de Santiago, y ser\u00e1 transmitida a todo el pa\u00eds.<\/p>\n<p style=\"text-align: justify\">Adem\u00e1s, en cada regi\u00f3n existir\u00e1n equipos de \u201castr\u00f3nomos embajadores\u201d que encantar\u00e1n con actividades para escolares y toda la comunidad. En O\u2019Higgins, la investigadora Mateluna adelant\u00f3 lo que ser\u00e1 su charla al indicar que: \u201cMuchas preguntas tienen una explicaci\u00f3n a trav\u00e9s de la Astronom\u00eda y la F\u00edsica. Aprender sobre por qu\u00e9 y c\u00f3mo es que ocurren algunos de estos fen\u00f3menos cotidianos es el eje principal de esta ponencia, que intenta conectar al p\u00fablico general, mediante la observaci\u00f3n y experiencia de estos hechos, con la Astronom\u00eda\u201d.<\/p>\n<p style=\"text-align: justify\">Paralelamente en la plaza de armas de la comuna, se instalar\u00e1 el domo itinerante del Cine Espacial 3D del Observatorio Tagua Tagua, y que estar\u00e1 abierto a todo p\u00fablico desde las 9:30 horas hasta las 19:00 hrs.<\/p>\n<p style=\"text-align: justify\">S\u00famate a la celebraci\u00f3n del D\u00eda de la Astronom\u00eda en Chile utilizando el hashtag #CHILEmiratucielo y comparte tus impresiones, fotograf\u00edas y videos sobre el cosmos. Para m\u00e1s detalles puede escribir a <a href=\"mailto:parexplora.ohiggins@ucm.cl\">parexplora.ohiggins@ucm.cl<\/a>.<\/p>\n<p style=\"text-align: justify\">Tambi\u00e9n puedes seguir la videoconferencia entre las 9 y las 12.00 horas, por el siguiente enlace:<\/p>\n<p><a href=\"http:\/\/www.reuna.cl\/51:transmisiones\/4176:dia-de-la-astronomia-en-chile\" target=\"_blank\" rel=\"noopener noreferrer\">http:\/\/www.reuna.cl\/51:transmisiones\/4176:dia-de-la-astronomia-en-chile<\/a><\/p>\n<p style=\"text-align: justify\">Nota Carla Morales; fuente Programa EXPLORA CONICYT<\/p>\n","protected":false},"excerpt":{"rendered":"<p>\u00bfPor qu\u00e9 ocurren las estaciones del a\u00f1o? \u00bfPor qu\u00e9 se oscurece m\u00e1s tarde en verano que en invierno? \u00bfPor qu\u00e9 vemos el Sol naranjo al atardecer? \u00bfPor qu\u00e9 el cielo es azul? o \u00bfPor qu\u00e9 ocurren las mareas? \u00c9stas y otras preguntas responder\u00e1 la doctora en ciencias de la U. de Concepci\u00f3n Ren\u00e9e Mateluna, a [&hellip;]<\/p>\n","protected":false},"author":2,"featured_media":32005,"comment_status":"open","ping_status":"open","sticky":false,"template":"","format":"standard","meta":{"_acf_changed":false,"_exactmetrics_skip_tracking":false,"_exactmetrics_sitenote_active":false,"_exactmetrics_sitenote_note":"","_exactmetrics_sitenote_category":0,"footnotes":"","_links_to":"","_links_to_target":""},"categories":[4],"tags":[],"class_list":["post-37445","post","type-post","status-publish","format-standard","has-post-thumbnail","hentry","category-noticias"],"acf":[],"yoast_head":"<!-- This site is optimized with the Yoast SEO plugin v26.7 - https:\/\/yoast.com\/wordpress\/plugins\/seo\/ -->\n<title>\u00a1Celebra el D\u00eda de la Astronom\u00eda con PAR EXPLORA O\u2019Higgins! - O&#039;Higgins<\/title>\n<meta name=\"robots\" content=\"index, follow, max-snippet:-1, max-image-preview:large, max-video-preview:-1\" \/>\n<link rel=\"canonical\" href=\"https:\/\/dev.explora.cl\/ohiggins\/dia-astronomia-1\/\" class=\"yoast-seo-meta-tag\" \/>\n<meta property=\"og:locale\" content=\"es_ES\" class=\"yoast-seo-meta-tag\" \/>\n<meta property=\"og:type\" content=\"article\" class=\"yoast-seo-meta-tag\" \/>\n<meta property=\"og:title\" content=\"\u00a1Celebra el D\u00eda de la Astronom\u00eda con PAR EXPLORA O\u2019Higgins! - O&#039;Higgins\" class=\"yoast-seo-meta-tag\" \/>\n<meta property=\"og:description\" content=\"\u00bfPor qu\u00e9 ocurren las estaciones del a\u00f1o? \u00bfPor qu\u00e9 se oscurece m\u00e1s tarde en verano que en invierno? \u00bfPor qu\u00e9 vemos el Sol naranjo al atardecer? \u00bfPor qu\u00e9 el cielo es azul? o \u00bfPor qu\u00e9 ocurren las mareas? \u00c9stas y otras preguntas responder\u00e1 la doctora en ciencias de la U. de Concepci\u00f3n Ren\u00e9e Mateluna, a [&hellip;]\" class=\"yoast-seo-meta-tag\" \/>\n<meta property=\"og:url\" content=\"https:\/\/dev.explora.cl\/ohiggins\/dia-astronomia-1\/\" class=\"yoast-seo-meta-tag\" \/>\n<meta property=\"og:site_name\" content=\"O&#039;Higgins\" class=\"yoast-seo-meta-tag\" \/>\n<meta property=\"article:published_time\" content=\"2015-03-11T04:00:00+00:00\" class=\"yoast-seo-meta-tag\" \/>\n<meta property=\"article:modified_time\" content=\"2019-05-20T18:03:01+00:00\" class=\"yoast-seo-meta-tag\" \/>\n<meta property=\"og:image\" content=\"https:\/\/dev.explora.cl\/ohiggins\/wp-content\/uploads\/sites\/8\/2018\/06\/b0be84b54051e84fc3d315b463741fd7-1024x683.jpg\" class=\"yoast-seo-meta-tag\" \/>\n\t<meta property=\"og:image:width\" content=\"1024\" class=\"yoast-seo-meta-tag\" \/>\n\t<meta property=\"og:image:height\" content=\"683\" class=\"yoast-seo-meta-tag\" \/>\n\t<meta property=\"og:image:type\" content=\"image\/jpeg\" class=\"yoast-seo-meta-tag\" \/>\n<meta name=\"author\" content=\"webman\" class=\"yoast-seo-meta-tag\" \/>\n<meta name=\"twitter:card\" content=\"summary_large_image\" class=\"yoast-seo-meta-tag\" \/>\n<meta name=\"twitter:label1\" content=\"Escrito por\" class=\"yoast-seo-meta-tag\" \/>\n\t<meta name=\"twitter:data1\" content=\"webman\" class=\"yoast-seo-meta-tag\" \/>\n\t<meta name=\"twitter:label2\" content=\"Tiempo estimado de lectura\" class=\"yoast-seo-meta-tag\" \/>\n\t<meta name=\"twitter:data2\" content=\"2 minutos\" class=\"yoast-seo-meta-tag\" \/>\n<script type=\"application\/ld+json\" class=\"yoast-schema-graph\">{\"@context\":\"https:\/\/schema.org\",\"@graph\":[{\"@type\":\"Article\",\"@id\":\"https:\/\/dev.explora.cl\/ohiggins\/dia-astronomia-1\/#article\",\"isPartOf\":{\"@id\":\"https:\/\/dev.explora.cl\/ohiggins\/dia-astronomia-1\/\"},\"author\":{\"name\":\"webman\",\"@id\":\"https:\/\/dev.explora.cl\/ohiggins\/#\/schema\/person\/cb8349c13ea2d324080adf8480d7ba5d\"},\"headline\":\"\u00a1Celebra el D\u00eda de la Astronom\u00eda con PAR EXPLORA O\u2019Higgins!\",\"datePublished\":\"2015-03-11T04:00:00+00:00\",\"dateModified\":\"2019-05-20T18:03:01+00:00\",\"mainEntityOfPage\":{\"@id\":\"https:\/\/dev.explora.cl\/ohiggins\/dia-astronomia-1\/\"},\"wordCount\":412,\"commentCount\":0,\"image\":{\"@id\":\"https:\/\/dev.explora.cl\/ohiggins\/dia-astronomia-1\/#primaryimage\"},\"thumbnailUrl\":\"https:\/\/dev.explora.cl\/ohiggins\/wp-content\/uploads\/sites\/8\/2018\/06\/b0be84b54051e84fc3d315b463741fd7.jpg\",\"articleSection\":[\"Noticias\"],\"inLanguage\":\"es-CL\",\"potentialAction\":[{\"@type\":\"CommentAction\",\"name\":\"Comment\",\"target\":[\"https:\/\/dev.explora.cl\/ohiggins\/dia-astronomia-1\/#respond\"]}]},{\"@type\":\"WebPage\",\"@id\":\"https:\/\/dev.explora.cl\/ohiggins\/dia-astronomia-1\/\",\"url\":\"https:\/\/dev.explora.cl\/ohiggins\/dia-astronomia-1\/\",\"name\":\"\u00a1Celebra el D\u00eda de la Astronom\u00eda con PAR EXPLORA O\u2019Higgins! - O&#039;Higgins\",\"isPartOf\":{\"@id\":\"https:\/\/dev.explora.cl\/ohiggins\/#website\"},\"primaryImageOfPage\":{\"@id\":\"https:\/\/dev.explora.cl\/ohiggins\/dia-astronomia-1\/#primaryimage\"},\"image\":{\"@id\":\"https:\/\/dev.explora.cl\/ohiggins\/dia-astronomia-1\/#primaryimage\"},\"thumbnailUrl\":\"https:\/\/dev.explora.cl\/ohiggins\/wp-content\/uploads\/sites\/8\/2018\/06\/b0be84b54051e84fc3d315b463741fd7.jpg\",\"datePublished\":\"2015-03-11T04:00:00+00:00\",\"dateModified\":\"2019-05-20T18:03:01+00:00\",\"author\":{\"@id\":\"https:\/\/dev.explora.cl\/ohiggins\/#\/schema\/person\/cb8349c13ea2d324080adf8480d7ba5d\"},\"breadcrumb\":{\"@id\":\"https:\/\/dev.explora.cl\/ohiggins\/dia-astronomia-1\/#breadcrumb\"},\"inLanguage\":\"es-CL\",\"potentialAction\":[{\"@type\":\"ReadAction\",\"target\":[\"https:\/\/dev.explora.cl\/ohiggins\/dia-astronomia-1\/\"]}]},{\"@type\":\"ImageObject\",\"inLanguage\":\"es-CL\",\"@id\":\"https:\/\/dev.explora.cl\/ohiggins\/dia-astronomia-1\/#primaryimage\",\"url\":\"https:\/\/dev.explora.cl\/ohiggins\/wp-content\/uploads\/sites\/8\/2018\/06\/b0be84b54051e84fc3d315b463741fd7.jpg\",\"contentUrl\":\"https:\/\/dev.explora.cl\/ohiggins\/wp-content\/uploads\/sites\/8\/2018\/06\/b0be84b54051e84fc3d315b463741fd7.jpg\",\"width\":5184,\"height\":3456},{\"@type\":\"BreadcrumbList\",\"@id\":\"https:\/\/dev.explora.cl\/ohiggins\/dia-astronomia-1\/#breadcrumb\",\"itemListElement\":[{\"@type\":\"ListItem\",\"position\":1,\"name\":\"Portada\",\"item\":\"https:\/\/dev.explora.cl\/ohiggins\/\"},{\"@type\":\"ListItem\",\"position\":2,\"name\":\"\u00a1Celebra el D\u00eda de la Astronom\u00eda con PAR EXPLORA O\u2019Higgins!\"}]},{\"@type\":\"WebSite\",\"@id\":\"https:\/\/dev.explora.cl\/ohiggins\/#website\",\"url\":\"https:\/\/dev.explora.cl\/ohiggins\/\",\"name\":\"O&#039;Higgins\",\"description\":\"Otro sitio m\u00e1s de dev.explora.cl\",\"potentialAction\":[{\"@type\":\"SearchAction\",\"target\":{\"@type\":\"EntryPoint\",\"urlTemplate\":\"https:\/\/dev.explora.cl\/ohiggins\/?s={search_term_string}\"},\"query-input\":{\"@type\":\"PropertyValueSpecification\",\"valueRequired\":true,\"valueName\":\"search_term_string\"}}],\"inLanguage\":\"es-CL\"},{\"@type\":\"Person\",\"@id\":\"https:\/\/dev.explora.cl\/ohiggins\/#\/schema\/person\/cb8349c13ea2d324080adf8480d7ba5d\",\"name\":\"webman\",\"image\":{\"@type\":\"ImageObject\",\"inLanguage\":\"es-CL\",\"@id\":\"https:\/\/dev.explora.cl\/ohiggins\/#\/schema\/person\/image\/\",\"url\":\"https:\/\/secure.gravatar.com\/avatar\/eeff3c82f2c02f7177d13663b7e6f890e9a6a0647ce9bb29cae02dcb094c7312?s=96&d=mm&r=g\",\"contentUrl\":\"https:\/\/secure.gravatar.com\/avatar\/eeff3c82f2c02f7177d13663b7e6f890e9a6a0647ce9bb29cae02dcb094c7312?s=96&d=mm&r=g\",\"caption\":\"webman\"},\"url\":\"https:\/\/dev.explora.cl\/ohiggins\/author\/webman\/\"}]}<\/script>\n<!-- \/ Yoast SEO plugin. -->","yoast_head_json":{"title":"\u00a1Celebra el D\u00eda de la Astronom\u00eda con PAR EXPLORA O\u2019Higgins! - O&#039;Higgins","robots":{"index":"index","follow":"follow","max-snippet":"max-snippet:-1","max-image-preview":"max-image-preview:large","max-video-preview":"max-video-preview:-1"},"canonical":"https:\/\/dev.explora.cl\/ohiggins\/dia-astronomia-1\/","og_locale":"es_ES","og_type":"article","og_title":"\u00a1Celebra el D\u00eda de la Astronom\u00eda con PAR EXPLORA O\u2019Higgins! - O&#039;Higgins","og_description":"\u00bfPor qu\u00e9 ocurren las estaciones del a\u00f1o? \u00bfPor qu\u00e9 se oscurece m\u00e1s tarde en verano que en invierno? \u00bfPor qu\u00e9 vemos el Sol naranjo al atardecer? \u00bfPor qu\u00e9 el cielo es azul? o \u00bfPor qu\u00e9 ocurren las mareas? \u00c9stas y otras preguntas responder\u00e1 la doctora en ciencias de la U. de Concepci\u00f3n Ren\u00e9e Mateluna, a [&hellip;]","og_url":"https:\/\/dev.explora.cl\/ohiggins\/dia-astronomia-1\/","og_site_name":"O&#039;Higgins","article_published_time":"2015-03-11T04:00:00+00:00","article_modified_time":"2019-05-20T18:03:01+00:00","og_image":[{"width":1024,"height":683,"url":"https:\/\/dev.explora.cl\/ohiggins\/wp-content\/uploads\/sites\/8\/2018\/06\/b0be84b54051e84fc3d315b463741fd7-1024x683.jpg","type":"image\/jpeg"}],"author":"webman","twitter_card":"summary_large_image","twitter_misc":{"Escrito por":"webman","Tiempo estimado de lectura":"2 minutos"},"schema":{"@context":"https:\/\/schema.org","@graph":[{"@type":"Article","@id":"https:\/\/dev.explora.cl\/ohiggins\/dia-astronomia-1\/#article","isPartOf":{"@id":"https:\/\/dev.explora.cl\/ohiggins\/dia-astronomia-1\/"},"author":{"name":"webman","@id":"https:\/\/dev.explora.cl\/ohiggins\/#\/schema\/person\/cb8349c13ea2d324080adf8480d7ba5d"},"headline":"\u00a1Celebra el D\u00eda de la Astronom\u00eda con PAR EXPLORA O\u2019Higgins!","datePublished":"2015-03-11T04:00:00+00:00","dateModified":"2019-05-20T18:03:01+00:00","mainEntityOfPage":{"@id":"https:\/\/dev.explora.cl\/ohiggins\/dia-astronomia-1\/"},"wordCount":412,"commentCount":0,"image":{"@id":"https:\/\/dev.explora.cl\/ohiggins\/dia-astronomia-1\/#primaryimage"},"thumbnailUrl":"https:\/\/dev.explora.cl\/ohiggins\/wp-content\/uploads\/sites\/8\/2018\/06\/b0be84b54051e84fc3d315b463741fd7.jpg","articleSection":["Noticias"],"inLanguage":"es-CL","potentialAction":[{"@type":"CommentAction","name":"Comment","target":["https:\/\/dev.explora.cl\/ohiggins\/dia-astronomia-1\/#respond"]}]},{"@type":"WebPage","@id":"https:\/\/dev.explora.cl\/ohiggins\/dia-astronomia-1\/","url":"https:\/\/dev.explora.cl\/ohiggins\/dia-astronomia-1\/","name":"\u00a1Celebra el D\u00eda de la Astronom\u00eda con PAR EXPLORA O\u2019Higgins! - O&#039;Higgins","isPartOf":{"@id":"https:\/\/dev.explora.cl\/ohiggins\/#website"},"primaryImageOfPage":{"@id":"https:\/\/dev.explora.cl\/ohiggins\/dia-astronomia-1\/#primaryimage"},"image":{"@id":"https:\/\/dev.explora.cl\/ohiggins\/dia-astronomia-1\/#primaryimage"},"thumbnailUrl":"https:\/\/dev.explora.cl\/ohiggins\/wp-content\/uploads\/sites\/8\/2018\/06\/b0be84b54051e84fc3d315b463741fd7.jpg","datePublished":"2015-03-11T04:00:00+00:00","dateModified":"2019-05-20T18:03:01+00:00","author":{"@id":"https:\/\/dev.explora.cl\/ohiggins\/#\/schema\/person\/cb8349c13ea2d324080adf8480d7ba5d"},"breadcrumb":{"@id":"https:\/\/dev.explora.cl\/ohiggins\/dia-astronomia-1\/#breadcrumb"},"inLanguage":"es-CL","potentialAction":[{"@type":"ReadAction","target":["https:\/\/dev.explora.cl\/ohiggins\/dia-astronomia-1\/"]}]},{"@type":"ImageObject","inLanguage":"es-CL","@id":"https:\/\/dev.explora.cl\/ohiggins\/dia-astronomia-1\/#primaryimage","url":"https:\/\/dev.explora.cl\/ohiggins\/wp-content\/uploads\/sites\/8\/2018\/06\/b0be84b54051e84fc3d315b463741fd7.jpg","contentUrl":"https:\/\/dev.explora.cl\/ohiggins\/wp-content\/uploads\/sites\/8\/2018\/06\/b0be84b54051e84fc3d315b463741fd7.jpg","width":5184,"height":3456},{"@type":"BreadcrumbList","@id":"https:\/\/dev.explora.cl\/ohiggins\/dia-astronomia-1\/#breadcrumb","itemListElement":[{"@type":"ListItem","position":1,"name":"Portada","item":"https:\/\/dev.explora.cl\/ohiggins\/"},{"@type":"ListItem","position":2,"name":"\u00a1Celebra el D\u00eda de la Astronom\u00eda con PAR EXPLORA O\u2019Higgins!"}]},{"@type":"WebSite","@id":"https:\/\/dev.explora.cl\/ohiggins\/#website","url":"https:\/\/dev.explora.cl\/ohiggins\/","name":"O&#039;Higgins","description":"Otro sitio m\u00e1s de dev.explora.cl","potentialAction":[{"@type":"SearchAction","target":{"@type":"EntryPoint","urlTemplate":"https:\/\/dev.explora.cl\/ohiggins\/?s={search_term_string}"},"query-input":{"@type":"PropertyValueSpecification","valueRequired":true,"valueName":"search_term_string"}}],"inLanguage":"es-CL"},{"@type":"Person","@id":"https:\/\/dev.explora.cl\/ohiggins\/#\/schema\/person\/cb8349c13ea2d324080adf8480d7ba5d","name":"webman","image":{"@type":"ImageObject","inLanguage":"es-CL","@id":"https:\/\/dev.explora.cl\/ohiggins\/#\/schema\/person\/image\/","url":"https:\/\/secure.gravatar.com\/avatar\/eeff3c82f2c02f7177d13663b7e6f890e9a6a0647ce9bb29cae02dcb094c7312?s=96&d=mm&r=g","contentUrl":"https:\/\/secure.gravatar.com\/avatar\/eeff3c82f2c02f7177d13663b7e6f890e9a6a0647ce9bb29cae02dcb094c7312?s=96&d=mm&r=g","caption":"webman"},"url":"https:\/\/dev.explora.cl\/ohiggins\/author\/webman\/"}]}},"_links":{"self":[{"href":"https:\/\/dev.explora.cl\/ohiggins\/wp-json\/wp\/v2\/posts\/37445","targetHints":{"allow":["GET"]}}],"collection":[{"href":"https:\/\/dev.explora.cl\/ohiggins\/wp-json\/wp\/v2\/posts"}],"about":[{"href":"https:\/\/dev.explora.cl\/ohiggins\/wp-json\/wp\/v2\/types\/post"}],"author":[{"embeddable":true,"href":"https:\/\/dev.explora.cl\/ohiggins\/wp-json\/wp\/v2\/users\/2"}],"replies":[{"embeddable":true,"href":"https:\/\/dev.explora.cl\/ohiggins\/wp-json\/wp\/v2\/comments?post=37445"}],"version-history":[{"count":1,"href":"https:\/\/dev.explora.cl\/ohiggins\/wp-json\/wp\/v2\/posts\/37445\/revisions"}],"predecessor-version":[{"id":37834,"href":"https:\/\/dev.explora.cl\/ohiggins\/wp-json\/wp\/v2\/posts\/37445\/revisions\/37834"}],"wp:featuredmedia":[{"embeddable":true,"href":"https:\/\/dev.explora.cl\/ohiggins\/wp-json\/wp\/v2\/media\/32005"}],"wp:attachment":[{"href":"https:\/\/dev.explora.cl\/ohiggins\/wp-json\/wp\/v2\/media?parent=37445"}],"wp:term":[{"taxonomy":"category","embeddable":true,"href":"https:\/\/dev.explora.cl\/ohiggins\/wp-json\/wp\/v2\/categories?post=37445"},{"taxonomy":"post_tag","embeddable":true,"href":"https:\/\/dev.explora.cl\/ohiggins\/wp-json\/wp\/v2\/tags?post=37445"}],"curies":[{"name":"wp","href":"https:\/\/api.w.org\/{rel}","templated":true}]}}