{"id":37443,"date":"2015-02-02T00:00:00","date_gmt":"2015-02-02T04:00:00","guid":{"rendered":"https:\/\/dev.explora.cl\/ohiggins\/blog\/2015\/02\/02\/encuentro\/"},"modified":"2019-05-20T18:03:03","modified_gmt":"2019-05-20T18:03:03","slug":"encuentro","status":"publish","type":"post","link":"https:\/\/dev.explora.cl\/ohiggins\/encuentro\/","title":{"rendered":"La biodiversidad estuvo de fiesta en San Vicente TT"},"content":{"rendered":"<p><img loading=\"lazy\" decoding=\"async\" class=\" size-full wp-image-8891\" src=\"http:\/\/ec2-34-218-253-251.us-west-2.compute.amazonaws.com\/wp-content\/uploads\/2015\/02\/0b3079625ed50d96c18af4d0014dae15.jpg\" alt=\"\" width=\"1000\" height=\"629\" \/><\/p>\n<p style=\"text-align: justify\"><span style=\"color: #000000;font-family: Calibri;font-size: medium\">M\u00e1s de 300 personas participaron del 5\u00b0 Encuentro cient\u00edfico cultural por el Bosque Escler\u00f3filo, que se desarroll\u00f3 en diversos puntos de la comuna de San Vicente de Tagua Tagua, el pasado fin de semana, con el objetivo de dar a conocer, educar y capacitar en torno a la conservaci\u00f3n del bosque nativo de Chile central.<\/span><\/p>\n<p style=\"text-align: justify\"><span style=\"font-family: Calibri\"><span style=\"color: #000000;font-size: medium\">La iniciativa, realizada en conjunto por el Grupo de Acci\u00f3n Ecol\u00f3gica y Conservaci\u00f3n A\u00f1a\u00f1uca, junto a la Municipalidad de San Vicente y <\/span><span style=\"color: #000000;font-size: medium\">\u00a0<\/span><span style=\"color: #000000;font-size: medium\">PAR EXPLORA O\u2019Higgins, se ejecut\u00f3 durante dos jornadas, en la que el p\u00fablico en general; desde ni\u00f1os, profesores, hasta destacados cient\u00edficos; particip\u00f3 gratuitamente de charlas magistrales, visitaron parte de la Ruta Cient\u00edfica Historia Natural Tagua Tagua, y disfrutaron de talleres, exposiciones y un encuentro cultural.<\/span><\/span><\/p>\n<p style=\"text-align: justify\"><span style=\"color: #000000;font-family: Calibri;font-size: medium\">Las actividades comenzaron el s\u00e1bado 31 de enero, en el teatro municipal de la comuna, en las que estuvieron presentes diversas autoridades como: Jaime Gonz\u00e1lez, alcalde de la comuna; Ignacio Celis, presidente de A\u00f1a\u00f1uca; Felipe Mar\u00edn, director del PAR; Lorena Cabria, Secretaria Corporaci\u00f3n Municipal del sector; Vilma Leiva, presidenta de CEDESUS de Pichilemu; Francisco Urra, del Museo Nacional de Historia Natural (MNHN) adem\u00e1s de concejales, y representantes de organizaciones sociales.<\/span><\/p>\n<p style=\"text-align: justify\"><span style=\"color: #000000;font-family: Calibri;font-size: medium\">El edil valor\u00f3 la iniciativa que surgi\u00f3 desde el Grupo A\u00f1a\u00f1uca, adelantando que habr\u00e1 m\u00e1s actividades que se realizar\u00e1n en conjunto con la entidad y PAR EXPLORA O\u2019Higgins.<\/span><\/p>\n<p style=\"text-align: justify\"><span style=\"font-family: Calibri\"><span style=\"color: #000000;font-size: medium\">Durante la primera jornada, los presentes pudieron aprender de varias tem\u00e1ticas como Antropolog\u00eda del Bosque, Flora Nativa y Educaci\u00f3n Ambiental,<\/span><span style=\"color: #000000;font-size: medium\">\u00a0 <\/span><span style=\"color: #000000;font-size: medium\">Lepid\u00f3pteros e insectos del Bosque Escler\u00f3filo, Gesti\u00f3n Ambiental del Territorio y Aves del Bosque Escler\u00f3filo; adem\u00e1s de visitar exposiciones de fauna silvestre taxidermizada (embalsamados) e ilustraciones de naturaleza. <a href=\"https:\/\/www.facebook.com\/media\/set\/?set=a.941368675895452.1073741881.777863892245932&amp;type=1\" target=\"_blank\" rel=\"noopener noreferrer\">Galer\u00eda de im\u00e1genes<\/a>.<\/span><\/span><\/p>\n<p style=\"text-align: justify\"><span style=\"color: #000000;font-family: Calibri;font-size: medium\">La segunda jornada, se realiz\u00f3 el domingo 1 de febrero en el parque Lobo Feroz, en Pueblo de Indios, en la que participaron diferentes exponentes del mundo de las artes; en forma paralela hubo muestras itinerantes de sonido de aves, hongos, alfarer\u00eda, patrimonio natural, reciclaje, y artesan\u00eda, por mencionar algunos. <a href=\"https:\/\/www.facebook.com\/media\/set\/?set=a.941370845895235.1073741882.777863892245932&amp;type=3\" target=\"_blank\" rel=\"noopener noreferrer\">Galer\u00eda de im\u00e1genes.<\/a><\/span><\/p>\n<p style=\"text-align: justify\"><span style=\"font-family: Calibri\"><span style=\"color: #000000;font-size: medium\">Con este Encuentro, <\/span><span style=\"color: #000000;font-size: medium\">\u00a0<\/span><span style=\"color: #000000;font-size: medium\">PAR EXPLORA O\u2019Higgins pone fin al trabajo realizado durante 2014, que tuvo como meta la difusi\u00f3n del quehacer cient\u00edfico de la regi\u00f3n, a trav\u00e9s de ferias cient\u00edficas, seminarios, capacitaciones, alianzas estrat\u00e9gicas, talleres, entre otras iniciativas.<\/span><\/span><\/p>\n","protected":false},"excerpt":{"rendered":"<p>M\u00e1s de 300 personas participaron del 5\u00b0 Encuentro cient\u00edfico cultural por el Bosque Escler\u00f3filo, que se desarroll\u00f3 en diversos puntos de la comuna de San Vicente de Tagua Tagua, el pasado fin de semana, con el objetivo de dar a conocer, educar y capacitar en torno a la conservaci\u00f3n del bosque nativo de Chile central. [&hellip;]<\/p>\n","protected":false},"author":2,"featured_media":31985,"comment_status":"open","ping_status":"open","sticky":false,"template":"","format":"standard","meta":{"_acf_changed":false,"_exactmetrics_skip_tracking":false,"_exactmetrics_sitenote_active":false,"_exactmetrics_sitenote_note":"","_exactmetrics_sitenote_category":0,"footnotes":"","_links_to":"","_links_to_target":""},"categories":[4],"tags":[167,169],"class_list":["post-37443","post","type-post","status-publish","format-standard","has-post-thumbnail","hentry","category-noticias","tag-seminario","tag-visita-terreno"],"acf":[],"yoast_head":"<!-- This site is optimized with the Yoast SEO plugin v26.7 - https:\/\/yoast.com\/wordpress\/plugins\/seo\/ -->\n<title>La biodiversidad estuvo de fiesta en San Vicente TT - O&#039;Higgins<\/title>\n<meta name=\"robots\" content=\"index, follow, max-snippet:-1, max-image-preview:large, max-video-preview:-1\" \/>\n<link rel=\"canonical\" href=\"https:\/\/dev.explora.cl\/ohiggins\/encuentro\/\" class=\"yoast-seo-meta-tag\" \/>\n<meta property=\"og:locale\" content=\"es_ES\" class=\"yoast-seo-meta-tag\" \/>\n<meta property=\"og:type\" content=\"article\" class=\"yoast-seo-meta-tag\" \/>\n<meta property=\"og:title\" content=\"La biodiversidad estuvo de fiesta en San Vicente TT - O&#039;Higgins\" class=\"yoast-seo-meta-tag\" \/>\n<meta property=\"og:description\" content=\"M\u00e1s de 300 personas participaron del 5\u00b0 Encuentro cient\u00edfico cultural por el Bosque Escler\u00f3filo, que se desarroll\u00f3 en diversos puntos de la comuna de San Vicente de Tagua Tagua, el pasado fin de semana, con el objetivo de dar a conocer, educar y capacitar en torno a la conservaci\u00f3n del bosque nativo de Chile central. [&hellip;]\" class=\"yoast-seo-meta-tag\" \/>\n<meta property=\"og:url\" content=\"https:\/\/dev.explora.cl\/ohiggins\/encuentro\/\" class=\"yoast-seo-meta-tag\" \/>\n<meta property=\"og:site_name\" content=\"O&#039;Higgins\" class=\"yoast-seo-meta-tag\" \/>\n<meta property=\"article:published_time\" content=\"2015-02-02T04:00:00+00:00\" class=\"yoast-seo-meta-tag\" \/>\n<meta property=\"article:modified_time\" content=\"2019-05-20T18:03:03+00:00\" class=\"yoast-seo-meta-tag\" \/>\n<meta property=\"og:image\" content=\"https:\/\/dev.explora.cl\/ohiggins\/wp-content\/uploads\/sites\/8\/2018\/06\/0b3079625ed50d96c18af4d0014dae15.jpg\" class=\"yoast-seo-meta-tag\" \/>\n\t<meta property=\"og:image:width\" content=\"1000\" class=\"yoast-seo-meta-tag\" \/>\n\t<meta property=\"og:image:height\" content=\"629\" class=\"yoast-seo-meta-tag\" \/>\n\t<meta property=\"og:image:type\" content=\"image\/jpeg\" class=\"yoast-seo-meta-tag\" \/>\n<meta name=\"author\" content=\"webman\" class=\"yoast-seo-meta-tag\" \/>\n<meta name=\"twitter:card\" content=\"summary_large_image\" class=\"yoast-seo-meta-tag\" \/>\n<meta name=\"twitter:label1\" content=\"Escrito por\" class=\"yoast-seo-meta-tag\" \/>\n\t<meta name=\"twitter:data1\" content=\"webman\" class=\"yoast-seo-meta-tag\" \/>\n\t<meta name=\"twitter:label2\" content=\"Tiempo estimado de lectura\" class=\"yoast-seo-meta-tag\" \/>\n\t<meta name=\"twitter:data2\" content=\"2 minutos\" class=\"yoast-seo-meta-tag\" \/>\n<script type=\"application\/ld+json\" class=\"yoast-schema-graph\">{\"@context\":\"https:\/\/schema.org\",\"@graph\":[{\"@type\":\"Article\",\"@id\":\"https:\/\/dev.explora.cl\/ohiggins\/encuentro\/#article\",\"isPartOf\":{\"@id\":\"https:\/\/dev.explora.cl\/ohiggins\/encuentro\/\"},\"author\":{\"name\":\"webman\",\"@id\":\"https:\/\/dev.explora.cl\/ohiggins\/#\/schema\/person\/cb8349c13ea2d324080adf8480d7ba5d\"},\"headline\":\"La biodiversidad estuvo de fiesta en San Vicente TT\",\"datePublished\":\"2015-02-02T04:00:00+00:00\",\"dateModified\":\"2019-05-20T18:03:03+00:00\",\"mainEntityOfPage\":{\"@id\":\"https:\/\/dev.explora.cl\/ohiggins\/encuentro\/\"},\"wordCount\":413,\"commentCount\":0,\"image\":{\"@id\":\"https:\/\/dev.explora.cl\/ohiggins\/encuentro\/#primaryimage\"},\"thumbnailUrl\":\"https:\/\/dev.explora.cl\/ohiggins\/wp-content\/uploads\/sites\/8\/2018\/06\/0b3079625ed50d96c18af4d0014dae15.jpg\",\"keywords\":[\"seminario\",\"visita terreno\"],\"articleSection\":[\"Noticias\"],\"inLanguage\":\"es-CL\",\"potentialAction\":[{\"@type\":\"CommentAction\",\"name\":\"Comment\",\"target\":[\"https:\/\/dev.explora.cl\/ohiggins\/encuentro\/#respond\"]}]},{\"@type\":\"WebPage\",\"@id\":\"https:\/\/dev.explora.cl\/ohiggins\/encuentro\/\",\"url\":\"https:\/\/dev.explora.cl\/ohiggins\/encuentro\/\",\"name\":\"La biodiversidad estuvo de fiesta en San Vicente TT - O&#039;Higgins\",\"isPartOf\":{\"@id\":\"https:\/\/dev.explora.cl\/ohiggins\/#website\"},\"primaryImageOfPage\":{\"@id\":\"https:\/\/dev.explora.cl\/ohiggins\/encuentro\/#primaryimage\"},\"image\":{\"@id\":\"https:\/\/dev.explora.cl\/ohiggins\/encuentro\/#primaryimage\"},\"thumbnailUrl\":\"https:\/\/dev.explora.cl\/ohiggins\/wp-content\/uploads\/sites\/8\/2018\/06\/0b3079625ed50d96c18af4d0014dae15.jpg\",\"datePublished\":\"2015-02-02T04:00:00+00:00\",\"dateModified\":\"2019-05-20T18:03:03+00:00\",\"author\":{\"@id\":\"https:\/\/dev.explora.cl\/ohiggins\/#\/schema\/person\/cb8349c13ea2d324080adf8480d7ba5d\"},\"breadcrumb\":{\"@id\":\"https:\/\/dev.explora.cl\/ohiggins\/encuentro\/#breadcrumb\"},\"inLanguage\":\"es-CL\",\"potentialAction\":[{\"@type\":\"ReadAction\",\"target\":[\"https:\/\/dev.explora.cl\/ohiggins\/encuentro\/\"]}]},{\"@type\":\"ImageObject\",\"inLanguage\":\"es-CL\",\"@id\":\"https:\/\/dev.explora.cl\/ohiggins\/encuentro\/#primaryimage\",\"url\":\"https:\/\/dev.explora.cl\/ohiggins\/wp-content\/uploads\/sites\/8\/2018\/06\/0b3079625ed50d96c18af4d0014dae15.jpg\",\"contentUrl\":\"https:\/\/dev.explora.cl\/ohiggins\/wp-content\/uploads\/sites\/8\/2018\/06\/0b3079625ed50d96c18af4d0014dae15.jpg\",\"width\":1000,\"height\":629},{\"@type\":\"BreadcrumbList\",\"@id\":\"https:\/\/dev.explora.cl\/ohiggins\/encuentro\/#breadcrumb\",\"itemListElement\":[{\"@type\":\"ListItem\",\"position\":1,\"name\":\"Portada\",\"item\":\"https:\/\/dev.explora.cl\/ohiggins\/\"},{\"@type\":\"ListItem\",\"position\":2,\"name\":\"La biodiversidad estuvo de fiesta en San Vicente TT\"}]},{\"@type\":\"WebSite\",\"@id\":\"https:\/\/dev.explora.cl\/ohiggins\/#website\",\"url\":\"https:\/\/dev.explora.cl\/ohiggins\/\",\"name\":\"O&#039;Higgins\",\"description\":\"Otro sitio m\u00e1s de dev.explora.cl\",\"potentialAction\":[{\"@type\":\"SearchAction\",\"target\":{\"@type\":\"EntryPoint\",\"urlTemplate\":\"https:\/\/dev.explora.cl\/ohiggins\/?s={search_term_string}\"},\"query-input\":{\"@type\":\"PropertyValueSpecification\",\"valueRequired\":true,\"valueName\":\"search_term_string\"}}],\"inLanguage\":\"es-CL\"},{\"@type\":\"Person\",\"@id\":\"https:\/\/dev.explora.cl\/ohiggins\/#\/schema\/person\/cb8349c13ea2d324080adf8480d7ba5d\",\"name\":\"webman\",\"image\":{\"@type\":\"ImageObject\",\"inLanguage\":\"es-CL\",\"@id\":\"https:\/\/dev.explora.cl\/ohiggins\/#\/schema\/person\/image\/\",\"url\":\"https:\/\/secure.gravatar.com\/avatar\/eeff3c82f2c02f7177d13663b7e6f890e9a6a0647ce9bb29cae02dcb094c7312?s=96&d=mm&r=g\",\"contentUrl\":\"https:\/\/secure.gravatar.com\/avatar\/eeff3c82f2c02f7177d13663b7e6f890e9a6a0647ce9bb29cae02dcb094c7312?s=96&d=mm&r=g\",\"caption\":\"webman\"},\"url\":\"https:\/\/dev.explora.cl\/ohiggins\/author\/webman\/\"}]}<\/script>\n<!-- \/ Yoast SEO plugin. -->","yoast_head_json":{"title":"La biodiversidad estuvo de fiesta en San Vicente TT - O&#039;Higgins","robots":{"index":"index","follow":"follow","max-snippet":"max-snippet:-1","max-image-preview":"max-image-preview:large","max-video-preview":"max-video-preview:-1"},"canonical":"https:\/\/dev.explora.cl\/ohiggins\/encuentro\/","og_locale":"es_ES","og_type":"article","og_title":"La biodiversidad estuvo de fiesta en San Vicente TT - O&#039;Higgins","og_description":"M\u00e1s de 300 personas participaron del 5\u00b0 Encuentro cient\u00edfico cultural por el Bosque Escler\u00f3filo, que se desarroll\u00f3 en diversos puntos de la comuna de San Vicente de Tagua Tagua, el pasado fin de semana, con el objetivo de dar a conocer, educar y capacitar en torno a la conservaci\u00f3n del bosque nativo de Chile central. [&hellip;]","og_url":"https:\/\/dev.explora.cl\/ohiggins\/encuentro\/","og_site_name":"O&#039;Higgins","article_published_time":"2015-02-02T04:00:00+00:00","article_modified_time":"2019-05-20T18:03:03+00:00","og_image":[{"width":1000,"height":629,"url":"https:\/\/dev.explora.cl\/ohiggins\/wp-content\/uploads\/sites\/8\/2018\/06\/0b3079625ed50d96c18af4d0014dae15.jpg","type":"image\/jpeg"}],"author":"webman","twitter_card":"summary_large_image","twitter_misc":{"Escrito por":"webman","Tiempo estimado de lectura":"2 minutos"},"schema":{"@context":"https:\/\/schema.org","@graph":[{"@type":"Article","@id":"https:\/\/dev.explora.cl\/ohiggins\/encuentro\/#article","isPartOf":{"@id":"https:\/\/dev.explora.cl\/ohiggins\/encuentro\/"},"author":{"name":"webman","@id":"https:\/\/dev.explora.cl\/ohiggins\/#\/schema\/person\/cb8349c13ea2d324080adf8480d7ba5d"},"headline":"La biodiversidad estuvo de fiesta en San Vicente TT","datePublished":"2015-02-02T04:00:00+00:00","dateModified":"2019-05-20T18:03:03+00:00","mainEntityOfPage":{"@id":"https:\/\/dev.explora.cl\/ohiggins\/encuentro\/"},"wordCount":413,"commentCount":0,"image":{"@id":"https:\/\/dev.explora.cl\/ohiggins\/encuentro\/#primaryimage"},"thumbnailUrl":"https:\/\/dev.explora.cl\/ohiggins\/wp-content\/uploads\/sites\/8\/2018\/06\/0b3079625ed50d96c18af4d0014dae15.jpg","keywords":["seminario","visita terreno"],"articleSection":["Noticias"],"inLanguage":"es-CL","potentialAction":[{"@type":"CommentAction","name":"Comment","target":["https:\/\/dev.explora.cl\/ohiggins\/encuentro\/#respond"]}]},{"@type":"WebPage","@id":"https:\/\/dev.explora.cl\/ohiggins\/encuentro\/","url":"https:\/\/dev.explora.cl\/ohiggins\/encuentro\/","name":"La biodiversidad estuvo de fiesta en San Vicente TT - O&#039;Higgins","isPartOf":{"@id":"https:\/\/dev.explora.cl\/ohiggins\/#website"},"primaryImageOfPage":{"@id":"https:\/\/dev.explora.cl\/ohiggins\/encuentro\/#primaryimage"},"image":{"@id":"https:\/\/dev.explora.cl\/ohiggins\/encuentro\/#primaryimage"},"thumbnailUrl":"https:\/\/dev.explora.cl\/ohiggins\/wp-content\/uploads\/sites\/8\/2018\/06\/0b3079625ed50d96c18af4d0014dae15.jpg","datePublished":"2015-02-02T04:00:00+00:00","dateModified":"2019-05-20T18:03:03+00:00","author":{"@id":"https:\/\/dev.explora.cl\/ohiggins\/#\/schema\/person\/cb8349c13ea2d324080adf8480d7ba5d"},"breadcrumb":{"@id":"https:\/\/dev.explora.cl\/ohiggins\/encuentro\/#breadcrumb"},"inLanguage":"es-CL","potentialAction":[{"@type":"ReadAction","target":["https:\/\/dev.explora.cl\/ohiggins\/encuentro\/"]}]},{"@type":"ImageObject","inLanguage":"es-CL","@id":"https:\/\/dev.explora.cl\/ohiggins\/encuentro\/#primaryimage","url":"https:\/\/dev.explora.cl\/ohiggins\/wp-content\/uploads\/sites\/8\/2018\/06\/0b3079625ed50d96c18af4d0014dae15.jpg","contentUrl":"https:\/\/dev.explora.cl\/ohiggins\/wp-content\/uploads\/sites\/8\/2018\/06\/0b3079625ed50d96c18af4d0014dae15.jpg","width":1000,"height":629},{"@type":"BreadcrumbList","@id":"https:\/\/dev.explora.cl\/ohiggins\/encuentro\/#breadcrumb","itemListElement":[{"@type":"ListItem","position":1,"name":"Portada","item":"https:\/\/dev.explora.cl\/ohiggins\/"},{"@type":"ListItem","position":2,"name":"La biodiversidad estuvo de fiesta en San Vicente TT"}]},{"@type":"WebSite","@id":"https:\/\/dev.explora.cl\/ohiggins\/#website","url":"https:\/\/dev.explora.cl\/ohiggins\/","name":"O&#039;Higgins","description":"Otro sitio m\u00e1s de dev.explora.cl","potentialAction":[{"@type":"SearchAction","target":{"@type":"EntryPoint","urlTemplate":"https:\/\/dev.explora.cl\/ohiggins\/?s={search_term_string}"},"query-input":{"@type":"PropertyValueSpecification","valueRequired":true,"valueName":"search_term_string"}}],"inLanguage":"es-CL"},{"@type":"Person","@id":"https:\/\/dev.explora.cl\/ohiggins\/#\/schema\/person\/cb8349c13ea2d324080adf8480d7ba5d","name":"webman","image":{"@type":"ImageObject","inLanguage":"es-CL","@id":"https:\/\/dev.explora.cl\/ohiggins\/#\/schema\/person\/image\/","url":"https:\/\/secure.gravatar.com\/avatar\/eeff3c82f2c02f7177d13663b7e6f890e9a6a0647ce9bb29cae02dcb094c7312?s=96&d=mm&r=g","contentUrl":"https:\/\/secure.gravatar.com\/avatar\/eeff3c82f2c02f7177d13663b7e6f890e9a6a0647ce9bb29cae02dcb094c7312?s=96&d=mm&r=g","caption":"webman"},"url":"https:\/\/dev.explora.cl\/ohiggins\/author\/webman\/"}]}},"_links":{"self":[{"href":"https:\/\/dev.explora.cl\/ohiggins\/wp-json\/wp\/v2\/posts\/37443","targetHints":{"allow":["GET"]}}],"collection":[{"href":"https:\/\/dev.explora.cl\/ohiggins\/wp-json\/wp\/v2\/posts"}],"about":[{"href":"https:\/\/dev.explora.cl\/ohiggins\/wp-json\/wp\/v2\/types\/post"}],"author":[{"embeddable":true,"href":"https:\/\/dev.explora.cl\/ohiggins\/wp-json\/wp\/v2\/users\/2"}],"replies":[{"embeddable":true,"href":"https:\/\/dev.explora.cl\/ohiggins\/wp-json\/wp\/v2\/comments?post=37443"}],"version-history":[{"count":1,"href":"https:\/\/dev.explora.cl\/ohiggins\/wp-json\/wp\/v2\/posts\/37443\/revisions"}],"predecessor-version":[{"id":37839,"href":"https:\/\/dev.explora.cl\/ohiggins\/wp-json\/wp\/v2\/posts\/37443\/revisions\/37839"}],"wp:featuredmedia":[{"embeddable":true,"href":"https:\/\/dev.explora.cl\/ohiggins\/wp-json\/wp\/v2\/media\/31985"}],"wp:attachment":[{"href":"https:\/\/dev.explora.cl\/ohiggins\/wp-json\/wp\/v2\/media?parent=37443"}],"wp:term":[{"taxonomy":"category","embeddable":true,"href":"https:\/\/dev.explora.cl\/ohiggins\/wp-json\/wp\/v2\/categories?post=37443"},{"taxonomy":"post_tag","embeddable":true,"href":"https:\/\/dev.explora.cl\/ohiggins\/wp-json\/wp\/v2\/tags?post=37443"}],"curies":[{"name":"wp","href":"https:\/\/api.w.org\/{rel}","templated":true}]}}