{"id":37439,"date":"2015-01-13T00:00:00","date_gmt":"2015-01-13T04:00:00","guid":{"rendered":"https:\/\/dev.explora.cl\/ohiggins\/blog\/2015\/01\/13\/pichilemu\/"},"modified":"2019-05-20T18:03:25","modified_gmt":"2019-05-20T18:03:25","slug":"pichilemu","status":"publish","type":"post","link":"https:\/\/dev.explora.cl\/ohiggins\/pichilemu\/","title":{"rendered":"Veraneantes pudieron conocer m\u00e1s de astronom\u00eda con Planetario M\u00f3vil"},"content":{"rendered":"<p><img loading=\"lazy\" decoding=\"async\" class=\" size-full wp-image-8426\" src=\"http:\/\/ec2-34-218-253-251.us-west-2.compute.amazonaws.com\/wp-content\/uploads\/2015\/01\/d9bdb14eb0a9b1023a46137e4aceaf72.jpg\" alt=\"\" width=\"1000\" height=\"667\" \/><\/p>\n<p style=\"text-align: justify\"><span style=\"line-height: 1.3em\">Este fin de semana, gracias a PAR EXPLORA O\u2019Higgins, los lugare\u00f1os y veraneantes de Pichilemu pudieron disfrutar de la ciencia, a trav\u00e9s del Observatorio y Planetario M\u00f3vil Tagua Tagua; y del Cine Espacial 3 D de manera gratuita.<\/span><\/p>\n<p style=\"text-align: justify\">La actividad convoc\u00f3 a m\u00e1s de 1500 personas que durante el fin de semana reci\u00e9n pasado visitaron ambas instancias para conocer m\u00e1s de Astronom\u00eda y conocer las \u201cMaravillas del Universo\u201d.<\/p>\n<p style=\"text-align: justify\">El domo del observatorio se instal\u00f3 en la Plaza Arturo Prat del balneario y tambi\u00e9n en el Centro Cultural Ross, en donde se mostr\u00f3 las diferentes constelaciones que apreciamos en la zona, las estrellas que dan origen a los Signos Zodiacales y el sistema solar. Adem\u00e1s, en la feria artesanal ubicada en calle Dionisio Acevedo estuvo el Cine Espacial Educativo 3D, que relat\u00f3 el origen del universo.<\/p>\n<p style=\"text-align: justify\">Los visitantes valoraron la iniciativa del PAR; por ejemplo Tomas Rojas, estudiante universitario, indic\u00f3 que \u201chay cosas que uno no sabe, por ejemplo el tri\u00e1ngulo que se forma con las Tres Mar\u00edas; adem\u00e1s, sale de lo t\u00edpico que uno ve ac\u00e1 en las ferias artesanales\u201d. Carmen Villalobos, coment\u00f3 que \u201ces muy interesante porque son cosas que uno pasa cuando chica\u201d; y Mat\u00edas Rodr\u00edguez, tambi\u00e9n estudiante asever\u00f3: \u201ces bac\u00e1n (sic), me gustaron todas las cosas\u201d.<\/p>\n<p style=\"text-align: justify\"><span style=\"font-family: Calibri\"><span style=\"font-size: medium\"><img loading=\"lazy\" decoding=\"async\" class=\" size-full wp-image-8427\" src=\"http:\/\/ec2-34-218-253-251.us-west-2.compute.amazonaws.com\/wp-content\/uploads\/2015\/01\/entrev-planetario.jpg\" border=\"0\" alt=\"\" width=\"870\" height=\"300\" \/><\/span><\/span><\/p>\n<p style=\"text-align: justify\"><span style=\"font-family: Calibri\"><span style=\"font-size: medium\">Revisa nuestra galer\u00eda fotogr\u00e1fica en <a href=\"https:\/\/www.facebook.com\/media\/set\/?set=a.931461140219539.1073741879.777863892245932&amp;type=1%20\" target=\"_blank\" rel=\"noopener noreferrer\">Facebook<\/a><br \/><\/span><\/span><\/p>\n","protected":false},"excerpt":{"rendered":"<p>Este fin de semana, gracias a PAR EXPLORA O\u2019Higgins, los lugare\u00f1os y veraneantes de Pichilemu pudieron disfrutar de la ciencia, a trav\u00e9s del Observatorio y Planetario M\u00f3vil Tagua Tagua; y del Cine Espacial 3 D de manera gratuita. La actividad convoc\u00f3 a m\u00e1s de 1500 personas que durante el fin de semana reci\u00e9n pasado visitaron [&hellip;]<\/p>\n","protected":false},"author":2,"featured_media":31963,"comment_status":"open","ping_status":"open","sticky":false,"template":"","format":"standard","meta":{"_acf_changed":false,"_exactmetrics_skip_tracking":false,"_exactmetrics_sitenote_active":false,"_exactmetrics_sitenote_note":"","_exactmetrics_sitenote_category":0,"footnotes":"","_links_to":"","_links_to_target":""},"categories":[4],"tags":[160],"class_list":["post-37439","post","type-post","status-publish","format-standard","has-post-thumbnail","hentry","category-noticias","tag-planetas"],"acf":[],"yoast_head":"<!-- This site is optimized with the Yoast SEO plugin v26.7 - https:\/\/yoast.com\/wordpress\/plugins\/seo\/ -->\n<title>Veraneantes pudieron conocer m\u00e1s de astronom\u00eda con Planetario M\u00f3vil - O&#039;Higgins<\/title>\n<meta name=\"robots\" content=\"index, follow, max-snippet:-1, max-image-preview:large, max-video-preview:-1\" \/>\n<link rel=\"canonical\" href=\"https:\/\/dev.explora.cl\/ohiggins\/pichilemu\/\" class=\"yoast-seo-meta-tag\" \/>\n<meta property=\"og:locale\" content=\"es_ES\" class=\"yoast-seo-meta-tag\" \/>\n<meta property=\"og:type\" content=\"article\" class=\"yoast-seo-meta-tag\" \/>\n<meta property=\"og:title\" content=\"Veraneantes pudieron conocer m\u00e1s de astronom\u00eda con Planetario M\u00f3vil - O&#039;Higgins\" class=\"yoast-seo-meta-tag\" \/>\n<meta property=\"og:description\" content=\"Este fin de semana, gracias a PAR EXPLORA O\u2019Higgins, los lugare\u00f1os y veraneantes de Pichilemu pudieron disfrutar de la ciencia, a trav\u00e9s del Observatorio y Planetario M\u00f3vil Tagua Tagua; y del Cine Espacial 3 D de manera gratuita. La actividad convoc\u00f3 a m\u00e1s de 1500 personas que durante el fin de semana reci\u00e9n pasado visitaron [&hellip;]\" class=\"yoast-seo-meta-tag\" \/>\n<meta property=\"og:url\" content=\"https:\/\/dev.explora.cl\/ohiggins\/pichilemu\/\" class=\"yoast-seo-meta-tag\" \/>\n<meta property=\"og:site_name\" content=\"O&#039;Higgins\" class=\"yoast-seo-meta-tag\" \/>\n<meta property=\"article:published_time\" content=\"2015-01-13T04:00:00+00:00\" class=\"yoast-seo-meta-tag\" \/>\n<meta property=\"article:modified_time\" content=\"2019-05-20T18:03:25+00:00\" class=\"yoast-seo-meta-tag\" \/>\n<meta property=\"og:image\" content=\"https:\/\/dev.explora.cl\/ohiggins\/wp-content\/uploads\/sites\/8\/2018\/06\/d9bdb14eb0a9b1023a46137e4aceaf72.jpg\" class=\"yoast-seo-meta-tag\" \/>\n\t<meta property=\"og:image:width\" content=\"1000\" class=\"yoast-seo-meta-tag\" \/>\n\t<meta property=\"og:image:height\" content=\"667\" class=\"yoast-seo-meta-tag\" \/>\n\t<meta property=\"og:image:type\" content=\"image\/jpeg\" class=\"yoast-seo-meta-tag\" \/>\n<meta name=\"author\" content=\"webman\" class=\"yoast-seo-meta-tag\" \/>\n<meta name=\"twitter:card\" content=\"summary_large_image\" class=\"yoast-seo-meta-tag\" \/>\n<meta name=\"twitter:label1\" content=\"Escrito por\" class=\"yoast-seo-meta-tag\" \/>\n\t<meta name=\"twitter:data1\" content=\"webman\" class=\"yoast-seo-meta-tag\" \/>\n\t<meta name=\"twitter:label2\" content=\"Tiempo estimado de lectura\" class=\"yoast-seo-meta-tag\" \/>\n\t<meta name=\"twitter:data2\" content=\"1 minuto\" class=\"yoast-seo-meta-tag\" \/>\n<script type=\"application\/ld+json\" class=\"yoast-schema-graph\">{\"@context\":\"https:\/\/schema.org\",\"@graph\":[{\"@type\":\"Article\",\"@id\":\"https:\/\/dev.explora.cl\/ohiggins\/pichilemu\/#article\",\"isPartOf\":{\"@id\":\"https:\/\/dev.explora.cl\/ohiggins\/pichilemu\/\"},\"author\":{\"name\":\"webman\",\"@id\":\"https:\/\/dev.explora.cl\/ohiggins\/#\/schema\/person\/cb8349c13ea2d324080adf8480d7ba5d\"},\"headline\":\"Veraneantes pudieron conocer m\u00e1s de astronom\u00eda con Planetario M\u00f3vil\",\"datePublished\":\"2015-01-13T04:00:00+00:00\",\"dateModified\":\"2019-05-20T18:03:25+00:00\",\"mainEntityOfPage\":{\"@id\":\"https:\/\/dev.explora.cl\/ohiggins\/pichilemu\/\"},\"wordCount\":245,\"commentCount\":0,\"image\":{\"@id\":\"https:\/\/dev.explora.cl\/ohiggins\/pichilemu\/#primaryimage\"},\"thumbnailUrl\":\"https:\/\/dev.explora.cl\/ohiggins\/wp-content\/uploads\/sites\/8\/2018\/06\/d9bdb14eb0a9b1023a46137e4aceaf72.jpg\",\"keywords\":[\"planetas\"],\"articleSection\":[\"Noticias\"],\"inLanguage\":\"es-CL\",\"potentialAction\":[{\"@type\":\"CommentAction\",\"name\":\"Comment\",\"target\":[\"https:\/\/dev.explora.cl\/ohiggins\/pichilemu\/#respond\"]}]},{\"@type\":\"WebPage\",\"@id\":\"https:\/\/dev.explora.cl\/ohiggins\/pichilemu\/\",\"url\":\"https:\/\/dev.explora.cl\/ohiggins\/pichilemu\/\",\"name\":\"Veraneantes pudieron conocer m\u00e1s de astronom\u00eda con Planetario M\u00f3vil - O&#039;Higgins\",\"isPartOf\":{\"@id\":\"https:\/\/dev.explora.cl\/ohiggins\/#website\"},\"primaryImageOfPage\":{\"@id\":\"https:\/\/dev.explora.cl\/ohiggins\/pichilemu\/#primaryimage\"},\"image\":{\"@id\":\"https:\/\/dev.explora.cl\/ohiggins\/pichilemu\/#primaryimage\"},\"thumbnailUrl\":\"https:\/\/dev.explora.cl\/ohiggins\/wp-content\/uploads\/sites\/8\/2018\/06\/d9bdb14eb0a9b1023a46137e4aceaf72.jpg\",\"datePublished\":\"2015-01-13T04:00:00+00:00\",\"dateModified\":\"2019-05-20T18:03:25+00:00\",\"author\":{\"@id\":\"https:\/\/dev.explora.cl\/ohiggins\/#\/schema\/person\/cb8349c13ea2d324080adf8480d7ba5d\"},\"breadcrumb\":{\"@id\":\"https:\/\/dev.explora.cl\/ohiggins\/pichilemu\/#breadcrumb\"},\"inLanguage\":\"es-CL\",\"potentialAction\":[{\"@type\":\"ReadAction\",\"target\":[\"https:\/\/dev.explora.cl\/ohiggins\/pichilemu\/\"]}]},{\"@type\":\"ImageObject\",\"inLanguage\":\"es-CL\",\"@id\":\"https:\/\/dev.explora.cl\/ohiggins\/pichilemu\/#primaryimage\",\"url\":\"https:\/\/dev.explora.cl\/ohiggins\/wp-content\/uploads\/sites\/8\/2018\/06\/d9bdb14eb0a9b1023a46137e4aceaf72.jpg\",\"contentUrl\":\"https:\/\/dev.explora.cl\/ohiggins\/wp-content\/uploads\/sites\/8\/2018\/06\/d9bdb14eb0a9b1023a46137e4aceaf72.jpg\",\"width\":1000,\"height\":667},{\"@type\":\"BreadcrumbList\",\"@id\":\"https:\/\/dev.explora.cl\/ohiggins\/pichilemu\/#breadcrumb\",\"itemListElement\":[{\"@type\":\"ListItem\",\"position\":1,\"name\":\"Portada\",\"item\":\"https:\/\/dev.explora.cl\/ohiggins\/\"},{\"@type\":\"ListItem\",\"position\":2,\"name\":\"Veraneantes pudieron conocer m\u00e1s de astronom\u00eda con Planetario M\u00f3vil\"}]},{\"@type\":\"WebSite\",\"@id\":\"https:\/\/dev.explora.cl\/ohiggins\/#website\",\"url\":\"https:\/\/dev.explora.cl\/ohiggins\/\",\"name\":\"O&#039;Higgins\",\"description\":\"Otro sitio m\u00e1s de dev.explora.cl\",\"potentialAction\":[{\"@type\":\"SearchAction\",\"target\":{\"@type\":\"EntryPoint\",\"urlTemplate\":\"https:\/\/dev.explora.cl\/ohiggins\/?s={search_term_string}\"},\"query-input\":{\"@type\":\"PropertyValueSpecification\",\"valueRequired\":true,\"valueName\":\"search_term_string\"}}],\"inLanguage\":\"es-CL\"},{\"@type\":\"Person\",\"@id\":\"https:\/\/dev.explora.cl\/ohiggins\/#\/schema\/person\/cb8349c13ea2d324080adf8480d7ba5d\",\"name\":\"webman\",\"image\":{\"@type\":\"ImageObject\",\"inLanguage\":\"es-CL\",\"@id\":\"https:\/\/dev.explora.cl\/ohiggins\/#\/schema\/person\/image\/\",\"url\":\"https:\/\/secure.gravatar.com\/avatar\/eeff3c82f2c02f7177d13663b7e6f890e9a6a0647ce9bb29cae02dcb094c7312?s=96&d=mm&r=g\",\"contentUrl\":\"https:\/\/secure.gravatar.com\/avatar\/eeff3c82f2c02f7177d13663b7e6f890e9a6a0647ce9bb29cae02dcb094c7312?s=96&d=mm&r=g\",\"caption\":\"webman\"},\"url\":\"https:\/\/dev.explora.cl\/ohiggins\/author\/webman\/\"}]}<\/script>\n<!-- \/ Yoast SEO plugin. -->","yoast_head_json":{"title":"Veraneantes pudieron conocer m\u00e1s de astronom\u00eda con Planetario M\u00f3vil - O&#039;Higgins","robots":{"index":"index","follow":"follow","max-snippet":"max-snippet:-1","max-image-preview":"max-image-preview:large","max-video-preview":"max-video-preview:-1"},"canonical":"https:\/\/dev.explora.cl\/ohiggins\/pichilemu\/","og_locale":"es_ES","og_type":"article","og_title":"Veraneantes pudieron conocer m\u00e1s de astronom\u00eda con Planetario M\u00f3vil - O&#039;Higgins","og_description":"Este fin de semana, gracias a PAR EXPLORA O\u2019Higgins, los lugare\u00f1os y veraneantes de Pichilemu pudieron disfrutar de la ciencia, a trav\u00e9s del Observatorio y Planetario M\u00f3vil Tagua Tagua; y del Cine Espacial 3 D de manera gratuita. La actividad convoc\u00f3 a m\u00e1s de 1500 personas que durante el fin de semana reci\u00e9n pasado visitaron [&hellip;]","og_url":"https:\/\/dev.explora.cl\/ohiggins\/pichilemu\/","og_site_name":"O&#039;Higgins","article_published_time":"2015-01-13T04:00:00+00:00","article_modified_time":"2019-05-20T18:03:25+00:00","og_image":[{"width":1000,"height":667,"url":"https:\/\/dev.explora.cl\/ohiggins\/wp-content\/uploads\/sites\/8\/2018\/06\/d9bdb14eb0a9b1023a46137e4aceaf72.jpg","type":"image\/jpeg"}],"author":"webman","twitter_card":"summary_large_image","twitter_misc":{"Escrito por":"webman","Tiempo estimado de lectura":"1 minuto"},"schema":{"@context":"https:\/\/schema.org","@graph":[{"@type":"Article","@id":"https:\/\/dev.explora.cl\/ohiggins\/pichilemu\/#article","isPartOf":{"@id":"https:\/\/dev.explora.cl\/ohiggins\/pichilemu\/"},"author":{"name":"webman","@id":"https:\/\/dev.explora.cl\/ohiggins\/#\/schema\/person\/cb8349c13ea2d324080adf8480d7ba5d"},"headline":"Veraneantes pudieron conocer m\u00e1s de astronom\u00eda con Planetario M\u00f3vil","datePublished":"2015-01-13T04:00:00+00:00","dateModified":"2019-05-20T18:03:25+00:00","mainEntityOfPage":{"@id":"https:\/\/dev.explora.cl\/ohiggins\/pichilemu\/"},"wordCount":245,"commentCount":0,"image":{"@id":"https:\/\/dev.explora.cl\/ohiggins\/pichilemu\/#primaryimage"},"thumbnailUrl":"https:\/\/dev.explora.cl\/ohiggins\/wp-content\/uploads\/sites\/8\/2018\/06\/d9bdb14eb0a9b1023a46137e4aceaf72.jpg","keywords":["planetas"],"articleSection":["Noticias"],"inLanguage":"es-CL","potentialAction":[{"@type":"CommentAction","name":"Comment","target":["https:\/\/dev.explora.cl\/ohiggins\/pichilemu\/#respond"]}]},{"@type":"WebPage","@id":"https:\/\/dev.explora.cl\/ohiggins\/pichilemu\/","url":"https:\/\/dev.explora.cl\/ohiggins\/pichilemu\/","name":"Veraneantes pudieron conocer m\u00e1s de astronom\u00eda con Planetario M\u00f3vil - O&#039;Higgins","isPartOf":{"@id":"https:\/\/dev.explora.cl\/ohiggins\/#website"},"primaryImageOfPage":{"@id":"https:\/\/dev.explora.cl\/ohiggins\/pichilemu\/#primaryimage"},"image":{"@id":"https:\/\/dev.explora.cl\/ohiggins\/pichilemu\/#primaryimage"},"thumbnailUrl":"https:\/\/dev.explora.cl\/ohiggins\/wp-content\/uploads\/sites\/8\/2018\/06\/d9bdb14eb0a9b1023a46137e4aceaf72.jpg","datePublished":"2015-01-13T04:00:00+00:00","dateModified":"2019-05-20T18:03:25+00:00","author":{"@id":"https:\/\/dev.explora.cl\/ohiggins\/#\/schema\/person\/cb8349c13ea2d324080adf8480d7ba5d"},"breadcrumb":{"@id":"https:\/\/dev.explora.cl\/ohiggins\/pichilemu\/#breadcrumb"},"inLanguage":"es-CL","potentialAction":[{"@type":"ReadAction","target":["https:\/\/dev.explora.cl\/ohiggins\/pichilemu\/"]}]},{"@type":"ImageObject","inLanguage":"es-CL","@id":"https:\/\/dev.explora.cl\/ohiggins\/pichilemu\/#primaryimage","url":"https:\/\/dev.explora.cl\/ohiggins\/wp-content\/uploads\/sites\/8\/2018\/06\/d9bdb14eb0a9b1023a46137e4aceaf72.jpg","contentUrl":"https:\/\/dev.explora.cl\/ohiggins\/wp-content\/uploads\/sites\/8\/2018\/06\/d9bdb14eb0a9b1023a46137e4aceaf72.jpg","width":1000,"height":667},{"@type":"BreadcrumbList","@id":"https:\/\/dev.explora.cl\/ohiggins\/pichilemu\/#breadcrumb","itemListElement":[{"@type":"ListItem","position":1,"name":"Portada","item":"https:\/\/dev.explora.cl\/ohiggins\/"},{"@type":"ListItem","position":2,"name":"Veraneantes pudieron conocer m\u00e1s de astronom\u00eda con Planetario M\u00f3vil"}]},{"@type":"WebSite","@id":"https:\/\/dev.explora.cl\/ohiggins\/#website","url":"https:\/\/dev.explora.cl\/ohiggins\/","name":"O&#039;Higgins","description":"Otro sitio m\u00e1s de dev.explora.cl","potentialAction":[{"@type":"SearchAction","target":{"@type":"EntryPoint","urlTemplate":"https:\/\/dev.explora.cl\/ohiggins\/?s={search_term_string}"},"query-input":{"@type":"PropertyValueSpecification","valueRequired":true,"valueName":"search_term_string"}}],"inLanguage":"es-CL"},{"@type":"Person","@id":"https:\/\/dev.explora.cl\/ohiggins\/#\/schema\/person\/cb8349c13ea2d324080adf8480d7ba5d","name":"webman","image":{"@type":"ImageObject","inLanguage":"es-CL","@id":"https:\/\/dev.explora.cl\/ohiggins\/#\/schema\/person\/image\/","url":"https:\/\/secure.gravatar.com\/avatar\/eeff3c82f2c02f7177d13663b7e6f890e9a6a0647ce9bb29cae02dcb094c7312?s=96&d=mm&r=g","contentUrl":"https:\/\/secure.gravatar.com\/avatar\/eeff3c82f2c02f7177d13663b7e6f890e9a6a0647ce9bb29cae02dcb094c7312?s=96&d=mm&r=g","caption":"webman"},"url":"https:\/\/dev.explora.cl\/ohiggins\/author\/webman\/"}]}},"_links":{"self":[{"href":"https:\/\/dev.explora.cl\/ohiggins\/wp-json\/wp\/v2\/posts\/37439","targetHints":{"allow":["GET"]}}],"collection":[{"href":"https:\/\/dev.explora.cl\/ohiggins\/wp-json\/wp\/v2\/posts"}],"about":[{"href":"https:\/\/dev.explora.cl\/ohiggins\/wp-json\/wp\/v2\/types\/post"}],"author":[{"embeddable":true,"href":"https:\/\/dev.explora.cl\/ohiggins\/wp-json\/wp\/v2\/users\/2"}],"replies":[{"embeddable":true,"href":"https:\/\/dev.explora.cl\/ohiggins\/wp-json\/wp\/v2\/comments?post=37439"}],"version-history":[{"count":1,"href":"https:\/\/dev.explora.cl\/ohiggins\/wp-json\/wp\/v2\/posts\/37439\/revisions"}],"predecessor-version":[{"id":37847,"href":"https:\/\/dev.explora.cl\/ohiggins\/wp-json\/wp\/v2\/posts\/37439\/revisions\/37847"}],"wp:featuredmedia":[{"embeddable":true,"href":"https:\/\/dev.explora.cl\/ohiggins\/wp-json\/wp\/v2\/media\/31963"}],"wp:attachment":[{"href":"https:\/\/dev.explora.cl\/ohiggins\/wp-json\/wp\/v2\/media?parent=37439"}],"wp:term":[{"taxonomy":"category","embeddable":true,"href":"https:\/\/dev.explora.cl\/ohiggins\/wp-json\/wp\/v2\/categories?post=37439"},{"taxonomy":"post_tag","embeddable":true,"href":"https:\/\/dev.explora.cl\/ohiggins\/wp-json\/wp\/v2\/tags?post=37439"}],"curies":[{"name":"wp","href":"https:\/\/api.w.org\/{rel}","templated":true}]}}