{"id":37435,"date":"2014-12-18T00:00:00","date_gmt":"2014-12-18T04:00:00","guid":{"rendered":"https:\/\/dev.explora.cl\/ohiggins\/blog\/2014\/12\/18\/libro-1\/"},"modified":"2019-05-20T18:03:26","modified_gmt":"2019-05-20T18:03:26","slug":"libro-1","status":"publish","type":"post","link":"https:\/\/dev.explora.cl\/ohiggins\/libro-1\/","title":{"rendered":"Demuestran origen incaico de pucar\u00e1 del cerro La Muralla en San Vicente TT"},"content":{"rendered":"<p><img loading=\"lazy\" decoding=\"async\" class=\" size-full wp-image-8037\" src=\"http:\/\/ec2-34-218-253-251.us-west-2.compute.amazonaws.com\/wp-content\/uploads\/2014\/12\/36bf1e63867ce07ca29876c3c52bd802.jpg\" alt=\"\" width=\"1286\" height=\"965\" \/><\/p>\n<p>Jairo Sep\u00falveda, Alexander San Francisco, Bruno Jim\u00e9nez y Sebasti\u00e1n P\u00e9rez, son los autores del libro \u201cEl Pucar\u00e1 del Cerro La Muralla. Mapuches, Incas y Espa\u00f1oles en Cachapoal\u201d, cuya investigaci\u00f3n demuestra la presencia Inca en esta construcci\u00f3n y revela detalles de c\u00f3mo interactuaron estos tres pueblos hace casi 500 a\u00f1os, en este sector de la comuna de San Vicente de Tagua Tagua.<\/p>\n<p>El lanzamiento del escrito ya fue realizado en Ecuador, en la Feria Internacional del Libro de Santiago (FILSA), \u00a0en la mencionada comuna, en Rancagua y este mi\u00e9rcoles culmin\u00f3 su gira en el Archivo Nacional de la capital, siendo as\u00ed el punto c\u00falmine de esta iniciativa con m\u00e1s de tres a\u00f1os de duraci\u00f3n. El texto fue editado gracias al apoyo del proyecto Fondart &#8220;Por la senda del inca en el Valle del Cachapoal&#8221;, la editorial Mutante Editores y el Grupo de Acci\u00f3n Ecol\u00f3gica y Conservaci\u00f3n A\u00f1a\u00f1uca.<\/p>\n<p>Seg\u00fan explic\u00f3 Jairo Sep\u00falveda: \u201cA trav\u00e9s de sondeos y dataciones por termoluminiscencia, pudimos confirmar que el pucar\u00e1 all\u00ed emplazado constituye el reducto incaico m\u00e1s austral del Tawantinsuyu del que se tenga conocimiento. En el lugar se reconocieron largos muros de piedra y se recuperaron fragmentos de vasijas y piedras arrojadizas, dispuestas para usarse como armas en defensa del reducto\u201d.<\/p>\n<p>Agregando que \u201cEste hito marca la frontera sur del imperio de los incas, expandiendo su huella en cerca de 70 kil\u00f3metros, y en conjunto con otros sitios arqueol\u00f3gicos como los de Cerro La Compa\u00f1\u00eda o Cerro Tren Tren permiten reconocer una actividad incaica mucho m\u00e1s intensa en el valle del Cachapoal. El Qhapaq \u00d1an o Camino del Inca, recientemente declarado patrimonio de la Humanidad por la Unesco, estaba asociado a instalaciones de este tipo\u201d<\/p>\n<p>Asimismo, \u00a0coment\u00f3 que a la llegada de los espa\u00f1oles, exist\u00eda una frontera entre incas y mapuches; luego s\u00f3lo qued\u00f3 el pueblo mapuche que tambi\u00e9n us\u00f3 esta fortaleza como defensa frente a los hisp\u00e1nicos.<\/p>\n<p>Como se recordar\u00e1, el Pucar\u00e1 del Cerro La Muralla es parte de la Ruta Cient\u00edfica Historia Natural Taguatagua, que realiza el Grupo A\u00f1a\u00f1uca, y durante este a\u00f1o, se ha sumado PAR EXPLORA O\u2019Higgins, con visitas guiadas a estudiantes de la regi\u00f3n.<\/p>\n<p>Para m\u00e1s informaciones o d\u00f3nde adquirir el libro, se puede escribir a\u00a0 accionecologicayconservacion@gmail.com.<\/p>\n<p>Fotograf\u00edas: Grupo A\u00f1a\u00f1uca<\/p>\n","protected":false},"excerpt":{"rendered":"<p>Jairo Sep\u00falveda, Alexander San Francisco, Bruno Jim\u00e9nez y Sebasti\u00e1n P\u00e9rez, son los autores del libro \u201cEl Pucar\u00e1 del Cerro La Muralla. Mapuches, Incas y Espa\u00f1oles en Cachapoal\u201d, cuya investigaci\u00f3n demuestra la presencia Inca en esta construcci\u00f3n y revela detalles de c\u00f3mo interactuaron estos tres pueblos hace casi 500 a\u00f1os, en este sector de la comuna [&hellip;]<\/p>\n","protected":false},"author":2,"featured_media":31943,"comment_status":"open","ping_status":"open","sticky":false,"template":"","format":"standard","meta":{"_acf_changed":false,"_exactmetrics_skip_tracking":false,"_exactmetrics_sitenote_active":false,"_exactmetrics_sitenote_note":"","_exactmetrics_sitenote_category":0,"footnotes":"","_links_to":"","_links_to_target":""},"categories":[4],"tags":[91,163,94,164],"class_list":["post-37435","post","type-post","status-publish","format-standard","has-post-thumbnail","hentry","category-noticias","tag-arqueologia","tag-libros","tag-patrimonio","tag-pueblos-originarios"],"acf":[],"yoast_head":"<!-- This site is optimized with the Yoast SEO plugin v26.7 - https:\/\/yoast.com\/wordpress\/plugins\/seo\/ -->\n<title>Demuestran origen incaico de pucar\u00e1 del cerro La Muralla en San Vicente TT - O&#039;Higgins<\/title>\n<meta name=\"robots\" content=\"index, follow, max-snippet:-1, max-image-preview:large, max-video-preview:-1\" \/>\n<link rel=\"canonical\" href=\"https:\/\/dev.explora.cl\/ohiggins\/libro-1\/\" class=\"yoast-seo-meta-tag\" \/>\n<meta property=\"og:locale\" content=\"es_ES\" class=\"yoast-seo-meta-tag\" \/>\n<meta property=\"og:type\" content=\"article\" class=\"yoast-seo-meta-tag\" \/>\n<meta property=\"og:title\" content=\"Demuestran origen incaico de pucar\u00e1 del cerro La Muralla en San Vicente TT - O&#039;Higgins\" class=\"yoast-seo-meta-tag\" \/>\n<meta property=\"og:description\" content=\"Jairo Sep\u00falveda, Alexander San Francisco, Bruno Jim\u00e9nez y Sebasti\u00e1n P\u00e9rez, son los autores del libro \u201cEl Pucar\u00e1 del Cerro La Muralla. Mapuches, Incas y Espa\u00f1oles en Cachapoal\u201d, cuya investigaci\u00f3n demuestra la presencia Inca en esta construcci\u00f3n y revela detalles de c\u00f3mo interactuaron estos tres pueblos hace casi 500 a\u00f1os, en este sector de la comuna [&hellip;]\" class=\"yoast-seo-meta-tag\" \/>\n<meta property=\"og:url\" content=\"https:\/\/dev.explora.cl\/ohiggins\/libro-1\/\" class=\"yoast-seo-meta-tag\" \/>\n<meta property=\"og:site_name\" content=\"O&#039;Higgins\" class=\"yoast-seo-meta-tag\" \/>\n<meta property=\"article:published_time\" content=\"2014-12-18T04:00:00+00:00\" class=\"yoast-seo-meta-tag\" \/>\n<meta property=\"article:modified_time\" content=\"2019-05-20T18:03:26+00:00\" class=\"yoast-seo-meta-tag\" \/>\n<meta property=\"og:image\" content=\"https:\/\/dev.explora.cl\/ohiggins\/wp-content\/uploads\/sites\/8\/2018\/06\/36bf1e63867ce07ca29876c3c52bd802.jpg\" class=\"yoast-seo-meta-tag\" \/>\n\t<meta property=\"og:image:width\" content=\"1286\" class=\"yoast-seo-meta-tag\" \/>\n\t<meta property=\"og:image:height\" content=\"965\" class=\"yoast-seo-meta-tag\" \/>\n\t<meta property=\"og:image:type\" content=\"image\/jpeg\" class=\"yoast-seo-meta-tag\" \/>\n<meta name=\"author\" content=\"webman\" class=\"yoast-seo-meta-tag\" \/>\n<meta name=\"twitter:card\" content=\"summary_large_image\" class=\"yoast-seo-meta-tag\" \/>\n<meta name=\"twitter:label1\" content=\"Escrito por\" class=\"yoast-seo-meta-tag\" \/>\n\t<meta name=\"twitter:data1\" content=\"webman\" class=\"yoast-seo-meta-tag\" \/>\n\t<meta name=\"twitter:label2\" content=\"Tiempo estimado de lectura\" class=\"yoast-seo-meta-tag\" \/>\n\t<meta name=\"twitter:data2\" content=\"2 minutos\" class=\"yoast-seo-meta-tag\" \/>\n<script type=\"application\/ld+json\" class=\"yoast-schema-graph\">{\"@context\":\"https:\/\/schema.org\",\"@graph\":[{\"@type\":\"Article\",\"@id\":\"https:\/\/dev.explora.cl\/ohiggins\/libro-1\/#article\",\"isPartOf\":{\"@id\":\"https:\/\/dev.explora.cl\/ohiggins\/libro-1\/\"},\"author\":{\"name\":\"webman\",\"@id\":\"https:\/\/dev.explora.cl\/ohiggins\/#\/schema\/person\/cb8349c13ea2d324080adf8480d7ba5d\"},\"headline\":\"Demuestran origen incaico de pucar\u00e1 del cerro La Muralla en San Vicente TT\",\"datePublished\":\"2014-12-18T04:00:00+00:00\",\"dateModified\":\"2019-05-20T18:03:26+00:00\",\"mainEntityOfPage\":{\"@id\":\"https:\/\/dev.explora.cl\/ohiggins\/libro-1\/\"},\"wordCount\":425,\"commentCount\":0,\"image\":{\"@id\":\"https:\/\/dev.explora.cl\/ohiggins\/libro-1\/#primaryimage\"},\"thumbnailUrl\":\"https:\/\/dev.explora.cl\/ohiggins\/wp-content\/uploads\/sites\/8\/2018\/06\/36bf1e63867ce07ca29876c3c52bd802.jpg\",\"keywords\":[\"arqueolog\u00eda\",\"libros\",\"patrimonio\",\"pueblos originarios\"],\"articleSection\":[\"Noticias\"],\"inLanguage\":\"es-CL\",\"potentialAction\":[{\"@type\":\"CommentAction\",\"name\":\"Comment\",\"target\":[\"https:\/\/dev.explora.cl\/ohiggins\/libro-1\/#respond\"]}]},{\"@type\":\"WebPage\",\"@id\":\"https:\/\/dev.explora.cl\/ohiggins\/libro-1\/\",\"url\":\"https:\/\/dev.explora.cl\/ohiggins\/libro-1\/\",\"name\":\"Demuestran origen incaico de pucar\u00e1 del cerro La Muralla en San Vicente TT - O&#039;Higgins\",\"isPartOf\":{\"@id\":\"https:\/\/dev.explora.cl\/ohiggins\/#website\"},\"primaryImageOfPage\":{\"@id\":\"https:\/\/dev.explora.cl\/ohiggins\/libro-1\/#primaryimage\"},\"image\":{\"@id\":\"https:\/\/dev.explora.cl\/ohiggins\/libro-1\/#primaryimage\"},\"thumbnailUrl\":\"https:\/\/dev.explora.cl\/ohiggins\/wp-content\/uploads\/sites\/8\/2018\/06\/36bf1e63867ce07ca29876c3c52bd802.jpg\",\"datePublished\":\"2014-12-18T04:00:00+00:00\",\"dateModified\":\"2019-05-20T18:03:26+00:00\",\"author\":{\"@id\":\"https:\/\/dev.explora.cl\/ohiggins\/#\/schema\/person\/cb8349c13ea2d324080adf8480d7ba5d\"},\"breadcrumb\":{\"@id\":\"https:\/\/dev.explora.cl\/ohiggins\/libro-1\/#breadcrumb\"},\"inLanguage\":\"es-CL\",\"potentialAction\":[{\"@type\":\"ReadAction\",\"target\":[\"https:\/\/dev.explora.cl\/ohiggins\/libro-1\/\"]}]},{\"@type\":\"ImageObject\",\"inLanguage\":\"es-CL\",\"@id\":\"https:\/\/dev.explora.cl\/ohiggins\/libro-1\/#primaryimage\",\"url\":\"https:\/\/dev.explora.cl\/ohiggins\/wp-content\/uploads\/sites\/8\/2018\/06\/36bf1e63867ce07ca29876c3c52bd802.jpg\",\"contentUrl\":\"https:\/\/dev.explora.cl\/ohiggins\/wp-content\/uploads\/sites\/8\/2018\/06\/36bf1e63867ce07ca29876c3c52bd802.jpg\",\"width\":1286,\"height\":965},{\"@type\":\"BreadcrumbList\",\"@id\":\"https:\/\/dev.explora.cl\/ohiggins\/libro-1\/#breadcrumb\",\"itemListElement\":[{\"@type\":\"ListItem\",\"position\":1,\"name\":\"Portada\",\"item\":\"https:\/\/dev.explora.cl\/ohiggins\/\"},{\"@type\":\"ListItem\",\"position\":2,\"name\":\"Demuestran origen incaico de pucar\u00e1 del cerro La Muralla en San Vicente TT\"}]},{\"@type\":\"WebSite\",\"@id\":\"https:\/\/dev.explora.cl\/ohiggins\/#website\",\"url\":\"https:\/\/dev.explora.cl\/ohiggins\/\",\"name\":\"O&#039;Higgins\",\"description\":\"Otro sitio m\u00e1s de dev.explora.cl\",\"potentialAction\":[{\"@type\":\"SearchAction\",\"target\":{\"@type\":\"EntryPoint\",\"urlTemplate\":\"https:\/\/dev.explora.cl\/ohiggins\/?s={search_term_string}\"},\"query-input\":{\"@type\":\"PropertyValueSpecification\",\"valueRequired\":true,\"valueName\":\"search_term_string\"}}],\"inLanguage\":\"es-CL\"},{\"@type\":\"Person\",\"@id\":\"https:\/\/dev.explora.cl\/ohiggins\/#\/schema\/person\/cb8349c13ea2d324080adf8480d7ba5d\",\"name\":\"webman\",\"image\":{\"@type\":\"ImageObject\",\"inLanguage\":\"es-CL\",\"@id\":\"https:\/\/dev.explora.cl\/ohiggins\/#\/schema\/person\/image\/\",\"url\":\"https:\/\/secure.gravatar.com\/avatar\/eeff3c82f2c02f7177d13663b7e6f890e9a6a0647ce9bb29cae02dcb094c7312?s=96&d=mm&r=g\",\"contentUrl\":\"https:\/\/secure.gravatar.com\/avatar\/eeff3c82f2c02f7177d13663b7e6f890e9a6a0647ce9bb29cae02dcb094c7312?s=96&d=mm&r=g\",\"caption\":\"webman\"},\"url\":\"https:\/\/dev.explora.cl\/ohiggins\/author\/webman\/\"}]}<\/script>\n<!-- \/ Yoast SEO plugin. -->","yoast_head_json":{"title":"Demuestran origen incaico de pucar\u00e1 del cerro La Muralla en San Vicente TT - O&#039;Higgins","robots":{"index":"index","follow":"follow","max-snippet":"max-snippet:-1","max-image-preview":"max-image-preview:large","max-video-preview":"max-video-preview:-1"},"canonical":"https:\/\/dev.explora.cl\/ohiggins\/libro-1\/","og_locale":"es_ES","og_type":"article","og_title":"Demuestran origen incaico de pucar\u00e1 del cerro La Muralla en San Vicente TT - O&#039;Higgins","og_description":"Jairo Sep\u00falveda, Alexander San Francisco, Bruno Jim\u00e9nez y Sebasti\u00e1n P\u00e9rez, son los autores del libro \u201cEl Pucar\u00e1 del Cerro La Muralla. Mapuches, Incas y Espa\u00f1oles en Cachapoal\u201d, cuya investigaci\u00f3n demuestra la presencia Inca en esta construcci\u00f3n y revela detalles de c\u00f3mo interactuaron estos tres pueblos hace casi 500 a\u00f1os, en este sector de la comuna [&hellip;]","og_url":"https:\/\/dev.explora.cl\/ohiggins\/libro-1\/","og_site_name":"O&#039;Higgins","article_published_time":"2014-12-18T04:00:00+00:00","article_modified_time":"2019-05-20T18:03:26+00:00","og_image":[{"width":1286,"height":965,"url":"https:\/\/dev.explora.cl\/ohiggins\/wp-content\/uploads\/sites\/8\/2018\/06\/36bf1e63867ce07ca29876c3c52bd802.jpg","type":"image\/jpeg"}],"author":"webman","twitter_card":"summary_large_image","twitter_misc":{"Escrito por":"webman","Tiempo estimado de lectura":"2 minutos"},"schema":{"@context":"https:\/\/schema.org","@graph":[{"@type":"Article","@id":"https:\/\/dev.explora.cl\/ohiggins\/libro-1\/#article","isPartOf":{"@id":"https:\/\/dev.explora.cl\/ohiggins\/libro-1\/"},"author":{"name":"webman","@id":"https:\/\/dev.explora.cl\/ohiggins\/#\/schema\/person\/cb8349c13ea2d324080adf8480d7ba5d"},"headline":"Demuestran origen incaico de pucar\u00e1 del cerro La Muralla en San Vicente TT","datePublished":"2014-12-18T04:00:00+00:00","dateModified":"2019-05-20T18:03:26+00:00","mainEntityOfPage":{"@id":"https:\/\/dev.explora.cl\/ohiggins\/libro-1\/"},"wordCount":425,"commentCount":0,"image":{"@id":"https:\/\/dev.explora.cl\/ohiggins\/libro-1\/#primaryimage"},"thumbnailUrl":"https:\/\/dev.explora.cl\/ohiggins\/wp-content\/uploads\/sites\/8\/2018\/06\/36bf1e63867ce07ca29876c3c52bd802.jpg","keywords":["arqueolog\u00eda","libros","patrimonio","pueblos originarios"],"articleSection":["Noticias"],"inLanguage":"es-CL","potentialAction":[{"@type":"CommentAction","name":"Comment","target":["https:\/\/dev.explora.cl\/ohiggins\/libro-1\/#respond"]}]},{"@type":"WebPage","@id":"https:\/\/dev.explora.cl\/ohiggins\/libro-1\/","url":"https:\/\/dev.explora.cl\/ohiggins\/libro-1\/","name":"Demuestran origen incaico de pucar\u00e1 del cerro La Muralla en San Vicente TT - O&#039;Higgins","isPartOf":{"@id":"https:\/\/dev.explora.cl\/ohiggins\/#website"},"primaryImageOfPage":{"@id":"https:\/\/dev.explora.cl\/ohiggins\/libro-1\/#primaryimage"},"image":{"@id":"https:\/\/dev.explora.cl\/ohiggins\/libro-1\/#primaryimage"},"thumbnailUrl":"https:\/\/dev.explora.cl\/ohiggins\/wp-content\/uploads\/sites\/8\/2018\/06\/36bf1e63867ce07ca29876c3c52bd802.jpg","datePublished":"2014-12-18T04:00:00+00:00","dateModified":"2019-05-20T18:03:26+00:00","author":{"@id":"https:\/\/dev.explora.cl\/ohiggins\/#\/schema\/person\/cb8349c13ea2d324080adf8480d7ba5d"},"breadcrumb":{"@id":"https:\/\/dev.explora.cl\/ohiggins\/libro-1\/#breadcrumb"},"inLanguage":"es-CL","potentialAction":[{"@type":"ReadAction","target":["https:\/\/dev.explora.cl\/ohiggins\/libro-1\/"]}]},{"@type":"ImageObject","inLanguage":"es-CL","@id":"https:\/\/dev.explora.cl\/ohiggins\/libro-1\/#primaryimage","url":"https:\/\/dev.explora.cl\/ohiggins\/wp-content\/uploads\/sites\/8\/2018\/06\/36bf1e63867ce07ca29876c3c52bd802.jpg","contentUrl":"https:\/\/dev.explora.cl\/ohiggins\/wp-content\/uploads\/sites\/8\/2018\/06\/36bf1e63867ce07ca29876c3c52bd802.jpg","width":1286,"height":965},{"@type":"BreadcrumbList","@id":"https:\/\/dev.explora.cl\/ohiggins\/libro-1\/#breadcrumb","itemListElement":[{"@type":"ListItem","position":1,"name":"Portada","item":"https:\/\/dev.explora.cl\/ohiggins\/"},{"@type":"ListItem","position":2,"name":"Demuestran origen incaico de pucar\u00e1 del cerro La Muralla en San Vicente TT"}]},{"@type":"WebSite","@id":"https:\/\/dev.explora.cl\/ohiggins\/#website","url":"https:\/\/dev.explora.cl\/ohiggins\/","name":"O&#039;Higgins","description":"Otro sitio m\u00e1s de dev.explora.cl","potentialAction":[{"@type":"SearchAction","target":{"@type":"EntryPoint","urlTemplate":"https:\/\/dev.explora.cl\/ohiggins\/?s={search_term_string}"},"query-input":{"@type":"PropertyValueSpecification","valueRequired":true,"valueName":"search_term_string"}}],"inLanguage":"es-CL"},{"@type":"Person","@id":"https:\/\/dev.explora.cl\/ohiggins\/#\/schema\/person\/cb8349c13ea2d324080adf8480d7ba5d","name":"webman","image":{"@type":"ImageObject","inLanguage":"es-CL","@id":"https:\/\/dev.explora.cl\/ohiggins\/#\/schema\/person\/image\/","url":"https:\/\/secure.gravatar.com\/avatar\/eeff3c82f2c02f7177d13663b7e6f890e9a6a0647ce9bb29cae02dcb094c7312?s=96&d=mm&r=g","contentUrl":"https:\/\/secure.gravatar.com\/avatar\/eeff3c82f2c02f7177d13663b7e6f890e9a6a0647ce9bb29cae02dcb094c7312?s=96&d=mm&r=g","caption":"webman"},"url":"https:\/\/dev.explora.cl\/ohiggins\/author\/webman\/"}]}},"_links":{"self":[{"href":"https:\/\/dev.explora.cl\/ohiggins\/wp-json\/wp\/v2\/posts\/37435","targetHints":{"allow":["GET"]}}],"collection":[{"href":"https:\/\/dev.explora.cl\/ohiggins\/wp-json\/wp\/v2\/posts"}],"about":[{"href":"https:\/\/dev.explora.cl\/ohiggins\/wp-json\/wp\/v2\/types\/post"}],"author":[{"embeddable":true,"href":"https:\/\/dev.explora.cl\/ohiggins\/wp-json\/wp\/v2\/users\/2"}],"replies":[{"embeddable":true,"href":"https:\/\/dev.explora.cl\/ohiggins\/wp-json\/wp\/v2\/comments?post=37435"}],"version-history":[{"count":1,"href":"https:\/\/dev.explora.cl\/ohiggins\/wp-json\/wp\/v2\/posts\/37435\/revisions"}],"predecessor-version":[{"id":37851,"href":"https:\/\/dev.explora.cl\/ohiggins\/wp-json\/wp\/v2\/posts\/37435\/revisions\/37851"}],"wp:featuredmedia":[{"embeddable":true,"href":"https:\/\/dev.explora.cl\/ohiggins\/wp-json\/wp\/v2\/media\/31943"}],"wp:attachment":[{"href":"https:\/\/dev.explora.cl\/ohiggins\/wp-json\/wp\/v2\/media?parent=37435"}],"wp:term":[{"taxonomy":"category","embeddable":true,"href":"https:\/\/dev.explora.cl\/ohiggins\/wp-json\/wp\/v2\/categories?post=37435"},{"taxonomy":"post_tag","embeddable":true,"href":"https:\/\/dev.explora.cl\/ohiggins\/wp-json\/wp\/v2\/tags?post=37435"}],"curies":[{"name":"wp","href":"https:\/\/api.w.org\/{rel}","templated":true}]}}