{"id":37405,"date":"2019-03-25T18:10:07","date_gmt":"2019-03-25T21:10:07","guid":{"rendered":"https:\/\/dev.explora.cl\/ohiggins\/?p=37405"},"modified":"2019-07-12T11:46:29","modified_gmt":"2019-07-12T15:46:29","slug":"dia_astro_ohiggins","status":"publish","type":"post","link":"https:\/\/dev.explora.cl\/ohiggins\/dia_astro_ohiggins\/","title":{"rendered":"Con actividades en diferentes puntos de la regi\u00f3n se celebr\u00f3 el D\u00eda de la Astronom\u00eda"},"content":{"rendered":"<p>Recientemente PAR Explora de CONICYT O\u2019Higgins celebr\u00f3 el D\u00eda de la Astronom\u00eda, del cual participaron cerca de 1000 personas, que pudieron disfrutar de charlas y observaciones astron\u00f3micas en Rancagua, Pichidegua, San Fernando y Pichilemu gracias a la colaboraci\u00f3n de diversas entidades.<br \/>\nEs as\u00ed como el Grupo Astronom\u00eda San Fernando, la Universidad de Concepci\u00f3n, el Centro de Astrof\u00edsica y Tecnolog\u00edas Afines (CATA), <img loading=\"lazy\" decoding=\"async\" class=\" wp-image-37410 alignleft\" src=\"https:\/\/dev.explora.cl\/ohiggins\/wp-content\/uploads\/sites\/8\/2019\/03\/diaastronomia1-4-300x200.jpg\" alt=\"\" width=\"344\" height=\"229\" srcset=\"https:\/\/dev.explora.cl\/ohiggins\/wp-content\/uploads\/sites\/8\/2019\/03\/diaastronomia1-4-300x200.jpg 300w, https:\/\/dev.explora.cl\/ohiggins\/wp-content\/uploads\/sites\/8\/2019\/03\/diaastronomia1-4-768x512.jpg 768w, https:\/\/dev.explora.cl\/ohiggins\/wp-content\/uploads\/sites\/8\/2019\/03\/diaastronomia1-4.jpg 1000w\" sizes=\"auto, (max-width: 344px) 100vw, 344px\" \/>CECREA y DAEM Pichidegua, Liceo Neandro Schilling y Charly\u2019s School, se sumaron a los festejos de la jornada que se desarrolla a lo largo de todo el pa\u00eds, y que este a\u00f1o tuvo una connotaci\u00f3n especial, por ser el A\u00f1o del Sol de Explora.<br \/>\nEn la ocasi\u00f3n el astr\u00f3nomo embajador Fernando Cort\u00e9s, de la Universidad de Concepci\u00f3n, y la astr\u00f3noma Daniela Barrientos del Centro de Astrof\u00edsica y Tecnolog\u00edas Afines (CATA), revelaron detalles sorprendentes del universo, como: los 50 a\u00f1os de la llegada del hombre a la Luna, la correspondencia entre los planetas y los d\u00edas de la semana, los telescopios m\u00e1s modernos, las galaxias \u201cmuy, muy lejanas\u201d, la forma de un agujero negro, por mencionar algunas.<br \/>\n<strong>ACTIVIDADES EN LA REGI\u00d3N<\/strong><br \/>\n<img loading=\"lazy\" decoding=\"async\" class=\"wp-image-37407 alignright\" src=\"https:\/\/dev.explora.cl\/ohiggins\/wp-content\/uploads\/sites\/8\/2019\/03\/diaastronomia3-300x200.jpg\" alt=\"\" width=\"420\" height=\"280\" srcset=\"https:\/\/dev.explora.cl\/ohiggins\/wp-content\/uploads\/sites\/8\/2019\/03\/diaastronomia3-300x200.jpg 300w, https:\/\/dev.explora.cl\/ohiggins\/wp-content\/uploads\/sites\/8\/2019\/03\/diaastronomia3-768x512.jpg 768w, https:\/\/dev.explora.cl\/ohiggins\/wp-content\/uploads\/sites\/8\/2019\/03\/diaastronomia3.jpg 1000w\" sizes=\"auto, (max-width: 420px) 100vw, 420px\" \/>Las celebraciones comenzaron el martes 19 en el Jard\u00edn Infantil San Jos\u00e9 Obrero, en donde el Grupo Astronom\u00eda San Fernando realiz\u00f3 un taller para que ni\u00f1os y ni\u00f1as crearan su propia nebulosa en un frasco, y lanzaran cohetes de papel con aire comprimido al espacio.<br \/>\nSiguiendo con educaci\u00f3n parvularia, el viernes 22, fue el turno del Jard\u00edn Infantil Mi Gran Tesoro, quienes tuvieron la charla sobre el Sistema Solar del astr\u00f3nomo Fernando Cort\u00e9s, aprendiendo en forma vivencial, c\u00f3mo se ordenan los planetas y cu\u00e1les son sus principales caracter\u00edsticas, como que Mercurio es el m\u00e1s veloz, o que debido al gas metano, Neptuno es el m\u00e1s \u201chediondo\u201d.<br \/>\nLa charla inaugural se realiz\u00f3 en el sal\u00f3n del DAEM de Pichidegua, gracias a la colaboraci\u00f3n de este departamento y CECREA Pichdegua, en que estudiantes de b\u00e1sica y media de la comuna tuvieron una charla magistral de Cort\u00e9s aprendiendo sobre nociones de Astronom\u00eda b\u00e1sica.<br \/>\nEn San Fernando, se realiz\u00f3 la charla \u201cAstronom\u00eda en tu bolsillo y algo m\u00e1s\u201d en el Liceo Neandro Schilling, que convoc\u00f3 a 700 estudiantes de la comuna, pertenecientes al Colegio El Real, Escuela Gregorio Argomedo, y del mismo establecimiento, marcando un hito durante la jornada.<br \/>\n<img loading=\"lazy\" decoding=\"async\" class=\"wp-image-37412 alignleft\" src=\"https:\/\/dev.explora.cl\/ohiggins\/wp-content\/uploads\/sites\/8\/2019\/03\/diaastronomia4-6-300x200.jpg\" alt=\"\" width=\"351\" height=\"234\" srcset=\"https:\/\/dev.explora.cl\/ohiggins\/wp-content\/uploads\/sites\/8\/2019\/03\/diaastronomia4-6-300x200.jpg 300w, https:\/\/dev.explora.cl\/ohiggins\/wp-content\/uploads\/sites\/8\/2019\/03\/diaastronomia4-6-768x512.jpg 768w, https:\/\/dev.explora.cl\/ohiggins\/wp-content\/uploads\/sites\/8\/2019\/03\/diaastronomia4-6.jpg 1000w\" sizes=\"auto, (max-width: 351px) 100vw, 351px\" \/>Tambi\u00e9n en la capital de Colchagua, y como siempre, con el apoyo de Grupo Astronom\u00eda San Fernando, durante la tarde se efectu\u00f3 la charla \u201cLo que la NASA no quiere que sepamos\u201d, para continuar con observaciones astron\u00f3micas, en la que particip\u00f3 p\u00fablico general de diversos puntos de la regi\u00f3n.<br \/>\nEn Rancagua, la astr\u00f3noma Daniela Barrientos de CATA, comparti\u00f3 con estudiantes de los Colegios La Rep\u00fablica y del Liceo \u00d3scar Castro de la capital regional, con la charla \u201cUna Galaxia Muy Muy Lejana\u201d.<br \/>\nEn forma paralela el Colegio Charly\u2019s School de Pichilemu realiz\u00f3 charlas y observaciones astron\u00f3micas en dependencias del establecimiento a partir de las 19.00 horas, tambi\u00e9n abiertas a toda la comunidad.<br \/>\nEn suma, una experiencia que a\u00f1o a a\u00f1o suma m\u00e1s entidades para celebrar y destacar los cielos de Chile y la regi\u00f3n.<\/p>\n","protected":false},"excerpt":{"rendered":"<p>Recientemente PAR Explora de CONICYT O\u2019Higgins celebr\u00f3 el D\u00eda de la Astronom\u00eda, del cual participaron cerca de 1000 personas, que pudieron disfrutar de charlas y observaciones astron\u00f3micas en Rancagua, Pichidegua, San Fernando y Pichilemu gracias a la colaboraci\u00f3n de diversas entidades. Es as\u00ed como el Grupo Astronom\u00eda San Fernando, la Universidad de Concepci\u00f3n, el Centro [&hellip;]<\/p>\n","protected":false},"author":2,"featured_media":37406,"comment_status":"closed","ping_status":"open","sticky":false,"template":"","format":"standard","meta":{"_acf_changed":false,"_exactmetrics_skip_tracking":false,"_exactmetrics_sitenote_active":false,"_exactmetrics_sitenote_note":"","_exactmetrics_sitenote_category":0,"footnotes":"","_links_to":"","_links_to_target":""},"categories":[4],"tags":[],"class_list":["post-37405","post","type-post","status-publish","format-standard","has-post-thumbnail","hentry","category-noticias"],"acf":[],"yoast_head":"<!-- This site is optimized with the Yoast SEO plugin v26.7 - https:\/\/yoast.com\/wordpress\/plugins\/seo\/ -->\n<title>Con actividades en diferentes puntos de la regi\u00f3n se celebr\u00f3 el D\u00eda de la Astronom\u00eda - O&#039;Higgins<\/title>\n<meta name=\"robots\" content=\"index, follow, max-snippet:-1, max-image-preview:large, max-video-preview:-1\" \/>\n<link rel=\"canonical\" href=\"https:\/\/dev.explora.cl\/ohiggins\/dia_astro_ohiggins\/\" class=\"yoast-seo-meta-tag\" \/>\n<meta property=\"og:locale\" content=\"es_ES\" class=\"yoast-seo-meta-tag\" \/>\n<meta property=\"og:type\" content=\"article\" class=\"yoast-seo-meta-tag\" \/>\n<meta property=\"og:title\" content=\"Con actividades en diferentes puntos de la regi\u00f3n se celebr\u00f3 el D\u00eda de la Astronom\u00eda - O&#039;Higgins\" class=\"yoast-seo-meta-tag\" \/>\n<meta property=\"og:description\" content=\"Recientemente PAR Explora de CONICYT O\u2019Higgins celebr\u00f3 el D\u00eda de la Astronom\u00eda, del cual participaron cerca de 1000 personas, que pudieron disfrutar de charlas y observaciones astron\u00f3micas en Rancagua, Pichidegua, San Fernando y Pichilemu gracias a la colaboraci\u00f3n de diversas entidades. Es as\u00ed como el Grupo Astronom\u00eda San Fernando, la Universidad de Concepci\u00f3n, el Centro [&hellip;]\" class=\"yoast-seo-meta-tag\" \/>\n<meta property=\"og:url\" content=\"https:\/\/dev.explora.cl\/ohiggins\/dia_astro_ohiggins\/\" class=\"yoast-seo-meta-tag\" \/>\n<meta property=\"og:site_name\" content=\"O&#039;Higgins\" class=\"yoast-seo-meta-tag\" \/>\n<meta property=\"article:published_time\" content=\"2019-03-25T21:10:07+00:00\" class=\"yoast-seo-meta-tag\" \/>\n<meta property=\"article:modified_time\" content=\"2019-07-12T15:46:29+00:00\" class=\"yoast-seo-meta-tag\" \/>\n<meta property=\"og:image\" content=\"https:\/\/dev.explora.cl\/ohiggins\/wp-content\/uploads\/sites\/8\/2019\/03\/diaastronomia1-14.jpg\" class=\"yoast-seo-meta-tag\" \/>\n\t<meta property=\"og:image:width\" content=\"1926\" class=\"yoast-seo-meta-tag\" \/>\n\t<meta property=\"og:image:height\" content=\"672\" class=\"yoast-seo-meta-tag\" \/>\n\t<meta property=\"og:image:type\" content=\"image\/jpeg\" class=\"yoast-seo-meta-tag\" \/>\n<meta name=\"author\" content=\"webman\" class=\"yoast-seo-meta-tag\" \/>\n<meta name=\"twitter:card\" content=\"summary_large_image\" class=\"yoast-seo-meta-tag\" \/>\n<meta name=\"twitter:label1\" content=\"Escrito por\" class=\"yoast-seo-meta-tag\" \/>\n\t<meta name=\"twitter:data1\" content=\"webman\" class=\"yoast-seo-meta-tag\" \/>\n\t<meta name=\"twitter:label2\" content=\"Tiempo estimado de lectura\" class=\"yoast-seo-meta-tag\" \/>\n\t<meta name=\"twitter:data2\" content=\"3 minutos\" class=\"yoast-seo-meta-tag\" \/>\n<script type=\"application\/ld+json\" class=\"yoast-schema-graph\">{\"@context\":\"https:\/\/schema.org\",\"@graph\":[{\"@type\":\"Article\",\"@id\":\"https:\/\/dev.explora.cl\/ohiggins\/dia_astro_ohiggins\/#article\",\"isPartOf\":{\"@id\":\"https:\/\/dev.explora.cl\/ohiggins\/dia_astro_ohiggins\/\"},\"author\":{\"name\":\"webman\",\"@id\":\"https:\/\/dev.explora.cl\/ohiggins\/#\/schema\/person\/cb8349c13ea2d324080adf8480d7ba5d\"},\"headline\":\"Con actividades en diferentes puntos de la regi\u00f3n se celebr\u00f3 el D\u00eda de la Astronom\u00eda\",\"datePublished\":\"2019-03-25T21:10:07+00:00\",\"dateModified\":\"2019-07-12T15:46:29+00:00\",\"mainEntityOfPage\":{\"@id\":\"https:\/\/dev.explora.cl\/ohiggins\/dia_astro_ohiggins\/\"},\"wordCount\":582,\"image\":{\"@id\":\"https:\/\/dev.explora.cl\/ohiggins\/dia_astro_ohiggins\/#primaryimage\"},\"thumbnailUrl\":\"https:\/\/dev.explora.cl\/ohiggins\/wp-content\/uploads\/sites\/8\/2019\/03\/diaastronomia1-14.jpg\",\"articleSection\":[\"Noticias\"],\"inLanguage\":\"es-CL\"},{\"@type\":\"WebPage\",\"@id\":\"https:\/\/dev.explora.cl\/ohiggins\/dia_astro_ohiggins\/\",\"url\":\"https:\/\/dev.explora.cl\/ohiggins\/dia_astro_ohiggins\/\",\"name\":\"Con actividades en diferentes puntos de la regi\u00f3n se celebr\u00f3 el D\u00eda de la Astronom\u00eda - O&#039;Higgins\",\"isPartOf\":{\"@id\":\"https:\/\/dev.explora.cl\/ohiggins\/#website\"},\"primaryImageOfPage\":{\"@id\":\"https:\/\/dev.explora.cl\/ohiggins\/dia_astro_ohiggins\/#primaryimage\"},\"image\":{\"@id\":\"https:\/\/dev.explora.cl\/ohiggins\/dia_astro_ohiggins\/#primaryimage\"},\"thumbnailUrl\":\"https:\/\/dev.explora.cl\/ohiggins\/wp-content\/uploads\/sites\/8\/2019\/03\/diaastronomia1-14.jpg\",\"datePublished\":\"2019-03-25T21:10:07+00:00\",\"dateModified\":\"2019-07-12T15:46:29+00:00\",\"author\":{\"@id\":\"https:\/\/dev.explora.cl\/ohiggins\/#\/schema\/person\/cb8349c13ea2d324080adf8480d7ba5d\"},\"breadcrumb\":{\"@id\":\"https:\/\/dev.explora.cl\/ohiggins\/dia_astro_ohiggins\/#breadcrumb\"},\"inLanguage\":\"es-CL\",\"potentialAction\":[{\"@type\":\"ReadAction\",\"target\":[\"https:\/\/dev.explora.cl\/ohiggins\/dia_astro_ohiggins\/\"]}]},{\"@type\":\"ImageObject\",\"inLanguage\":\"es-CL\",\"@id\":\"https:\/\/dev.explora.cl\/ohiggins\/dia_astro_ohiggins\/#primaryimage\",\"url\":\"https:\/\/dev.explora.cl\/ohiggins\/wp-content\/uploads\/sites\/8\/2019\/03\/diaastronomia1-14.jpg\",\"contentUrl\":\"https:\/\/dev.explora.cl\/ohiggins\/wp-content\/uploads\/sites\/8\/2019\/03\/diaastronomia1-14.jpg\",\"width\":1926,\"height\":672},{\"@type\":\"BreadcrumbList\",\"@id\":\"https:\/\/dev.explora.cl\/ohiggins\/dia_astro_ohiggins\/#breadcrumb\",\"itemListElement\":[{\"@type\":\"ListItem\",\"position\":1,\"name\":\"Portada\",\"item\":\"https:\/\/dev.explora.cl\/ohiggins\/\"},{\"@type\":\"ListItem\",\"position\":2,\"name\":\"Con actividades en diferentes puntos de la regi\u00f3n se celebr\u00f3 el D\u00eda de la Astronom\u00eda\"}]},{\"@type\":\"WebSite\",\"@id\":\"https:\/\/dev.explora.cl\/ohiggins\/#website\",\"url\":\"https:\/\/dev.explora.cl\/ohiggins\/\",\"name\":\"O&#039;Higgins\",\"description\":\"Otro sitio m\u00e1s de dev.explora.cl\",\"potentialAction\":[{\"@type\":\"SearchAction\",\"target\":{\"@type\":\"EntryPoint\",\"urlTemplate\":\"https:\/\/dev.explora.cl\/ohiggins\/?s={search_term_string}\"},\"query-input\":{\"@type\":\"PropertyValueSpecification\",\"valueRequired\":true,\"valueName\":\"search_term_string\"}}],\"inLanguage\":\"es-CL\"},{\"@type\":\"Person\",\"@id\":\"https:\/\/dev.explora.cl\/ohiggins\/#\/schema\/person\/cb8349c13ea2d324080adf8480d7ba5d\",\"name\":\"webman\",\"image\":{\"@type\":\"ImageObject\",\"inLanguage\":\"es-CL\",\"@id\":\"https:\/\/dev.explora.cl\/ohiggins\/#\/schema\/person\/image\/\",\"url\":\"https:\/\/secure.gravatar.com\/avatar\/eeff3c82f2c02f7177d13663b7e6f890e9a6a0647ce9bb29cae02dcb094c7312?s=96&d=mm&r=g\",\"contentUrl\":\"https:\/\/secure.gravatar.com\/avatar\/eeff3c82f2c02f7177d13663b7e6f890e9a6a0647ce9bb29cae02dcb094c7312?s=96&d=mm&r=g\",\"caption\":\"webman\"},\"url\":\"https:\/\/dev.explora.cl\/ohiggins\/author\/webman\/\"}]}<\/script>\n<!-- \/ Yoast SEO plugin. -->","yoast_head_json":{"title":"Con actividades en diferentes puntos de la regi\u00f3n se celebr\u00f3 el D\u00eda de la Astronom\u00eda - O&#039;Higgins","robots":{"index":"index","follow":"follow","max-snippet":"max-snippet:-1","max-image-preview":"max-image-preview:large","max-video-preview":"max-video-preview:-1"},"canonical":"https:\/\/dev.explora.cl\/ohiggins\/dia_astro_ohiggins\/","og_locale":"es_ES","og_type":"article","og_title":"Con actividades en diferentes puntos de la regi\u00f3n se celebr\u00f3 el D\u00eda de la Astronom\u00eda - O&#039;Higgins","og_description":"Recientemente PAR Explora de CONICYT O\u2019Higgins celebr\u00f3 el D\u00eda de la Astronom\u00eda, del cual participaron cerca de 1000 personas, que pudieron disfrutar de charlas y observaciones astron\u00f3micas en Rancagua, Pichidegua, San Fernando y Pichilemu gracias a la colaboraci\u00f3n de diversas entidades. Es as\u00ed como el Grupo Astronom\u00eda San Fernando, la Universidad de Concepci\u00f3n, el Centro [&hellip;]","og_url":"https:\/\/dev.explora.cl\/ohiggins\/dia_astro_ohiggins\/","og_site_name":"O&#039;Higgins","article_published_time":"2019-03-25T21:10:07+00:00","article_modified_time":"2019-07-12T15:46:29+00:00","og_image":[{"width":1926,"height":672,"url":"https:\/\/dev.explora.cl\/ohiggins\/wp-content\/uploads\/sites\/8\/2019\/03\/diaastronomia1-14.jpg","type":"image\/jpeg"}],"author":"webman","twitter_card":"summary_large_image","twitter_misc":{"Escrito por":"webman","Tiempo estimado de lectura":"3 minutos"},"schema":{"@context":"https:\/\/schema.org","@graph":[{"@type":"Article","@id":"https:\/\/dev.explora.cl\/ohiggins\/dia_astro_ohiggins\/#article","isPartOf":{"@id":"https:\/\/dev.explora.cl\/ohiggins\/dia_astro_ohiggins\/"},"author":{"name":"webman","@id":"https:\/\/dev.explora.cl\/ohiggins\/#\/schema\/person\/cb8349c13ea2d324080adf8480d7ba5d"},"headline":"Con actividades en diferentes puntos de la regi\u00f3n se celebr\u00f3 el D\u00eda de la Astronom\u00eda","datePublished":"2019-03-25T21:10:07+00:00","dateModified":"2019-07-12T15:46:29+00:00","mainEntityOfPage":{"@id":"https:\/\/dev.explora.cl\/ohiggins\/dia_astro_ohiggins\/"},"wordCount":582,"image":{"@id":"https:\/\/dev.explora.cl\/ohiggins\/dia_astro_ohiggins\/#primaryimage"},"thumbnailUrl":"https:\/\/dev.explora.cl\/ohiggins\/wp-content\/uploads\/sites\/8\/2019\/03\/diaastronomia1-14.jpg","articleSection":["Noticias"],"inLanguage":"es-CL"},{"@type":"WebPage","@id":"https:\/\/dev.explora.cl\/ohiggins\/dia_astro_ohiggins\/","url":"https:\/\/dev.explora.cl\/ohiggins\/dia_astro_ohiggins\/","name":"Con actividades en diferentes puntos de la regi\u00f3n se celebr\u00f3 el D\u00eda de la Astronom\u00eda - O&#039;Higgins","isPartOf":{"@id":"https:\/\/dev.explora.cl\/ohiggins\/#website"},"primaryImageOfPage":{"@id":"https:\/\/dev.explora.cl\/ohiggins\/dia_astro_ohiggins\/#primaryimage"},"image":{"@id":"https:\/\/dev.explora.cl\/ohiggins\/dia_astro_ohiggins\/#primaryimage"},"thumbnailUrl":"https:\/\/dev.explora.cl\/ohiggins\/wp-content\/uploads\/sites\/8\/2019\/03\/diaastronomia1-14.jpg","datePublished":"2019-03-25T21:10:07+00:00","dateModified":"2019-07-12T15:46:29+00:00","author":{"@id":"https:\/\/dev.explora.cl\/ohiggins\/#\/schema\/person\/cb8349c13ea2d324080adf8480d7ba5d"},"breadcrumb":{"@id":"https:\/\/dev.explora.cl\/ohiggins\/dia_astro_ohiggins\/#breadcrumb"},"inLanguage":"es-CL","potentialAction":[{"@type":"ReadAction","target":["https:\/\/dev.explora.cl\/ohiggins\/dia_astro_ohiggins\/"]}]},{"@type":"ImageObject","inLanguage":"es-CL","@id":"https:\/\/dev.explora.cl\/ohiggins\/dia_astro_ohiggins\/#primaryimage","url":"https:\/\/dev.explora.cl\/ohiggins\/wp-content\/uploads\/sites\/8\/2019\/03\/diaastronomia1-14.jpg","contentUrl":"https:\/\/dev.explora.cl\/ohiggins\/wp-content\/uploads\/sites\/8\/2019\/03\/diaastronomia1-14.jpg","width":1926,"height":672},{"@type":"BreadcrumbList","@id":"https:\/\/dev.explora.cl\/ohiggins\/dia_astro_ohiggins\/#breadcrumb","itemListElement":[{"@type":"ListItem","position":1,"name":"Portada","item":"https:\/\/dev.explora.cl\/ohiggins\/"},{"@type":"ListItem","position":2,"name":"Con actividades en diferentes puntos de la regi\u00f3n se celebr\u00f3 el D\u00eda de la Astronom\u00eda"}]},{"@type":"WebSite","@id":"https:\/\/dev.explora.cl\/ohiggins\/#website","url":"https:\/\/dev.explora.cl\/ohiggins\/","name":"O&#039;Higgins","description":"Otro sitio m\u00e1s de dev.explora.cl","potentialAction":[{"@type":"SearchAction","target":{"@type":"EntryPoint","urlTemplate":"https:\/\/dev.explora.cl\/ohiggins\/?s={search_term_string}"},"query-input":{"@type":"PropertyValueSpecification","valueRequired":true,"valueName":"search_term_string"}}],"inLanguage":"es-CL"},{"@type":"Person","@id":"https:\/\/dev.explora.cl\/ohiggins\/#\/schema\/person\/cb8349c13ea2d324080adf8480d7ba5d","name":"webman","image":{"@type":"ImageObject","inLanguage":"es-CL","@id":"https:\/\/dev.explora.cl\/ohiggins\/#\/schema\/person\/image\/","url":"https:\/\/secure.gravatar.com\/avatar\/eeff3c82f2c02f7177d13663b7e6f890e9a6a0647ce9bb29cae02dcb094c7312?s=96&d=mm&r=g","contentUrl":"https:\/\/secure.gravatar.com\/avatar\/eeff3c82f2c02f7177d13663b7e6f890e9a6a0647ce9bb29cae02dcb094c7312?s=96&d=mm&r=g","caption":"webman"},"url":"https:\/\/dev.explora.cl\/ohiggins\/author\/webman\/"}]}},"_links":{"self":[{"href":"https:\/\/dev.explora.cl\/ohiggins\/wp-json\/wp\/v2\/posts\/37405","targetHints":{"allow":["GET"]}}],"collection":[{"href":"https:\/\/dev.explora.cl\/ohiggins\/wp-json\/wp\/v2\/posts"}],"about":[{"href":"https:\/\/dev.explora.cl\/ohiggins\/wp-json\/wp\/v2\/types\/post"}],"author":[{"embeddable":true,"href":"https:\/\/dev.explora.cl\/ohiggins\/wp-json\/wp\/v2\/users\/2"}],"replies":[{"embeddable":true,"href":"https:\/\/dev.explora.cl\/ohiggins\/wp-json\/wp\/v2\/comments?post=37405"}],"version-history":[{"count":1,"href":"https:\/\/dev.explora.cl\/ohiggins\/wp-json\/wp\/v2\/posts\/37405\/revisions"}],"predecessor-version":[{"id":37547,"href":"https:\/\/dev.explora.cl\/ohiggins\/wp-json\/wp\/v2\/posts\/37405\/revisions\/37547"}],"wp:featuredmedia":[{"embeddable":true,"href":"https:\/\/dev.explora.cl\/ohiggins\/wp-json\/wp\/v2\/media\/37406"}],"wp:attachment":[{"href":"https:\/\/dev.explora.cl\/ohiggins\/wp-json\/wp\/v2\/media?parent=37405"}],"wp:term":[{"taxonomy":"category","embeddable":true,"href":"https:\/\/dev.explora.cl\/ohiggins\/wp-json\/wp\/v2\/categories?post=37405"},{"taxonomy":"post_tag","embeddable":true,"href":"https:\/\/dev.explora.cl\/ohiggins\/wp-json\/wp\/v2\/tags?post=37405"}],"curies":[{"name":"wp","href":"https:\/\/api.w.org\/{rel}","templated":true}]}}