{"id":37360,"date":"2019-01-18T17:08:43","date_gmt":"2019-01-18T21:08:43","guid":{"rendered":"https:\/\/dev.explora.cl\/ohiggins\/?p=37360"},"modified":"2019-05-20T18:06:46","modified_gmt":"2019-05-20T18:06:46","slug":"congreso-del-futuro-tras-su-paso-por-rancagua","status":"publish","type":"post","link":"https:\/\/dev.explora.cl\/ohiggins\/congreso-del-futuro-tras-su-paso-por-rancagua\/","title":{"rendered":"Congreso del Futuro tras su paso por Rancagua"},"content":{"rendered":"\n<figure class=\"wp-block-image\"><img loading=\"lazy\" decoding=\"async\" width=\"1024\" height=\"576\" src=\"https:\/\/dev.explora.cl\/ohiggins\/wp-content\/uploads\/sites\/8\/2019\/01\/IMG-20190117-WA0012-1024x576.jpg\" alt=\"\" class=\"wp-image-37365\" srcset=\"https:\/\/dev.explora.cl\/ohiggins\/wp-content\/uploads\/sites\/8\/2019\/01\/IMG-20190117-WA0012-1024x576.jpg 1024w, https:\/\/dev.explora.cl\/ohiggins\/wp-content\/uploads\/sites\/8\/2019\/01\/IMG-20190117-WA0012-300x169.jpg 300w, https:\/\/dev.explora.cl\/ohiggins\/wp-content\/uploads\/sites\/8\/2019\/01\/IMG-20190117-WA0012-768x432.jpg 768w, https:\/\/dev.explora.cl\/ohiggins\/wp-content\/uploads\/sites\/8\/2019\/01\/IMG-20190117-WA0012.jpg 1280w\" sizes=\"auto, (max-width: 1024px) 100vw, 1024px\" \/><\/figure>\n\n\n<p>La ciencia mundial se hizo presente en Rancagua, gracias a la participaci\u00f3n de tres investigadores de Jap\u00f3n, Brasil y Estados Unidos, en el evento de difusi\u00f3n masiva m\u00e1s grande de Latinoam\u00e9rica; Congreso Futuro, que se desarroll\u00f3 en la regi\u00f3n desde el 14 al 17 de enero.<\/p>\n<p>La actividad principal se desarroll\u00f3 este jueves en el Teatro Regional, en donde el p\u00fablico asistente pudo disfrutar de tres charlas cient\u00edficas, relativas a salud, rob\u00f3tica y computaci\u00f3n. Comenz\u00f3 la jornada con el director del centro de Investigaci\u00f3n de Innovaci\u00f3n de Robots en AIST, Jap\u00f3n, Hirohisa Hirukawa, que comparti\u00f3 con el p\u00fablico los diferentes avances en rob\u00f3tica y c\u00f3mo pueden colaborar con el adulto mayor, ayud\u00e1ndolos a ser autovalentes.<\/p>\n<p>A continuaci\u00f3n, la Dra. brasile\u00f1a, Rosane Oliviera, directora del Programa de Medicina Integrativa de UC Davis (EEUU), expuso sobre sobre la importancia de la nutrici\u00f3n. La acad\u00e9mica destaca las prote\u00ednas de origen animal (cereales) por sobre las de origen animal por razones medioambientales y de salud.<\/p>\n<p>La jornada fue cerrada por la Doctora en Bioestad\u00edstica Amy Herring, codirectora de Forge (Universidad de Duke EEUU), con una conferencia sobre c\u00f3mo se \u201centrena\u201d una m\u00e1quina (computador) para evaluar problemas de salud, y la ayuda que puede brindar en la medicina; para culminar con un panel de conversaci\u00f3n entre el p\u00fablico presente y los tres cient\u00edficos.<\/p>\n<p>En la regi\u00f3n el Congreso de Futuro estuvo en Pichilemu, Rengo, Peralillo y Rancagua, que fueron las ciudades epicentro, donde hubo intervenciones medioambientales, culturales y charlas cient\u00edficas totalmente gratis para el p\u00fablico general. \u00a0<\/p>\n<p>De esta manera, la regi\u00f3n de O\u2019Higgins se sum\u00f3 a las actividades nacionales, que cont\u00f3 con m\u00e1s de 110 expositores, nacionales e internacionales, un d\u00eda dedicado s\u00f3lo a Premios Nobel, otro pensado en los ni\u00f1os, un concurso fotogr\u00e1fico para Instagram y 10 regiones que se alinearon en torno a la ciencia, tecnolog\u00eda, conocimiento e innovaci\u00f3n.<\/p>\n<p>La actividad surgi\u00f3 hace ocho a\u00f1os desde el Congreso Nacional, con el objetivo de conectar a la sociedad con los desaf\u00edos que el siglo XXI planteaba. Desde sus inicios, el Congreso Futuro ha congregado a destacados pensadores, cient\u00edficos e investigadores, tanto extranjeros como nacionales.\u00a0 Para m\u00e1s informaci\u00f3n y\/o charlas v\u00eda streaming, se puede visitar <a href=\"http:\/\/www.congresofuturo.cl\">www.congresofuturo.cl<\/a>.<\/p>\n","protected":false},"excerpt":{"rendered":"","protected":false},"author":2,"featured_media":37365,"comment_status":"closed","ping_status":"open","sticky":false,"template":"","format":"standard","meta":{"_acf_changed":false,"_exactmetrics_skip_tracking":false,"_exactmetrics_sitenote_active":false,"_exactmetrics_sitenote_note":"","_exactmetrics_sitenote_category":0,"footnotes":"","_links_to":"","_links_to_target":""},"categories":[4],"tags":[],"class_list":["post-37360","post","type-post","status-publish","format-standard","has-post-thumbnail","hentry","category-noticias"],"acf":[],"yoast_head":"<!-- This site is optimized with the Yoast SEO plugin v26.7 - https:\/\/yoast.com\/wordpress\/plugins\/seo\/ -->\n<title>Congreso del Futuro tras su paso por Rancagua - O&#039;Higgins<\/title>\n<meta name=\"robots\" content=\"index, follow, max-snippet:-1, max-image-preview:large, max-video-preview:-1\" \/>\n<link rel=\"canonical\" href=\"https:\/\/dev.explora.cl\/ohiggins\/congreso-del-futuro-tras-su-paso-por-rancagua\/\" class=\"yoast-seo-meta-tag\" \/>\n<meta property=\"og:locale\" content=\"es_ES\" class=\"yoast-seo-meta-tag\" \/>\n<meta property=\"og:type\" content=\"article\" class=\"yoast-seo-meta-tag\" \/>\n<meta property=\"og:title\" content=\"Congreso del Futuro tras su paso por Rancagua - O&#039;Higgins\" class=\"yoast-seo-meta-tag\" \/>\n<meta property=\"og:url\" content=\"https:\/\/dev.explora.cl\/ohiggins\/congreso-del-futuro-tras-su-paso-por-rancagua\/\" class=\"yoast-seo-meta-tag\" \/>\n<meta property=\"og:site_name\" content=\"O&#039;Higgins\" class=\"yoast-seo-meta-tag\" \/>\n<meta property=\"article:published_time\" content=\"2019-01-18T21:08:43+00:00\" class=\"yoast-seo-meta-tag\" \/>\n<meta property=\"article:modified_time\" content=\"2019-05-20T18:06:46+00:00\" class=\"yoast-seo-meta-tag\" \/>\n<meta property=\"og:image\" content=\"https:\/\/dev.explora.cl\/ohiggins\/wp-content\/uploads\/sites\/8\/2019\/01\/IMG-20190117-WA0012.jpg\" class=\"yoast-seo-meta-tag\" \/>\n\t<meta property=\"og:image:width\" content=\"1280\" class=\"yoast-seo-meta-tag\" \/>\n\t<meta property=\"og:image:height\" content=\"720\" class=\"yoast-seo-meta-tag\" \/>\n\t<meta property=\"og:image:type\" content=\"image\/jpeg\" class=\"yoast-seo-meta-tag\" \/>\n<meta name=\"author\" content=\"webman\" class=\"yoast-seo-meta-tag\" \/>\n<meta name=\"twitter:card\" content=\"summary_large_image\" class=\"yoast-seo-meta-tag\" \/>\n<meta name=\"twitter:label1\" content=\"Escrito por\" class=\"yoast-seo-meta-tag\" \/>\n\t<meta name=\"twitter:data1\" content=\"webman\" class=\"yoast-seo-meta-tag\" \/>\n\t<meta name=\"twitter:label2\" content=\"Tiempo estimado de lectura\" class=\"yoast-seo-meta-tag\" \/>\n\t<meta name=\"twitter:data2\" content=\"2 minutos\" class=\"yoast-seo-meta-tag\" \/>\n<script type=\"application\/ld+json\" class=\"yoast-schema-graph\">{\"@context\":\"https:\/\/schema.org\",\"@graph\":[{\"@type\":\"Article\",\"@id\":\"https:\/\/dev.explora.cl\/ohiggins\/congreso-del-futuro-tras-su-paso-por-rancagua\/#article\",\"isPartOf\":{\"@id\":\"https:\/\/dev.explora.cl\/ohiggins\/congreso-del-futuro-tras-su-paso-por-rancagua\/\"},\"author\":{\"name\":\"webman\",\"@id\":\"https:\/\/dev.explora.cl\/ohiggins\/#\/schema\/person\/cb8349c13ea2d324080adf8480d7ba5d\"},\"headline\":\"Congreso del Futuro tras su paso por Rancagua\",\"datePublished\":\"2019-01-18T21:08:43+00:00\",\"dateModified\":\"2019-05-20T18:06:46+00:00\",\"mainEntityOfPage\":{\"@id\":\"https:\/\/dev.explora.cl\/ohiggins\/congreso-del-futuro-tras-su-paso-por-rancagua\/\"},\"wordCount\":414,\"image\":{\"@id\":\"https:\/\/dev.explora.cl\/ohiggins\/congreso-del-futuro-tras-su-paso-por-rancagua\/#primaryimage\"},\"thumbnailUrl\":\"https:\/\/dev.explora.cl\/ohiggins\/wp-content\/uploads\/sites\/8\/2019\/01\/IMG-20190117-WA0012.jpg\",\"articleSection\":[\"Noticias\"],\"inLanguage\":\"es-CL\"},{\"@type\":\"WebPage\",\"@id\":\"https:\/\/dev.explora.cl\/ohiggins\/congreso-del-futuro-tras-su-paso-por-rancagua\/\",\"url\":\"https:\/\/dev.explora.cl\/ohiggins\/congreso-del-futuro-tras-su-paso-por-rancagua\/\",\"name\":\"Congreso del Futuro tras su paso por Rancagua - O&#039;Higgins\",\"isPartOf\":{\"@id\":\"https:\/\/dev.explora.cl\/ohiggins\/#website\"},\"primaryImageOfPage\":{\"@id\":\"https:\/\/dev.explora.cl\/ohiggins\/congreso-del-futuro-tras-su-paso-por-rancagua\/#primaryimage\"},\"image\":{\"@id\":\"https:\/\/dev.explora.cl\/ohiggins\/congreso-del-futuro-tras-su-paso-por-rancagua\/#primaryimage\"},\"thumbnailUrl\":\"https:\/\/dev.explora.cl\/ohiggins\/wp-content\/uploads\/sites\/8\/2019\/01\/IMG-20190117-WA0012.jpg\",\"datePublished\":\"2019-01-18T21:08:43+00:00\",\"dateModified\":\"2019-05-20T18:06:46+00:00\",\"author\":{\"@id\":\"https:\/\/dev.explora.cl\/ohiggins\/#\/schema\/person\/cb8349c13ea2d324080adf8480d7ba5d\"},\"breadcrumb\":{\"@id\":\"https:\/\/dev.explora.cl\/ohiggins\/congreso-del-futuro-tras-su-paso-por-rancagua\/#breadcrumb\"},\"inLanguage\":\"es-CL\",\"potentialAction\":[{\"@type\":\"ReadAction\",\"target\":[\"https:\/\/dev.explora.cl\/ohiggins\/congreso-del-futuro-tras-su-paso-por-rancagua\/\"]}]},{\"@type\":\"ImageObject\",\"inLanguage\":\"es-CL\",\"@id\":\"https:\/\/dev.explora.cl\/ohiggins\/congreso-del-futuro-tras-su-paso-por-rancagua\/#primaryimage\",\"url\":\"https:\/\/dev.explora.cl\/ohiggins\/wp-content\/uploads\/sites\/8\/2019\/01\/IMG-20190117-WA0012.jpg\",\"contentUrl\":\"https:\/\/dev.explora.cl\/ohiggins\/wp-content\/uploads\/sites\/8\/2019\/01\/IMG-20190117-WA0012.jpg\",\"width\":1280,\"height\":720},{\"@type\":\"BreadcrumbList\",\"@id\":\"https:\/\/dev.explora.cl\/ohiggins\/congreso-del-futuro-tras-su-paso-por-rancagua\/#breadcrumb\",\"itemListElement\":[{\"@type\":\"ListItem\",\"position\":1,\"name\":\"Portada\",\"item\":\"https:\/\/dev.explora.cl\/ohiggins\/\"},{\"@type\":\"ListItem\",\"position\":2,\"name\":\"Congreso del Futuro tras su paso por Rancagua\"}]},{\"@type\":\"WebSite\",\"@id\":\"https:\/\/dev.explora.cl\/ohiggins\/#website\",\"url\":\"https:\/\/dev.explora.cl\/ohiggins\/\",\"name\":\"O&#039;Higgins\",\"description\":\"Otro sitio m\u00e1s de dev.explora.cl\",\"potentialAction\":[{\"@type\":\"SearchAction\",\"target\":{\"@type\":\"EntryPoint\",\"urlTemplate\":\"https:\/\/dev.explora.cl\/ohiggins\/?s={search_term_string}\"},\"query-input\":{\"@type\":\"PropertyValueSpecification\",\"valueRequired\":true,\"valueName\":\"search_term_string\"}}],\"inLanguage\":\"es-CL\"},{\"@type\":\"Person\",\"@id\":\"https:\/\/dev.explora.cl\/ohiggins\/#\/schema\/person\/cb8349c13ea2d324080adf8480d7ba5d\",\"name\":\"webman\",\"image\":{\"@type\":\"ImageObject\",\"inLanguage\":\"es-CL\",\"@id\":\"https:\/\/dev.explora.cl\/ohiggins\/#\/schema\/person\/image\/\",\"url\":\"https:\/\/secure.gravatar.com\/avatar\/eeff3c82f2c02f7177d13663b7e6f890e9a6a0647ce9bb29cae02dcb094c7312?s=96&d=mm&r=g\",\"contentUrl\":\"https:\/\/secure.gravatar.com\/avatar\/eeff3c82f2c02f7177d13663b7e6f890e9a6a0647ce9bb29cae02dcb094c7312?s=96&d=mm&r=g\",\"caption\":\"webman\"},\"url\":\"https:\/\/dev.explora.cl\/ohiggins\/author\/webman\/\"}]}<\/script>\n<!-- \/ Yoast SEO plugin. -->","yoast_head_json":{"title":"Congreso del Futuro tras su paso por Rancagua - O&#039;Higgins","robots":{"index":"index","follow":"follow","max-snippet":"max-snippet:-1","max-image-preview":"max-image-preview:large","max-video-preview":"max-video-preview:-1"},"canonical":"https:\/\/dev.explora.cl\/ohiggins\/congreso-del-futuro-tras-su-paso-por-rancagua\/","og_locale":"es_ES","og_type":"article","og_title":"Congreso del Futuro tras su paso por Rancagua - O&#039;Higgins","og_url":"https:\/\/dev.explora.cl\/ohiggins\/congreso-del-futuro-tras-su-paso-por-rancagua\/","og_site_name":"O&#039;Higgins","article_published_time":"2019-01-18T21:08:43+00:00","article_modified_time":"2019-05-20T18:06:46+00:00","og_image":[{"width":1280,"height":720,"url":"https:\/\/dev.explora.cl\/ohiggins\/wp-content\/uploads\/sites\/8\/2019\/01\/IMG-20190117-WA0012.jpg","type":"image\/jpeg"}],"author":"webman","twitter_card":"summary_large_image","twitter_misc":{"Escrito por":"webman","Tiempo estimado de lectura":"2 minutos"},"schema":{"@context":"https:\/\/schema.org","@graph":[{"@type":"Article","@id":"https:\/\/dev.explora.cl\/ohiggins\/congreso-del-futuro-tras-su-paso-por-rancagua\/#article","isPartOf":{"@id":"https:\/\/dev.explora.cl\/ohiggins\/congreso-del-futuro-tras-su-paso-por-rancagua\/"},"author":{"name":"webman","@id":"https:\/\/dev.explora.cl\/ohiggins\/#\/schema\/person\/cb8349c13ea2d324080adf8480d7ba5d"},"headline":"Congreso del Futuro tras su paso por Rancagua","datePublished":"2019-01-18T21:08:43+00:00","dateModified":"2019-05-20T18:06:46+00:00","mainEntityOfPage":{"@id":"https:\/\/dev.explora.cl\/ohiggins\/congreso-del-futuro-tras-su-paso-por-rancagua\/"},"wordCount":414,"image":{"@id":"https:\/\/dev.explora.cl\/ohiggins\/congreso-del-futuro-tras-su-paso-por-rancagua\/#primaryimage"},"thumbnailUrl":"https:\/\/dev.explora.cl\/ohiggins\/wp-content\/uploads\/sites\/8\/2019\/01\/IMG-20190117-WA0012.jpg","articleSection":["Noticias"],"inLanguage":"es-CL"},{"@type":"WebPage","@id":"https:\/\/dev.explora.cl\/ohiggins\/congreso-del-futuro-tras-su-paso-por-rancagua\/","url":"https:\/\/dev.explora.cl\/ohiggins\/congreso-del-futuro-tras-su-paso-por-rancagua\/","name":"Congreso del Futuro tras su paso por Rancagua - O&#039;Higgins","isPartOf":{"@id":"https:\/\/dev.explora.cl\/ohiggins\/#website"},"primaryImageOfPage":{"@id":"https:\/\/dev.explora.cl\/ohiggins\/congreso-del-futuro-tras-su-paso-por-rancagua\/#primaryimage"},"image":{"@id":"https:\/\/dev.explora.cl\/ohiggins\/congreso-del-futuro-tras-su-paso-por-rancagua\/#primaryimage"},"thumbnailUrl":"https:\/\/dev.explora.cl\/ohiggins\/wp-content\/uploads\/sites\/8\/2019\/01\/IMG-20190117-WA0012.jpg","datePublished":"2019-01-18T21:08:43+00:00","dateModified":"2019-05-20T18:06:46+00:00","author":{"@id":"https:\/\/dev.explora.cl\/ohiggins\/#\/schema\/person\/cb8349c13ea2d324080adf8480d7ba5d"},"breadcrumb":{"@id":"https:\/\/dev.explora.cl\/ohiggins\/congreso-del-futuro-tras-su-paso-por-rancagua\/#breadcrumb"},"inLanguage":"es-CL","potentialAction":[{"@type":"ReadAction","target":["https:\/\/dev.explora.cl\/ohiggins\/congreso-del-futuro-tras-su-paso-por-rancagua\/"]}]},{"@type":"ImageObject","inLanguage":"es-CL","@id":"https:\/\/dev.explora.cl\/ohiggins\/congreso-del-futuro-tras-su-paso-por-rancagua\/#primaryimage","url":"https:\/\/dev.explora.cl\/ohiggins\/wp-content\/uploads\/sites\/8\/2019\/01\/IMG-20190117-WA0012.jpg","contentUrl":"https:\/\/dev.explora.cl\/ohiggins\/wp-content\/uploads\/sites\/8\/2019\/01\/IMG-20190117-WA0012.jpg","width":1280,"height":720},{"@type":"BreadcrumbList","@id":"https:\/\/dev.explora.cl\/ohiggins\/congreso-del-futuro-tras-su-paso-por-rancagua\/#breadcrumb","itemListElement":[{"@type":"ListItem","position":1,"name":"Portada","item":"https:\/\/dev.explora.cl\/ohiggins\/"},{"@type":"ListItem","position":2,"name":"Congreso del Futuro tras su paso por Rancagua"}]},{"@type":"WebSite","@id":"https:\/\/dev.explora.cl\/ohiggins\/#website","url":"https:\/\/dev.explora.cl\/ohiggins\/","name":"O&#039;Higgins","description":"Otro sitio m\u00e1s de dev.explora.cl","potentialAction":[{"@type":"SearchAction","target":{"@type":"EntryPoint","urlTemplate":"https:\/\/dev.explora.cl\/ohiggins\/?s={search_term_string}"},"query-input":{"@type":"PropertyValueSpecification","valueRequired":true,"valueName":"search_term_string"}}],"inLanguage":"es-CL"},{"@type":"Person","@id":"https:\/\/dev.explora.cl\/ohiggins\/#\/schema\/person\/cb8349c13ea2d324080adf8480d7ba5d","name":"webman","image":{"@type":"ImageObject","inLanguage":"es-CL","@id":"https:\/\/dev.explora.cl\/ohiggins\/#\/schema\/person\/image\/","url":"https:\/\/secure.gravatar.com\/avatar\/eeff3c82f2c02f7177d13663b7e6f890e9a6a0647ce9bb29cae02dcb094c7312?s=96&d=mm&r=g","contentUrl":"https:\/\/secure.gravatar.com\/avatar\/eeff3c82f2c02f7177d13663b7e6f890e9a6a0647ce9bb29cae02dcb094c7312?s=96&d=mm&r=g","caption":"webman"},"url":"https:\/\/dev.explora.cl\/ohiggins\/author\/webman\/"}]}},"_links":{"self":[{"href":"https:\/\/dev.explora.cl\/ohiggins\/wp-json\/wp\/v2\/posts\/37360","targetHints":{"allow":["GET"]}}],"collection":[{"href":"https:\/\/dev.explora.cl\/ohiggins\/wp-json\/wp\/v2\/posts"}],"about":[{"href":"https:\/\/dev.explora.cl\/ohiggins\/wp-json\/wp\/v2\/types\/post"}],"author":[{"embeddable":true,"href":"https:\/\/dev.explora.cl\/ohiggins\/wp-json\/wp\/v2\/users\/2"}],"replies":[{"embeddable":true,"href":"https:\/\/dev.explora.cl\/ohiggins\/wp-json\/wp\/v2\/comments?post=37360"}],"version-history":[{"count":1,"href":"https:\/\/dev.explora.cl\/ohiggins\/wp-json\/wp\/v2\/posts\/37360\/revisions"}],"predecessor-version":[{"id":37550,"href":"https:\/\/dev.explora.cl\/ohiggins\/wp-json\/wp\/v2\/posts\/37360\/revisions\/37550"}],"wp:featuredmedia":[{"embeddable":true,"href":"https:\/\/dev.explora.cl\/ohiggins\/wp-json\/wp\/v2\/media\/37365"}],"wp:attachment":[{"href":"https:\/\/dev.explora.cl\/ohiggins\/wp-json\/wp\/v2\/media?parent=37360"}],"wp:term":[{"taxonomy":"category","embeddable":true,"href":"https:\/\/dev.explora.cl\/ohiggins\/wp-json\/wp\/v2\/categories?post=37360"},{"taxonomy":"post_tag","embeddable":true,"href":"https:\/\/dev.explora.cl\/ohiggins\/wp-json\/wp\/v2\/tags?post=37360"}],"curies":[{"name":"wp","href":"https:\/\/api.w.org\/{rel}","templated":true}]}}