{"id":37334,"date":"2018-12-26T13:30:22","date_gmt":"2018-12-26T17:30:22","guid":{"rendered":"https:\/\/dev.explora.cl\/ohiggins\/?p=37334"},"modified":"2019-05-20T18:06:49","modified_gmt":"2019-05-20T18:06:49","slug":"parvulos-de-j-i-campanita-visitaron-mim","status":"publish","type":"post","link":"https:\/\/dev.explora.cl\/ohiggins\/parvulos-de-j-i-campanita-visitaron-mim\/","title":{"rendered":"P\u00e1rvulos de J.I. Campanita visitaron MIM"},"content":{"rendered":"<p><img loading=\"lazy\" decoding=\"async\" class=\"aligncenter wp-image-37338\" src=\"https:\/\/dev.explora.cl\/ohiggins\/wp-content\/uploads\/sites\/8\/2018\/12\/3-300x169.jpg\" alt=\"\" width=\"412\" height=\"232\" srcset=\"https:\/\/dev.explora.cl\/ohiggins\/wp-content\/uploads\/sites\/8\/2018\/12\/3-300x169.jpg 300w, https:\/\/dev.explora.cl\/ohiggins\/wp-content\/uploads\/sites\/8\/2018\/12\/3-768x432.jpg 768w, https:\/\/dev.explora.cl\/ohiggins\/wp-content\/uploads\/sites\/8\/2018\/12\/3.jpg 960w\" sizes=\"auto, (max-width: 412px) 100vw, 412px\" \/>Ni\u00f1os y ni\u00f1as del Jard\u00edn Infantil Campanita de Rancagua (JUNJI), pertenecientes a Academias Explorines, se maravillaron con la ciencia al visitar el Museo Interactivo Mirador (MIM) donde pudieron apreciar diversos fen\u00f3menos cient\u00edficos que vienen a completar su acercamiento a las ciencias desde temprana edad.<br \/>\nParticiparon 20 p\u00e1rvulos del nivel de transici\u00f3n, junto con sus apoderados, educadoras y asistentes de p\u00e1rvulos, quienes pudieron evaluar aprendizajes adquiridos durante este a\u00f1o gracias a su participaci\u00f3n en las mencionadas academias.<br \/>\n<img loading=\"lazy\" decoding=\"async\" class=\" wp-image-37336 alignleft\" src=\"https:\/\/dev.explora.cl\/ohiggins\/wp-content\/uploads\/sites\/8\/2018\/12\/1-300x169.jpg\" alt=\"\" width=\"346\" height=\"195\" srcset=\"https:\/\/dev.explora.cl\/ohiggins\/wp-content\/uploads\/sites\/8\/2018\/12\/1-300x169.jpg 300w, https:\/\/dev.explora.cl\/ohiggins\/wp-content\/uploads\/sites\/8\/2018\/12\/1-768x432.jpg 768w, https:\/\/dev.explora.cl\/ohiggins\/wp-content\/uploads\/sites\/8\/2018\/12\/1.jpg 960w\" sizes=\"auto, (max-width: 346px) 100vw, 346px\" \/>La educadora de p\u00e1rvulos a cargo del nivel, Claudia Aedo comenta: \u201cVisitaron la casa s\u00edsmica, el universo, magnetismo, trabajo con el agua, entre otros, y fueron capaces de comentar a sus padres los contenidos con vocabulario cient\u00edfico \u00a1Eso fue fabuloso, los padres estaban maravillados!\u201d<br \/>\nEn la oportunidad, pudieron consolidar tambi\u00e9n, aprendizajes de vida sana, alimentaci\u00f3n saludable y el cuerpo humano; lo anterior con la metodolog\u00eda interactiva que caracteriza al museo. \u201cFue un excelente m\u00e9todo de evaluar aprendizajes de calidad en instancias de juego interactivo, el PAR Explora regional, siempre ha sido un impulsor de ciencias en el aula, es nuestra puerta para realizar ciencias y acercarnos a este mundo \u201c, agrega Claudia.<br \/>\nAcademias Explorines es una iniciativa de PAR Explora de CONICYT O\u2019Higgins, que tiene por objetivo estimular en la primera infancia actitudes positivas hacia la ciencia y el desarrollo de habilidades cient\u00edficas mediante la investigaci\u00f3n escolar, para lo cual se entrega capacitaci\u00f3n inicial y seguimiento a trav\u00e9s de apoyo t\u00e9cnico-pedag\u00f3gico.<\/p>\n","protected":false},"excerpt":{"rendered":"<p>Ni\u00f1os y ni\u00f1as del Jard\u00edn Infantil Campanita de Rancagua (JUNJI), pertenecientes a Academias Explorines, se maravillaron con la ciencia al visitar el Museo Interactivo Mirador (MIM) donde pudieron apreciar diversos fen\u00f3menos cient\u00edficos que vienen a completar su acercamiento a las ciencias desde temprana edad. Participaron 20 p\u00e1rvulos del nivel de transici\u00f3n, junto con sus apoderados, [&hellip;]<\/p>\n","protected":false},"author":2,"featured_media":37338,"comment_status":"closed","ping_status":"open","sticky":false,"template":"","format":"standard","meta":{"_acf_changed":false,"_exactmetrics_skip_tracking":false,"_exactmetrics_sitenote_active":false,"_exactmetrics_sitenote_note":"","_exactmetrics_sitenote_category":0,"footnotes":"","_links_to":"","_links_to_target":""},"categories":[4],"tags":[],"class_list":["post-37334","post","type-post","status-publish","format-standard","has-post-thumbnail","hentry","category-noticias"],"acf":[],"yoast_head":"<!-- This site is optimized with the Yoast SEO plugin v26.7 - https:\/\/yoast.com\/wordpress\/plugins\/seo\/ -->\n<title>P\u00e1rvulos de J.I. Campanita visitaron MIM - O&#039;Higgins<\/title>\n<meta name=\"robots\" content=\"index, follow, max-snippet:-1, max-image-preview:large, max-video-preview:-1\" \/>\n<link rel=\"canonical\" href=\"https:\/\/dev.explora.cl\/ohiggins\/parvulos-de-j-i-campanita-visitaron-mim\/\" class=\"yoast-seo-meta-tag\" \/>\n<meta property=\"og:locale\" content=\"es_ES\" class=\"yoast-seo-meta-tag\" \/>\n<meta property=\"og:type\" content=\"article\" class=\"yoast-seo-meta-tag\" \/>\n<meta property=\"og:title\" content=\"P\u00e1rvulos de J.I. Campanita visitaron MIM - O&#039;Higgins\" class=\"yoast-seo-meta-tag\" \/>\n<meta property=\"og:description\" content=\"Ni\u00f1os y ni\u00f1as del Jard\u00edn Infantil Campanita de Rancagua (JUNJI), pertenecientes a Academias Explorines, se maravillaron con la ciencia al visitar el Museo Interactivo Mirador (MIM) donde pudieron apreciar diversos fen\u00f3menos cient\u00edficos que vienen a completar su acercamiento a las ciencias desde temprana edad. Participaron 20 p\u00e1rvulos del nivel de transici\u00f3n, junto con sus apoderados, [&hellip;]\" class=\"yoast-seo-meta-tag\" \/>\n<meta property=\"og:url\" content=\"https:\/\/dev.explora.cl\/ohiggins\/parvulos-de-j-i-campanita-visitaron-mim\/\" class=\"yoast-seo-meta-tag\" \/>\n<meta property=\"og:site_name\" content=\"O&#039;Higgins\" class=\"yoast-seo-meta-tag\" \/>\n<meta property=\"article:published_time\" content=\"2018-12-26T17:30:22+00:00\" class=\"yoast-seo-meta-tag\" \/>\n<meta property=\"article:modified_time\" content=\"2019-05-20T18:06:49+00:00\" class=\"yoast-seo-meta-tag\" \/>\n<meta property=\"og:image\" content=\"https:\/\/dev.explora.cl\/ohiggins\/wp-content\/uploads\/sites\/8\/2018\/12\/3.jpg\" class=\"yoast-seo-meta-tag\" \/>\n\t<meta property=\"og:image:width\" content=\"960\" class=\"yoast-seo-meta-tag\" \/>\n\t<meta property=\"og:image:height\" content=\"540\" class=\"yoast-seo-meta-tag\" \/>\n\t<meta property=\"og:image:type\" content=\"image\/jpeg\" class=\"yoast-seo-meta-tag\" \/>\n<meta name=\"author\" content=\"webman\" class=\"yoast-seo-meta-tag\" \/>\n<meta name=\"twitter:card\" content=\"summary_large_image\" class=\"yoast-seo-meta-tag\" \/>\n<meta name=\"twitter:label1\" content=\"Escrito por\" class=\"yoast-seo-meta-tag\" \/>\n\t<meta name=\"twitter:data1\" content=\"webman\" class=\"yoast-seo-meta-tag\" \/>\n\t<meta name=\"twitter:label2\" content=\"Tiempo estimado de lectura\" class=\"yoast-seo-meta-tag\" \/>\n\t<meta name=\"twitter:data2\" content=\"1 minuto\" class=\"yoast-seo-meta-tag\" \/>\n<script type=\"application\/ld+json\" class=\"yoast-schema-graph\">{\"@context\":\"https:\/\/schema.org\",\"@graph\":[{\"@type\":\"Article\",\"@id\":\"https:\/\/dev.explora.cl\/ohiggins\/parvulos-de-j-i-campanita-visitaron-mim\/#article\",\"isPartOf\":{\"@id\":\"https:\/\/dev.explora.cl\/ohiggins\/parvulos-de-j-i-campanita-visitaron-mim\/\"},\"author\":{\"name\":\"webman\",\"@id\":\"https:\/\/dev.explora.cl\/ohiggins\/#\/schema\/person\/cb8349c13ea2d324080adf8480d7ba5d\"},\"headline\":\"P\u00e1rvulos de J.I. Campanita visitaron MIM\",\"datePublished\":\"2018-12-26T17:30:22+00:00\",\"dateModified\":\"2019-05-20T18:06:49+00:00\",\"mainEntityOfPage\":{\"@id\":\"https:\/\/dev.explora.cl\/ohiggins\/parvulos-de-j-i-campanita-visitaron-mim\/\"},\"wordCount\":267,\"image\":{\"@id\":\"https:\/\/dev.explora.cl\/ohiggins\/parvulos-de-j-i-campanita-visitaron-mim\/#primaryimage\"},\"thumbnailUrl\":\"https:\/\/dev.explora.cl\/ohiggins\/wp-content\/uploads\/sites\/8\/2018\/12\/3.jpg\",\"articleSection\":[\"Noticias\"],\"inLanguage\":\"es-CL\"},{\"@type\":\"WebPage\",\"@id\":\"https:\/\/dev.explora.cl\/ohiggins\/parvulos-de-j-i-campanita-visitaron-mim\/\",\"url\":\"https:\/\/dev.explora.cl\/ohiggins\/parvulos-de-j-i-campanita-visitaron-mim\/\",\"name\":\"P\u00e1rvulos de J.I. Campanita visitaron MIM - O&#039;Higgins\",\"isPartOf\":{\"@id\":\"https:\/\/dev.explora.cl\/ohiggins\/#website\"},\"primaryImageOfPage\":{\"@id\":\"https:\/\/dev.explora.cl\/ohiggins\/parvulos-de-j-i-campanita-visitaron-mim\/#primaryimage\"},\"image\":{\"@id\":\"https:\/\/dev.explora.cl\/ohiggins\/parvulos-de-j-i-campanita-visitaron-mim\/#primaryimage\"},\"thumbnailUrl\":\"https:\/\/dev.explora.cl\/ohiggins\/wp-content\/uploads\/sites\/8\/2018\/12\/3.jpg\",\"datePublished\":\"2018-12-26T17:30:22+00:00\",\"dateModified\":\"2019-05-20T18:06:49+00:00\",\"author\":{\"@id\":\"https:\/\/dev.explora.cl\/ohiggins\/#\/schema\/person\/cb8349c13ea2d324080adf8480d7ba5d\"},\"breadcrumb\":{\"@id\":\"https:\/\/dev.explora.cl\/ohiggins\/parvulos-de-j-i-campanita-visitaron-mim\/#breadcrumb\"},\"inLanguage\":\"es-CL\",\"potentialAction\":[{\"@type\":\"ReadAction\",\"target\":[\"https:\/\/dev.explora.cl\/ohiggins\/parvulos-de-j-i-campanita-visitaron-mim\/\"]}]},{\"@type\":\"ImageObject\",\"inLanguage\":\"es-CL\",\"@id\":\"https:\/\/dev.explora.cl\/ohiggins\/parvulos-de-j-i-campanita-visitaron-mim\/#primaryimage\",\"url\":\"https:\/\/dev.explora.cl\/ohiggins\/wp-content\/uploads\/sites\/8\/2018\/12\/3.jpg\",\"contentUrl\":\"https:\/\/dev.explora.cl\/ohiggins\/wp-content\/uploads\/sites\/8\/2018\/12\/3.jpg\",\"width\":960,\"height\":540},{\"@type\":\"BreadcrumbList\",\"@id\":\"https:\/\/dev.explora.cl\/ohiggins\/parvulos-de-j-i-campanita-visitaron-mim\/#breadcrumb\",\"itemListElement\":[{\"@type\":\"ListItem\",\"position\":1,\"name\":\"Portada\",\"item\":\"https:\/\/dev.explora.cl\/ohiggins\/\"},{\"@type\":\"ListItem\",\"position\":2,\"name\":\"P\u00e1rvulos de J.I. Campanita visitaron MIM\"}]},{\"@type\":\"WebSite\",\"@id\":\"https:\/\/dev.explora.cl\/ohiggins\/#website\",\"url\":\"https:\/\/dev.explora.cl\/ohiggins\/\",\"name\":\"O&#039;Higgins\",\"description\":\"Otro sitio m\u00e1s de dev.explora.cl\",\"potentialAction\":[{\"@type\":\"SearchAction\",\"target\":{\"@type\":\"EntryPoint\",\"urlTemplate\":\"https:\/\/dev.explora.cl\/ohiggins\/?s={search_term_string}\"},\"query-input\":{\"@type\":\"PropertyValueSpecification\",\"valueRequired\":true,\"valueName\":\"search_term_string\"}}],\"inLanguage\":\"es-CL\"},{\"@type\":\"Person\",\"@id\":\"https:\/\/dev.explora.cl\/ohiggins\/#\/schema\/person\/cb8349c13ea2d324080adf8480d7ba5d\",\"name\":\"webman\",\"image\":{\"@type\":\"ImageObject\",\"inLanguage\":\"es-CL\",\"@id\":\"https:\/\/dev.explora.cl\/ohiggins\/#\/schema\/person\/image\/\",\"url\":\"https:\/\/secure.gravatar.com\/avatar\/eeff3c82f2c02f7177d13663b7e6f890e9a6a0647ce9bb29cae02dcb094c7312?s=96&d=mm&r=g\",\"contentUrl\":\"https:\/\/secure.gravatar.com\/avatar\/eeff3c82f2c02f7177d13663b7e6f890e9a6a0647ce9bb29cae02dcb094c7312?s=96&d=mm&r=g\",\"caption\":\"webman\"},\"url\":\"https:\/\/dev.explora.cl\/ohiggins\/author\/webman\/\"}]}<\/script>\n<!-- \/ Yoast SEO plugin. -->","yoast_head_json":{"title":"P\u00e1rvulos de J.I. Campanita visitaron MIM - O&#039;Higgins","robots":{"index":"index","follow":"follow","max-snippet":"max-snippet:-1","max-image-preview":"max-image-preview:large","max-video-preview":"max-video-preview:-1"},"canonical":"https:\/\/dev.explora.cl\/ohiggins\/parvulos-de-j-i-campanita-visitaron-mim\/","og_locale":"es_ES","og_type":"article","og_title":"P\u00e1rvulos de J.I. Campanita visitaron MIM - O&#039;Higgins","og_description":"Ni\u00f1os y ni\u00f1as del Jard\u00edn Infantil Campanita de Rancagua (JUNJI), pertenecientes a Academias Explorines, se maravillaron con la ciencia al visitar el Museo Interactivo Mirador (MIM) donde pudieron apreciar diversos fen\u00f3menos cient\u00edficos que vienen a completar su acercamiento a las ciencias desde temprana edad. Participaron 20 p\u00e1rvulos del nivel de transici\u00f3n, junto con sus apoderados, [&hellip;]","og_url":"https:\/\/dev.explora.cl\/ohiggins\/parvulos-de-j-i-campanita-visitaron-mim\/","og_site_name":"O&#039;Higgins","article_published_time":"2018-12-26T17:30:22+00:00","article_modified_time":"2019-05-20T18:06:49+00:00","og_image":[{"width":960,"height":540,"url":"https:\/\/dev.explora.cl\/ohiggins\/wp-content\/uploads\/sites\/8\/2018\/12\/3.jpg","type":"image\/jpeg"}],"author":"webman","twitter_card":"summary_large_image","twitter_misc":{"Escrito por":"webman","Tiempo estimado de lectura":"1 minuto"},"schema":{"@context":"https:\/\/schema.org","@graph":[{"@type":"Article","@id":"https:\/\/dev.explora.cl\/ohiggins\/parvulos-de-j-i-campanita-visitaron-mim\/#article","isPartOf":{"@id":"https:\/\/dev.explora.cl\/ohiggins\/parvulos-de-j-i-campanita-visitaron-mim\/"},"author":{"name":"webman","@id":"https:\/\/dev.explora.cl\/ohiggins\/#\/schema\/person\/cb8349c13ea2d324080adf8480d7ba5d"},"headline":"P\u00e1rvulos de J.I. Campanita visitaron MIM","datePublished":"2018-12-26T17:30:22+00:00","dateModified":"2019-05-20T18:06:49+00:00","mainEntityOfPage":{"@id":"https:\/\/dev.explora.cl\/ohiggins\/parvulos-de-j-i-campanita-visitaron-mim\/"},"wordCount":267,"image":{"@id":"https:\/\/dev.explora.cl\/ohiggins\/parvulos-de-j-i-campanita-visitaron-mim\/#primaryimage"},"thumbnailUrl":"https:\/\/dev.explora.cl\/ohiggins\/wp-content\/uploads\/sites\/8\/2018\/12\/3.jpg","articleSection":["Noticias"],"inLanguage":"es-CL"},{"@type":"WebPage","@id":"https:\/\/dev.explora.cl\/ohiggins\/parvulos-de-j-i-campanita-visitaron-mim\/","url":"https:\/\/dev.explora.cl\/ohiggins\/parvulos-de-j-i-campanita-visitaron-mim\/","name":"P\u00e1rvulos de J.I. Campanita visitaron MIM - O&#039;Higgins","isPartOf":{"@id":"https:\/\/dev.explora.cl\/ohiggins\/#website"},"primaryImageOfPage":{"@id":"https:\/\/dev.explora.cl\/ohiggins\/parvulos-de-j-i-campanita-visitaron-mim\/#primaryimage"},"image":{"@id":"https:\/\/dev.explora.cl\/ohiggins\/parvulos-de-j-i-campanita-visitaron-mim\/#primaryimage"},"thumbnailUrl":"https:\/\/dev.explora.cl\/ohiggins\/wp-content\/uploads\/sites\/8\/2018\/12\/3.jpg","datePublished":"2018-12-26T17:30:22+00:00","dateModified":"2019-05-20T18:06:49+00:00","author":{"@id":"https:\/\/dev.explora.cl\/ohiggins\/#\/schema\/person\/cb8349c13ea2d324080adf8480d7ba5d"},"breadcrumb":{"@id":"https:\/\/dev.explora.cl\/ohiggins\/parvulos-de-j-i-campanita-visitaron-mim\/#breadcrumb"},"inLanguage":"es-CL","potentialAction":[{"@type":"ReadAction","target":["https:\/\/dev.explora.cl\/ohiggins\/parvulos-de-j-i-campanita-visitaron-mim\/"]}]},{"@type":"ImageObject","inLanguage":"es-CL","@id":"https:\/\/dev.explora.cl\/ohiggins\/parvulos-de-j-i-campanita-visitaron-mim\/#primaryimage","url":"https:\/\/dev.explora.cl\/ohiggins\/wp-content\/uploads\/sites\/8\/2018\/12\/3.jpg","contentUrl":"https:\/\/dev.explora.cl\/ohiggins\/wp-content\/uploads\/sites\/8\/2018\/12\/3.jpg","width":960,"height":540},{"@type":"BreadcrumbList","@id":"https:\/\/dev.explora.cl\/ohiggins\/parvulos-de-j-i-campanita-visitaron-mim\/#breadcrumb","itemListElement":[{"@type":"ListItem","position":1,"name":"Portada","item":"https:\/\/dev.explora.cl\/ohiggins\/"},{"@type":"ListItem","position":2,"name":"P\u00e1rvulos de J.I. Campanita visitaron MIM"}]},{"@type":"WebSite","@id":"https:\/\/dev.explora.cl\/ohiggins\/#website","url":"https:\/\/dev.explora.cl\/ohiggins\/","name":"O&#039;Higgins","description":"Otro sitio m\u00e1s de dev.explora.cl","potentialAction":[{"@type":"SearchAction","target":{"@type":"EntryPoint","urlTemplate":"https:\/\/dev.explora.cl\/ohiggins\/?s={search_term_string}"},"query-input":{"@type":"PropertyValueSpecification","valueRequired":true,"valueName":"search_term_string"}}],"inLanguage":"es-CL"},{"@type":"Person","@id":"https:\/\/dev.explora.cl\/ohiggins\/#\/schema\/person\/cb8349c13ea2d324080adf8480d7ba5d","name":"webman","image":{"@type":"ImageObject","inLanguage":"es-CL","@id":"https:\/\/dev.explora.cl\/ohiggins\/#\/schema\/person\/image\/","url":"https:\/\/secure.gravatar.com\/avatar\/eeff3c82f2c02f7177d13663b7e6f890e9a6a0647ce9bb29cae02dcb094c7312?s=96&d=mm&r=g","contentUrl":"https:\/\/secure.gravatar.com\/avatar\/eeff3c82f2c02f7177d13663b7e6f890e9a6a0647ce9bb29cae02dcb094c7312?s=96&d=mm&r=g","caption":"webman"},"url":"https:\/\/dev.explora.cl\/ohiggins\/author\/webman\/"}]}},"_links":{"self":[{"href":"https:\/\/dev.explora.cl\/ohiggins\/wp-json\/wp\/v2\/posts\/37334","targetHints":{"allow":["GET"]}}],"collection":[{"href":"https:\/\/dev.explora.cl\/ohiggins\/wp-json\/wp\/v2\/posts"}],"about":[{"href":"https:\/\/dev.explora.cl\/ohiggins\/wp-json\/wp\/v2\/types\/post"}],"author":[{"embeddable":true,"href":"https:\/\/dev.explora.cl\/ohiggins\/wp-json\/wp\/v2\/users\/2"}],"replies":[{"embeddable":true,"href":"https:\/\/dev.explora.cl\/ohiggins\/wp-json\/wp\/v2\/comments?post=37334"}],"version-history":[{"count":1,"href":"https:\/\/dev.explora.cl\/ohiggins\/wp-json\/wp\/v2\/posts\/37334\/revisions"}],"predecessor-version":[{"id":37553,"href":"https:\/\/dev.explora.cl\/ohiggins\/wp-json\/wp\/v2\/posts\/37334\/revisions\/37553"}],"wp:featuredmedia":[{"embeddable":true,"href":"https:\/\/dev.explora.cl\/ohiggins\/wp-json\/wp\/v2\/media\/37338"}],"wp:attachment":[{"href":"https:\/\/dev.explora.cl\/ohiggins\/wp-json\/wp\/v2\/media?parent=37334"}],"wp:term":[{"taxonomy":"category","embeddable":true,"href":"https:\/\/dev.explora.cl\/ohiggins\/wp-json\/wp\/v2\/categories?post=37334"},{"taxonomy":"post_tag","embeddable":true,"href":"https:\/\/dev.explora.cl\/ohiggins\/wp-json\/wp\/v2\/tags?post=37334"}],"curies":[{"name":"wp","href":"https:\/\/api.w.org\/{rel}","templated":true}]}}