{"id":37284,"date":"2018-12-07T18:20:30","date_gmt":"2018-12-07T22:20:30","guid":{"rendered":"https:\/\/dev.explora.cl\/ohiggins\/?p=37284"},"modified":"2019-05-20T18:06:50","modified_gmt":"2019-05-20T18:06:50","slug":"conociendo-los-microorganismos-del-fiordo-de-comau","status":"publish","type":"post","link":"https:\/\/dev.explora.cl\/ohiggins\/conociendo-los-microorganismos-del-fiordo-de-comau\/","title":{"rendered":"Conociendo los microorganismos del Fiordo de Comau"},"content":{"rendered":"<p><img loading=\"lazy\" decoding=\"async\" class=\"aligncenter size-medium wp-image-37286\" src=\"https:\/\/dev.explora.cl\/ohiggins\/wp-content\/uploads\/sites\/8\/2018\/12\/IMG-20171217-WA0024-300x225.jpg\" alt=\"\" width=\"300\" height=\"225\" srcset=\"https:\/\/dev.explora.cl\/ohiggins\/wp-content\/uploads\/sites\/8\/2018\/12\/IMG-20171217-WA0024-300x225.jpg 300w, https:\/\/dev.explora.cl\/ohiggins\/wp-content\/uploads\/sites\/8\/2018\/12\/IMG-20171217-WA0024-768x576.jpg 768w, https:\/\/dev.explora.cl\/ohiggins\/wp-content\/uploads\/sites\/8\/2018\/12\/IMG-20171217-WA0024-1024x768.jpg 1024w, https:\/\/dev.explora.cl\/ohiggins\/wp-content\/uploads\/sites\/8\/2018\/12\/IMG-20171217-WA0024.jpg 1280w\" sizes=\"auto, (max-width: 300px) 100vw, 300px\" \/><\/p>\n<p style=\"text-align: justify\">\u00bfSab\u00edas que en el sur de nuestro pa\u00eds existen fiordos cuyos mares no se han estudiado a\u00fan? Atra\u00eddo por la belleza del Fiordo de Comau, y por el deseo de preservar la biodiversidad de la zona, el Dr en Bioqu\u00edmica y Biotecnolog\u00eda, Eduardo Castro, se dirigi\u00f3 con su equipo a estudiar los microorganismos de sus mares, su resistencia a los antibi\u00f3ticos y lo que \u00e9l llama la \u201cmateria negra microbiana\u201d.<br \/>\nEste accidente geogr\u00e1fico, est\u00e1 ubicado en la provincia de Palena, a m\u00e1s de 1.000 km de la regi\u00f3n de O\u2019Higgins, en uno de los l\u00edmites del Parque Nacional Pumal\u00edn, formando, al igual que todo fiordo,<br \/>\nun encuentro forzoso entre monta\u00f1as y mar. De acuerdo a la tradici\u00f3n oral mapuche, el lugar fue el resultado de la lucha terrible entre las serpientes Caicai Vil\u00fa y Tenten Vil\u00fa.<br \/>\nA juicio del Dr. Castro, en la actualidad ya no es Caicai Vil\u00fa quien amenaza la vida del fiordo, sino la industria salmonera que ha ido expandiendo hacia el sur el \u00e1rea de ubicaci\u00f3n de sus centros de cultivo, aprovechando las caracter\u00edsticas especiales de los fiordos, que combinan aguas dulces provenientes de las altas monta\u00f1as (con alturas sobre los 2.000 metros) y aguas saladas marinas, ideales para sus cultivos.<br \/>\nEntrevistamos a este profesional, quien es adem\u00e1s, profesor asistente en la\u00a0Universidad Andr\u00e9s Bello.<\/p>\n<div class=\"mceTemp\" style=\"text-align: justify\"><\/div>\n<p style=\"text-align: justify\"><strong>\u00bfPor qu\u00e9 surgi\u00f3 su inter\u00e9s en esta \u00e1rea?\u00a0<\/strong><\/p>\n<figure id=\"attachment_37287\" aria-describedby=\"caption-attachment-37287\" style=\"width: 300px\" class=\"wp-caption alignright\"><img loading=\"lazy\" decoding=\"async\" class=\"wp-image-37287 size-medium\" src=\"https:\/\/dev.explora.cl\/ohiggins\/wp-content\/uploads\/sites\/8\/2018\/12\/IMG-20171222-WA0066-300x225.jpg\" alt=\"\" width=\"300\" height=\"225\" srcset=\"https:\/\/dev.explora.cl\/ohiggins\/wp-content\/uploads\/sites\/8\/2018\/12\/IMG-20171222-WA0066-300x225.jpg 300w, https:\/\/dev.explora.cl\/ohiggins\/wp-content\/uploads\/sites\/8\/2018\/12\/IMG-20171222-WA0066-768x576.jpg 768w, https:\/\/dev.explora.cl\/ohiggins\/wp-content\/uploads\/sites\/8\/2018\/12\/IMG-20171222-WA0066-1024x768.jpg 1024w, https:\/\/dev.explora.cl\/ohiggins\/wp-content\/uploads\/sites\/8\/2018\/12\/IMG-20171222-WA0066.jpg 1280w\" sizes=\"auto, (max-width: 300px) 100vw, 300px\" \/><figcaption id=\"caption-attachment-37287\" class=\"wp-caption-text\">El equipo de investigaci\u00f3n est\u00e1 conformado por la Ing. En Biotecnolog\u00eda Sara Oliva, Dr. Sergio Guajardo, MSc. Katterinne M\u00e9ndez, Dra. Florence Gutzwiller, Dr. David Gonz\u00e1lez y el Dr. Eduardo Castro.<\/figcaption><\/figure>\n<p style=\"text-align: justify\">Principalmente porque es un \u00e1rea donde no hay mucha gente investigando; es una buena mezcla de ciencia b\u00e1sica y aplicada que puede ayudar en el mediano y largo plazo a nuestro pa\u00eds a manejar de mejor forma sus recursos naturales. En segundo lugar, es una plataforma muy interesante y entretenida para atraer a estudiantes de todos los niveles a motivarlos para que hagan ciencia, ya que combina trabajo en terreno, en el laboratorio y en el computador; es muy integral.<\/p>\n<p style=\"text-align: justify\"><strong>\u00bfQu\u00e9 tiene de especial un fiordo?<\/strong><\/p>\n<p style=\"text-align: justify\">Un fiordo es un ambiente muy din\u00e1mico, con cambios muy marcados a trav\u00e9s del a\u00f1o. En este fiordo en particular, ocurren cambios en la temperatura del agua, su salinidad y cantidad de nutrientes disueltos, lo cual impacta toda la vida del lugar, desde lo microsc\u00f3pico a lo macro.Incluso durante el d\u00eda podemos observar cambios marcados en las mareas y en la salinidad del agua de acuerdo a la profundidad. Comau es bastante profundo, hasta 500 m, y con bastante riqueza de invertebrados como corales, esponjas, y crust\u00e1ceos; los cuales forman la primera capa en una red tr\u00f3fica que comienza con microorganismos como fitoplancton, y termina con depredadores como lobos marinos, orcas y delfines.<\/p>\n<p style=\"text-align: justify\"><strong>\u00bfPor qu\u00e9 investigar los microorganismos de sus mares?<\/strong><br \/>\nNos interesa en especial porque a pesar de que el territorio que rodea a este fiordo est\u00e1 protegido; sus aguas no est\u00e1n protegidas y existen muchas concesiones de jaulas para la crianza de salm\u00f3nidos. La salmonicultura utiliza grandes cantidades de antibi\u00f3ticos que no solamente ayudan a los peces a que se mejoren de enfermedades infecciosas, sino que tambi\u00e9n alteran a las bacterias del fiordo, interfiriendo con procesos naturales y haci\u00e9ndolas m\u00e1s resistentes a los antibi\u00f3ticos. Es por esto que estamos evaluando su efecto en los microorganismos del agua del fiordo y tambi\u00e9n en algunos animales como lobos marinos.<\/p>\n<p style=\"text-align: justify\"><strong>\u00bfC\u00f3mo se realiza la investigaci\u00f3n?<\/strong><br \/>\n<em><img loading=\"lazy\" decoding=\"async\" class=\"size-medium wp-image-37288 alignleft\" src=\"https:\/\/dev.explora.cl\/ohiggins\/wp-content\/uploads\/sites\/8\/2018\/12\/IMG-20171222-WA0012-300x225.jpg\" alt=\"\" width=\"300\" height=\"225\" srcset=\"https:\/\/dev.explora.cl\/ohiggins\/wp-content\/uploads\/sites\/8\/2018\/12\/IMG-20171222-WA0012-300x225.jpg 300w, https:\/\/dev.explora.cl\/ohiggins\/wp-content\/uploads\/sites\/8\/2018\/12\/IMG-20171222-WA0012-768x576.jpg 768w, https:\/\/dev.explora.cl\/ohiggins\/wp-content\/uploads\/sites\/8\/2018\/12\/IMG-20171222-WA0012-1024x768.jpg 1024w, https:\/\/dev.explora.cl\/ohiggins\/wp-content\/uploads\/sites\/8\/2018\/12\/IMG-20171222-WA0012.jpg 1040w\" sizes=\"auto, (max-width: 300px) 100vw, 300px\" \/><\/em>La investigaci\u00f3n consta de tres grandes partes: el trabajo de campo que nos permite tomar las muestras, y que consiste en una expedici\u00f3n de 15 d\u00edas de trabajo intenso, donde d\u00eda por medio salimos en bote a tomar seis muestras de agua de 40 L cada una, la cantidad de agua tiene relaci\u00f3n con la cantidad de microorganismos que necesitamos para extraer su informaci\u00f3n gen\u00e9tica: eucariontes unicelulares, bacterias y virus. El segundo paso es procesar las muestras para separar estos tipos de microrganismos y obtener ADN para cada grupo; y finalmente, se desarrolla el an\u00e1lisis de la informaci\u00f3n utilizando estad\u00edstica y bioinform\u00e1tica para poder generar una imagen de alta resoluci\u00f3n de lo que ocurre en el fiordo.<\/p>\n<p style=\"text-align: justify\"><strong>\u00bfCu\u00e1les son los resultados y proyecciones de su trabajo?<\/strong><\/p>\n<p style=\"text-align: justify\">Hasta el momento sabemos qu\u00e9 microorganismos viven a lo largo y ancho del fiordo, c\u00f3mo se organizan en comunidades, y tambi\u00e9n sabemos que algunos son resistentes a antibi\u00f3ticos. Nuestra proyecci\u00f3n es cumplir dos objetivos: lo m\u00e1s importante es determinar c\u00f3mo la cantidad y\/o tipo de microorganismos var\u00edan estacionalmente y si responden o no a la presencia de antibi\u00f3ticos; en segundo lugar es poder descifrar m\u00e1s genomas de bacterias del fiordo de tal manera de obtener resultados de mayor resoluci\u00f3n, esto debido a que m\u00e1s del 70% de los microorganismos del lugar son completamente desconocidos para la ciencia, lo cual ha sido descrito como la \u201cmateria negra\u201d microbiana entendiendo que sabemos que existe pero no sabemos qu\u00e9 es ni qu\u00e9 hace.<\/p>\n<p style=\"text-align: justify\"><span style=\"font-size: 12px\"><strong>Glosario<\/strong><\/span><br \/>\n<span style=\"font-size: 12px\"><em><strong>Fiordo:<\/strong> Depresi\u00f3n del continente invadida por el mar, generalmente alargada, estrecha y limitada por laderas altas y abruptas (RAE).<\/em><\/span><\/p>\n<p style=\"text-align: justify\"><span style=\"font-size: 12px\"><em><strong>Red tr\u00f3fica:<\/strong> El concepto de Red tr\u00f3fica es aquel que se aplica al fen\u00f3meno natural mediante el cual diferentes seres vivos se conectan entre s\u00ed a partir del ciclo de la vida que implica que unos se alimenten de otros para poder subsistir (fuente Ecured).<\/em><\/span><\/p>\n<p style=\"text-align: justify\"><span style=\"font-size: 12px\"><em><strong>Fitoplancton:<\/strong><\/em> <em>Se llama fitoplancton al conjunto de los organismos acu\u00e1ticos aut\u00f3trofos del plancton, que tienen capacidad fotosint\u00e9tica y que viven dispersos en el agua. Seg\u00fan el sitio de Ecured, se encuentra en la base de la cadena alimentaria de los ecosistemas acu\u00e1ticos, ya que sirve de alimento a organismos mayores.<\/em><\/span><\/p>\n<p><em>Texto y fotos Dr. David Gonz\u00e1lez<br \/>\n<\/em><br \/>\n&nbsp;<\/p>\n","protected":false},"excerpt":{"rendered":"<p>\u00bfSab\u00edas que en el sur de nuestro pa\u00eds existen fiordos cuyos mares no se han estudiado a\u00fan? Atra\u00eddo por la belleza del Fiordo de Comau, y por el deseo de preservar la biodiversidad de la zona, el Dr en Bioqu\u00edmica y Biotecnolog\u00eda, Eduardo Castro, se dirigi\u00f3 con su equipo a estudiar los microorganismos de sus [&hellip;]<\/p>\n","protected":false},"author":2,"featured_media":37286,"comment_status":"closed","ping_status":"open","sticky":false,"template":"","format":"standard","meta":{"_acf_changed":false,"_exactmetrics_skip_tracking":false,"_exactmetrics_sitenote_active":false,"_exactmetrics_sitenote_note":"","_exactmetrics_sitenote_category":0,"footnotes":"","_links_to":"","_links_to_target":""},"categories":[4],"tags":[],"class_list":["post-37284","post","type-post","status-publish","format-standard","has-post-thumbnail","hentry","category-noticias"],"acf":[],"yoast_head":"<!-- This site is optimized with the Yoast SEO plugin v26.7 - https:\/\/yoast.com\/wordpress\/plugins\/seo\/ -->\n<title>Conociendo los microorganismos del Fiordo de Comau - O&#039;Higgins<\/title>\n<meta name=\"robots\" content=\"index, follow, max-snippet:-1, max-image-preview:large, max-video-preview:-1\" \/>\n<link rel=\"canonical\" href=\"https:\/\/dev.explora.cl\/ohiggins\/conociendo-los-microorganismos-del-fiordo-de-comau\/\" class=\"yoast-seo-meta-tag\" \/>\n<meta property=\"og:locale\" content=\"es_ES\" class=\"yoast-seo-meta-tag\" \/>\n<meta property=\"og:type\" content=\"article\" class=\"yoast-seo-meta-tag\" \/>\n<meta property=\"og:title\" content=\"Conociendo los microorganismos del Fiordo de Comau - O&#039;Higgins\" class=\"yoast-seo-meta-tag\" \/>\n<meta property=\"og:description\" content=\"\u00bfSab\u00edas que en el sur de nuestro pa\u00eds existen fiordos cuyos mares no se han estudiado a\u00fan? Atra\u00eddo por la belleza del Fiordo de Comau, y por el deseo de preservar la biodiversidad de la zona, el Dr en Bioqu\u00edmica y Biotecnolog\u00eda, Eduardo Castro, se dirigi\u00f3 con su equipo a estudiar los microorganismos de sus [&hellip;]\" class=\"yoast-seo-meta-tag\" \/>\n<meta property=\"og:url\" content=\"https:\/\/dev.explora.cl\/ohiggins\/conociendo-los-microorganismos-del-fiordo-de-comau\/\" class=\"yoast-seo-meta-tag\" \/>\n<meta property=\"og:site_name\" content=\"O&#039;Higgins\" class=\"yoast-seo-meta-tag\" \/>\n<meta property=\"article:published_time\" content=\"2018-12-07T22:20:30+00:00\" class=\"yoast-seo-meta-tag\" \/>\n<meta property=\"article:modified_time\" content=\"2019-05-20T18:06:50+00:00\" class=\"yoast-seo-meta-tag\" \/>\n<meta property=\"og:image\" content=\"https:\/\/dev.explora.cl\/ohiggins\/wp-content\/uploads\/sites\/8\/2018\/12\/IMG-20171217-WA0024.jpg\" class=\"yoast-seo-meta-tag\" \/>\n\t<meta property=\"og:image:width\" content=\"1280\" class=\"yoast-seo-meta-tag\" \/>\n\t<meta property=\"og:image:height\" content=\"960\" class=\"yoast-seo-meta-tag\" \/>\n\t<meta property=\"og:image:type\" content=\"image\/jpeg\" class=\"yoast-seo-meta-tag\" \/>\n<meta name=\"author\" content=\"webman\" class=\"yoast-seo-meta-tag\" \/>\n<meta name=\"twitter:card\" content=\"summary_large_image\" class=\"yoast-seo-meta-tag\" \/>\n<meta name=\"twitter:label1\" content=\"Escrito por\" class=\"yoast-seo-meta-tag\" \/>\n\t<meta name=\"twitter:data1\" content=\"webman\" class=\"yoast-seo-meta-tag\" \/>\n\t<meta name=\"twitter:label2\" content=\"Tiempo estimado de lectura\" class=\"yoast-seo-meta-tag\" \/>\n\t<meta name=\"twitter:data2\" content=\"5 minutos\" class=\"yoast-seo-meta-tag\" \/>\n<script type=\"application\/ld+json\" class=\"yoast-schema-graph\">{\"@context\":\"https:\/\/schema.org\",\"@graph\":[{\"@type\":\"Article\",\"@id\":\"https:\/\/dev.explora.cl\/ohiggins\/conociendo-los-microorganismos-del-fiordo-de-comau\/#article\",\"isPartOf\":{\"@id\":\"https:\/\/dev.explora.cl\/ohiggins\/conociendo-los-microorganismos-del-fiordo-de-comau\/\"},\"author\":{\"name\":\"webman\",\"@id\":\"https:\/\/dev.explora.cl\/ohiggins\/#\/schema\/person\/cb8349c13ea2d324080adf8480d7ba5d\"},\"headline\":\"Conociendo los microorganismos del Fiordo de Comau\",\"datePublished\":\"2018-12-07T22:20:30+00:00\",\"dateModified\":\"2019-05-20T18:06:50+00:00\",\"mainEntityOfPage\":{\"@id\":\"https:\/\/dev.explora.cl\/ohiggins\/conociendo-los-microorganismos-del-fiordo-de-comau\/\"},\"wordCount\":1023,\"image\":{\"@id\":\"https:\/\/dev.explora.cl\/ohiggins\/conociendo-los-microorganismos-del-fiordo-de-comau\/#primaryimage\"},\"thumbnailUrl\":\"https:\/\/dev.explora.cl\/ohiggins\/wp-content\/uploads\/sites\/8\/2018\/12\/IMG-20171217-WA0024.jpg\",\"articleSection\":[\"Noticias\"],\"inLanguage\":\"es-CL\"},{\"@type\":\"WebPage\",\"@id\":\"https:\/\/dev.explora.cl\/ohiggins\/conociendo-los-microorganismos-del-fiordo-de-comau\/\",\"url\":\"https:\/\/dev.explora.cl\/ohiggins\/conociendo-los-microorganismos-del-fiordo-de-comau\/\",\"name\":\"Conociendo los microorganismos del Fiordo de Comau - O&#039;Higgins\",\"isPartOf\":{\"@id\":\"https:\/\/dev.explora.cl\/ohiggins\/#website\"},\"primaryImageOfPage\":{\"@id\":\"https:\/\/dev.explora.cl\/ohiggins\/conociendo-los-microorganismos-del-fiordo-de-comau\/#primaryimage\"},\"image\":{\"@id\":\"https:\/\/dev.explora.cl\/ohiggins\/conociendo-los-microorganismos-del-fiordo-de-comau\/#primaryimage\"},\"thumbnailUrl\":\"https:\/\/dev.explora.cl\/ohiggins\/wp-content\/uploads\/sites\/8\/2018\/12\/IMG-20171217-WA0024.jpg\",\"datePublished\":\"2018-12-07T22:20:30+00:00\",\"dateModified\":\"2019-05-20T18:06:50+00:00\",\"author\":{\"@id\":\"https:\/\/dev.explora.cl\/ohiggins\/#\/schema\/person\/cb8349c13ea2d324080adf8480d7ba5d\"},\"breadcrumb\":{\"@id\":\"https:\/\/dev.explora.cl\/ohiggins\/conociendo-los-microorganismos-del-fiordo-de-comau\/#breadcrumb\"},\"inLanguage\":\"es-CL\",\"potentialAction\":[{\"@type\":\"ReadAction\",\"target\":[\"https:\/\/dev.explora.cl\/ohiggins\/conociendo-los-microorganismos-del-fiordo-de-comau\/\"]}]},{\"@type\":\"ImageObject\",\"inLanguage\":\"es-CL\",\"@id\":\"https:\/\/dev.explora.cl\/ohiggins\/conociendo-los-microorganismos-del-fiordo-de-comau\/#primaryimage\",\"url\":\"https:\/\/dev.explora.cl\/ohiggins\/wp-content\/uploads\/sites\/8\/2018\/12\/IMG-20171217-WA0024.jpg\",\"contentUrl\":\"https:\/\/dev.explora.cl\/ohiggins\/wp-content\/uploads\/sites\/8\/2018\/12\/IMG-20171217-WA0024.jpg\",\"width\":1280,\"height\":960},{\"@type\":\"BreadcrumbList\",\"@id\":\"https:\/\/dev.explora.cl\/ohiggins\/conociendo-los-microorganismos-del-fiordo-de-comau\/#breadcrumb\",\"itemListElement\":[{\"@type\":\"ListItem\",\"position\":1,\"name\":\"Portada\",\"item\":\"https:\/\/dev.explora.cl\/ohiggins\/\"},{\"@type\":\"ListItem\",\"position\":2,\"name\":\"Conociendo los microorganismos del Fiordo de Comau\"}]},{\"@type\":\"WebSite\",\"@id\":\"https:\/\/dev.explora.cl\/ohiggins\/#website\",\"url\":\"https:\/\/dev.explora.cl\/ohiggins\/\",\"name\":\"O&#039;Higgins\",\"description\":\"Otro sitio m\u00e1s de dev.explora.cl\",\"potentialAction\":[{\"@type\":\"SearchAction\",\"target\":{\"@type\":\"EntryPoint\",\"urlTemplate\":\"https:\/\/dev.explora.cl\/ohiggins\/?s={search_term_string}\"},\"query-input\":{\"@type\":\"PropertyValueSpecification\",\"valueRequired\":true,\"valueName\":\"search_term_string\"}}],\"inLanguage\":\"es-CL\"},{\"@type\":\"Person\",\"@id\":\"https:\/\/dev.explora.cl\/ohiggins\/#\/schema\/person\/cb8349c13ea2d324080adf8480d7ba5d\",\"name\":\"webman\",\"image\":{\"@type\":\"ImageObject\",\"inLanguage\":\"es-CL\",\"@id\":\"https:\/\/dev.explora.cl\/ohiggins\/#\/schema\/person\/image\/\",\"url\":\"https:\/\/secure.gravatar.com\/avatar\/eeff3c82f2c02f7177d13663b7e6f890e9a6a0647ce9bb29cae02dcb094c7312?s=96&d=mm&r=g\",\"contentUrl\":\"https:\/\/secure.gravatar.com\/avatar\/eeff3c82f2c02f7177d13663b7e6f890e9a6a0647ce9bb29cae02dcb094c7312?s=96&d=mm&r=g\",\"caption\":\"webman\"},\"url\":\"https:\/\/dev.explora.cl\/ohiggins\/author\/webman\/\"}]}<\/script>\n<!-- \/ Yoast SEO plugin. -->","yoast_head_json":{"title":"Conociendo los microorganismos del Fiordo de Comau - O&#039;Higgins","robots":{"index":"index","follow":"follow","max-snippet":"max-snippet:-1","max-image-preview":"max-image-preview:large","max-video-preview":"max-video-preview:-1"},"canonical":"https:\/\/dev.explora.cl\/ohiggins\/conociendo-los-microorganismos-del-fiordo-de-comau\/","og_locale":"es_ES","og_type":"article","og_title":"Conociendo los microorganismos del Fiordo de Comau - O&#039;Higgins","og_description":"\u00bfSab\u00edas que en el sur de nuestro pa\u00eds existen fiordos cuyos mares no se han estudiado a\u00fan? Atra\u00eddo por la belleza del Fiordo de Comau, y por el deseo de preservar la biodiversidad de la zona, el Dr en Bioqu\u00edmica y Biotecnolog\u00eda, Eduardo Castro, se dirigi\u00f3 con su equipo a estudiar los microorganismos de sus [&hellip;]","og_url":"https:\/\/dev.explora.cl\/ohiggins\/conociendo-los-microorganismos-del-fiordo-de-comau\/","og_site_name":"O&#039;Higgins","article_published_time":"2018-12-07T22:20:30+00:00","article_modified_time":"2019-05-20T18:06:50+00:00","og_image":[{"width":1280,"height":960,"url":"https:\/\/dev.explora.cl\/ohiggins\/wp-content\/uploads\/sites\/8\/2018\/12\/IMG-20171217-WA0024.jpg","type":"image\/jpeg"}],"author":"webman","twitter_card":"summary_large_image","twitter_misc":{"Escrito por":"webman","Tiempo estimado de lectura":"5 minutos"},"schema":{"@context":"https:\/\/schema.org","@graph":[{"@type":"Article","@id":"https:\/\/dev.explora.cl\/ohiggins\/conociendo-los-microorganismos-del-fiordo-de-comau\/#article","isPartOf":{"@id":"https:\/\/dev.explora.cl\/ohiggins\/conociendo-los-microorganismos-del-fiordo-de-comau\/"},"author":{"name":"webman","@id":"https:\/\/dev.explora.cl\/ohiggins\/#\/schema\/person\/cb8349c13ea2d324080adf8480d7ba5d"},"headline":"Conociendo los microorganismos del Fiordo de Comau","datePublished":"2018-12-07T22:20:30+00:00","dateModified":"2019-05-20T18:06:50+00:00","mainEntityOfPage":{"@id":"https:\/\/dev.explora.cl\/ohiggins\/conociendo-los-microorganismos-del-fiordo-de-comau\/"},"wordCount":1023,"image":{"@id":"https:\/\/dev.explora.cl\/ohiggins\/conociendo-los-microorganismos-del-fiordo-de-comau\/#primaryimage"},"thumbnailUrl":"https:\/\/dev.explora.cl\/ohiggins\/wp-content\/uploads\/sites\/8\/2018\/12\/IMG-20171217-WA0024.jpg","articleSection":["Noticias"],"inLanguage":"es-CL"},{"@type":"WebPage","@id":"https:\/\/dev.explora.cl\/ohiggins\/conociendo-los-microorganismos-del-fiordo-de-comau\/","url":"https:\/\/dev.explora.cl\/ohiggins\/conociendo-los-microorganismos-del-fiordo-de-comau\/","name":"Conociendo los microorganismos del Fiordo de Comau - O&#039;Higgins","isPartOf":{"@id":"https:\/\/dev.explora.cl\/ohiggins\/#website"},"primaryImageOfPage":{"@id":"https:\/\/dev.explora.cl\/ohiggins\/conociendo-los-microorganismos-del-fiordo-de-comau\/#primaryimage"},"image":{"@id":"https:\/\/dev.explora.cl\/ohiggins\/conociendo-los-microorganismos-del-fiordo-de-comau\/#primaryimage"},"thumbnailUrl":"https:\/\/dev.explora.cl\/ohiggins\/wp-content\/uploads\/sites\/8\/2018\/12\/IMG-20171217-WA0024.jpg","datePublished":"2018-12-07T22:20:30+00:00","dateModified":"2019-05-20T18:06:50+00:00","author":{"@id":"https:\/\/dev.explora.cl\/ohiggins\/#\/schema\/person\/cb8349c13ea2d324080adf8480d7ba5d"},"breadcrumb":{"@id":"https:\/\/dev.explora.cl\/ohiggins\/conociendo-los-microorganismos-del-fiordo-de-comau\/#breadcrumb"},"inLanguage":"es-CL","potentialAction":[{"@type":"ReadAction","target":["https:\/\/dev.explora.cl\/ohiggins\/conociendo-los-microorganismos-del-fiordo-de-comau\/"]}]},{"@type":"ImageObject","inLanguage":"es-CL","@id":"https:\/\/dev.explora.cl\/ohiggins\/conociendo-los-microorganismos-del-fiordo-de-comau\/#primaryimage","url":"https:\/\/dev.explora.cl\/ohiggins\/wp-content\/uploads\/sites\/8\/2018\/12\/IMG-20171217-WA0024.jpg","contentUrl":"https:\/\/dev.explora.cl\/ohiggins\/wp-content\/uploads\/sites\/8\/2018\/12\/IMG-20171217-WA0024.jpg","width":1280,"height":960},{"@type":"BreadcrumbList","@id":"https:\/\/dev.explora.cl\/ohiggins\/conociendo-los-microorganismos-del-fiordo-de-comau\/#breadcrumb","itemListElement":[{"@type":"ListItem","position":1,"name":"Portada","item":"https:\/\/dev.explora.cl\/ohiggins\/"},{"@type":"ListItem","position":2,"name":"Conociendo los microorganismos del Fiordo de Comau"}]},{"@type":"WebSite","@id":"https:\/\/dev.explora.cl\/ohiggins\/#website","url":"https:\/\/dev.explora.cl\/ohiggins\/","name":"O&#039;Higgins","description":"Otro sitio m\u00e1s de dev.explora.cl","potentialAction":[{"@type":"SearchAction","target":{"@type":"EntryPoint","urlTemplate":"https:\/\/dev.explora.cl\/ohiggins\/?s={search_term_string}"},"query-input":{"@type":"PropertyValueSpecification","valueRequired":true,"valueName":"search_term_string"}}],"inLanguage":"es-CL"},{"@type":"Person","@id":"https:\/\/dev.explora.cl\/ohiggins\/#\/schema\/person\/cb8349c13ea2d324080adf8480d7ba5d","name":"webman","image":{"@type":"ImageObject","inLanguage":"es-CL","@id":"https:\/\/dev.explora.cl\/ohiggins\/#\/schema\/person\/image\/","url":"https:\/\/secure.gravatar.com\/avatar\/eeff3c82f2c02f7177d13663b7e6f890e9a6a0647ce9bb29cae02dcb094c7312?s=96&d=mm&r=g","contentUrl":"https:\/\/secure.gravatar.com\/avatar\/eeff3c82f2c02f7177d13663b7e6f890e9a6a0647ce9bb29cae02dcb094c7312?s=96&d=mm&r=g","caption":"webman"},"url":"https:\/\/dev.explora.cl\/ohiggins\/author\/webman\/"}]}},"_links":{"self":[{"href":"https:\/\/dev.explora.cl\/ohiggins\/wp-json\/wp\/v2\/posts\/37284","targetHints":{"allow":["GET"]}}],"collection":[{"href":"https:\/\/dev.explora.cl\/ohiggins\/wp-json\/wp\/v2\/posts"}],"about":[{"href":"https:\/\/dev.explora.cl\/ohiggins\/wp-json\/wp\/v2\/types\/post"}],"author":[{"embeddable":true,"href":"https:\/\/dev.explora.cl\/ohiggins\/wp-json\/wp\/v2\/users\/2"}],"replies":[{"embeddable":true,"href":"https:\/\/dev.explora.cl\/ohiggins\/wp-json\/wp\/v2\/comments?post=37284"}],"version-history":[{"count":1,"href":"https:\/\/dev.explora.cl\/ohiggins\/wp-json\/wp\/v2\/posts\/37284\/revisions"}],"predecessor-version":[{"id":37556,"href":"https:\/\/dev.explora.cl\/ohiggins\/wp-json\/wp\/v2\/posts\/37284\/revisions\/37556"}],"wp:featuredmedia":[{"embeddable":true,"href":"https:\/\/dev.explora.cl\/ohiggins\/wp-json\/wp\/v2\/media\/37286"}],"wp:attachment":[{"href":"https:\/\/dev.explora.cl\/ohiggins\/wp-json\/wp\/v2\/media?parent=37284"}],"wp:term":[{"taxonomy":"category","embeddable":true,"href":"https:\/\/dev.explora.cl\/ohiggins\/wp-json\/wp\/v2\/categories?post=37284"},{"taxonomy":"post_tag","embeddable":true,"href":"https:\/\/dev.explora.cl\/ohiggins\/wp-json\/wp\/v2\/tags?post=37284"}],"curies":[{"name":"wp","href":"https:\/\/api.w.org\/{rel}","templated":true}]}}