{"id":37276,"date":"2018-12-05T18:03:21","date_gmt":"2018-12-05T22:03:21","guid":{"rendered":"https:\/\/dev.explora.cl\/ohiggins\/?p=37276"},"modified":"2019-05-20T18:06:50","modified_gmt":"2019-05-20T18:06:50","slug":"37276-2","status":"publish","type":"post","link":"https:\/\/dev.explora.cl\/ohiggins\/37276-2\/","title":{"rendered":"P\u00e1rvulos dieron a conocer sus experiencias en Feria de Educaci\u00f3n Cient\u00edfica"},"content":{"rendered":"<p style=\"text-align: left\"><img loading=\"lazy\" decoding=\"async\" class=\"wp-image-37277 alignright\" src=\"https:\/\/dev.explora.cl\/ohiggins\/wp-content\/uploads\/sites\/8\/2018\/12\/IMG-20181115-WA0001-300x144.jpg\" alt=\"\" width=\"354\" height=\"170\" srcset=\"https:\/\/dev.explora.cl\/ohiggins\/wp-content\/uploads\/sites\/8\/2018\/12\/IMG-20181115-WA0001-300x144.jpg 300w, https:\/\/dev.explora.cl\/ohiggins\/wp-content\/uploads\/sites\/8\/2018\/12\/IMG-20181115-WA0001-768x369.jpg 768w, https:\/\/dev.explora.cl\/ohiggins\/wp-content\/uploads\/sites\/8\/2018\/12\/IMG-20181115-WA0001.jpg 1000w\" sizes=\"auto, (max-width: 354px) 100vw, 354px\" \/><\/p>\n<p style=\"text-align: justify\">Con el objetivo de mostrar que ni\u00f1os y ni\u00f1as tambi\u00e9n hacen ciencias, PAR Explora de CONICYT O\u2019Higgins, ejecutado por la Universidad Cat\u00f3lica del Maule, con la colaboraci\u00f3n de la Municipalidad de Rancagua, realiz\u00f3 la <strong>IV Feria Cient\u00edfica Escolar de Educaci\u00f3n Parvularia Regi\u00f3n O&#8217;Higgins<\/strong>, en la Plaza de Los H\u00e9roes de Rancagua, para dar a conocer sus investigaciones de los Academias Explorines y Tus Competencias en Ciencias (TCC).La actividad se desarroll\u00f3 este mi\u00e9rcoles 14 de noviembre, en\u00a0donde 30 proyectos correspondientes a jardines infantiles de diversas dependencias de la regi\u00f3n, como la Junta Nacional de Jardines Infantiles (JUNJI), Fundaci\u00f3n Integra, colegios y escuelas, se presentaron con lo avanzado a lo largo del a\u00f1o, con iniciativas que fueron desde el reciclaje, huertos urbanos, hasta la arqueolog\u00eda, entre otros.<br \/>\nS<img loading=\"lazy\" decoding=\"async\" class=\"size-medium wp-image-37278 alignleft\" src=\"https:\/\/dev.explora.cl\/ohiggins\/wp-content\/uploads\/sites\/8\/2018\/12\/IMG-20181115-WA0002-300x200.jpg\" alt=\"\" width=\"300\" height=\"200\" srcset=\"https:\/\/dev.explora.cl\/ohiggins\/wp-content\/uploads\/sites\/8\/2018\/12\/IMG-20181115-WA0002-300x200.jpg 300w, https:\/\/dev.explora.cl\/ohiggins\/wp-content\/uploads\/sites\/8\/2018\/12\/IMG-20181115-WA0002-768x512.jpg 768w, https:\/\/dev.explora.cl\/ohiggins\/wp-content\/uploads\/sites\/8\/2018\/12\/IMG-20181115-WA0002.jpg 1000w\" sizes=\"auto, (max-width: 300px) 100vw, 300px\" \/>eg\u00fan explic\u00f3 el director de PAR Explora de CONICYT O\u2019Higgins, R\u00f3mulo Santelices, el objetivo es \u201cestimular en la primera infancia actitudes positivas hacia la ciencia y el desarrollo de habilidades cient\u00edficas mediante la investigaci\u00f3n escolar. Esta feria viene a constatar el trabajo que hemos venido haciendo hace varios a\u00f1os, en donde hemos visto sus frutos, y la capacidad de asombro que tienen los ni\u00f1os\u201d.<br \/>\nCarolina Guti\u00e9rrez, directora del jard\u00edn infantil Frutillita (Quinta de Tilcoco), manifest\u00f3 su agradecimiento a la labor del PAR Explora regional: \u201cnosotros hemos logrado que ni\u00f1os y ni\u00f1as potencien sus habilidades cient\u00edficas, indagaci\u00f3n y creatividad; as\u00ed como tambi\u00e9n fortalecer sus habilidades para la vida, como docentes nos desaf\u00edan a aprender m\u00e1s, y continuar trabajando en este sentido\u201d.<br \/>\n<img loading=\"lazy\" decoding=\"async\" class=\"size-medium wp-image-37279 alignright\" src=\"https:\/\/dev.explora.cl\/ohiggins\/wp-content\/uploads\/sites\/8\/2018\/12\/IMG-20181115-WA0016-300x200.jpg\" alt=\"\" width=\"300\" height=\"200\" srcset=\"https:\/\/dev.explora.cl\/ohiggins\/wp-content\/uploads\/sites\/8\/2018\/12\/IMG-20181115-WA0016-300x200.jpg 300w, https:\/\/dev.explora.cl\/ohiggins\/wp-content\/uploads\/sites\/8\/2018\/12\/IMG-20181115-WA0016-768x512.jpg 768w, https:\/\/dev.explora.cl\/ohiggins\/wp-content\/uploads\/sites\/8\/2018\/12\/IMG-20181115-WA0016.jpg 1000w\" sizes=\"auto, (max-width: 300px) 100vw, 300px\" \/>En la ocasi\u00f3n, y con motivo del a\u00f1o de los Por Qu\u00e9 de Explora, se present\u00f3 la Cuenta Cuentos Zomo K\u00fcy\u00e9n, y la compa\u00f1\u00eda de teatro Las Constructoras con la obra \u201c\u00c1mbar en el pa\u00eds de las preguntas\u201d; quienes a trav\u00e9s de sus relatos e intervenciones urbanas, relevaron el hacerse preguntas y el esp\u00edritu cr\u00edtico.<br \/>\nTCC y Academias Explorines, son programas del PAR Explora regional, que trabaja con educadoras de p\u00e1rvulos, a quienes se les entrega capacitaci\u00f3n inicial y seguimiento a trav\u00e9s de apoyo t\u00e9cnico-pedag\u00f3gico en la realizaci\u00f3n de las investigaciones y\/o actividades que se implementan a lo largo del a\u00f1o.<\/p>\n","protected":false},"excerpt":{"rendered":"<p>Con el objetivo de mostrar que ni\u00f1os y ni\u00f1as tambi\u00e9n hacen ciencias, PAR Explora de CONICYT O\u2019Higgins, ejecutado por la Universidad Cat\u00f3lica del Maule, con la colaboraci\u00f3n de la Municipalidad de Rancagua, realiz\u00f3 la IV Feria Cient\u00edfica Escolar de Educaci\u00f3n Parvularia Regi\u00f3n O&#8217;Higgins, en la Plaza de Los H\u00e9roes de Rancagua, para dar a conocer [&hellip;]<\/p>\n","protected":false},"author":2,"featured_media":37278,"comment_status":"closed","ping_status":"open","sticky":false,"template":"","format":"standard","meta":{"_acf_changed":false,"_exactmetrics_skip_tracking":false,"_exactmetrics_sitenote_active":false,"_exactmetrics_sitenote_note":"","_exactmetrics_sitenote_category":0,"footnotes":"","_links_to":"","_links_to_target":""},"categories":[4],"tags":[107,23,174,175,176,177],"class_list":["post-37276","post","type-post","status-publish","format-standard","has-post-thumbnail","hentry","category-noticias","tag-ciencia","tag-explora","tag-explorines","tag-feria-de-ciencias","tag-parvularia","tag-tcc"],"acf":[],"yoast_head":"<!-- This site is optimized with the Yoast SEO plugin v26.7 - https:\/\/yoast.com\/wordpress\/plugins\/seo\/ -->\n<title>P\u00e1rvulos dieron a conocer sus experiencias en Feria de Educaci\u00f3n Cient\u00edfica - O&#039;Higgins<\/title>\n<meta name=\"robots\" content=\"index, follow, max-snippet:-1, max-image-preview:large, max-video-preview:-1\" \/>\n<link rel=\"canonical\" href=\"https:\/\/dev.explora.cl\/ohiggins\/37276-2\/\" class=\"yoast-seo-meta-tag\" \/>\n<meta property=\"og:locale\" content=\"es_ES\" class=\"yoast-seo-meta-tag\" \/>\n<meta property=\"og:type\" content=\"article\" class=\"yoast-seo-meta-tag\" \/>\n<meta property=\"og:title\" content=\"P\u00e1rvulos dieron a conocer sus experiencias en Feria de Educaci\u00f3n Cient\u00edfica - O&#039;Higgins\" class=\"yoast-seo-meta-tag\" \/>\n<meta property=\"og:description\" content=\"Con el objetivo de mostrar que ni\u00f1os y ni\u00f1as tambi\u00e9n hacen ciencias, PAR Explora de CONICYT O\u2019Higgins, ejecutado por la Universidad Cat\u00f3lica del Maule, con la colaboraci\u00f3n de la Municipalidad de Rancagua, realiz\u00f3 la IV Feria Cient\u00edfica Escolar de Educaci\u00f3n Parvularia Regi\u00f3n O&#8217;Higgins, en la Plaza de Los H\u00e9roes de Rancagua, para dar a conocer [&hellip;]\" class=\"yoast-seo-meta-tag\" \/>\n<meta property=\"og:url\" content=\"https:\/\/dev.explora.cl\/ohiggins\/37276-2\/\" class=\"yoast-seo-meta-tag\" \/>\n<meta property=\"og:site_name\" content=\"O&#039;Higgins\" class=\"yoast-seo-meta-tag\" \/>\n<meta property=\"article:published_time\" content=\"2018-12-05T22:03:21+00:00\" class=\"yoast-seo-meta-tag\" \/>\n<meta property=\"article:modified_time\" content=\"2019-05-20T18:06:50+00:00\" class=\"yoast-seo-meta-tag\" \/>\n<meta property=\"og:image\" content=\"https:\/\/dev.explora.cl\/ohiggins\/wp-content\/uploads\/sites\/8\/2018\/12\/IMG-20181115-WA0002.jpg\" class=\"yoast-seo-meta-tag\" \/>\n\t<meta property=\"og:image:width\" content=\"1000\" class=\"yoast-seo-meta-tag\" \/>\n\t<meta property=\"og:image:height\" content=\"667\" class=\"yoast-seo-meta-tag\" \/>\n\t<meta property=\"og:image:type\" content=\"image\/jpeg\" class=\"yoast-seo-meta-tag\" \/>\n<meta name=\"author\" content=\"webman\" class=\"yoast-seo-meta-tag\" \/>\n<meta name=\"twitter:card\" content=\"summary_large_image\" class=\"yoast-seo-meta-tag\" \/>\n<meta name=\"twitter:label1\" content=\"Escrito por\" class=\"yoast-seo-meta-tag\" \/>\n\t<meta name=\"twitter:data1\" content=\"webman\" class=\"yoast-seo-meta-tag\" \/>\n\t<meta name=\"twitter:label2\" content=\"Tiempo estimado de lectura\" class=\"yoast-seo-meta-tag\" \/>\n\t<meta name=\"twitter:data2\" content=\"2 minutos\" class=\"yoast-seo-meta-tag\" \/>\n<script type=\"application\/ld+json\" class=\"yoast-schema-graph\">{\"@context\":\"https:\/\/schema.org\",\"@graph\":[{\"@type\":\"Article\",\"@id\":\"https:\/\/dev.explora.cl\/ohiggins\/37276-2\/#article\",\"isPartOf\":{\"@id\":\"https:\/\/dev.explora.cl\/ohiggins\/37276-2\/\"},\"author\":{\"name\":\"webman\",\"@id\":\"https:\/\/dev.explora.cl\/ohiggins\/#\/schema\/person\/cb8349c13ea2d324080adf8480d7ba5d\"},\"headline\":\"P\u00e1rvulos dieron a conocer sus experiencias en Feria de Educaci\u00f3n Cient\u00edfica\",\"datePublished\":\"2018-12-05T22:03:21+00:00\",\"dateModified\":\"2019-05-20T18:06:50+00:00\",\"mainEntityOfPage\":{\"@id\":\"https:\/\/dev.explora.cl\/ohiggins\/37276-2\/\"},\"wordCount\":409,\"image\":{\"@id\":\"https:\/\/dev.explora.cl\/ohiggins\/37276-2\/#primaryimage\"},\"thumbnailUrl\":\"https:\/\/dev.explora.cl\/ohiggins\/wp-content\/uploads\/sites\/8\/2018\/12\/IMG-20181115-WA0002.jpg\",\"keywords\":[\"ciencia\",\"EXPLORA\",\"Explorines\",\"Feria de ciencias\",\"Parvularia\",\"TCC\"],\"articleSection\":[\"Noticias\"],\"inLanguage\":\"es-CL\"},{\"@type\":\"WebPage\",\"@id\":\"https:\/\/dev.explora.cl\/ohiggins\/37276-2\/\",\"url\":\"https:\/\/dev.explora.cl\/ohiggins\/37276-2\/\",\"name\":\"P\u00e1rvulos dieron a conocer sus experiencias en Feria de Educaci\u00f3n Cient\u00edfica - O&#039;Higgins\",\"isPartOf\":{\"@id\":\"https:\/\/dev.explora.cl\/ohiggins\/#website\"},\"primaryImageOfPage\":{\"@id\":\"https:\/\/dev.explora.cl\/ohiggins\/37276-2\/#primaryimage\"},\"image\":{\"@id\":\"https:\/\/dev.explora.cl\/ohiggins\/37276-2\/#primaryimage\"},\"thumbnailUrl\":\"https:\/\/dev.explora.cl\/ohiggins\/wp-content\/uploads\/sites\/8\/2018\/12\/IMG-20181115-WA0002.jpg\",\"datePublished\":\"2018-12-05T22:03:21+00:00\",\"dateModified\":\"2019-05-20T18:06:50+00:00\",\"author\":{\"@id\":\"https:\/\/dev.explora.cl\/ohiggins\/#\/schema\/person\/cb8349c13ea2d324080adf8480d7ba5d\"},\"breadcrumb\":{\"@id\":\"https:\/\/dev.explora.cl\/ohiggins\/37276-2\/#breadcrumb\"},\"inLanguage\":\"es-CL\",\"potentialAction\":[{\"@type\":\"ReadAction\",\"target\":[\"https:\/\/dev.explora.cl\/ohiggins\/37276-2\/\"]}]},{\"@type\":\"ImageObject\",\"inLanguage\":\"es-CL\",\"@id\":\"https:\/\/dev.explora.cl\/ohiggins\/37276-2\/#primaryimage\",\"url\":\"https:\/\/dev.explora.cl\/ohiggins\/wp-content\/uploads\/sites\/8\/2018\/12\/IMG-20181115-WA0002.jpg\",\"contentUrl\":\"https:\/\/dev.explora.cl\/ohiggins\/wp-content\/uploads\/sites\/8\/2018\/12\/IMG-20181115-WA0002.jpg\",\"width\":1000,\"height\":667},{\"@type\":\"BreadcrumbList\",\"@id\":\"https:\/\/dev.explora.cl\/ohiggins\/37276-2\/#breadcrumb\",\"itemListElement\":[{\"@type\":\"ListItem\",\"position\":1,\"name\":\"Portada\",\"item\":\"https:\/\/dev.explora.cl\/ohiggins\/\"},{\"@type\":\"ListItem\",\"position\":2,\"name\":\"P\u00e1rvulos dieron a conocer sus experiencias en Feria de Educaci\u00f3n Cient\u00edfica\"}]},{\"@type\":\"WebSite\",\"@id\":\"https:\/\/dev.explora.cl\/ohiggins\/#website\",\"url\":\"https:\/\/dev.explora.cl\/ohiggins\/\",\"name\":\"O&#039;Higgins\",\"description\":\"Otro sitio m\u00e1s de dev.explora.cl\",\"potentialAction\":[{\"@type\":\"SearchAction\",\"target\":{\"@type\":\"EntryPoint\",\"urlTemplate\":\"https:\/\/dev.explora.cl\/ohiggins\/?s={search_term_string}\"},\"query-input\":{\"@type\":\"PropertyValueSpecification\",\"valueRequired\":true,\"valueName\":\"search_term_string\"}}],\"inLanguage\":\"es-CL\"},{\"@type\":\"Person\",\"@id\":\"https:\/\/dev.explora.cl\/ohiggins\/#\/schema\/person\/cb8349c13ea2d324080adf8480d7ba5d\",\"name\":\"webman\",\"image\":{\"@type\":\"ImageObject\",\"inLanguage\":\"es-CL\",\"@id\":\"https:\/\/dev.explora.cl\/ohiggins\/#\/schema\/person\/image\/\",\"url\":\"https:\/\/secure.gravatar.com\/avatar\/eeff3c82f2c02f7177d13663b7e6f890e9a6a0647ce9bb29cae02dcb094c7312?s=96&d=mm&r=g\",\"contentUrl\":\"https:\/\/secure.gravatar.com\/avatar\/eeff3c82f2c02f7177d13663b7e6f890e9a6a0647ce9bb29cae02dcb094c7312?s=96&d=mm&r=g\",\"caption\":\"webman\"},\"url\":\"https:\/\/dev.explora.cl\/ohiggins\/author\/webman\/\"}]}<\/script>\n<!-- \/ Yoast SEO plugin. -->","yoast_head_json":{"title":"P\u00e1rvulos dieron a conocer sus experiencias en Feria de Educaci\u00f3n Cient\u00edfica - O&#039;Higgins","robots":{"index":"index","follow":"follow","max-snippet":"max-snippet:-1","max-image-preview":"max-image-preview:large","max-video-preview":"max-video-preview:-1"},"canonical":"https:\/\/dev.explora.cl\/ohiggins\/37276-2\/","og_locale":"es_ES","og_type":"article","og_title":"P\u00e1rvulos dieron a conocer sus experiencias en Feria de Educaci\u00f3n Cient\u00edfica - O&#039;Higgins","og_description":"Con el objetivo de mostrar que ni\u00f1os y ni\u00f1as tambi\u00e9n hacen ciencias, PAR Explora de CONICYT O\u2019Higgins, ejecutado por la Universidad Cat\u00f3lica del Maule, con la colaboraci\u00f3n de la Municipalidad de Rancagua, realiz\u00f3 la IV Feria Cient\u00edfica Escolar de Educaci\u00f3n Parvularia Regi\u00f3n O&#8217;Higgins, en la Plaza de Los H\u00e9roes de Rancagua, para dar a conocer [&hellip;]","og_url":"https:\/\/dev.explora.cl\/ohiggins\/37276-2\/","og_site_name":"O&#039;Higgins","article_published_time":"2018-12-05T22:03:21+00:00","article_modified_time":"2019-05-20T18:06:50+00:00","og_image":[{"width":1000,"height":667,"url":"https:\/\/dev.explora.cl\/ohiggins\/wp-content\/uploads\/sites\/8\/2018\/12\/IMG-20181115-WA0002.jpg","type":"image\/jpeg"}],"author":"webman","twitter_card":"summary_large_image","twitter_misc":{"Escrito por":"webman","Tiempo estimado de lectura":"2 minutos"},"schema":{"@context":"https:\/\/schema.org","@graph":[{"@type":"Article","@id":"https:\/\/dev.explora.cl\/ohiggins\/37276-2\/#article","isPartOf":{"@id":"https:\/\/dev.explora.cl\/ohiggins\/37276-2\/"},"author":{"name":"webman","@id":"https:\/\/dev.explora.cl\/ohiggins\/#\/schema\/person\/cb8349c13ea2d324080adf8480d7ba5d"},"headline":"P\u00e1rvulos dieron a conocer sus experiencias en Feria de Educaci\u00f3n Cient\u00edfica","datePublished":"2018-12-05T22:03:21+00:00","dateModified":"2019-05-20T18:06:50+00:00","mainEntityOfPage":{"@id":"https:\/\/dev.explora.cl\/ohiggins\/37276-2\/"},"wordCount":409,"image":{"@id":"https:\/\/dev.explora.cl\/ohiggins\/37276-2\/#primaryimage"},"thumbnailUrl":"https:\/\/dev.explora.cl\/ohiggins\/wp-content\/uploads\/sites\/8\/2018\/12\/IMG-20181115-WA0002.jpg","keywords":["ciencia","EXPLORA","Explorines","Feria de ciencias","Parvularia","TCC"],"articleSection":["Noticias"],"inLanguage":"es-CL"},{"@type":"WebPage","@id":"https:\/\/dev.explora.cl\/ohiggins\/37276-2\/","url":"https:\/\/dev.explora.cl\/ohiggins\/37276-2\/","name":"P\u00e1rvulos dieron a conocer sus experiencias en Feria de Educaci\u00f3n Cient\u00edfica - O&#039;Higgins","isPartOf":{"@id":"https:\/\/dev.explora.cl\/ohiggins\/#website"},"primaryImageOfPage":{"@id":"https:\/\/dev.explora.cl\/ohiggins\/37276-2\/#primaryimage"},"image":{"@id":"https:\/\/dev.explora.cl\/ohiggins\/37276-2\/#primaryimage"},"thumbnailUrl":"https:\/\/dev.explora.cl\/ohiggins\/wp-content\/uploads\/sites\/8\/2018\/12\/IMG-20181115-WA0002.jpg","datePublished":"2018-12-05T22:03:21+00:00","dateModified":"2019-05-20T18:06:50+00:00","author":{"@id":"https:\/\/dev.explora.cl\/ohiggins\/#\/schema\/person\/cb8349c13ea2d324080adf8480d7ba5d"},"breadcrumb":{"@id":"https:\/\/dev.explora.cl\/ohiggins\/37276-2\/#breadcrumb"},"inLanguage":"es-CL","potentialAction":[{"@type":"ReadAction","target":["https:\/\/dev.explora.cl\/ohiggins\/37276-2\/"]}]},{"@type":"ImageObject","inLanguage":"es-CL","@id":"https:\/\/dev.explora.cl\/ohiggins\/37276-2\/#primaryimage","url":"https:\/\/dev.explora.cl\/ohiggins\/wp-content\/uploads\/sites\/8\/2018\/12\/IMG-20181115-WA0002.jpg","contentUrl":"https:\/\/dev.explora.cl\/ohiggins\/wp-content\/uploads\/sites\/8\/2018\/12\/IMG-20181115-WA0002.jpg","width":1000,"height":667},{"@type":"BreadcrumbList","@id":"https:\/\/dev.explora.cl\/ohiggins\/37276-2\/#breadcrumb","itemListElement":[{"@type":"ListItem","position":1,"name":"Portada","item":"https:\/\/dev.explora.cl\/ohiggins\/"},{"@type":"ListItem","position":2,"name":"P\u00e1rvulos dieron a conocer sus experiencias en Feria de Educaci\u00f3n Cient\u00edfica"}]},{"@type":"WebSite","@id":"https:\/\/dev.explora.cl\/ohiggins\/#website","url":"https:\/\/dev.explora.cl\/ohiggins\/","name":"O&#039;Higgins","description":"Otro sitio m\u00e1s de dev.explora.cl","potentialAction":[{"@type":"SearchAction","target":{"@type":"EntryPoint","urlTemplate":"https:\/\/dev.explora.cl\/ohiggins\/?s={search_term_string}"},"query-input":{"@type":"PropertyValueSpecification","valueRequired":true,"valueName":"search_term_string"}}],"inLanguage":"es-CL"},{"@type":"Person","@id":"https:\/\/dev.explora.cl\/ohiggins\/#\/schema\/person\/cb8349c13ea2d324080adf8480d7ba5d","name":"webman","image":{"@type":"ImageObject","inLanguage":"es-CL","@id":"https:\/\/dev.explora.cl\/ohiggins\/#\/schema\/person\/image\/","url":"https:\/\/secure.gravatar.com\/avatar\/eeff3c82f2c02f7177d13663b7e6f890e9a6a0647ce9bb29cae02dcb094c7312?s=96&d=mm&r=g","contentUrl":"https:\/\/secure.gravatar.com\/avatar\/eeff3c82f2c02f7177d13663b7e6f890e9a6a0647ce9bb29cae02dcb094c7312?s=96&d=mm&r=g","caption":"webman"},"url":"https:\/\/dev.explora.cl\/ohiggins\/author\/webman\/"}]}},"_links":{"self":[{"href":"https:\/\/dev.explora.cl\/ohiggins\/wp-json\/wp\/v2\/posts\/37276","targetHints":{"allow":["GET"]}}],"collection":[{"href":"https:\/\/dev.explora.cl\/ohiggins\/wp-json\/wp\/v2\/posts"}],"about":[{"href":"https:\/\/dev.explora.cl\/ohiggins\/wp-json\/wp\/v2\/types\/post"}],"author":[{"embeddable":true,"href":"https:\/\/dev.explora.cl\/ohiggins\/wp-json\/wp\/v2\/users\/2"}],"replies":[{"embeddable":true,"href":"https:\/\/dev.explora.cl\/ohiggins\/wp-json\/wp\/v2\/comments?post=37276"}],"version-history":[{"count":1,"href":"https:\/\/dev.explora.cl\/ohiggins\/wp-json\/wp\/v2\/posts\/37276\/revisions"}],"predecessor-version":[{"id":37557,"href":"https:\/\/dev.explora.cl\/ohiggins\/wp-json\/wp\/v2\/posts\/37276\/revisions\/37557"}],"wp:featuredmedia":[{"embeddable":true,"href":"https:\/\/dev.explora.cl\/ohiggins\/wp-json\/wp\/v2\/media\/37278"}],"wp:attachment":[{"href":"https:\/\/dev.explora.cl\/ohiggins\/wp-json\/wp\/v2\/media?parent=37276"}],"wp:term":[{"taxonomy":"category","embeddable":true,"href":"https:\/\/dev.explora.cl\/ohiggins\/wp-json\/wp\/v2\/categories?post=37276"},{"taxonomy":"post_tag","embeddable":true,"href":"https:\/\/dev.explora.cl\/ohiggins\/wp-json\/wp\/v2\/tags?post=37276"}],"curies":[{"name":"wp","href":"https:\/\/api.w.org\/{rel}","templated":true}]}}