{"id":37092,"date":"2018-10-12T21:29:42","date_gmt":"2018-10-13T01:29:42","guid":{"rendered":"https:\/\/dev.explora.cl\/blog\/2018\/10\/12\/inolvidable-semana-de-la-cyt-en-o-higgins\/"},"modified":"2019-05-20T18:06:53","modified_gmt":"2019-05-20T18:06:53","slug":"inolvidable-semana-de-la-cyt-en-o-higgins","status":"publish","type":"post","link":"https:\/\/dev.explora.cl\/ohiggins\/inolvidable-semana-de-la-cyt-en-o-higgins\/","title":{"rendered":"Inolvidable Semana de la CYT en O\u2019Higgins"},"content":{"rendered":"<p><img loading=\"lazy\" decoding=\"async\" class=\" size-full wp-image-37088\" style=\"margin-left: auto;margin-right: auto\" src=\"https:\/\/dev.explora.cl\/wp-content\/uploads\/2018\/10\/3.jpg\" alt=\"3.jpg\" width=\"593\" height=\"395\" \/><\/p>\n<p style=\"text-align: justify\">La XXIV Semana de la Ciencia y la Tecnolog\u00eda celebrado por PAR Explora de CONICYT O\u2019Higgins, entidad ejecutada por la U. Cat\u00f3lica del Maule, sin duda ser\u00e1 recordada por haber desarrollado m\u00faltiples actividades, abarcando diferentes puntos de la regi\u00f3n, contando con la participaci\u00f3n de <strong>m\u00e1s de 8 mil personas<\/strong>.<\/p>\n<p style=\"text-align: justify\">A la exitosa charla masiva dada por Jos\u00e9 Maza en la Medialuna de Rancagua, se sum\u00f3 la Fiesta de la Ciencia en Santa Cruz, el D\u00eda de la Ciencia en Machal\u00ed, Museos y Laboratorios Abiertos, D\u00eda de la Ciencia en Mi Colegio y Jard\u00edn, Taller de Astronom\u00eda Inclusiva, por mencionar las m\u00e1s importantes.<\/p>\n<p style=\"text-align: justify\">Hitos, que sin duda, fueron posibles gracias a las entidades que apoyan el quehacer del PAR en la regi\u00f3n, con el objetivo de divulgar la ciencia y la tecnolog\u00eda, tratando de llegar no s\u00f3lo a la comunidad escolar, si no tambi\u00e9n al p\u00fablico general.<\/p>\n<p style=\"text-align: justify\"><strong><img loading=\"lazy\" decoding=\"async\" class=\" alignleft size-full wp-image-37089\" style=\"margin-right: 10px;margin-bottom: 10px;float: left\" src=\"https:\/\/dev.explora.cl\/wp-content\/uploads\/2018\/10\/fiestaciencia-29.jpg\" alt=\"fiestaciencia 29\" width=\"400\" height=\"222\" \/>FIESTA DE LA CIENCIA<\/strong><\/p>\n<p style=\"text-align: justify\">EL s\u00e1bado 6 de octubre fue el turno de Santa Cruz, en donde junto a la Municipalidad local, y Campus Colchagua de la Universidad de Talca tuvimos una fiesta inolvidable, con shows art\u00edstico cient\u00edficos, la obra teatro de Teatro Las Constructoras para fomentar la curiosidad: \u201c\u00c1mbar en el pa\u00eds de las preguntas\u201d; la m\u00fasica con el grupo Los Costinos, y el stand up de Nicol\u00e1s Schneider.<\/p>\n<p style=\"text-align: justify\">Adem\u00e1s diversas entidades participaron dando a conocer su quehacer, as\u00ed nuestra casa de estudios, U. Catolica del Maule estuvo con su realidad virtual en 360\u00b0, Track-Lab de la Universidad de Talca, taller de geolog\u00eda con Universidad de O&#8217;Higgins, SAG regional, Sernameg O&#8217;Higgins, Talentos cient\u00edficos del FIC (Gobierno Regional-UTal), Cruz Roja, proyectos de investigaci\u00f3n de Escuela Pailimo, Fundaci\u00f3n Integra con Academias Explorines, Escuela de Astronautas Chile y Astroman\u00eda (planetario m\u00f3vil). Asimismo, hubo experimentos de f\u00edsica y qu\u00edmica interactivos y el juego del \u201cGran Juego de los \u00bfPor Qu\u00e9?\u201d.<\/p>\n<p style=\"text-align: justify\"><strong><img loading=\"lazy\" decoding=\"async\" class=\" alignright size-full wp-image-37090\" style=\"margin-left: 10px;margin-bottom: 10px;float: right\" src=\"https:\/\/dev.explora.cl\/wp-content\/uploads\/2018\/10\/dia_ciencia-10.jpg\" alt=\"dia ciencia 10\" width=\"350\" height=\"233\" \/>DIA NACIONAL DE LA CIENCIA<\/strong><\/p>\n<p style=\"text-align: justify\">Por primera vez y con una gran acogida se celebr\u00f3 de manera oficial del D\u00eda de la Ciencia, sum\u00e1ndonos as\u00ed, a los festejos a nivel pa\u00eds del Programa Explora de CONICYT. La comunidad de Machal\u00ed y sus alrededores se reunieron en Centro Nuevo Machal\u00ed, en donde pudieron disfrutar de experimentos interactivos, adem\u00e1s de una charla cient\u00edfica al aire libre con el astr\u00f3nomo Fernando Andr\u00e9s Cort\u00e9s Guerrero.<\/p>\n<p style=\"text-align: justify\"><strong>INAUGURACI\u00d3N OFICIAL<\/strong><\/p>\n<p style=\"text-align: justify\">Una invitaci\u00f3n a so\u00f1ar en grande para los estudiantes, fue el llamado com\u00fan que se realiz\u00f3 en la inauguraci\u00f3n oficial de la Semana de la CyT en O&#8217;Higgins en dependencias de Campus Colchagua UTal.<\/p>\n<p style=\"text-align: justify\">En la ocasi\u00f3n, el divulgador cient\u00edfico, autor de La Ciencia Pop, Gabriel Le\u00f3n, quien relat\u00f3 los procesos evolutivos de los alimentos cultivados por el hombre. Participaron estudiantes del Liceo Latinoamericano de Pichidegua, Evelyn&#8217;s School de Santa Cruz, e Instituto Santa Teresa de los Andes de Graneros.<\/p>\n<p style=\"text-align: justify\">En la ocasi\u00f3n se cont\u00f3 con la participaci\u00f3n del rector de la U. Cat\u00f3lica del Maule, Diego Pablo Dur\u00e1n y del director del Campus Colchagua, Patricio G\u00f3mez. Posterior a la ceremonia, ni\u00f1os, ni\u00f1as y j\u00f3venes pudieron disfrutar de los talleres y del laboratorio m\u00f3vil Track Lab que la UTal ten\u00eda preparados.<\/p>\n<p style=\"text-align: justify\">Posteriormente el divulgador, dio la charla del a\u00f1o de los \u00bfPor qu\u00e9? de Explora, a estudiantes y delegaciones, en el Instituto Regional Federico Err\u00e1zuriz de Santa Cruz.<\/p>\n<p style=\"text-align: justify\"><strong>TALLER DE ASTRONOM\u00cdA T\u00c1CTIL<\/strong><\/p>\n<p style=\"text-align: justify\">\u00bfC\u00f3mo se &#8220;siente&#8221; el Planeta Marte, o el Sistema Solar? Porque creemos en la inclusi\u00f3n, en la Semana C y T estuvimos con taller de astronom\u00eda t\u00e1ctil para personas ciegas o con discapacidad visual,\u00a0 realizado con estudiantes de post grado de Departamento de Astronom\u00eda UdeC y la colaboraci\u00f3n de la municipalidad de Machal\u00ed.<\/p>\n<p style=\"text-align: justify\"><strong><img loading=\"lazy\" decoding=\"async\" class=\" alignleft size-full wp-image-37091\" style=\"margin-bottom: 10px;margin-right: 10px;float: left\" src=\"https:\/\/dev.explora.cl\/wp-content\/uploads\/2018\/10\/charla_dr_maza3-5.jpg\" alt=\"charla dr maza3 5\" width=\"400\" height=\"267\" \/>CHARLA M\u00c1S MASIVA DE LA HISTORIA<\/strong><\/p>\n<p style=\"text-align: justify\">Seis mil personas asistieron a la presentaci\u00f3n de \u201cMarte la Pr\u00f3xima Frontera\u201d dictada por Jos\u00e9 Maza Sancho, evento que se llev\u00f3 a cabo este jueves 11 de octubre en la Medialuna Monumental de Rancagua, organizado por PAR Explora de CONICYT O\u2019Higgins, proyecto ejecutado por la Universidad Cat\u00f3lica del Maule y el Centro de Astrof\u00edsica y Tecnolog\u00edas Afines (CATA).<\/p>\n<p style=\"text-align: justify\">De esta manera se pudo realizar el sue\u00f1o de tener la charla de divulgaci\u00f3n cient\u00edfica m\u00e1s masiva de la historia nacional, exitosa empresa que fue lograda gracias al apoyo clave de la Municipalidad de Rancagua y la Federaci\u00f3n de Rodeo Chileno. \u00a0Adem\u00e1s, cont\u00f3 con traducci\u00f3n simult\u00e1nea a lengua de se\u00f1as, gracias al programa &#8220;Rompiendo la Barrera Del Sonido de la Sociedad Chilena de Astronom\u00eda&#8221; (Sochias), tuvo como pre\u00e1mbulo a la banda de astrof\u00edsicos de la Universidad de Valpara\u00edso \u201cCosmic Strings\u201d, hubo un stand con astronom\u00eda t\u00e1ctil para todo de p\u00fablico, y observaciones astron\u00f3micas con el grupo Astronom\u00eda San Fernando.<\/p>\n<p style=\"text-align: justify\"><strong>OTRAS ACTIVIDADES<\/strong><\/p>\n<p style=\"text-align: justify\">Adem\u00e1s, diversos establecimientos y jardines infantiles se han sumado celebrando el D\u00eda de la Ciencia en Mi Colegio y\/o Jard\u00edn, a trav\u00e9s de ferias cient\u00edficas, actividades del \u00c1lbum Explora, o con charlas de Mil C Mil A, en que investigadores e investigadoras se han acercado a los escolares para contar sus experiencias en ciencias.<\/p>\n<p style=\"text-align: justify\">Como siempre, Museos y Laboratorios Abiertos cont\u00f3 con la colaboraci\u00f3n de los museos MELT, Lircunlauta y Rancagua; Laboratorios: Lagric, CEAF, UOH y UTalca Sede Colchagua; y los senderos ecol\u00f3gicos: Cerro Poqui y Cerro Los Misterios, realizados por la Biblioteca de Do\u00f1ihue.<\/p>\n<p style=\"text-align: justify\">Sin duda una semana que vale la pena recordar, y que esperamos \u00a1se repita!<\/p>\n<p>&nbsp;<\/p>\n","protected":false},"excerpt":{"rendered":"<p>La XXIV Semana de la Ciencia y la Tecnolog\u00eda celebrado por PAR Explora de CONICYT O\u2019Higgins, entidad ejecutada por la U. Cat\u00f3lica del Maule, sin duda ser\u00e1 recordada por haber desarrollado m\u00faltiples actividades, abarcando diferentes puntos de la regi\u00f3n, contando con la participaci\u00f3n de m\u00e1s de 8 mil personas. A la exitosa charla masiva dada [&hellip;]<\/p>\n","protected":false},"author":2,"featured_media":37087,"comment_status":"closed","ping_status":"open","sticky":false,"template":"","format":"standard","meta":{"_acf_changed":false,"_exactmetrics_skip_tracking":false,"_exactmetrics_sitenote_active":false,"_exactmetrics_sitenote_note":"","_exactmetrics_sitenote_category":0,"footnotes":"","_links_to":"","_links_to_target":""},"categories":[4],"tags":[],"class_list":["post-37092","post","type-post","status-publish","format-standard","has-post-thumbnail","hentry","category-noticias"],"acf":[],"yoast_head":"<!-- This site is optimized with the Yoast SEO plugin v26.7 - https:\/\/yoast.com\/wordpress\/plugins\/seo\/ -->\n<title>Inolvidable Semana de la CYT en O\u2019Higgins - O&#039;Higgins<\/title>\n<meta name=\"robots\" content=\"index, follow, max-snippet:-1, max-image-preview:large, max-video-preview:-1\" \/>\n<link rel=\"canonical\" href=\"https:\/\/dev.explora.cl\/ohiggins\/inolvidable-semana-de-la-cyt-en-o-higgins\/\" class=\"yoast-seo-meta-tag\" \/>\n<meta property=\"og:locale\" content=\"es_ES\" class=\"yoast-seo-meta-tag\" \/>\n<meta property=\"og:type\" content=\"article\" class=\"yoast-seo-meta-tag\" \/>\n<meta property=\"og:title\" content=\"Inolvidable Semana de la CYT en O\u2019Higgins - O&#039;Higgins\" class=\"yoast-seo-meta-tag\" \/>\n<meta property=\"og:description\" content=\"La XXIV Semana de la Ciencia y la Tecnolog\u00eda celebrado por PAR Explora de CONICYT O\u2019Higgins, entidad ejecutada por la U. Cat\u00f3lica del Maule, sin duda ser\u00e1 recordada por haber desarrollado m\u00faltiples actividades, abarcando diferentes puntos de la regi\u00f3n, contando con la participaci\u00f3n de m\u00e1s de 8 mil personas. A la exitosa charla masiva dada [&hellip;]\" class=\"yoast-seo-meta-tag\" \/>\n<meta property=\"og:url\" content=\"https:\/\/dev.explora.cl\/ohiggins\/inolvidable-semana-de-la-cyt-en-o-higgins\/\" class=\"yoast-seo-meta-tag\" \/>\n<meta property=\"og:site_name\" content=\"O&#039;Higgins\" class=\"yoast-seo-meta-tag\" \/>\n<meta property=\"article:published_time\" content=\"2018-10-13T01:29:42+00:00\" class=\"yoast-seo-meta-tag\" \/>\n<meta property=\"article:modified_time\" content=\"2019-05-20T18:06:53+00:00\" class=\"yoast-seo-meta-tag\" \/>\n<meta name=\"author\" content=\"webman\" class=\"yoast-seo-meta-tag\" \/>\n<meta name=\"twitter:card\" content=\"summary_large_image\" class=\"yoast-seo-meta-tag\" \/>\n<meta name=\"twitter:label1\" content=\"Escrito por\" class=\"yoast-seo-meta-tag\" \/>\n\t<meta name=\"twitter:data1\" content=\"webman\" class=\"yoast-seo-meta-tag\" \/>\n\t<meta name=\"twitter:label2\" content=\"Tiempo estimado de lectura\" class=\"yoast-seo-meta-tag\" \/>\n\t<meta name=\"twitter:data2\" content=\"5 minutos\" class=\"yoast-seo-meta-tag\" \/>\n<script type=\"application\/ld+json\" class=\"yoast-schema-graph\">{\"@context\":\"https:\/\/schema.org\",\"@graph\":[{\"@type\":\"Article\",\"@id\":\"https:\/\/dev.explora.cl\/ohiggins\/inolvidable-semana-de-la-cyt-en-o-higgins\/#article\",\"isPartOf\":{\"@id\":\"https:\/\/dev.explora.cl\/ohiggins\/inolvidable-semana-de-la-cyt-en-o-higgins\/\"},\"author\":{\"name\":\"webman\",\"@id\":\"https:\/\/dev.explora.cl\/ohiggins\/#\/schema\/person\/cb8349c13ea2d324080adf8480d7ba5d\"},\"headline\":\"Inolvidable Semana de la CYT en O\u2019Higgins\",\"datePublished\":\"2018-10-13T01:29:42+00:00\",\"dateModified\":\"2019-05-20T18:06:53+00:00\",\"mainEntityOfPage\":{\"@id\":\"https:\/\/dev.explora.cl\/ohiggins\/inolvidable-semana-de-la-cyt-en-o-higgins\/\"},\"wordCount\":976,\"image\":{\"@id\":\"https:\/\/dev.explora.cl\/ohiggins\/inolvidable-semana-de-la-cyt-en-o-higgins\/#primaryimage\"},\"thumbnailUrl\":\"\",\"articleSection\":[\"Noticias\"],\"inLanguage\":\"es-CL\"},{\"@type\":\"WebPage\",\"@id\":\"https:\/\/dev.explora.cl\/ohiggins\/inolvidable-semana-de-la-cyt-en-o-higgins\/\",\"url\":\"https:\/\/dev.explora.cl\/ohiggins\/inolvidable-semana-de-la-cyt-en-o-higgins\/\",\"name\":\"Inolvidable Semana de la CYT en O\u2019Higgins - O&#039;Higgins\",\"isPartOf\":{\"@id\":\"https:\/\/dev.explora.cl\/ohiggins\/#website\"},\"primaryImageOfPage\":{\"@id\":\"https:\/\/dev.explora.cl\/ohiggins\/inolvidable-semana-de-la-cyt-en-o-higgins\/#primaryimage\"},\"image\":{\"@id\":\"https:\/\/dev.explora.cl\/ohiggins\/inolvidable-semana-de-la-cyt-en-o-higgins\/#primaryimage\"},\"thumbnailUrl\":\"\",\"datePublished\":\"2018-10-13T01:29:42+00:00\",\"dateModified\":\"2019-05-20T18:06:53+00:00\",\"author\":{\"@id\":\"https:\/\/dev.explora.cl\/ohiggins\/#\/schema\/person\/cb8349c13ea2d324080adf8480d7ba5d\"},\"breadcrumb\":{\"@id\":\"https:\/\/dev.explora.cl\/ohiggins\/inolvidable-semana-de-la-cyt-en-o-higgins\/#breadcrumb\"},\"inLanguage\":\"es-CL\",\"potentialAction\":[{\"@type\":\"ReadAction\",\"target\":[\"https:\/\/dev.explora.cl\/ohiggins\/inolvidable-semana-de-la-cyt-en-o-higgins\/\"]}]},{\"@type\":\"ImageObject\",\"inLanguage\":\"es-CL\",\"@id\":\"https:\/\/dev.explora.cl\/ohiggins\/inolvidable-semana-de-la-cyt-en-o-higgins\/#primaryimage\",\"url\":\"\",\"contentUrl\":\"\"},{\"@type\":\"BreadcrumbList\",\"@id\":\"https:\/\/dev.explora.cl\/ohiggins\/inolvidable-semana-de-la-cyt-en-o-higgins\/#breadcrumb\",\"itemListElement\":[{\"@type\":\"ListItem\",\"position\":1,\"name\":\"Portada\",\"item\":\"https:\/\/dev.explora.cl\/ohiggins\/\"},{\"@type\":\"ListItem\",\"position\":2,\"name\":\"Inolvidable Semana de la CYT en O\u2019Higgins\"}]},{\"@type\":\"WebSite\",\"@id\":\"https:\/\/dev.explora.cl\/ohiggins\/#website\",\"url\":\"https:\/\/dev.explora.cl\/ohiggins\/\",\"name\":\"O&#039;Higgins\",\"description\":\"Otro sitio m\u00e1s de dev.explora.cl\",\"potentialAction\":[{\"@type\":\"SearchAction\",\"target\":{\"@type\":\"EntryPoint\",\"urlTemplate\":\"https:\/\/dev.explora.cl\/ohiggins\/?s={search_term_string}\"},\"query-input\":{\"@type\":\"PropertyValueSpecification\",\"valueRequired\":true,\"valueName\":\"search_term_string\"}}],\"inLanguage\":\"es-CL\"},{\"@type\":\"Person\",\"@id\":\"https:\/\/dev.explora.cl\/ohiggins\/#\/schema\/person\/cb8349c13ea2d324080adf8480d7ba5d\",\"name\":\"webman\",\"image\":{\"@type\":\"ImageObject\",\"inLanguage\":\"es-CL\",\"@id\":\"https:\/\/dev.explora.cl\/ohiggins\/#\/schema\/person\/image\/\",\"url\":\"https:\/\/secure.gravatar.com\/avatar\/eeff3c82f2c02f7177d13663b7e6f890e9a6a0647ce9bb29cae02dcb094c7312?s=96&d=mm&r=g\",\"contentUrl\":\"https:\/\/secure.gravatar.com\/avatar\/eeff3c82f2c02f7177d13663b7e6f890e9a6a0647ce9bb29cae02dcb094c7312?s=96&d=mm&r=g\",\"caption\":\"webman\"},\"url\":\"https:\/\/dev.explora.cl\/ohiggins\/author\/webman\/\"}]}<\/script>\n<!-- \/ Yoast SEO plugin. -->","yoast_head_json":{"title":"Inolvidable Semana de la CYT en O\u2019Higgins - O&#039;Higgins","robots":{"index":"index","follow":"follow","max-snippet":"max-snippet:-1","max-image-preview":"max-image-preview:large","max-video-preview":"max-video-preview:-1"},"canonical":"https:\/\/dev.explora.cl\/ohiggins\/inolvidable-semana-de-la-cyt-en-o-higgins\/","og_locale":"es_ES","og_type":"article","og_title":"Inolvidable Semana de la CYT en O\u2019Higgins - O&#039;Higgins","og_description":"La XXIV Semana de la Ciencia y la Tecnolog\u00eda celebrado por PAR Explora de CONICYT O\u2019Higgins, entidad ejecutada por la U. Cat\u00f3lica del Maule, sin duda ser\u00e1 recordada por haber desarrollado m\u00faltiples actividades, abarcando diferentes puntos de la regi\u00f3n, contando con la participaci\u00f3n de m\u00e1s de 8 mil personas. A la exitosa charla masiva dada [&hellip;]","og_url":"https:\/\/dev.explora.cl\/ohiggins\/inolvidable-semana-de-la-cyt-en-o-higgins\/","og_site_name":"O&#039;Higgins","article_published_time":"2018-10-13T01:29:42+00:00","article_modified_time":"2019-05-20T18:06:53+00:00","author":"webman","twitter_card":"summary_large_image","twitter_misc":{"Escrito por":"webman","Tiempo estimado de lectura":"5 minutos"},"schema":{"@context":"https:\/\/schema.org","@graph":[{"@type":"Article","@id":"https:\/\/dev.explora.cl\/ohiggins\/inolvidable-semana-de-la-cyt-en-o-higgins\/#article","isPartOf":{"@id":"https:\/\/dev.explora.cl\/ohiggins\/inolvidable-semana-de-la-cyt-en-o-higgins\/"},"author":{"name":"webman","@id":"https:\/\/dev.explora.cl\/ohiggins\/#\/schema\/person\/cb8349c13ea2d324080adf8480d7ba5d"},"headline":"Inolvidable Semana de la CYT en O\u2019Higgins","datePublished":"2018-10-13T01:29:42+00:00","dateModified":"2019-05-20T18:06:53+00:00","mainEntityOfPage":{"@id":"https:\/\/dev.explora.cl\/ohiggins\/inolvidable-semana-de-la-cyt-en-o-higgins\/"},"wordCount":976,"image":{"@id":"https:\/\/dev.explora.cl\/ohiggins\/inolvidable-semana-de-la-cyt-en-o-higgins\/#primaryimage"},"thumbnailUrl":"","articleSection":["Noticias"],"inLanguage":"es-CL"},{"@type":"WebPage","@id":"https:\/\/dev.explora.cl\/ohiggins\/inolvidable-semana-de-la-cyt-en-o-higgins\/","url":"https:\/\/dev.explora.cl\/ohiggins\/inolvidable-semana-de-la-cyt-en-o-higgins\/","name":"Inolvidable Semana de la CYT en O\u2019Higgins - O&#039;Higgins","isPartOf":{"@id":"https:\/\/dev.explora.cl\/ohiggins\/#website"},"primaryImageOfPage":{"@id":"https:\/\/dev.explora.cl\/ohiggins\/inolvidable-semana-de-la-cyt-en-o-higgins\/#primaryimage"},"image":{"@id":"https:\/\/dev.explora.cl\/ohiggins\/inolvidable-semana-de-la-cyt-en-o-higgins\/#primaryimage"},"thumbnailUrl":"","datePublished":"2018-10-13T01:29:42+00:00","dateModified":"2019-05-20T18:06:53+00:00","author":{"@id":"https:\/\/dev.explora.cl\/ohiggins\/#\/schema\/person\/cb8349c13ea2d324080adf8480d7ba5d"},"breadcrumb":{"@id":"https:\/\/dev.explora.cl\/ohiggins\/inolvidable-semana-de-la-cyt-en-o-higgins\/#breadcrumb"},"inLanguage":"es-CL","potentialAction":[{"@type":"ReadAction","target":["https:\/\/dev.explora.cl\/ohiggins\/inolvidable-semana-de-la-cyt-en-o-higgins\/"]}]},{"@type":"ImageObject","inLanguage":"es-CL","@id":"https:\/\/dev.explora.cl\/ohiggins\/inolvidable-semana-de-la-cyt-en-o-higgins\/#primaryimage","url":"","contentUrl":""},{"@type":"BreadcrumbList","@id":"https:\/\/dev.explora.cl\/ohiggins\/inolvidable-semana-de-la-cyt-en-o-higgins\/#breadcrumb","itemListElement":[{"@type":"ListItem","position":1,"name":"Portada","item":"https:\/\/dev.explora.cl\/ohiggins\/"},{"@type":"ListItem","position":2,"name":"Inolvidable Semana de la CYT en O\u2019Higgins"}]},{"@type":"WebSite","@id":"https:\/\/dev.explora.cl\/ohiggins\/#website","url":"https:\/\/dev.explora.cl\/ohiggins\/","name":"O&#039;Higgins","description":"Otro sitio m\u00e1s de dev.explora.cl","potentialAction":[{"@type":"SearchAction","target":{"@type":"EntryPoint","urlTemplate":"https:\/\/dev.explora.cl\/ohiggins\/?s={search_term_string}"},"query-input":{"@type":"PropertyValueSpecification","valueRequired":true,"valueName":"search_term_string"}}],"inLanguage":"es-CL"},{"@type":"Person","@id":"https:\/\/dev.explora.cl\/ohiggins\/#\/schema\/person\/cb8349c13ea2d324080adf8480d7ba5d","name":"webman","image":{"@type":"ImageObject","inLanguage":"es-CL","@id":"https:\/\/dev.explora.cl\/ohiggins\/#\/schema\/person\/image\/","url":"https:\/\/secure.gravatar.com\/avatar\/eeff3c82f2c02f7177d13663b7e6f890e9a6a0647ce9bb29cae02dcb094c7312?s=96&d=mm&r=g","contentUrl":"https:\/\/secure.gravatar.com\/avatar\/eeff3c82f2c02f7177d13663b7e6f890e9a6a0647ce9bb29cae02dcb094c7312?s=96&d=mm&r=g","caption":"webman"},"url":"https:\/\/dev.explora.cl\/ohiggins\/author\/webman\/"}]}},"_links":{"self":[{"href":"https:\/\/dev.explora.cl\/ohiggins\/wp-json\/wp\/v2\/posts\/37092","targetHints":{"allow":["GET"]}}],"collection":[{"href":"https:\/\/dev.explora.cl\/ohiggins\/wp-json\/wp\/v2\/posts"}],"about":[{"href":"https:\/\/dev.explora.cl\/ohiggins\/wp-json\/wp\/v2\/types\/post"}],"author":[{"embeddable":true,"href":"https:\/\/dev.explora.cl\/ohiggins\/wp-json\/wp\/v2\/users\/2"}],"replies":[{"embeddable":true,"href":"https:\/\/dev.explora.cl\/ohiggins\/wp-json\/wp\/v2\/comments?post=37092"}],"version-history":[{"count":1,"href":"https:\/\/dev.explora.cl\/ohiggins\/wp-json\/wp\/v2\/posts\/37092\/revisions"}],"predecessor-version":[{"id":37951,"href":"https:\/\/dev.explora.cl\/ohiggins\/wp-json\/wp\/v2\/posts\/37092\/revisions\/37951"}],"wp:featuredmedia":[{"embeddable":true,"href":"https:\/\/dev.explora.cl\/ohiggins\/wp-json\/"}],"wp:attachment":[{"href":"https:\/\/dev.explora.cl\/ohiggins\/wp-json\/wp\/v2\/media?parent=37092"}],"wp:term":[{"taxonomy":"category","embeddable":true,"href":"https:\/\/dev.explora.cl\/ohiggins\/wp-json\/wp\/v2\/categories?post=37092"},{"taxonomy":"post_tag","embeddable":true,"href":"https:\/\/dev.explora.cl\/ohiggins\/wp-json\/wp\/v2\/tags?post=37092"}],"curies":[{"name":"wp","href":"https:\/\/api.w.org\/{rel}","templated":true}]}}