{"id":37079,"date":"2018-10-12T18:55:53","date_gmt":"2018-10-12T22:55:53","guid":{"rendered":"https:\/\/dev.explora.cl\/blog\/2018\/10\/12\/maza-rockstar\/"},"modified":"2019-05-20T18:06:53","modified_gmt":"2019-05-20T18:06:53","slug":"maza-rockstar","status":"publish","type":"post","link":"https:\/\/dev.explora.cl\/ohiggins\/maza-rockstar\/","title":{"rendered":"Jos\u00e9 Maza da charla masiva m\u00e1s grande de Chile"},"content":{"rendered":"<p><img loading=\"lazy\" decoding=\"async\" class=\"aligncenter wp-image-37077 size-full\" style=\"margin-left: auto;margin-right: auto\" src=\"https:\/\/dev.explora.cl\/wp-content\/uploads\/2018\/10\/charla_dr_maza-7.jpg\" alt=\"charla dr maza-7.jpg\" width=\"645\" height=\"294\" \/><\/p>\n<p style=\"text-align: justify\"><em><strong>\u00a0*Evento organizado por PAR Explora de CONICYT O\u2019Higgins y centro CATA logr\u00f3 reunir a 6 mil personas provenientes de todas partes de la regi\u00f3n en Medialuna Monumental.<\/strong><\/em><\/p>\n<p style=\"text-align: justify\">Seis mil personas asistieron a la presentaci\u00f3n de <strong>\u201cMarte la Pr\u00f3xima Frontera\u201d dictada por Jos\u00e9 Maza Sancho<\/strong>, evento que se llev\u00f3 a cabo este jueves 11 de octubre en la Medialuna Monumental de Rancagua, organizado por PAR Explora de CONICYT O\u2019Higgins, proyecto ejecutado por la Universidad Cat\u00f3lica del Maule y el Centro de Astrof\u00edsica y Tecnolog\u00edas Afines (CATA).<\/p>\n<p style=\"text-align: justify\">\u201cEstoy muy feliz, la gente respondi\u00f3 maravillosamente. Estuve firmando libros hasta pasada las 10 de la noche. Sent\u00ed el cari\u00f1o de las miles de personas que soportaron el fr\u00edo y que llegaron de todos lados de la regi\u00f3n de O\u2019Higgins. Me voy muy agradecido de Rancagua\u201d, as\u00ed lo explic\u00f3 Jos\u00e9 Maza, Jefe de Comunicaciones de CATA y Premio Nacional de Ciencias Exactas 1999.<\/p>\n<p style=\"text-align: justify\"><img loading=\"lazy\" decoding=\"async\" class=\" alignleft size-full wp-image-37078\" style=\"margin-right: 10px;margin-bottom: 10px;float: left\" src=\"https:\/\/dev.explora.cl\/wp-content\/uploads\/2018\/10\/charla_dr_maza-4.jpg\" alt=\"charla dr maza 4\" width=\"400\" height=\"267\" \/>La exitosa empresa fue lograda gracias al apoyo clave de las diversas entidades que colaboraron, como la Municipalidad de Rancagua y la Federaci\u00f3n de Rodeo Chileno: \u201cEn un momento pensamos que iba a llover y que literalmente se nos iba a aguar la fiesta, pero el tiempo estuvo de nuestro lado y sali\u00f3 el sol. Literalmente entregamos miles de entradas, la gente respondi\u00f3 muy bien, se hicieron filas de autos para entrar al recinto y la alcald\u00eda se port\u00f3 un siete. No podemos estar m\u00e1s felices\u201d, coment\u00f3 R\u00f3mulo Santelices, Director del PAR Explora regional.<\/p>\n<p style=\"text-align: justify\">La charla form\u00f3 parte de las celebraciones de la <strong>XXIV Semana Nacional de la Ciencia y la Tecnolog\u00eda del Programa Explora de CONICYT<\/strong>, cont\u00f3 con traducci\u00f3n simult\u00e1nea a lengua de se\u00f1as, gracias al programa &#8220;Rompiendo la Barrera Del Sonido de la Sociedad Chilena de Astronom\u00eda&#8221; (Sochias), adem\u00e1s, se present\u00f3 exitosamente la banda de astrof\u00edsicos de la Universidad de Valpara\u00edso \u201cCosmic Strings\u201d, hubo un stand con astronom\u00eda t\u00e1ctil para todo de p\u00fablico, y observaciones astron\u00f3micas con el grupo Astronom\u00eda San Fernando.<\/p>\n<p style=\"text-align: justify\"><strong>Un a\u00f1o de r\u00e9cords<\/strong><\/p>\n<p style=\"text-align: justify\">Todo comenz\u00f3 el 23 marzo cuando el mismo Jos\u00e9 Maza dict\u00f3 la que hasta ese momento era la charla cient\u00edfica m\u00e1s masiva de la historia de Chile \u201cEn esa ocasi\u00f3n dict\u00e9 somos Polvo de Estrellas en el Anfiteatro San Pedro de la Paz. Fue algo impresionante\u2026 llegaron 5 mil personas y todos estaban entretenidos con mis historias del universo. Lo recuerdo con mucho aprecio\u201d, explicaba Maza.<\/p>\n<p style=\"text-align: justify\">Desde ese momento hasta ahora el cient\u00edfico ha dado decenas de charlas, destacando: Chill\u00e1n (1200), en Concepci\u00f3n (2700), en Santiago (960) para el lanzamiento de su \u00faltimo libro \u201cMarte la Pr\u00f3xima Frontera\u201d.<\/p>\n<p style=\"text-align: justify\">El profesor Maza est\u00e1 trabajando en sus pr\u00f3ximos libros: \u201cYo no concibo el hacer astronom\u00eda para unos pocos, quiero que la ciencia llegue a la mayor parte de la gente, que vean y sientan que es una herramienta para mejorar sus vidas. Es por eso que estoy trabajando en m\u00e1s libros de divulgaci\u00f3n, no quiero adelantar mucho, pero les puedo asegurar que aquellos que miren el cielo tendr\u00e1n cada d\u00eda m\u00e1s historias que contar\u201d, concluy\u00f3, el tambi\u00e9n acad\u00e9mico del Departamento de Astronom\u00eda FCFM de la Universidad de Chile.<\/p>\n<p style=\"text-align: justify\">Para ver \u00e1lbum fotogr\u00e1fico se puede hacer <a href=\"https:\/\/www.facebook.com\/media\/set\/?set=a.2386669208032051&amp;type=1&amp;l=cf0479eab7\" target=\"_blank\" rel=\"noopener noreferrer\">click ac\u00e1.<\/a><\/p>\n","protected":false},"excerpt":{"rendered":"<p>\u00a0*Evento organizado por PAR Explora de CONICYT O\u2019Higgins y centro CATA logr\u00f3 reunir a 6 mil personas provenientes de todas partes de la regi\u00f3n en Medialuna Monumental. Seis mil personas asistieron a la presentaci\u00f3n de \u201cMarte la Pr\u00f3xima Frontera\u201d dictada por Jos\u00e9 Maza Sancho, evento que se llev\u00f3 a cabo este jueves 11 de octubre [&hellip;]<\/p>\n","protected":false},"author":2,"featured_media":37076,"comment_status":"closed","ping_status":"open","sticky":false,"template":"","format":"standard","meta":{"_acf_changed":false,"_exactmetrics_skip_tracking":false,"_exactmetrics_sitenote_active":false,"_exactmetrics_sitenote_note":"","_exactmetrics_sitenote_category":0,"footnotes":"","_links_to":"","_links_to_target":""},"categories":[4],"tags":[],"class_list":["post-37079","post","type-post","status-publish","format-standard","has-post-thumbnail","hentry","category-noticias"],"acf":[],"yoast_head":"<!-- This site is optimized with the Yoast SEO plugin v26.7 - https:\/\/yoast.com\/wordpress\/plugins\/seo\/ -->\n<title>Jos\u00e9 Maza da charla masiva m\u00e1s grande de Chile - O&#039;Higgins<\/title>\n<meta name=\"robots\" content=\"index, follow, max-snippet:-1, max-image-preview:large, max-video-preview:-1\" \/>\n<link rel=\"canonical\" href=\"https:\/\/dev.explora.cl\/ohiggins\/maza-rockstar\/\" class=\"yoast-seo-meta-tag\" \/>\n<meta property=\"og:locale\" content=\"es_ES\" class=\"yoast-seo-meta-tag\" \/>\n<meta property=\"og:type\" content=\"article\" class=\"yoast-seo-meta-tag\" \/>\n<meta property=\"og:title\" content=\"Jos\u00e9 Maza da charla masiva m\u00e1s grande de Chile - O&#039;Higgins\" class=\"yoast-seo-meta-tag\" \/>\n<meta property=\"og:description\" content=\"\u00a0*Evento organizado por PAR Explora de CONICYT O\u2019Higgins y centro CATA logr\u00f3 reunir a 6 mil personas provenientes de todas partes de la regi\u00f3n en Medialuna Monumental. Seis mil personas asistieron a la presentaci\u00f3n de \u201cMarte la Pr\u00f3xima Frontera\u201d dictada por Jos\u00e9 Maza Sancho, evento que se llev\u00f3 a cabo este jueves 11 de octubre [&hellip;]\" class=\"yoast-seo-meta-tag\" \/>\n<meta property=\"og:url\" content=\"https:\/\/dev.explora.cl\/ohiggins\/maza-rockstar\/\" class=\"yoast-seo-meta-tag\" \/>\n<meta property=\"og:site_name\" content=\"O&#039;Higgins\" class=\"yoast-seo-meta-tag\" \/>\n<meta property=\"article:published_time\" content=\"2018-10-12T22:55:53+00:00\" class=\"yoast-seo-meta-tag\" \/>\n<meta property=\"article:modified_time\" content=\"2019-05-20T18:06:53+00:00\" class=\"yoast-seo-meta-tag\" \/>\n<meta name=\"author\" content=\"webman\" class=\"yoast-seo-meta-tag\" \/>\n<meta name=\"twitter:card\" content=\"summary_large_image\" class=\"yoast-seo-meta-tag\" \/>\n<meta name=\"twitter:label1\" content=\"Escrito por\" class=\"yoast-seo-meta-tag\" \/>\n\t<meta name=\"twitter:data1\" content=\"webman\" class=\"yoast-seo-meta-tag\" \/>\n\t<meta name=\"twitter:label2\" content=\"Tiempo estimado de lectura\" class=\"yoast-seo-meta-tag\" \/>\n\t<meta name=\"twitter:data2\" content=\"3 minutos\" class=\"yoast-seo-meta-tag\" \/>\n<script type=\"application\/ld+json\" class=\"yoast-schema-graph\">{\"@context\":\"https:\/\/schema.org\",\"@graph\":[{\"@type\":\"Article\",\"@id\":\"https:\/\/dev.explora.cl\/ohiggins\/maza-rockstar\/#article\",\"isPartOf\":{\"@id\":\"https:\/\/dev.explora.cl\/ohiggins\/maza-rockstar\/\"},\"author\":{\"name\":\"webman\",\"@id\":\"https:\/\/dev.explora.cl\/ohiggins\/#\/schema\/person\/cb8349c13ea2d324080adf8480d7ba5d\"},\"headline\":\"Jos\u00e9 Maza da charla masiva m\u00e1s grande de Chile\",\"datePublished\":\"2018-10-12T22:55:53+00:00\",\"dateModified\":\"2019-05-20T18:06:53+00:00\",\"mainEntityOfPage\":{\"@id\":\"https:\/\/dev.explora.cl\/ohiggins\/maza-rockstar\/\"},\"wordCount\":571,\"image\":{\"@id\":\"https:\/\/dev.explora.cl\/ohiggins\/maza-rockstar\/#primaryimage\"},\"thumbnailUrl\":\"\",\"articleSection\":[\"Noticias\"],\"inLanguage\":\"es-CL\"},{\"@type\":\"WebPage\",\"@id\":\"https:\/\/dev.explora.cl\/ohiggins\/maza-rockstar\/\",\"url\":\"https:\/\/dev.explora.cl\/ohiggins\/maza-rockstar\/\",\"name\":\"Jos\u00e9 Maza da charla masiva m\u00e1s grande de Chile - O&#039;Higgins\",\"isPartOf\":{\"@id\":\"https:\/\/dev.explora.cl\/ohiggins\/#website\"},\"primaryImageOfPage\":{\"@id\":\"https:\/\/dev.explora.cl\/ohiggins\/maza-rockstar\/#primaryimage\"},\"image\":{\"@id\":\"https:\/\/dev.explora.cl\/ohiggins\/maza-rockstar\/#primaryimage\"},\"thumbnailUrl\":\"\",\"datePublished\":\"2018-10-12T22:55:53+00:00\",\"dateModified\":\"2019-05-20T18:06:53+00:00\",\"author\":{\"@id\":\"https:\/\/dev.explora.cl\/ohiggins\/#\/schema\/person\/cb8349c13ea2d324080adf8480d7ba5d\"},\"breadcrumb\":{\"@id\":\"https:\/\/dev.explora.cl\/ohiggins\/maza-rockstar\/#breadcrumb\"},\"inLanguage\":\"es-CL\",\"potentialAction\":[{\"@type\":\"ReadAction\",\"target\":[\"https:\/\/dev.explora.cl\/ohiggins\/maza-rockstar\/\"]}]},{\"@type\":\"ImageObject\",\"inLanguage\":\"es-CL\",\"@id\":\"https:\/\/dev.explora.cl\/ohiggins\/maza-rockstar\/#primaryimage\",\"url\":\"\",\"contentUrl\":\"\"},{\"@type\":\"BreadcrumbList\",\"@id\":\"https:\/\/dev.explora.cl\/ohiggins\/maza-rockstar\/#breadcrumb\",\"itemListElement\":[{\"@type\":\"ListItem\",\"position\":1,\"name\":\"Portada\",\"item\":\"https:\/\/dev.explora.cl\/ohiggins\/\"},{\"@type\":\"ListItem\",\"position\":2,\"name\":\"Jos\u00e9 Maza da charla masiva m\u00e1s grande de Chile\"}]},{\"@type\":\"WebSite\",\"@id\":\"https:\/\/dev.explora.cl\/ohiggins\/#website\",\"url\":\"https:\/\/dev.explora.cl\/ohiggins\/\",\"name\":\"O&#039;Higgins\",\"description\":\"Otro sitio m\u00e1s de dev.explora.cl\",\"potentialAction\":[{\"@type\":\"SearchAction\",\"target\":{\"@type\":\"EntryPoint\",\"urlTemplate\":\"https:\/\/dev.explora.cl\/ohiggins\/?s={search_term_string}\"},\"query-input\":{\"@type\":\"PropertyValueSpecification\",\"valueRequired\":true,\"valueName\":\"search_term_string\"}}],\"inLanguage\":\"es-CL\"},{\"@type\":\"Person\",\"@id\":\"https:\/\/dev.explora.cl\/ohiggins\/#\/schema\/person\/cb8349c13ea2d324080adf8480d7ba5d\",\"name\":\"webman\",\"image\":{\"@type\":\"ImageObject\",\"inLanguage\":\"es-CL\",\"@id\":\"https:\/\/dev.explora.cl\/ohiggins\/#\/schema\/person\/image\/\",\"url\":\"https:\/\/secure.gravatar.com\/avatar\/eeff3c82f2c02f7177d13663b7e6f890e9a6a0647ce9bb29cae02dcb094c7312?s=96&d=mm&r=g\",\"contentUrl\":\"https:\/\/secure.gravatar.com\/avatar\/eeff3c82f2c02f7177d13663b7e6f890e9a6a0647ce9bb29cae02dcb094c7312?s=96&d=mm&r=g\",\"caption\":\"webman\"},\"url\":\"https:\/\/dev.explora.cl\/ohiggins\/author\/webman\/\"}]}<\/script>\n<!-- \/ Yoast SEO plugin. -->","yoast_head_json":{"title":"Jos\u00e9 Maza da charla masiva m\u00e1s grande de Chile - O&#039;Higgins","robots":{"index":"index","follow":"follow","max-snippet":"max-snippet:-1","max-image-preview":"max-image-preview:large","max-video-preview":"max-video-preview:-1"},"canonical":"https:\/\/dev.explora.cl\/ohiggins\/maza-rockstar\/","og_locale":"es_ES","og_type":"article","og_title":"Jos\u00e9 Maza da charla masiva m\u00e1s grande de Chile - O&#039;Higgins","og_description":"\u00a0*Evento organizado por PAR Explora de CONICYT O\u2019Higgins y centro CATA logr\u00f3 reunir a 6 mil personas provenientes de todas partes de la regi\u00f3n en Medialuna Monumental. Seis mil personas asistieron a la presentaci\u00f3n de \u201cMarte la Pr\u00f3xima Frontera\u201d dictada por Jos\u00e9 Maza Sancho, evento que se llev\u00f3 a cabo este jueves 11 de octubre [&hellip;]","og_url":"https:\/\/dev.explora.cl\/ohiggins\/maza-rockstar\/","og_site_name":"O&#039;Higgins","article_published_time":"2018-10-12T22:55:53+00:00","article_modified_time":"2019-05-20T18:06:53+00:00","author":"webman","twitter_card":"summary_large_image","twitter_misc":{"Escrito por":"webman","Tiempo estimado de lectura":"3 minutos"},"schema":{"@context":"https:\/\/schema.org","@graph":[{"@type":"Article","@id":"https:\/\/dev.explora.cl\/ohiggins\/maza-rockstar\/#article","isPartOf":{"@id":"https:\/\/dev.explora.cl\/ohiggins\/maza-rockstar\/"},"author":{"name":"webman","@id":"https:\/\/dev.explora.cl\/ohiggins\/#\/schema\/person\/cb8349c13ea2d324080adf8480d7ba5d"},"headline":"Jos\u00e9 Maza da charla masiva m\u00e1s grande de Chile","datePublished":"2018-10-12T22:55:53+00:00","dateModified":"2019-05-20T18:06:53+00:00","mainEntityOfPage":{"@id":"https:\/\/dev.explora.cl\/ohiggins\/maza-rockstar\/"},"wordCount":571,"image":{"@id":"https:\/\/dev.explora.cl\/ohiggins\/maza-rockstar\/#primaryimage"},"thumbnailUrl":"","articleSection":["Noticias"],"inLanguage":"es-CL"},{"@type":"WebPage","@id":"https:\/\/dev.explora.cl\/ohiggins\/maza-rockstar\/","url":"https:\/\/dev.explora.cl\/ohiggins\/maza-rockstar\/","name":"Jos\u00e9 Maza da charla masiva m\u00e1s grande de Chile - O&#039;Higgins","isPartOf":{"@id":"https:\/\/dev.explora.cl\/ohiggins\/#website"},"primaryImageOfPage":{"@id":"https:\/\/dev.explora.cl\/ohiggins\/maza-rockstar\/#primaryimage"},"image":{"@id":"https:\/\/dev.explora.cl\/ohiggins\/maza-rockstar\/#primaryimage"},"thumbnailUrl":"","datePublished":"2018-10-12T22:55:53+00:00","dateModified":"2019-05-20T18:06:53+00:00","author":{"@id":"https:\/\/dev.explora.cl\/ohiggins\/#\/schema\/person\/cb8349c13ea2d324080adf8480d7ba5d"},"breadcrumb":{"@id":"https:\/\/dev.explora.cl\/ohiggins\/maza-rockstar\/#breadcrumb"},"inLanguage":"es-CL","potentialAction":[{"@type":"ReadAction","target":["https:\/\/dev.explora.cl\/ohiggins\/maza-rockstar\/"]}]},{"@type":"ImageObject","inLanguage":"es-CL","@id":"https:\/\/dev.explora.cl\/ohiggins\/maza-rockstar\/#primaryimage","url":"","contentUrl":""},{"@type":"BreadcrumbList","@id":"https:\/\/dev.explora.cl\/ohiggins\/maza-rockstar\/#breadcrumb","itemListElement":[{"@type":"ListItem","position":1,"name":"Portada","item":"https:\/\/dev.explora.cl\/ohiggins\/"},{"@type":"ListItem","position":2,"name":"Jos\u00e9 Maza da charla masiva m\u00e1s grande de Chile"}]},{"@type":"WebSite","@id":"https:\/\/dev.explora.cl\/ohiggins\/#website","url":"https:\/\/dev.explora.cl\/ohiggins\/","name":"O&#039;Higgins","description":"Otro sitio m\u00e1s de dev.explora.cl","potentialAction":[{"@type":"SearchAction","target":{"@type":"EntryPoint","urlTemplate":"https:\/\/dev.explora.cl\/ohiggins\/?s={search_term_string}"},"query-input":{"@type":"PropertyValueSpecification","valueRequired":true,"valueName":"search_term_string"}}],"inLanguage":"es-CL"},{"@type":"Person","@id":"https:\/\/dev.explora.cl\/ohiggins\/#\/schema\/person\/cb8349c13ea2d324080adf8480d7ba5d","name":"webman","image":{"@type":"ImageObject","inLanguage":"es-CL","@id":"https:\/\/dev.explora.cl\/ohiggins\/#\/schema\/person\/image\/","url":"https:\/\/secure.gravatar.com\/avatar\/eeff3c82f2c02f7177d13663b7e6f890e9a6a0647ce9bb29cae02dcb094c7312?s=96&d=mm&r=g","contentUrl":"https:\/\/secure.gravatar.com\/avatar\/eeff3c82f2c02f7177d13663b7e6f890e9a6a0647ce9bb29cae02dcb094c7312?s=96&d=mm&r=g","caption":"webman"},"url":"https:\/\/dev.explora.cl\/ohiggins\/author\/webman\/"}]}},"_links":{"self":[{"href":"https:\/\/dev.explora.cl\/ohiggins\/wp-json\/wp\/v2\/posts\/37079","targetHints":{"allow":["GET"]}}],"collection":[{"href":"https:\/\/dev.explora.cl\/ohiggins\/wp-json\/wp\/v2\/posts"}],"about":[{"href":"https:\/\/dev.explora.cl\/ohiggins\/wp-json\/wp\/v2\/types\/post"}],"author":[{"embeddable":true,"href":"https:\/\/dev.explora.cl\/ohiggins\/wp-json\/wp\/v2\/users\/2"}],"replies":[{"embeddable":true,"href":"https:\/\/dev.explora.cl\/ohiggins\/wp-json\/wp\/v2\/comments?post=37079"}],"version-history":[{"count":1,"href":"https:\/\/dev.explora.cl\/ohiggins\/wp-json\/wp\/v2\/posts\/37079\/revisions"}],"predecessor-version":[{"id":37952,"href":"https:\/\/dev.explora.cl\/ohiggins\/wp-json\/wp\/v2\/posts\/37079\/revisions\/37952"}],"wp:featuredmedia":[{"embeddable":true,"href":"https:\/\/dev.explora.cl\/ohiggins\/wp-json\/"}],"wp:attachment":[{"href":"https:\/\/dev.explora.cl\/ohiggins\/wp-json\/wp\/v2\/media?parent=37079"}],"wp:term":[{"taxonomy":"category","embeddable":true,"href":"https:\/\/dev.explora.cl\/ohiggins\/wp-json\/wp\/v2\/categories?post=37079"},{"taxonomy":"post_tag","embeddable":true,"href":"https:\/\/dev.explora.cl\/ohiggins\/wp-json\/wp\/v2\/tags?post=37079"}],"curies":[{"name":"wp","href":"https:\/\/api.w.org\/{rel}","templated":true}]}}