{"id":35395,"date":"2018-08-23T21:13:29","date_gmt":"2018-08-24T01:13:29","guid":{"rendered":"https:\/\/dev.explora.cl\/blog\/2018\/08\/23\/par-explora-regional-desarrollo-seminario-de-educacion-cientifica\/"},"modified":"2019-05-20T18:06:57","modified_gmt":"2019-05-20T18:06:57","slug":"par-explora-regional-desarrollo-seminario-de-educacion-cientifica","status":"publish","type":"post","link":"https:\/\/dev.explora.cl\/ohiggins\/par-explora-regional-desarrollo-seminario-de-educacion-cientifica\/","title":{"rendered":"PAR Explora regional desarroll\u00f3 Seminario de Educaci\u00f3n Cient\u00edfica"},"content":{"rendered":"<p><img loading=\"lazy\" decoding=\"async\" class=\" size-full wp-image-35394\" src=\"https:\/\/dev.explora.cl\/wp-content\/uploads\/2018\/08\/seminario_final-25.jpg\" alt=\"seminario final 25\" width=\"700\" height=\"335\" style=\"margin-left: auto;margin-right: auto\" \/><\/p>\n<p style=\"text-align: justify\">Casi un centenar de docentes, educadoras y agentes educativos de las diversas comunas de la regi\u00f3n asistieron al <strong>Seminario de Educaci\u00f3n \u201cUna Mirada desde el Pensamiento Cr\u00edtico\u201d<\/strong> desarrollado por PAR Explora de CONICYT O\u2019Higgins, en el marco del a\u00f1o de los \u201cPor qu\u00e9\u201d del Programa Explora de CONICYT.<\/p>\n<p>La actividad se desarroll\u00f3 recientemente en Requ\u00ednoa, y estuvo dirigida a profesionales que trabajan con ni\u00f1os, ni\u00f1as y j\u00f3venes, para lo cual cont\u00f3 con la charla magistral &#8220;Habilidades para el Siglo XXI&#8221;, de Francisca Petrovich Editora creativa en Portal educarchile de Fundaci\u00f3n Chile.<\/p>\n<p>&nbsp;\u201cEn este seminario se han trabajado los tres ejes tem\u00e1ticos del a\u00f1o de los \u2018Por qu\u00e9\u2019: potenciar la curiosidad, la generaci\u00f3n de preguntas y el pensamiento cr\u00edtico. As\u00ed los y las docentes, puedan ejecutar en sus colegios actividades asociadas a esta tem\u00e1tica; que sin duda, es una competencia que los estudiantes pueden desarrollar en distintas \u00e1reas de su quehacer, no s\u00f3lo en las ciencias\u201d, coment\u00f3 el Dr. R\u00f3mulo Santelices, Director del PAR Explora regional.<\/p>\n<p>En su charla, la profesional de educarChile.cl, indic\u00f3 que es imprescindible actualizarse en las Habilidades que se necesitan para el Siglo XXI: \u201cSe deben identificar aquellos aprendizajes para que los ni\u00f1os puedan abordar los cambios, y puedan tener un mejor desempe\u00f1o en este mundo. Cuando hacemos esta reflexi\u00f3n nos damos cuenta de cu\u00e1les son, y de las metodolog\u00edas que permiten potenciarlas, como la comunicaci\u00f3n, la creatividad, la colaboraci\u00f3n y a innovaci\u00f3n que se demandan para un mundo como el nuestro\u201d.<\/p>\n<p>Tras la charla magistral, se realiz\u00f3 una mesa de di\u00e1logo, donde se conocieron experiencias exitosas, relativas al desarrollo del pensamiento cr\u00edtico, como la aplicaci\u00f3n web \u201cArgumentApp\u201d, que dio a conocer la Dra. Antonia Larra\u00edn de la Universidad Alberto Hurtado, la cual desarrolla la argumentaci\u00f3n en los estudiantes a trav\u00e9s de la tecnolog\u00eda.<\/p>\n<p>Posteriormente, el Dr. David Gonz\u00e1lez, asesor cient\u00edfico de PAR Explora O\u2019Higgins, relat\u00f3 c\u00f3mo se iniciaron las investigaciones cient\u00edficas escolares de la Escuela Pailimo y del Colegio Jes\u00fas Andino de Codegua, cu\u00e1les fueron las preguntas iniciales y c\u00f3mo se gestaron ambos proyectos ganadores de Congresos Regionales y Nacionales, motivando a los presentes a participar del Congreso Regional Escolar de Ciencia y Tecnolog\u00eda que se realiza anualmente en el mes de octubre.<\/p>\n<p>Durante la tarde se realizaron los talleres:&nbsp; \u201dLa m\u00e1quina de pensar\u201d con Francisca Petrovich, \u201dArgumentaci\u00f3n\u201d con Mar\u00eda Jes\u00fas Laguna UDP y \u201d Desarrollo del pensamiento cr\u00edtico a trav\u00e9s de medios de comunicaci\u00f3n\u201d con Dr. Luis C\u00e1rcamo de la Universidad Austral.<\/p>\n<p>Para m\u00e1s antecedentes de \u00e9sta y dem\u00e1s actividades relacionadas con la divulgaci\u00f3n de la ciencia en la regi\u00f3n, se puede revisar dev.explora.cl\/ohiggins.<\/p>\n","protected":false},"excerpt":{"rendered":"<p>Casi un centenar de docentes, educadoras y agentes educativos de las diversas comunas de la regi\u00f3n asistieron al Seminario de Educaci\u00f3n \u201cUna Mirada desde el Pensamiento Cr\u00edtico\u201d desarrollado por PAR Explora de CONICYT O\u2019Higgins, en el marco del a\u00f1o de los \u201cPor qu\u00e9\u201d del Programa Explora de CONICYT. La actividad se desarroll\u00f3 recientemente en Requ\u00ednoa, [&hellip;]<\/p>\n","protected":false},"author":2,"featured_media":35393,"comment_status":"closed","ping_status":"open","sticky":false,"template":"","format":"standard","meta":{"_acf_changed":false,"_exactmetrics_skip_tracking":false,"_exactmetrics_sitenote_active":false,"_exactmetrics_sitenote_note":"","_exactmetrics_sitenote_category":0,"footnotes":"","_links_to":"","_links_to_target":""},"categories":[4],"tags":[],"class_list":["post-35395","post","type-post","status-publish","format-standard","has-post-thumbnail","hentry","category-noticias"],"acf":[],"yoast_head":"<!-- This site is optimized with the Yoast SEO plugin v26.7 - https:\/\/yoast.com\/wordpress\/plugins\/seo\/ -->\n<title>PAR Explora regional desarroll\u00f3 Seminario de Educaci\u00f3n Cient\u00edfica - O&#039;Higgins<\/title>\n<meta name=\"robots\" content=\"index, follow, max-snippet:-1, max-image-preview:large, max-video-preview:-1\" \/>\n<link rel=\"canonical\" href=\"https:\/\/dev.explora.cl\/ohiggins\/par-explora-regional-desarrollo-seminario-de-educacion-cientifica\/\" class=\"yoast-seo-meta-tag\" \/>\n<meta property=\"og:locale\" content=\"es_ES\" class=\"yoast-seo-meta-tag\" \/>\n<meta property=\"og:type\" content=\"article\" class=\"yoast-seo-meta-tag\" \/>\n<meta property=\"og:title\" content=\"PAR Explora regional desarroll\u00f3 Seminario de Educaci\u00f3n Cient\u00edfica - O&#039;Higgins\" class=\"yoast-seo-meta-tag\" \/>\n<meta property=\"og:description\" content=\"Casi un centenar de docentes, educadoras y agentes educativos de las diversas comunas de la regi\u00f3n asistieron al Seminario de Educaci\u00f3n \u201cUna Mirada desde el Pensamiento Cr\u00edtico\u201d desarrollado por PAR Explora de CONICYT O\u2019Higgins, en el marco del a\u00f1o de los \u201cPor qu\u00e9\u201d del Programa Explora de CONICYT. La actividad se desarroll\u00f3 recientemente en Requ\u00ednoa, [&hellip;]\" class=\"yoast-seo-meta-tag\" \/>\n<meta property=\"og:url\" content=\"https:\/\/dev.explora.cl\/ohiggins\/par-explora-regional-desarrollo-seminario-de-educacion-cientifica\/\" class=\"yoast-seo-meta-tag\" \/>\n<meta property=\"og:site_name\" content=\"O&#039;Higgins\" class=\"yoast-seo-meta-tag\" \/>\n<meta property=\"article:published_time\" content=\"2018-08-24T01:13:29+00:00\" class=\"yoast-seo-meta-tag\" \/>\n<meta property=\"article:modified_time\" content=\"2019-05-20T18:06:57+00:00\" class=\"yoast-seo-meta-tag\" \/>\n<meta name=\"author\" content=\"webman\" class=\"yoast-seo-meta-tag\" \/>\n<meta name=\"twitter:card\" content=\"summary_large_image\" class=\"yoast-seo-meta-tag\" \/>\n<meta name=\"twitter:label1\" content=\"Escrito por\" class=\"yoast-seo-meta-tag\" \/>\n\t<meta name=\"twitter:data1\" content=\"webman\" class=\"yoast-seo-meta-tag\" \/>\n\t<meta name=\"twitter:label2\" content=\"Tiempo estimado de lectura\" class=\"yoast-seo-meta-tag\" \/>\n\t<meta name=\"twitter:data2\" content=\"2 minutos\" class=\"yoast-seo-meta-tag\" \/>\n<script type=\"application\/ld+json\" class=\"yoast-schema-graph\">{\"@context\":\"https:\/\/schema.org\",\"@graph\":[{\"@type\":\"Article\",\"@id\":\"https:\/\/dev.explora.cl\/ohiggins\/par-explora-regional-desarrollo-seminario-de-educacion-cientifica\/#article\",\"isPartOf\":{\"@id\":\"https:\/\/dev.explora.cl\/ohiggins\/par-explora-regional-desarrollo-seminario-de-educacion-cientifica\/\"},\"author\":{\"name\":\"webman\",\"@id\":\"https:\/\/dev.explora.cl\/ohiggins\/#\/schema\/person\/cb8349c13ea2d324080adf8480d7ba5d\"},\"headline\":\"PAR Explora regional desarroll\u00f3 Seminario de Educaci\u00f3n Cient\u00edfica\",\"datePublished\":\"2018-08-24T01:13:29+00:00\",\"dateModified\":\"2019-05-20T18:06:57+00:00\",\"mainEntityOfPage\":{\"@id\":\"https:\/\/dev.explora.cl\/ohiggins\/par-explora-regional-desarrollo-seminario-de-educacion-cientifica\/\"},\"wordCount\":497,\"image\":{\"@id\":\"https:\/\/dev.explora.cl\/ohiggins\/par-explora-regional-desarrollo-seminario-de-educacion-cientifica\/#primaryimage\"},\"thumbnailUrl\":\"\",\"articleSection\":[\"Noticias\"],\"inLanguage\":\"es-CL\"},{\"@type\":\"WebPage\",\"@id\":\"https:\/\/dev.explora.cl\/ohiggins\/par-explora-regional-desarrollo-seminario-de-educacion-cientifica\/\",\"url\":\"https:\/\/dev.explora.cl\/ohiggins\/par-explora-regional-desarrollo-seminario-de-educacion-cientifica\/\",\"name\":\"PAR Explora regional desarroll\u00f3 Seminario de Educaci\u00f3n Cient\u00edfica - O&#039;Higgins\",\"isPartOf\":{\"@id\":\"https:\/\/dev.explora.cl\/ohiggins\/#website\"},\"primaryImageOfPage\":{\"@id\":\"https:\/\/dev.explora.cl\/ohiggins\/par-explora-regional-desarrollo-seminario-de-educacion-cientifica\/#primaryimage\"},\"image\":{\"@id\":\"https:\/\/dev.explora.cl\/ohiggins\/par-explora-regional-desarrollo-seminario-de-educacion-cientifica\/#primaryimage\"},\"thumbnailUrl\":\"\",\"datePublished\":\"2018-08-24T01:13:29+00:00\",\"dateModified\":\"2019-05-20T18:06:57+00:00\",\"author\":{\"@id\":\"https:\/\/dev.explora.cl\/ohiggins\/#\/schema\/person\/cb8349c13ea2d324080adf8480d7ba5d\"},\"breadcrumb\":{\"@id\":\"https:\/\/dev.explora.cl\/ohiggins\/par-explora-regional-desarrollo-seminario-de-educacion-cientifica\/#breadcrumb\"},\"inLanguage\":\"es-CL\",\"potentialAction\":[{\"@type\":\"ReadAction\",\"target\":[\"https:\/\/dev.explora.cl\/ohiggins\/par-explora-regional-desarrollo-seminario-de-educacion-cientifica\/\"]}]},{\"@type\":\"ImageObject\",\"inLanguage\":\"es-CL\",\"@id\":\"https:\/\/dev.explora.cl\/ohiggins\/par-explora-regional-desarrollo-seminario-de-educacion-cientifica\/#primaryimage\",\"url\":\"\",\"contentUrl\":\"\"},{\"@type\":\"BreadcrumbList\",\"@id\":\"https:\/\/dev.explora.cl\/ohiggins\/par-explora-regional-desarrollo-seminario-de-educacion-cientifica\/#breadcrumb\",\"itemListElement\":[{\"@type\":\"ListItem\",\"position\":1,\"name\":\"Portada\",\"item\":\"https:\/\/dev.explora.cl\/ohiggins\/\"},{\"@type\":\"ListItem\",\"position\":2,\"name\":\"PAR Explora regional desarroll\u00f3 Seminario de Educaci\u00f3n Cient\u00edfica\"}]},{\"@type\":\"WebSite\",\"@id\":\"https:\/\/dev.explora.cl\/ohiggins\/#website\",\"url\":\"https:\/\/dev.explora.cl\/ohiggins\/\",\"name\":\"O&#039;Higgins\",\"description\":\"Otro sitio m\u00e1s de dev.explora.cl\",\"potentialAction\":[{\"@type\":\"SearchAction\",\"target\":{\"@type\":\"EntryPoint\",\"urlTemplate\":\"https:\/\/dev.explora.cl\/ohiggins\/?s={search_term_string}\"},\"query-input\":{\"@type\":\"PropertyValueSpecification\",\"valueRequired\":true,\"valueName\":\"search_term_string\"}}],\"inLanguage\":\"es-CL\"},{\"@type\":\"Person\",\"@id\":\"https:\/\/dev.explora.cl\/ohiggins\/#\/schema\/person\/cb8349c13ea2d324080adf8480d7ba5d\",\"name\":\"webman\",\"image\":{\"@type\":\"ImageObject\",\"inLanguage\":\"es-CL\",\"@id\":\"https:\/\/dev.explora.cl\/ohiggins\/#\/schema\/person\/image\/\",\"url\":\"https:\/\/secure.gravatar.com\/avatar\/eeff3c82f2c02f7177d13663b7e6f890e9a6a0647ce9bb29cae02dcb094c7312?s=96&d=mm&r=g\",\"contentUrl\":\"https:\/\/secure.gravatar.com\/avatar\/eeff3c82f2c02f7177d13663b7e6f890e9a6a0647ce9bb29cae02dcb094c7312?s=96&d=mm&r=g\",\"caption\":\"webman\"},\"url\":\"https:\/\/dev.explora.cl\/ohiggins\/author\/webman\/\"}]}<\/script>\n<!-- \/ Yoast SEO plugin. -->","yoast_head_json":{"title":"PAR Explora regional desarroll\u00f3 Seminario de Educaci\u00f3n Cient\u00edfica - O&#039;Higgins","robots":{"index":"index","follow":"follow","max-snippet":"max-snippet:-1","max-image-preview":"max-image-preview:large","max-video-preview":"max-video-preview:-1"},"canonical":"https:\/\/dev.explora.cl\/ohiggins\/par-explora-regional-desarrollo-seminario-de-educacion-cientifica\/","og_locale":"es_ES","og_type":"article","og_title":"PAR Explora regional desarroll\u00f3 Seminario de Educaci\u00f3n Cient\u00edfica - O&#039;Higgins","og_description":"Casi un centenar de docentes, educadoras y agentes educativos de las diversas comunas de la regi\u00f3n asistieron al Seminario de Educaci\u00f3n \u201cUna Mirada desde el Pensamiento Cr\u00edtico\u201d desarrollado por PAR Explora de CONICYT O\u2019Higgins, en el marco del a\u00f1o de los \u201cPor qu\u00e9\u201d del Programa Explora de CONICYT. La actividad se desarroll\u00f3 recientemente en Requ\u00ednoa, [&hellip;]","og_url":"https:\/\/dev.explora.cl\/ohiggins\/par-explora-regional-desarrollo-seminario-de-educacion-cientifica\/","og_site_name":"O&#039;Higgins","article_published_time":"2018-08-24T01:13:29+00:00","article_modified_time":"2019-05-20T18:06:57+00:00","author":"webman","twitter_card":"summary_large_image","twitter_misc":{"Escrito por":"webman","Tiempo estimado de lectura":"2 minutos"},"schema":{"@context":"https:\/\/schema.org","@graph":[{"@type":"Article","@id":"https:\/\/dev.explora.cl\/ohiggins\/par-explora-regional-desarrollo-seminario-de-educacion-cientifica\/#article","isPartOf":{"@id":"https:\/\/dev.explora.cl\/ohiggins\/par-explora-regional-desarrollo-seminario-de-educacion-cientifica\/"},"author":{"name":"webman","@id":"https:\/\/dev.explora.cl\/ohiggins\/#\/schema\/person\/cb8349c13ea2d324080adf8480d7ba5d"},"headline":"PAR Explora regional desarroll\u00f3 Seminario de Educaci\u00f3n Cient\u00edfica","datePublished":"2018-08-24T01:13:29+00:00","dateModified":"2019-05-20T18:06:57+00:00","mainEntityOfPage":{"@id":"https:\/\/dev.explora.cl\/ohiggins\/par-explora-regional-desarrollo-seminario-de-educacion-cientifica\/"},"wordCount":497,"image":{"@id":"https:\/\/dev.explora.cl\/ohiggins\/par-explora-regional-desarrollo-seminario-de-educacion-cientifica\/#primaryimage"},"thumbnailUrl":"","articleSection":["Noticias"],"inLanguage":"es-CL"},{"@type":"WebPage","@id":"https:\/\/dev.explora.cl\/ohiggins\/par-explora-regional-desarrollo-seminario-de-educacion-cientifica\/","url":"https:\/\/dev.explora.cl\/ohiggins\/par-explora-regional-desarrollo-seminario-de-educacion-cientifica\/","name":"PAR Explora regional desarroll\u00f3 Seminario de Educaci\u00f3n Cient\u00edfica - O&#039;Higgins","isPartOf":{"@id":"https:\/\/dev.explora.cl\/ohiggins\/#website"},"primaryImageOfPage":{"@id":"https:\/\/dev.explora.cl\/ohiggins\/par-explora-regional-desarrollo-seminario-de-educacion-cientifica\/#primaryimage"},"image":{"@id":"https:\/\/dev.explora.cl\/ohiggins\/par-explora-regional-desarrollo-seminario-de-educacion-cientifica\/#primaryimage"},"thumbnailUrl":"","datePublished":"2018-08-24T01:13:29+00:00","dateModified":"2019-05-20T18:06:57+00:00","author":{"@id":"https:\/\/dev.explora.cl\/ohiggins\/#\/schema\/person\/cb8349c13ea2d324080adf8480d7ba5d"},"breadcrumb":{"@id":"https:\/\/dev.explora.cl\/ohiggins\/par-explora-regional-desarrollo-seminario-de-educacion-cientifica\/#breadcrumb"},"inLanguage":"es-CL","potentialAction":[{"@type":"ReadAction","target":["https:\/\/dev.explora.cl\/ohiggins\/par-explora-regional-desarrollo-seminario-de-educacion-cientifica\/"]}]},{"@type":"ImageObject","inLanguage":"es-CL","@id":"https:\/\/dev.explora.cl\/ohiggins\/par-explora-regional-desarrollo-seminario-de-educacion-cientifica\/#primaryimage","url":"","contentUrl":""},{"@type":"BreadcrumbList","@id":"https:\/\/dev.explora.cl\/ohiggins\/par-explora-regional-desarrollo-seminario-de-educacion-cientifica\/#breadcrumb","itemListElement":[{"@type":"ListItem","position":1,"name":"Portada","item":"https:\/\/dev.explora.cl\/ohiggins\/"},{"@type":"ListItem","position":2,"name":"PAR Explora regional desarroll\u00f3 Seminario de Educaci\u00f3n Cient\u00edfica"}]},{"@type":"WebSite","@id":"https:\/\/dev.explora.cl\/ohiggins\/#website","url":"https:\/\/dev.explora.cl\/ohiggins\/","name":"O&#039;Higgins","description":"Otro sitio m\u00e1s de dev.explora.cl","potentialAction":[{"@type":"SearchAction","target":{"@type":"EntryPoint","urlTemplate":"https:\/\/dev.explora.cl\/ohiggins\/?s={search_term_string}"},"query-input":{"@type":"PropertyValueSpecification","valueRequired":true,"valueName":"search_term_string"}}],"inLanguage":"es-CL"},{"@type":"Person","@id":"https:\/\/dev.explora.cl\/ohiggins\/#\/schema\/person\/cb8349c13ea2d324080adf8480d7ba5d","name":"webman","image":{"@type":"ImageObject","inLanguage":"es-CL","@id":"https:\/\/dev.explora.cl\/ohiggins\/#\/schema\/person\/image\/","url":"https:\/\/secure.gravatar.com\/avatar\/eeff3c82f2c02f7177d13663b7e6f890e9a6a0647ce9bb29cae02dcb094c7312?s=96&d=mm&r=g","contentUrl":"https:\/\/secure.gravatar.com\/avatar\/eeff3c82f2c02f7177d13663b7e6f890e9a6a0647ce9bb29cae02dcb094c7312?s=96&d=mm&r=g","caption":"webman"},"url":"https:\/\/dev.explora.cl\/ohiggins\/author\/webman\/"}]}},"_links":{"self":[{"href":"https:\/\/dev.explora.cl\/ohiggins\/wp-json\/wp\/v2\/posts\/35395","targetHints":{"allow":["GET"]}}],"collection":[{"href":"https:\/\/dev.explora.cl\/ohiggins\/wp-json\/wp\/v2\/posts"}],"about":[{"href":"https:\/\/dev.explora.cl\/ohiggins\/wp-json\/wp\/v2\/types\/post"}],"author":[{"embeddable":true,"href":"https:\/\/dev.explora.cl\/ohiggins\/wp-json\/wp\/v2\/users\/2"}],"replies":[{"embeddable":true,"href":"https:\/\/dev.explora.cl\/ohiggins\/wp-json\/wp\/v2\/comments?post=35395"}],"version-history":[{"count":1,"href":"https:\/\/dev.explora.cl\/ohiggins\/wp-json\/wp\/v2\/posts\/35395\/revisions"}],"predecessor-version":[{"id":37964,"href":"https:\/\/dev.explora.cl\/ohiggins\/wp-json\/wp\/v2\/posts\/35395\/revisions\/37964"}],"wp:featuredmedia":[{"embeddable":true,"href":"https:\/\/dev.explora.cl\/ohiggins\/wp-json\/"}],"wp:attachment":[{"href":"https:\/\/dev.explora.cl\/ohiggins\/wp-json\/wp\/v2\/media?parent=35395"}],"wp:term":[{"taxonomy":"category","embeddable":true,"href":"https:\/\/dev.explora.cl\/ohiggins\/wp-json\/wp\/v2\/categories?post=35395"},{"taxonomy":"post_tag","embeddable":true,"href":"https:\/\/dev.explora.cl\/ohiggins\/wp-json\/wp\/v2\/tags?post=35395"}],"curies":[{"name":"wp","href":"https:\/\/api.w.org\/{rel}","templated":true}]}}