{"id":35345,"date":"2018-08-21T15:20:53","date_gmt":"2018-08-21T19:20:53","guid":{"rendered":"https:\/\/dev.explora.cl\/blog\/2018\/08\/21\/barbarita-lara-primera-chilena-reconocida-por-el-mit\/"},"modified":"2019-05-20T18:06:57","modified_gmt":"2019-05-20T18:06:57","slug":"barbarita-lara-primera-chilena-reconocida-por-el-mit","status":"publish","type":"post","link":"https:\/\/dev.explora.cl\/ohiggins\/barbarita-lara-primera-chilena-reconocida-por-el-mit\/","title":{"rendered":"Barbarita Lara primera chilena reconocida por el MIT"},"content":{"rendered":"<p><img loading=\"lazy\" decoding=\"async\" class=\" size-full wp-image-35343\" src=\"https:\/\/dev.explora.cl\/wp-content\/uploads\/2018\/08\/barbarita_lara2.jpg\" alt=\"barbarita lara2\" width=\"700\" height=\"467\" style=\"margin-left: auto;margin-right: auto\" \/><\/p>\n<p style=\"text-align: justify\"><strong>\u201cMe gustar\u00eda tener el superpoder de la Tierra para ayudar a la gente\u201d<\/strong><\/p>\n<p style=\"text-align: justify\"><em>*La desarrolladora tiene como referente a Hedy Lamarr la multifac\u00e9tica actriz e inventora, relata que su pap\u00e1 era como \u201cMacGyver\u201d, de ah\u00ed su pasi\u00f3n por arreglar cosas.&nbsp;<\/em><\/p>\n<p style=\"text-align: justify\"><em>*Investigadora comenta c\u00f3mo comenz\u00f3 su proyecto SIE, para mantenerse comunicado en situaciones de emergencia.&nbsp;<\/em><\/p>\n<p style=\"text-align: justify\">\u00bfCu\u00e1nto tardar\u00eda enviar un video en c\u00f3digo Morse (usado en el tel\u00e9grafo) a trav\u00e9s de una radio? &nbsp;B\u00e1rbarita Lara, Ingeniera de Ejecuci\u00f3n en Inform\u00e1tica de la Universidad T\u00e9cnica Federico Santa Mar\u00eda, hizo la prueba, y tard\u00f3 28 horas.<\/p>\n<p style=\"text-align: justify\">Lo que fue un desaf\u00edo o un juego, termin\u00f3 siendo la premiada innovaci\u00f3n, &#8220;SIE: Sistema de Informaci\u00f3n de Emergencia&#8221;, sistema que permite enviar mensajes de emergencias a la poblaci\u00f3n afectada por un desastre natural a trav\u00e9s de ondas de radio, incluso cuando no hay internet o redes m\u00f3viles, utilizando una aplicaci\u00f3n m\u00f3vil en sus Smartphones.<\/p>\n<p style=\"text-align: justify\">Gracias a este logro, fue la primera chilena ganadora del \u201cMIT Technology Review: Innovators under 35 Global 2018\u201d, reconocimiento que otorga el Instituto Tecnol\u00f3gico de Massachusetts (MIT), incluy\u00e9ndola en una lista mundial de los innovadores menores de 35 a\u00f1os, ranking que reconoce proyectos con potencial para transformar el mundo.<\/p>\n<p style=\"text-align: justify\">Entrevistamos a Barbarita en Mujeres Destacadas en Ciencias con nuestro dec\u00e1logo; quien tambi\u00e9n es madre, esposa, emprendedora social, charlista motivacional, Directora Girls in Tech de la regi\u00f3n de Valpara\u00edso, CEO y cofundadora de EMERCOM, una compa\u00f1\u00eda tecnol\u00f3gica que desarrolla soluciones disruptivas de comunicaci\u00f3n.<\/p>\n<p style=\"text-align: justify\"><strong><img loading=\"lazy\" decoding=\"async\" class=\" alignleft size-full wp-image-35344\" src=\"https:\/\/dev.explora.cl\/wp-content\/uploads\/2018\/08\/barbarita_lara1.jpg\" alt=\"barbarita lara1\" width=\"400\" height=\"257\" style=\"margin-right: 10px;margin-bottom: 10px;float: left\" \/>\u00bfCu\u00e1l fue el primer acercamiento a la ciencia en tu ni\u00f1ez?<\/strong><\/p>\n<p style=\"text-align: justify\">Yo era la t\u00edpica \u201cGiro sin Tornillos\u201d cuando chica, me gustaban los legos, motores, desarmaba todos mis juguetes; con un vecino arm\u00e1bamos barquitos, les agreg\u00e1bamos un palito, motor y una vela, los hac\u00edamos andar. Siempre quise entender c\u00f3mo funcionaban los motores, los engranajes me han gustado mucho, me siento muy atra\u00edda por la tecnolog\u00eda, y soy fan\u00e1tica de los programas de c\u00f3mo funciona tal y cual cosa.<\/p>\n<p style=\"text-align: justify\"><strong>\u00bfAlguna hero\u00edna cient\u00edfica o qu\u00e9 superpoder de la naturaleza te gustar\u00eda tener?<\/strong><\/p>\n<p style=\"text-align: justify\">Hero\u00ednas cient\u00edficas hay muchas, Hedy Lamarr es mi favorita, aparte de ser multifac\u00e9tica, como actriz e inventora; justo trabaj\u00f3 en lo que me interesa mucho, wi fi, bluetooth y comunicaciones inal\u00e1mbricas, incluso desarroll\u00f3 un sistema de transmisi\u00f3n de torpedos en la II Guerra Mundial. Respecto del super poder, me gustar\u00eda tener el de la Tierra para ayudar a las personas.<\/p>\n<p style=\"text-align: justify\"><strong>\u00bfAlguna superstici\u00f3n (inconfesable)?<\/strong><\/p>\n<p style=\"text-align: justify\">No soy una persona supersticiosa, pero tengo la man\u00eda de no dejar la cartera en el suelo y recoger las monedas, porque nunca hay que despreciar el dinero.<\/p>\n<p style=\"text-align: justify\"><strong>\u00bfCu\u00e1l fue el \u00faltimo libro que le\u00edste?<\/strong><\/p>\n<p style=\"text-align: justify\">El \u00faltimo libro que estoy leyendo \u201cFuera de Serie\u201d de Malcom Gladwell, muy interesante.<\/p>\n<p style=\"text-align: justify\"><strong>\u00bfTemes a equivocarte?&nbsp;<\/strong><\/p>\n<p style=\"text-align: justify\">S\u00ed, naturalmente como muchas personas, y eso me sobre-estresaba, me hac\u00eda sobre pensar las cosas, sent\u00eda que era una persona capacitada, pero al mismo tiempo ten\u00eda miedo a equivocarme, ten\u00eda un peso muy importante, lo que me hac\u00eda ser m\u00e1s cautelosa y evitar riesgos mayores. &nbsp;Pero eso no me daba resultado. En el momento que empec\u00e9 a dejar de tener miedo, dej\u00e9 de equivocarme, solamente podr\u00eda sumar, cuando entend\u00ed que equivocarme no era un problema, avanc\u00e9 mucho m\u00e1s r\u00e1pido.&nbsp;<\/p>\n<p style=\"text-align: justify\"><strong>\u00bfEs importante hacerse preguntas?<\/strong><\/p>\n<p style=\"text-align: justify\">S\u00ed, porque si dej\u00e1ramos de hacernos preguntas o perdi\u00e9ramos la capacidad de asombro, tambi\u00e9n perder\u00edamos la capacidad de ser humanos, de crecer, de evolucionar. Programando uno siempre est\u00e1 haciendo una pregunta, cuando haces un \u2018pitch\u2019 (presentar una idea) debes contestar preguntas, el aprender es preguntarte a cada rato alguna cosa.<\/p>\n<p style=\"text-align: justify\"><strong>\u00bfCu\u00e1l fue la pregunta que te llev\u00f3 a desarrollar tu investigaci\u00f3n premiada por el MIT?<\/strong><\/p>\n<p style=\"text-align: justify\">C\u00f3mo es posible que despu\u00e9s de tanto tiempo no tengamos la tecnolog\u00eda necesaria para poder comunicar a las personas post cat\u00e1strofes, c\u00f3mo, si combinando lo an\u00e1logo con lo digital podemos hacer tecnolog\u00edas que tal vez no son tan r\u00e1pidas, pero son lo suficientemente estables como para enviar informaci\u00f3n.&nbsp;<\/p>\n<p style=\"text-align: justify\"><strong>\u00bfAlguna pregunta &#8220;absurda&#8221; ( o serendipia ) que te llev\u00f3 a una investigaci\u00f3n?<\/strong><\/p>\n<p style=\"text-align: justify\">Mi pap\u00e1 era como \u201cMacGyver\u201d, con un palo de fosforo arreglaba una chapa, por eso quise tambi\u00e9n arreglar cosas, me gusta intentar reparar todo. Me pas\u00f3 que en el 2010 despu\u00e9s del terremoto, guard\u00e9 muchas ideas, una de ellas era que una radio de otro pa\u00eds pudiera comunicar, lo que pasa en caso de emergencia.<\/p>\n<p style=\"text-align: justify\">Mi pap\u00e1 era cript\u00f3logo de la Armada Telecomunicante, me llevaba a sus estaciones y ve\u00eda c\u00f3mo usaba el c\u00f3digo morse; me preguntaba si servir\u00eda para enviar datos aunque no fuera los m\u00e1s precisos para enviar datos digitales como lo hacemos hoy en d\u00eda. &nbsp;De ah\u00ed naci\u00f3 una investigaci\u00f3n en casa, transmit\u00ed un video por una radio, cuando pude recibir el video y vi que funcionaba no pude sacarme esa idea de la cabeza, de ah\u00ed naci\u00f3 SIE.<\/p>\n<p style=\"text-align: justify\"><strong>\u00bfCu\u00e1les son las proyecciones a futuro de tu trabajo?<\/strong><\/p>\n<p style=\"text-align: justify\">Pensamos que este es un a\u00f1o de consolidaci\u00f3n de nuestro trabajo, estamos m\u00e1s enfocados, con m\u00e1s apoyo, tenemos un mont\u00f3n de reconocimientos internacionales, si bien nos dan validaci\u00f3n t\u00e9cnica y personal, queremos crecer a\u00fan m\u00e1s como empresa, y desarrollar proyectos pendientes con la misma tecnolog\u00eda. Por supuesto, ser feliz, hacer lo que nos gusta y brindarle espacio a quienes lo necesiten.<\/p>\n<p style=\"text-align: justify\">Para conocer m\u00e1s del trabajo de Barbarita, se puede revisar www.emercom.cl, o revisar la app en <a href=\"http:\/\/www.sieapp.cl\/\">http:\/\/www.sieapp.cl\/<\/a><\/p>\n<p><span style=\"font-size: 10pt\">Fotograf\u00edas gentileza CFM Universidad de Concepci\u00f3n y CONICYT.<\/span><\/p>\n","protected":false},"excerpt":{"rendered":"<p>\u201cMe gustar\u00eda tener el superpoder de la Tierra para ayudar a la gente\u201d *La desarrolladora tiene como referente a Hedy Lamarr la multifac\u00e9tica actriz e inventora, relata que su pap\u00e1 era como \u201cMacGyver\u201d, de ah\u00ed su pasi\u00f3n por arreglar cosas.&nbsp; *Investigadora comenta c\u00f3mo comenz\u00f3 su proyecto SIE, para mantenerse comunicado en situaciones de emergencia.&nbsp; \u00bfCu\u00e1nto [&hellip;]<\/p>\n","protected":false},"author":2,"featured_media":35342,"comment_status":"closed","ping_status":"open","sticky":false,"template":"","format":"standard","meta":{"_acf_changed":false,"_exactmetrics_skip_tracking":false,"_exactmetrics_sitenote_active":false,"_exactmetrics_sitenote_note":"","_exactmetrics_sitenote_category":0,"footnotes":"","_links_to":"","_links_to_target":""},"categories":[4],"tags":[],"class_list":["post-35345","post","type-post","status-publish","format-standard","has-post-thumbnail","hentry","category-noticias"],"acf":[],"yoast_head":"<!-- This site is optimized with the Yoast SEO plugin v26.7 - https:\/\/yoast.com\/wordpress\/plugins\/seo\/ -->\n<title>Barbarita Lara primera chilena reconocida por el MIT - O&#039;Higgins<\/title>\n<meta name=\"robots\" content=\"index, follow, max-snippet:-1, max-image-preview:large, max-video-preview:-1\" \/>\n<link rel=\"canonical\" href=\"https:\/\/dev.explora.cl\/ohiggins\/barbarita-lara-primera-chilena-reconocida-por-el-mit\/\" class=\"yoast-seo-meta-tag\" \/>\n<meta property=\"og:locale\" content=\"es_ES\" class=\"yoast-seo-meta-tag\" \/>\n<meta property=\"og:type\" content=\"article\" class=\"yoast-seo-meta-tag\" \/>\n<meta property=\"og:title\" content=\"Barbarita Lara primera chilena reconocida por el MIT - O&#039;Higgins\" class=\"yoast-seo-meta-tag\" \/>\n<meta property=\"og:description\" content=\"\u201cMe gustar\u00eda tener el superpoder de la Tierra para ayudar a la gente\u201d *La desarrolladora tiene como referente a Hedy Lamarr la multifac\u00e9tica actriz e inventora, relata que su pap\u00e1 era como \u201cMacGyver\u201d, de ah\u00ed su pasi\u00f3n por arreglar cosas.&nbsp; *Investigadora comenta c\u00f3mo comenz\u00f3 su proyecto SIE, para mantenerse comunicado en situaciones de emergencia.&nbsp; \u00bfCu\u00e1nto [&hellip;]\" class=\"yoast-seo-meta-tag\" \/>\n<meta property=\"og:url\" content=\"https:\/\/dev.explora.cl\/ohiggins\/barbarita-lara-primera-chilena-reconocida-por-el-mit\/\" class=\"yoast-seo-meta-tag\" \/>\n<meta property=\"og:site_name\" content=\"O&#039;Higgins\" class=\"yoast-seo-meta-tag\" \/>\n<meta property=\"article:published_time\" content=\"2018-08-21T19:20:53+00:00\" class=\"yoast-seo-meta-tag\" \/>\n<meta property=\"article:modified_time\" content=\"2019-05-20T18:06:57+00:00\" class=\"yoast-seo-meta-tag\" \/>\n<meta name=\"author\" content=\"webman\" class=\"yoast-seo-meta-tag\" \/>\n<meta name=\"twitter:card\" content=\"summary_large_image\" class=\"yoast-seo-meta-tag\" \/>\n<meta name=\"twitter:label1\" content=\"Escrito por\" class=\"yoast-seo-meta-tag\" \/>\n\t<meta name=\"twitter:data1\" content=\"webman\" class=\"yoast-seo-meta-tag\" \/>\n\t<meta name=\"twitter:label2\" content=\"Tiempo estimado de lectura\" class=\"yoast-seo-meta-tag\" \/>\n\t<meta name=\"twitter:data2\" content=\"5 minutos\" class=\"yoast-seo-meta-tag\" \/>\n<script type=\"application\/ld+json\" class=\"yoast-schema-graph\">{\"@context\":\"https:\/\/schema.org\",\"@graph\":[{\"@type\":\"Article\",\"@id\":\"https:\/\/dev.explora.cl\/ohiggins\/barbarita-lara-primera-chilena-reconocida-por-el-mit\/#article\",\"isPartOf\":{\"@id\":\"https:\/\/dev.explora.cl\/ohiggins\/barbarita-lara-primera-chilena-reconocida-por-el-mit\/\"},\"author\":{\"name\":\"webman\",\"@id\":\"https:\/\/dev.explora.cl\/ohiggins\/#\/schema\/person\/cb8349c13ea2d324080adf8480d7ba5d\"},\"headline\":\"Barbarita Lara primera chilena reconocida por el MIT\",\"datePublished\":\"2018-08-21T19:20:53+00:00\",\"dateModified\":\"2019-05-20T18:06:57+00:00\",\"mainEntityOfPage\":{\"@id\":\"https:\/\/dev.explora.cl\/ohiggins\/barbarita-lara-primera-chilena-reconocida-por-el-mit\/\"},\"wordCount\":1000,\"image\":{\"@id\":\"https:\/\/dev.explora.cl\/ohiggins\/barbarita-lara-primera-chilena-reconocida-por-el-mit\/#primaryimage\"},\"thumbnailUrl\":\"\",\"articleSection\":[\"Noticias\"],\"inLanguage\":\"es-CL\"},{\"@type\":\"WebPage\",\"@id\":\"https:\/\/dev.explora.cl\/ohiggins\/barbarita-lara-primera-chilena-reconocida-por-el-mit\/\",\"url\":\"https:\/\/dev.explora.cl\/ohiggins\/barbarita-lara-primera-chilena-reconocida-por-el-mit\/\",\"name\":\"Barbarita Lara primera chilena reconocida por el MIT - O&#039;Higgins\",\"isPartOf\":{\"@id\":\"https:\/\/dev.explora.cl\/ohiggins\/#website\"},\"primaryImageOfPage\":{\"@id\":\"https:\/\/dev.explora.cl\/ohiggins\/barbarita-lara-primera-chilena-reconocida-por-el-mit\/#primaryimage\"},\"image\":{\"@id\":\"https:\/\/dev.explora.cl\/ohiggins\/barbarita-lara-primera-chilena-reconocida-por-el-mit\/#primaryimage\"},\"thumbnailUrl\":\"\",\"datePublished\":\"2018-08-21T19:20:53+00:00\",\"dateModified\":\"2019-05-20T18:06:57+00:00\",\"author\":{\"@id\":\"https:\/\/dev.explora.cl\/ohiggins\/#\/schema\/person\/cb8349c13ea2d324080adf8480d7ba5d\"},\"breadcrumb\":{\"@id\":\"https:\/\/dev.explora.cl\/ohiggins\/barbarita-lara-primera-chilena-reconocida-por-el-mit\/#breadcrumb\"},\"inLanguage\":\"es-CL\",\"potentialAction\":[{\"@type\":\"ReadAction\",\"target\":[\"https:\/\/dev.explora.cl\/ohiggins\/barbarita-lara-primera-chilena-reconocida-por-el-mit\/\"]}]},{\"@type\":\"ImageObject\",\"inLanguage\":\"es-CL\",\"@id\":\"https:\/\/dev.explora.cl\/ohiggins\/barbarita-lara-primera-chilena-reconocida-por-el-mit\/#primaryimage\",\"url\":\"\",\"contentUrl\":\"\"},{\"@type\":\"BreadcrumbList\",\"@id\":\"https:\/\/dev.explora.cl\/ohiggins\/barbarita-lara-primera-chilena-reconocida-por-el-mit\/#breadcrumb\",\"itemListElement\":[{\"@type\":\"ListItem\",\"position\":1,\"name\":\"Portada\",\"item\":\"https:\/\/dev.explora.cl\/ohiggins\/\"},{\"@type\":\"ListItem\",\"position\":2,\"name\":\"Barbarita Lara primera chilena reconocida por el MIT\"}]},{\"@type\":\"WebSite\",\"@id\":\"https:\/\/dev.explora.cl\/ohiggins\/#website\",\"url\":\"https:\/\/dev.explora.cl\/ohiggins\/\",\"name\":\"O&#039;Higgins\",\"description\":\"Otro sitio m\u00e1s de dev.explora.cl\",\"potentialAction\":[{\"@type\":\"SearchAction\",\"target\":{\"@type\":\"EntryPoint\",\"urlTemplate\":\"https:\/\/dev.explora.cl\/ohiggins\/?s={search_term_string}\"},\"query-input\":{\"@type\":\"PropertyValueSpecification\",\"valueRequired\":true,\"valueName\":\"search_term_string\"}}],\"inLanguage\":\"es-CL\"},{\"@type\":\"Person\",\"@id\":\"https:\/\/dev.explora.cl\/ohiggins\/#\/schema\/person\/cb8349c13ea2d324080adf8480d7ba5d\",\"name\":\"webman\",\"image\":{\"@type\":\"ImageObject\",\"inLanguage\":\"es-CL\",\"@id\":\"https:\/\/dev.explora.cl\/ohiggins\/#\/schema\/person\/image\/\",\"url\":\"https:\/\/secure.gravatar.com\/avatar\/eeff3c82f2c02f7177d13663b7e6f890e9a6a0647ce9bb29cae02dcb094c7312?s=96&d=mm&r=g\",\"contentUrl\":\"https:\/\/secure.gravatar.com\/avatar\/eeff3c82f2c02f7177d13663b7e6f890e9a6a0647ce9bb29cae02dcb094c7312?s=96&d=mm&r=g\",\"caption\":\"webman\"},\"url\":\"https:\/\/dev.explora.cl\/ohiggins\/author\/webman\/\"}]}<\/script>\n<!-- \/ Yoast SEO plugin. -->","yoast_head_json":{"title":"Barbarita Lara primera chilena reconocida por el MIT - O&#039;Higgins","robots":{"index":"index","follow":"follow","max-snippet":"max-snippet:-1","max-image-preview":"max-image-preview:large","max-video-preview":"max-video-preview:-1"},"canonical":"https:\/\/dev.explora.cl\/ohiggins\/barbarita-lara-primera-chilena-reconocida-por-el-mit\/","og_locale":"es_ES","og_type":"article","og_title":"Barbarita Lara primera chilena reconocida por el MIT - O&#039;Higgins","og_description":"\u201cMe gustar\u00eda tener el superpoder de la Tierra para ayudar a la gente\u201d *La desarrolladora tiene como referente a Hedy Lamarr la multifac\u00e9tica actriz e inventora, relata que su pap\u00e1 era como \u201cMacGyver\u201d, de ah\u00ed su pasi\u00f3n por arreglar cosas.&nbsp; *Investigadora comenta c\u00f3mo comenz\u00f3 su proyecto SIE, para mantenerse comunicado en situaciones de emergencia.&nbsp; \u00bfCu\u00e1nto [&hellip;]","og_url":"https:\/\/dev.explora.cl\/ohiggins\/barbarita-lara-primera-chilena-reconocida-por-el-mit\/","og_site_name":"O&#039;Higgins","article_published_time":"2018-08-21T19:20:53+00:00","article_modified_time":"2019-05-20T18:06:57+00:00","author":"webman","twitter_card":"summary_large_image","twitter_misc":{"Escrito por":"webman","Tiempo estimado de lectura":"5 minutos"},"schema":{"@context":"https:\/\/schema.org","@graph":[{"@type":"Article","@id":"https:\/\/dev.explora.cl\/ohiggins\/barbarita-lara-primera-chilena-reconocida-por-el-mit\/#article","isPartOf":{"@id":"https:\/\/dev.explora.cl\/ohiggins\/barbarita-lara-primera-chilena-reconocida-por-el-mit\/"},"author":{"name":"webman","@id":"https:\/\/dev.explora.cl\/ohiggins\/#\/schema\/person\/cb8349c13ea2d324080adf8480d7ba5d"},"headline":"Barbarita Lara primera chilena reconocida por el MIT","datePublished":"2018-08-21T19:20:53+00:00","dateModified":"2019-05-20T18:06:57+00:00","mainEntityOfPage":{"@id":"https:\/\/dev.explora.cl\/ohiggins\/barbarita-lara-primera-chilena-reconocida-por-el-mit\/"},"wordCount":1000,"image":{"@id":"https:\/\/dev.explora.cl\/ohiggins\/barbarita-lara-primera-chilena-reconocida-por-el-mit\/#primaryimage"},"thumbnailUrl":"","articleSection":["Noticias"],"inLanguage":"es-CL"},{"@type":"WebPage","@id":"https:\/\/dev.explora.cl\/ohiggins\/barbarita-lara-primera-chilena-reconocida-por-el-mit\/","url":"https:\/\/dev.explora.cl\/ohiggins\/barbarita-lara-primera-chilena-reconocida-por-el-mit\/","name":"Barbarita Lara primera chilena reconocida por el MIT - O&#039;Higgins","isPartOf":{"@id":"https:\/\/dev.explora.cl\/ohiggins\/#website"},"primaryImageOfPage":{"@id":"https:\/\/dev.explora.cl\/ohiggins\/barbarita-lara-primera-chilena-reconocida-por-el-mit\/#primaryimage"},"image":{"@id":"https:\/\/dev.explora.cl\/ohiggins\/barbarita-lara-primera-chilena-reconocida-por-el-mit\/#primaryimage"},"thumbnailUrl":"","datePublished":"2018-08-21T19:20:53+00:00","dateModified":"2019-05-20T18:06:57+00:00","author":{"@id":"https:\/\/dev.explora.cl\/ohiggins\/#\/schema\/person\/cb8349c13ea2d324080adf8480d7ba5d"},"breadcrumb":{"@id":"https:\/\/dev.explora.cl\/ohiggins\/barbarita-lara-primera-chilena-reconocida-por-el-mit\/#breadcrumb"},"inLanguage":"es-CL","potentialAction":[{"@type":"ReadAction","target":["https:\/\/dev.explora.cl\/ohiggins\/barbarita-lara-primera-chilena-reconocida-por-el-mit\/"]}]},{"@type":"ImageObject","inLanguage":"es-CL","@id":"https:\/\/dev.explora.cl\/ohiggins\/barbarita-lara-primera-chilena-reconocida-por-el-mit\/#primaryimage","url":"","contentUrl":""},{"@type":"BreadcrumbList","@id":"https:\/\/dev.explora.cl\/ohiggins\/barbarita-lara-primera-chilena-reconocida-por-el-mit\/#breadcrumb","itemListElement":[{"@type":"ListItem","position":1,"name":"Portada","item":"https:\/\/dev.explora.cl\/ohiggins\/"},{"@type":"ListItem","position":2,"name":"Barbarita Lara primera chilena reconocida por el MIT"}]},{"@type":"WebSite","@id":"https:\/\/dev.explora.cl\/ohiggins\/#website","url":"https:\/\/dev.explora.cl\/ohiggins\/","name":"O&#039;Higgins","description":"Otro sitio m\u00e1s de dev.explora.cl","potentialAction":[{"@type":"SearchAction","target":{"@type":"EntryPoint","urlTemplate":"https:\/\/dev.explora.cl\/ohiggins\/?s={search_term_string}"},"query-input":{"@type":"PropertyValueSpecification","valueRequired":true,"valueName":"search_term_string"}}],"inLanguage":"es-CL"},{"@type":"Person","@id":"https:\/\/dev.explora.cl\/ohiggins\/#\/schema\/person\/cb8349c13ea2d324080adf8480d7ba5d","name":"webman","image":{"@type":"ImageObject","inLanguage":"es-CL","@id":"https:\/\/dev.explora.cl\/ohiggins\/#\/schema\/person\/image\/","url":"https:\/\/secure.gravatar.com\/avatar\/eeff3c82f2c02f7177d13663b7e6f890e9a6a0647ce9bb29cae02dcb094c7312?s=96&d=mm&r=g","contentUrl":"https:\/\/secure.gravatar.com\/avatar\/eeff3c82f2c02f7177d13663b7e6f890e9a6a0647ce9bb29cae02dcb094c7312?s=96&d=mm&r=g","caption":"webman"},"url":"https:\/\/dev.explora.cl\/ohiggins\/author\/webman\/"}]}},"_links":{"self":[{"href":"https:\/\/dev.explora.cl\/ohiggins\/wp-json\/wp\/v2\/posts\/35345","targetHints":{"allow":["GET"]}}],"collection":[{"href":"https:\/\/dev.explora.cl\/ohiggins\/wp-json\/wp\/v2\/posts"}],"about":[{"href":"https:\/\/dev.explora.cl\/ohiggins\/wp-json\/wp\/v2\/types\/post"}],"author":[{"embeddable":true,"href":"https:\/\/dev.explora.cl\/ohiggins\/wp-json\/wp\/v2\/users\/2"}],"replies":[{"embeddable":true,"href":"https:\/\/dev.explora.cl\/ohiggins\/wp-json\/wp\/v2\/comments?post=35345"}],"version-history":[{"count":1,"href":"https:\/\/dev.explora.cl\/ohiggins\/wp-json\/wp\/v2\/posts\/35345\/revisions"}],"predecessor-version":[{"id":37965,"href":"https:\/\/dev.explora.cl\/ohiggins\/wp-json\/wp\/v2\/posts\/35345\/revisions\/37965"}],"wp:featuredmedia":[{"embeddable":true,"href":"https:\/\/dev.explora.cl\/ohiggins\/wp-json\/"}],"wp:attachment":[{"href":"https:\/\/dev.explora.cl\/ohiggins\/wp-json\/wp\/v2\/media?parent=35345"}],"wp:term":[{"taxonomy":"category","embeddable":true,"href":"https:\/\/dev.explora.cl\/ohiggins\/wp-json\/wp\/v2\/categories?post=35345"},{"taxonomy":"post_tag","embeddable":true,"href":"https:\/\/dev.explora.cl\/ohiggins\/wp-json\/wp\/v2\/tags?post=35345"}],"curies":[{"name":"wp","href":"https:\/\/api.w.org\/{rel}","templated":true}]}}