{"id":35262,"date":"2018-08-16T14:11:18","date_gmt":"2018-08-16T18:11:18","guid":{"rendered":"https:\/\/dev.explora.cl\/blog\/2018\/08\/16\/celebra-con-nosotros-el-dia-de-la-ciencia-en-mi-colegio\/"},"modified":"2019-05-20T18:06:57","modified_gmt":"2019-05-20T18:06:57","slug":"celebra-con-nosotros-el-dia-de-la-ciencia-en-mi-colegio","status":"publish","type":"post","link":"https:\/\/dev.explora.cl\/ohiggins\/celebra-con-nosotros-el-dia-de-la-ciencia-en-mi-colegio\/","title":{"rendered":"\u00a1Celebra con nosotros el D\u00eda de la Ciencia en Mi Colegio!"},"content":{"rendered":"<p><img loading=\"lazy\" decoding=\"async\" class=\" size-full wp-image-35261\" src=\"https:\/\/dev.explora.cl\/wp-content\/uploads\/2018\/08\/feria_divulgacion-7.jpg\" alt=\"feria divulgacion 7\" width=\"600\" height=\"400\" style=\"margin-left: auto;margin-right: auto\" \/><\/p>\n<p style=\"text-align: justify\">\u00a1Docente! S\u00famate a la celebraci\u00f3n del <strong>&#8220;D\u00eda de la Ciencia en mi Colegio&#8221;<\/strong>, que sumar\u00e1 distintas iniciativas cient\u00edficas escolares a nivel regional durante el mes de octubre, festejando as\u00ed la <strong>XXIV Semana Nacional de la Ciencia y la Tecnolog\u00eda.<\/strong><\/p>\n<p>Podr\u00e1n participar, colegios, jardines infantiles y centros educativos de cualquier dependencia, que quieran realizar acciones asociadas a la ciencia y la tecnolog\u00eda como charlas, ferias, encuentros u otros. Los invitamos, especialmente, a realizar actividades que potencien el tema del a\u00f1o Explora, y\/o desarrollando alguna actividad del \u00c1lbum (pronto a disposici\u00f3n de los colegios).<\/p>\n<p>D\u00eda de la Ciencia en Mi Colegio forma parte de las celebraciones de la Semana de la Ciencia, que el Programa Explora de CONICYT festeja a nivel nacional, siendo este 2018, el a\u00f1o de los Por qu\u00e9, destacando tres ejes tem\u00e1ticos: la curiosidad, el pensamiento cr\u00edtico y las preguntas.<\/p>\n<p>Quienes participen recibir\u00e1n adem\u00e1s el <strong>&#8220;Gran Juego de los \u00bfPor Qu\u00e9?&#8221;<\/strong>, un juego de mesa que plantea una entretenida forma de aprender y divertirse para sus estudiantes.<\/p>\n<p>Invitamos a los establecimientos interesados en participar se inscriban en el <a href=\"https:\/\/goo.gl\/forms\/SmirT1lgvLyIy5UI2\" target=\"_blank\" rel=\"noopener noreferrer\">siguiente link<\/a> y nos cuenten sus iniciativas. Dudas o consultas no duden en escribir a <a href=\"mailto:parexplora.ohiggins@ucm.cl.\">parexplora.ohiggins@ucm.cl.<\/a><\/p>\n","protected":false},"excerpt":{"rendered":"<p>\u00a1Docente! S\u00famate a la celebraci\u00f3n del &#8220;D\u00eda de la Ciencia en mi Colegio&#8221;, que sumar\u00e1 distintas iniciativas cient\u00edficas escolares a nivel regional durante el mes de octubre, festejando as\u00ed la XXIV Semana Nacional de la Ciencia y la Tecnolog\u00eda. Podr\u00e1n participar, colegios, jardines infantiles y centros educativos de cualquier dependencia, que quieran realizar acciones asociadas [&hellip;]<\/p>\n","protected":false},"author":2,"featured_media":35260,"comment_status":"closed","ping_status":"open","sticky":false,"template":"","format":"standard","meta":{"_acf_changed":false,"_exactmetrics_skip_tracking":false,"_exactmetrics_sitenote_active":false,"_exactmetrics_sitenote_note":"","_exactmetrics_sitenote_category":0,"footnotes":"","_links_to":"","_links_to_target":""},"categories":[4],"tags":[],"class_list":["post-35262","post","type-post","status-publish","format-standard","has-post-thumbnail","hentry","category-noticias"],"acf":[],"yoast_head":"<!-- This site is optimized with the Yoast SEO plugin v26.7 - https:\/\/yoast.com\/wordpress\/plugins\/seo\/ -->\n<title>\u00a1Celebra con nosotros el D\u00eda de la Ciencia en Mi Colegio! - O&#039;Higgins<\/title>\n<meta name=\"robots\" content=\"index, follow, max-snippet:-1, max-image-preview:large, max-video-preview:-1\" \/>\n<link rel=\"canonical\" href=\"https:\/\/dev.explora.cl\/ohiggins\/celebra-con-nosotros-el-dia-de-la-ciencia-en-mi-colegio\/\" class=\"yoast-seo-meta-tag\" \/>\n<meta property=\"og:locale\" content=\"es_ES\" class=\"yoast-seo-meta-tag\" \/>\n<meta property=\"og:type\" content=\"article\" class=\"yoast-seo-meta-tag\" \/>\n<meta property=\"og:title\" content=\"\u00a1Celebra con nosotros el D\u00eda de la Ciencia en Mi Colegio! - O&#039;Higgins\" class=\"yoast-seo-meta-tag\" \/>\n<meta property=\"og:description\" content=\"\u00a1Docente! S\u00famate a la celebraci\u00f3n del &#8220;D\u00eda de la Ciencia en mi Colegio&#8221;, que sumar\u00e1 distintas iniciativas cient\u00edficas escolares a nivel regional durante el mes de octubre, festejando as\u00ed la XXIV Semana Nacional de la Ciencia y la Tecnolog\u00eda. Podr\u00e1n participar, colegios, jardines infantiles y centros educativos de cualquier dependencia, que quieran realizar acciones asociadas [&hellip;]\" class=\"yoast-seo-meta-tag\" \/>\n<meta property=\"og:url\" content=\"https:\/\/dev.explora.cl\/ohiggins\/celebra-con-nosotros-el-dia-de-la-ciencia-en-mi-colegio\/\" class=\"yoast-seo-meta-tag\" \/>\n<meta property=\"og:site_name\" content=\"O&#039;Higgins\" class=\"yoast-seo-meta-tag\" \/>\n<meta property=\"article:published_time\" content=\"2018-08-16T18:11:18+00:00\" class=\"yoast-seo-meta-tag\" \/>\n<meta property=\"article:modified_time\" content=\"2019-05-20T18:06:57+00:00\" class=\"yoast-seo-meta-tag\" \/>\n<meta name=\"author\" content=\"webman\" class=\"yoast-seo-meta-tag\" \/>\n<meta name=\"twitter:card\" content=\"summary_large_image\" class=\"yoast-seo-meta-tag\" \/>\n<meta name=\"twitter:label1\" content=\"Escrito por\" class=\"yoast-seo-meta-tag\" \/>\n\t<meta name=\"twitter:data1\" content=\"webman\" class=\"yoast-seo-meta-tag\" \/>\n\t<meta name=\"twitter:label2\" content=\"Tiempo estimado de lectura\" class=\"yoast-seo-meta-tag\" \/>\n\t<meta name=\"twitter:data2\" content=\"1 minuto\" class=\"yoast-seo-meta-tag\" \/>\n<script type=\"application\/ld+json\" class=\"yoast-schema-graph\">{\"@context\":\"https:\/\/schema.org\",\"@graph\":[{\"@type\":\"Article\",\"@id\":\"https:\/\/dev.explora.cl\/ohiggins\/celebra-con-nosotros-el-dia-de-la-ciencia-en-mi-colegio\/#article\",\"isPartOf\":{\"@id\":\"https:\/\/dev.explora.cl\/ohiggins\/celebra-con-nosotros-el-dia-de-la-ciencia-en-mi-colegio\/\"},\"author\":{\"name\":\"webman\",\"@id\":\"https:\/\/dev.explora.cl\/ohiggins\/#\/schema\/person\/cb8349c13ea2d324080adf8480d7ba5d\"},\"headline\":\"\u00a1Celebra con nosotros el D\u00eda de la Ciencia en Mi Colegio!\",\"datePublished\":\"2018-08-16T18:11:18+00:00\",\"dateModified\":\"2019-05-20T18:06:57+00:00\",\"mainEntityOfPage\":{\"@id\":\"https:\/\/dev.explora.cl\/ohiggins\/celebra-con-nosotros-el-dia-de-la-ciencia-en-mi-colegio\/\"},\"wordCount\":225,\"image\":{\"@id\":\"https:\/\/dev.explora.cl\/ohiggins\/celebra-con-nosotros-el-dia-de-la-ciencia-en-mi-colegio\/#primaryimage\"},\"thumbnailUrl\":\"\",\"articleSection\":[\"Noticias\"],\"inLanguage\":\"es-CL\"},{\"@type\":\"WebPage\",\"@id\":\"https:\/\/dev.explora.cl\/ohiggins\/celebra-con-nosotros-el-dia-de-la-ciencia-en-mi-colegio\/\",\"url\":\"https:\/\/dev.explora.cl\/ohiggins\/celebra-con-nosotros-el-dia-de-la-ciencia-en-mi-colegio\/\",\"name\":\"\u00a1Celebra con nosotros el D\u00eda de la Ciencia en Mi Colegio! - O&#039;Higgins\",\"isPartOf\":{\"@id\":\"https:\/\/dev.explora.cl\/ohiggins\/#website\"},\"primaryImageOfPage\":{\"@id\":\"https:\/\/dev.explora.cl\/ohiggins\/celebra-con-nosotros-el-dia-de-la-ciencia-en-mi-colegio\/#primaryimage\"},\"image\":{\"@id\":\"https:\/\/dev.explora.cl\/ohiggins\/celebra-con-nosotros-el-dia-de-la-ciencia-en-mi-colegio\/#primaryimage\"},\"thumbnailUrl\":\"\",\"datePublished\":\"2018-08-16T18:11:18+00:00\",\"dateModified\":\"2019-05-20T18:06:57+00:00\",\"author\":{\"@id\":\"https:\/\/dev.explora.cl\/ohiggins\/#\/schema\/person\/cb8349c13ea2d324080adf8480d7ba5d\"},\"breadcrumb\":{\"@id\":\"https:\/\/dev.explora.cl\/ohiggins\/celebra-con-nosotros-el-dia-de-la-ciencia-en-mi-colegio\/#breadcrumb\"},\"inLanguage\":\"es-CL\",\"potentialAction\":[{\"@type\":\"ReadAction\",\"target\":[\"https:\/\/dev.explora.cl\/ohiggins\/celebra-con-nosotros-el-dia-de-la-ciencia-en-mi-colegio\/\"]}]},{\"@type\":\"ImageObject\",\"inLanguage\":\"es-CL\",\"@id\":\"https:\/\/dev.explora.cl\/ohiggins\/celebra-con-nosotros-el-dia-de-la-ciencia-en-mi-colegio\/#primaryimage\",\"url\":\"\",\"contentUrl\":\"\"},{\"@type\":\"BreadcrumbList\",\"@id\":\"https:\/\/dev.explora.cl\/ohiggins\/celebra-con-nosotros-el-dia-de-la-ciencia-en-mi-colegio\/#breadcrumb\",\"itemListElement\":[{\"@type\":\"ListItem\",\"position\":1,\"name\":\"Portada\",\"item\":\"https:\/\/dev.explora.cl\/ohiggins\/\"},{\"@type\":\"ListItem\",\"position\":2,\"name\":\"\u00a1Celebra con nosotros el D\u00eda de la Ciencia en Mi Colegio!\"}]},{\"@type\":\"WebSite\",\"@id\":\"https:\/\/dev.explora.cl\/ohiggins\/#website\",\"url\":\"https:\/\/dev.explora.cl\/ohiggins\/\",\"name\":\"O&#039;Higgins\",\"description\":\"Otro sitio m\u00e1s de dev.explora.cl\",\"potentialAction\":[{\"@type\":\"SearchAction\",\"target\":{\"@type\":\"EntryPoint\",\"urlTemplate\":\"https:\/\/dev.explora.cl\/ohiggins\/?s={search_term_string}\"},\"query-input\":{\"@type\":\"PropertyValueSpecification\",\"valueRequired\":true,\"valueName\":\"search_term_string\"}}],\"inLanguage\":\"es-CL\"},{\"@type\":\"Person\",\"@id\":\"https:\/\/dev.explora.cl\/ohiggins\/#\/schema\/person\/cb8349c13ea2d324080adf8480d7ba5d\",\"name\":\"webman\",\"image\":{\"@type\":\"ImageObject\",\"inLanguage\":\"es-CL\",\"@id\":\"https:\/\/dev.explora.cl\/ohiggins\/#\/schema\/person\/image\/\",\"url\":\"https:\/\/secure.gravatar.com\/avatar\/eeff3c82f2c02f7177d13663b7e6f890e9a6a0647ce9bb29cae02dcb094c7312?s=96&d=mm&r=g\",\"contentUrl\":\"https:\/\/secure.gravatar.com\/avatar\/eeff3c82f2c02f7177d13663b7e6f890e9a6a0647ce9bb29cae02dcb094c7312?s=96&d=mm&r=g\",\"caption\":\"webman\"},\"url\":\"https:\/\/dev.explora.cl\/ohiggins\/author\/webman\/\"}]}<\/script>\n<!-- \/ Yoast SEO plugin. -->","yoast_head_json":{"title":"\u00a1Celebra con nosotros el D\u00eda de la Ciencia en Mi Colegio! - O&#039;Higgins","robots":{"index":"index","follow":"follow","max-snippet":"max-snippet:-1","max-image-preview":"max-image-preview:large","max-video-preview":"max-video-preview:-1"},"canonical":"https:\/\/dev.explora.cl\/ohiggins\/celebra-con-nosotros-el-dia-de-la-ciencia-en-mi-colegio\/","og_locale":"es_ES","og_type":"article","og_title":"\u00a1Celebra con nosotros el D\u00eda de la Ciencia en Mi Colegio! - O&#039;Higgins","og_description":"\u00a1Docente! S\u00famate a la celebraci\u00f3n del &#8220;D\u00eda de la Ciencia en mi Colegio&#8221;, que sumar\u00e1 distintas iniciativas cient\u00edficas escolares a nivel regional durante el mes de octubre, festejando as\u00ed la XXIV Semana Nacional de la Ciencia y la Tecnolog\u00eda. Podr\u00e1n participar, colegios, jardines infantiles y centros educativos de cualquier dependencia, que quieran realizar acciones asociadas [&hellip;]","og_url":"https:\/\/dev.explora.cl\/ohiggins\/celebra-con-nosotros-el-dia-de-la-ciencia-en-mi-colegio\/","og_site_name":"O&#039;Higgins","article_published_time":"2018-08-16T18:11:18+00:00","article_modified_time":"2019-05-20T18:06:57+00:00","author":"webman","twitter_card":"summary_large_image","twitter_misc":{"Escrito por":"webman","Tiempo estimado de lectura":"1 minuto"},"schema":{"@context":"https:\/\/schema.org","@graph":[{"@type":"Article","@id":"https:\/\/dev.explora.cl\/ohiggins\/celebra-con-nosotros-el-dia-de-la-ciencia-en-mi-colegio\/#article","isPartOf":{"@id":"https:\/\/dev.explora.cl\/ohiggins\/celebra-con-nosotros-el-dia-de-la-ciencia-en-mi-colegio\/"},"author":{"name":"webman","@id":"https:\/\/dev.explora.cl\/ohiggins\/#\/schema\/person\/cb8349c13ea2d324080adf8480d7ba5d"},"headline":"\u00a1Celebra con nosotros el D\u00eda de la Ciencia en Mi Colegio!","datePublished":"2018-08-16T18:11:18+00:00","dateModified":"2019-05-20T18:06:57+00:00","mainEntityOfPage":{"@id":"https:\/\/dev.explora.cl\/ohiggins\/celebra-con-nosotros-el-dia-de-la-ciencia-en-mi-colegio\/"},"wordCount":225,"image":{"@id":"https:\/\/dev.explora.cl\/ohiggins\/celebra-con-nosotros-el-dia-de-la-ciencia-en-mi-colegio\/#primaryimage"},"thumbnailUrl":"","articleSection":["Noticias"],"inLanguage":"es-CL"},{"@type":"WebPage","@id":"https:\/\/dev.explora.cl\/ohiggins\/celebra-con-nosotros-el-dia-de-la-ciencia-en-mi-colegio\/","url":"https:\/\/dev.explora.cl\/ohiggins\/celebra-con-nosotros-el-dia-de-la-ciencia-en-mi-colegio\/","name":"\u00a1Celebra con nosotros el D\u00eda de la Ciencia en Mi Colegio! - O&#039;Higgins","isPartOf":{"@id":"https:\/\/dev.explora.cl\/ohiggins\/#website"},"primaryImageOfPage":{"@id":"https:\/\/dev.explora.cl\/ohiggins\/celebra-con-nosotros-el-dia-de-la-ciencia-en-mi-colegio\/#primaryimage"},"image":{"@id":"https:\/\/dev.explora.cl\/ohiggins\/celebra-con-nosotros-el-dia-de-la-ciencia-en-mi-colegio\/#primaryimage"},"thumbnailUrl":"","datePublished":"2018-08-16T18:11:18+00:00","dateModified":"2019-05-20T18:06:57+00:00","author":{"@id":"https:\/\/dev.explora.cl\/ohiggins\/#\/schema\/person\/cb8349c13ea2d324080adf8480d7ba5d"},"breadcrumb":{"@id":"https:\/\/dev.explora.cl\/ohiggins\/celebra-con-nosotros-el-dia-de-la-ciencia-en-mi-colegio\/#breadcrumb"},"inLanguage":"es-CL","potentialAction":[{"@type":"ReadAction","target":["https:\/\/dev.explora.cl\/ohiggins\/celebra-con-nosotros-el-dia-de-la-ciencia-en-mi-colegio\/"]}]},{"@type":"ImageObject","inLanguage":"es-CL","@id":"https:\/\/dev.explora.cl\/ohiggins\/celebra-con-nosotros-el-dia-de-la-ciencia-en-mi-colegio\/#primaryimage","url":"","contentUrl":""},{"@type":"BreadcrumbList","@id":"https:\/\/dev.explora.cl\/ohiggins\/celebra-con-nosotros-el-dia-de-la-ciencia-en-mi-colegio\/#breadcrumb","itemListElement":[{"@type":"ListItem","position":1,"name":"Portada","item":"https:\/\/dev.explora.cl\/ohiggins\/"},{"@type":"ListItem","position":2,"name":"\u00a1Celebra con nosotros el D\u00eda de la Ciencia en Mi Colegio!"}]},{"@type":"WebSite","@id":"https:\/\/dev.explora.cl\/ohiggins\/#website","url":"https:\/\/dev.explora.cl\/ohiggins\/","name":"O&#039;Higgins","description":"Otro sitio m\u00e1s de dev.explora.cl","potentialAction":[{"@type":"SearchAction","target":{"@type":"EntryPoint","urlTemplate":"https:\/\/dev.explora.cl\/ohiggins\/?s={search_term_string}"},"query-input":{"@type":"PropertyValueSpecification","valueRequired":true,"valueName":"search_term_string"}}],"inLanguage":"es-CL"},{"@type":"Person","@id":"https:\/\/dev.explora.cl\/ohiggins\/#\/schema\/person\/cb8349c13ea2d324080adf8480d7ba5d","name":"webman","image":{"@type":"ImageObject","inLanguage":"es-CL","@id":"https:\/\/dev.explora.cl\/ohiggins\/#\/schema\/person\/image\/","url":"https:\/\/secure.gravatar.com\/avatar\/eeff3c82f2c02f7177d13663b7e6f890e9a6a0647ce9bb29cae02dcb094c7312?s=96&d=mm&r=g","contentUrl":"https:\/\/secure.gravatar.com\/avatar\/eeff3c82f2c02f7177d13663b7e6f890e9a6a0647ce9bb29cae02dcb094c7312?s=96&d=mm&r=g","caption":"webman"},"url":"https:\/\/dev.explora.cl\/ohiggins\/author\/webman\/"}]}},"_links":{"self":[{"href":"https:\/\/dev.explora.cl\/ohiggins\/wp-json\/wp\/v2\/posts\/35262","targetHints":{"allow":["GET"]}}],"collection":[{"href":"https:\/\/dev.explora.cl\/ohiggins\/wp-json\/wp\/v2\/posts"}],"about":[{"href":"https:\/\/dev.explora.cl\/ohiggins\/wp-json\/wp\/v2\/types\/post"}],"author":[{"embeddable":true,"href":"https:\/\/dev.explora.cl\/ohiggins\/wp-json\/wp\/v2\/users\/2"}],"replies":[{"embeddable":true,"href":"https:\/\/dev.explora.cl\/ohiggins\/wp-json\/wp\/v2\/comments?post=35262"}],"version-history":[{"count":1,"href":"https:\/\/dev.explora.cl\/ohiggins\/wp-json\/wp\/v2\/posts\/35262\/revisions"}],"predecessor-version":[{"id":37966,"href":"https:\/\/dev.explora.cl\/ohiggins\/wp-json\/wp\/v2\/posts\/35262\/revisions\/37966"}],"wp:featuredmedia":[{"embeddable":true,"href":"https:\/\/dev.explora.cl\/ohiggins\/wp-json\/"}],"wp:attachment":[{"href":"https:\/\/dev.explora.cl\/ohiggins\/wp-json\/wp\/v2\/media?parent=35262"}],"wp:term":[{"taxonomy":"category","embeddable":true,"href":"https:\/\/dev.explora.cl\/ohiggins\/wp-json\/wp\/v2\/categories?post=35262"},{"taxonomy":"post_tag","embeddable":true,"href":"https:\/\/dev.explora.cl\/ohiggins\/wp-json\/wp\/v2\/tags?post=35262"}],"curies":[{"name":"wp","href":"https:\/\/api.w.org\/{rel}","templated":true}]}}