{"id":34570,"date":"2018-07-31T04:00:00","date_gmt":"2018-07-31T08:00:00","guid":{"rendered":"https:\/\/dev.explora.cl\/blog\/2018\/07\/31\/pronto-te-invitamos-a-impresionarte-con-muestra-sobre-presion-atmosferica\/"},"modified":"2019-05-20T18:07:00","modified_gmt":"2019-05-20T18:07:00","slug":"pronto-te-invitamos-a-impresionarte-con-muestra-sobre-presion-atmosferica","status":"publish","type":"post","link":"https:\/\/dev.explora.cl\/ohiggins\/pronto-te-invitamos-a-impresionarte-con-muestra-sobre-presion-atmosferica\/","title":{"rendered":"Exposici\u00f3n Interactiva muestra qu\u00e9 es y c\u00f3mo funciona la presi\u00f3n atmosf\u00e9rica"},"content":{"rendered":"<p>&nbsp;<\/p>\n<p style=\"text-align: center\"><img loading=\"lazy\" decoding=\"async\" class=\" size-full wp-image-34569\" src=\"https:\/\/dev.explora.cl\/wp-content\/uploads\/2018\/07\/lanzamiento_mpa_rancagua-16.jpg\" alt=\"lanzamiento mpa rancagua-16.jpg\" width=\"470\" height=\"313\" \/><\/p>\n<p>&nbsp;<\/p>\n<p style=\"text-align: justify\"><em>\u201c<\/em><\/p>\n<p><em>\u201cExpo Viajera\u201d realizar\u00e1 una itinerancia por edificio Anexo la Punta en Mostazal, para acercar la ciencia a estudiantes y p\u00fablico general. <\/em><\/p>\n<p>&nbsp;<\/p>\n<p style=\"text-align: justify\">\u00bfQuieres vivenciar los efectos de la presi\u00f3n atmosf\u00e9rica? Entonces, no te puedes perder \u201cExpo Viajera: Impresi\u00f3nate con la Presi\u00f3n Atmosf\u00e9rica\u201d, que trajo a la regi\u00f3n el Proyecto Explora de Valoraci\u00f3n y Divulgaci\u00f3n de la Ciencia y la Tecnolog\u00eda ejecutado por la Universidad Cat\u00f3lica de Valpara\u00edso, con el apoyo de PAR Explora de CONICYT O\u2019Higgins y DAEM de la Municipalidad de Mostazal.<\/p>\n<p style=\"text-align: justify\">\u201cExpo Viajera\u201d es inclusiva y est\u00e1 dirigida a ni\u00f1os y ni\u00f1as de segundo ciclo b\u00e1sico y p\u00fablico familiar, y contar\u00e1 tambi\u00e9n, con una gu\u00eda complementaria que ser\u00e1 entregada a los docentes para que puedan profundizar en el contenido e incluso desarrollar algunos de los experimentos en sus aulas.<\/p>\n<p style=\"text-align: justify\">El Dr. Francisco Vera, director de la muestra explica que: \u201ces muy interesante porque permite entender este fen\u00f3meno de manera l\u00fadica. Casi no hay exposiciones donde los estudiantes puedan \u2018jugar\u2019 con la ciencia en temas que son cotidianos, como por ejemplo con la presi\u00f3n atmosf\u00e9rica, que nos rodea, est\u00e1 en todas partes, pero mucha gente no sabe por qu\u00e9 ocurre\u201d.<\/p>\n<p style=\"text-align: justify\">Luis R\u00edos, coordinador ejecutivo del PAR Explora regional comenta: \u201cinvitamos a docentes, estudiantes y p\u00fablico general que quieran conocer m\u00e1s de este tema, a que visiten la exposici\u00f3n, tendremos monitores que explicar\u00e1n cada uno de los experimentos, de una manera f\u00e1cil y entretenida\u201d.<\/p>\n<p style=\"text-align: justify\">Los nombres de los m\u00f3dulos que posee la muestra son: \u00bfPuedes sostener&nbsp;el&nbsp;equivalente a la presi\u00f3n atmosf\u00e9rica? \u00bfCu\u00e1nto pesa&nbsp;el&nbsp;aire? \u00bfAumenta la temperatura al aumentar la presi\u00f3n&nbsp;del&nbsp;aire? \u00bfMe&nbsp;puede&nbsp;aplastar&nbsp;el&nbsp;peso&nbsp;del&nbsp;aire? \u00bfPor qu\u00e9 nos duelen los o\u00eddos al cambiar de altura? \u00bfPor qu\u00e9 un submarino&nbsp;puede&nbsp;flotar o hundirse? \u00bfSe&nbsp;puede&nbsp;inflar un globo disminuyendo la presi\u00f3n externa? \u00bfPueden las mol\u00e9culas de&nbsp;aire&nbsp;superar nuestra fuerza?<\/p>\n<p style=\"text-align: justify\">La exposici\u00f3n comenz\u00f3 su itinerancia en el Museo Regional Rancagua, donde estuvo hasta el 17 de agosto, y estar\u00e1 disponible a partir del lunes 20 al viernes 31 de agosto en el Edificio Anexo La Punta en la comuna de Mostazal, desde las 9.00 a las 17.00 horas.&nbsp;Aquellos profesores y profesoras que deseen asistir con estudiantes, pueden inscribirse en el link abajo indicado.&nbsp;<\/p>\n<p style=\"text-align: justify\"><span style=\"text-decoration: underline\"><strong>San Francisco de Mostazal <a href=\"https:\/\/goo.gl\/forms\/KJCXGgUnPaZPvA7r2\">(inscripciones ac\u00e1)<\/a><\/strong><\/span><br \/>Edificio Anexo La Punta<br \/>Desde el 20 al 31 de agosto<br \/>Lunes a viernes de 9:00 a 17:00 horas<\/p>\n<p style=\"text-align: justify\">\n","protected":false},"excerpt":{"rendered":"<p>&nbsp; &nbsp; \u201c \u201cExpo Viajera\u201d realizar\u00e1 una itinerancia por edificio Anexo la Punta en Mostazal, para acercar la ciencia a estudiantes y p\u00fablico general. &nbsp; \u00bfQuieres vivenciar los efectos de la presi\u00f3n atmosf\u00e9rica? Entonces, no te puedes perder \u201cExpo Viajera: Impresi\u00f3nate con la Presi\u00f3n Atmosf\u00e9rica\u201d, que trajo a la regi\u00f3n el Proyecto Explora de Valoraci\u00f3n [&hellip;]<\/p>\n","protected":false},"author":2,"featured_media":34568,"comment_status":"closed","ping_status":"open","sticky":false,"template":"","format":"standard","meta":{"_acf_changed":false,"_exactmetrics_skip_tracking":false,"_exactmetrics_sitenote_active":false,"_exactmetrics_sitenote_note":"","_exactmetrics_sitenote_category":0,"footnotes":"","_links_to":"","_links_to_target":""},"categories":[4],"tags":[],"class_list":["post-34570","post","type-post","status-publish","format-standard","has-post-thumbnail","hentry","category-noticias"],"acf":[],"yoast_head":"<!-- This site is optimized with the Yoast SEO plugin v26.7 - https:\/\/yoast.com\/wordpress\/plugins\/seo\/ -->\n<title>Exposici\u00f3n Interactiva muestra qu\u00e9 es y c\u00f3mo funciona la presi\u00f3n atmosf\u00e9rica - O&#039;Higgins<\/title>\n<meta name=\"robots\" content=\"index, follow, max-snippet:-1, max-image-preview:large, max-video-preview:-1\" \/>\n<link rel=\"canonical\" href=\"https:\/\/dev.explora.cl\/ohiggins\/pronto-te-invitamos-a-impresionarte-con-muestra-sobre-presion-atmosferica\/\" class=\"yoast-seo-meta-tag\" \/>\n<meta property=\"og:locale\" content=\"es_ES\" class=\"yoast-seo-meta-tag\" \/>\n<meta property=\"og:type\" content=\"article\" class=\"yoast-seo-meta-tag\" \/>\n<meta property=\"og:title\" content=\"Exposici\u00f3n Interactiva muestra qu\u00e9 es y c\u00f3mo funciona la presi\u00f3n atmosf\u00e9rica - O&#039;Higgins\" class=\"yoast-seo-meta-tag\" \/>\n<meta property=\"og:description\" content=\"&nbsp; &nbsp; \u201c \u201cExpo Viajera\u201d realizar\u00e1 una itinerancia por edificio Anexo la Punta en Mostazal, para acercar la ciencia a estudiantes y p\u00fablico general. &nbsp; \u00bfQuieres vivenciar los efectos de la presi\u00f3n atmosf\u00e9rica? Entonces, no te puedes perder \u201cExpo Viajera: Impresi\u00f3nate con la Presi\u00f3n Atmosf\u00e9rica\u201d, que trajo a la regi\u00f3n el Proyecto Explora de Valoraci\u00f3n [&hellip;]\" class=\"yoast-seo-meta-tag\" \/>\n<meta property=\"og:url\" content=\"https:\/\/dev.explora.cl\/ohiggins\/pronto-te-invitamos-a-impresionarte-con-muestra-sobre-presion-atmosferica\/\" class=\"yoast-seo-meta-tag\" \/>\n<meta property=\"og:site_name\" content=\"O&#039;Higgins\" class=\"yoast-seo-meta-tag\" \/>\n<meta property=\"article:published_time\" content=\"2018-07-31T08:00:00+00:00\" class=\"yoast-seo-meta-tag\" \/>\n<meta property=\"article:modified_time\" content=\"2019-05-20T18:07:00+00:00\" class=\"yoast-seo-meta-tag\" \/>\n<meta name=\"author\" content=\"webman\" class=\"yoast-seo-meta-tag\" \/>\n<meta name=\"twitter:card\" content=\"summary_large_image\" class=\"yoast-seo-meta-tag\" \/>\n<meta name=\"twitter:label1\" content=\"Escrito por\" class=\"yoast-seo-meta-tag\" \/>\n\t<meta name=\"twitter:data1\" content=\"webman\" class=\"yoast-seo-meta-tag\" \/>\n\t<meta name=\"twitter:label2\" content=\"Tiempo estimado de lectura\" class=\"yoast-seo-meta-tag\" \/>\n\t<meta name=\"twitter:data2\" content=\"2 minutos\" class=\"yoast-seo-meta-tag\" \/>\n<script type=\"application\/ld+json\" class=\"yoast-schema-graph\">{\"@context\":\"https:\/\/schema.org\",\"@graph\":[{\"@type\":\"Article\",\"@id\":\"https:\/\/dev.explora.cl\/ohiggins\/pronto-te-invitamos-a-impresionarte-con-muestra-sobre-presion-atmosferica\/#article\",\"isPartOf\":{\"@id\":\"https:\/\/dev.explora.cl\/ohiggins\/pronto-te-invitamos-a-impresionarte-con-muestra-sobre-presion-atmosferica\/\"},\"author\":{\"name\":\"webman\",\"@id\":\"https:\/\/dev.explora.cl\/ohiggins\/#\/schema\/person\/cb8349c13ea2d324080adf8480d7ba5d\"},\"headline\":\"Exposici\u00f3n Interactiva muestra qu\u00e9 es y c\u00f3mo funciona la presi\u00f3n atmosf\u00e9rica\",\"datePublished\":\"2018-07-31T08:00:00+00:00\",\"dateModified\":\"2019-05-20T18:07:00+00:00\",\"mainEntityOfPage\":{\"@id\":\"https:\/\/dev.explora.cl\/ohiggins\/pronto-te-invitamos-a-impresionarte-con-muestra-sobre-presion-atmosferica\/\"},\"wordCount\":460,\"image\":{\"@id\":\"https:\/\/dev.explora.cl\/ohiggins\/pronto-te-invitamos-a-impresionarte-con-muestra-sobre-presion-atmosferica\/#primaryimage\"},\"thumbnailUrl\":\"\",\"articleSection\":[\"Noticias\"],\"inLanguage\":\"es-CL\"},{\"@type\":\"WebPage\",\"@id\":\"https:\/\/dev.explora.cl\/ohiggins\/pronto-te-invitamos-a-impresionarte-con-muestra-sobre-presion-atmosferica\/\",\"url\":\"https:\/\/dev.explora.cl\/ohiggins\/pronto-te-invitamos-a-impresionarte-con-muestra-sobre-presion-atmosferica\/\",\"name\":\"Exposici\u00f3n Interactiva muestra qu\u00e9 es y c\u00f3mo funciona la presi\u00f3n atmosf\u00e9rica - O&#039;Higgins\",\"isPartOf\":{\"@id\":\"https:\/\/dev.explora.cl\/ohiggins\/#website\"},\"primaryImageOfPage\":{\"@id\":\"https:\/\/dev.explora.cl\/ohiggins\/pronto-te-invitamos-a-impresionarte-con-muestra-sobre-presion-atmosferica\/#primaryimage\"},\"image\":{\"@id\":\"https:\/\/dev.explora.cl\/ohiggins\/pronto-te-invitamos-a-impresionarte-con-muestra-sobre-presion-atmosferica\/#primaryimage\"},\"thumbnailUrl\":\"\",\"datePublished\":\"2018-07-31T08:00:00+00:00\",\"dateModified\":\"2019-05-20T18:07:00+00:00\",\"author\":{\"@id\":\"https:\/\/dev.explora.cl\/ohiggins\/#\/schema\/person\/cb8349c13ea2d324080adf8480d7ba5d\"},\"breadcrumb\":{\"@id\":\"https:\/\/dev.explora.cl\/ohiggins\/pronto-te-invitamos-a-impresionarte-con-muestra-sobre-presion-atmosferica\/#breadcrumb\"},\"inLanguage\":\"es-CL\",\"potentialAction\":[{\"@type\":\"ReadAction\",\"target\":[\"https:\/\/dev.explora.cl\/ohiggins\/pronto-te-invitamos-a-impresionarte-con-muestra-sobre-presion-atmosferica\/\"]}]},{\"@type\":\"ImageObject\",\"inLanguage\":\"es-CL\",\"@id\":\"https:\/\/dev.explora.cl\/ohiggins\/pronto-te-invitamos-a-impresionarte-con-muestra-sobre-presion-atmosferica\/#primaryimage\",\"url\":\"\",\"contentUrl\":\"\"},{\"@type\":\"BreadcrumbList\",\"@id\":\"https:\/\/dev.explora.cl\/ohiggins\/pronto-te-invitamos-a-impresionarte-con-muestra-sobre-presion-atmosferica\/#breadcrumb\",\"itemListElement\":[{\"@type\":\"ListItem\",\"position\":1,\"name\":\"Portada\",\"item\":\"https:\/\/dev.explora.cl\/ohiggins\/\"},{\"@type\":\"ListItem\",\"position\":2,\"name\":\"Exposici\u00f3n Interactiva muestra qu\u00e9 es y c\u00f3mo funciona la presi\u00f3n atmosf\u00e9rica\"}]},{\"@type\":\"WebSite\",\"@id\":\"https:\/\/dev.explora.cl\/ohiggins\/#website\",\"url\":\"https:\/\/dev.explora.cl\/ohiggins\/\",\"name\":\"O&#039;Higgins\",\"description\":\"Otro sitio m\u00e1s de dev.explora.cl\",\"potentialAction\":[{\"@type\":\"SearchAction\",\"target\":{\"@type\":\"EntryPoint\",\"urlTemplate\":\"https:\/\/dev.explora.cl\/ohiggins\/?s={search_term_string}\"},\"query-input\":{\"@type\":\"PropertyValueSpecification\",\"valueRequired\":true,\"valueName\":\"search_term_string\"}}],\"inLanguage\":\"es-CL\"},{\"@type\":\"Person\",\"@id\":\"https:\/\/dev.explora.cl\/ohiggins\/#\/schema\/person\/cb8349c13ea2d324080adf8480d7ba5d\",\"name\":\"webman\",\"image\":{\"@type\":\"ImageObject\",\"inLanguage\":\"es-CL\",\"@id\":\"https:\/\/dev.explora.cl\/ohiggins\/#\/schema\/person\/image\/\",\"url\":\"https:\/\/secure.gravatar.com\/avatar\/eeff3c82f2c02f7177d13663b7e6f890e9a6a0647ce9bb29cae02dcb094c7312?s=96&d=mm&r=g\",\"contentUrl\":\"https:\/\/secure.gravatar.com\/avatar\/eeff3c82f2c02f7177d13663b7e6f890e9a6a0647ce9bb29cae02dcb094c7312?s=96&d=mm&r=g\",\"caption\":\"webman\"},\"url\":\"https:\/\/dev.explora.cl\/ohiggins\/author\/webman\/\"}]}<\/script>\n<!-- \/ Yoast SEO plugin. -->","yoast_head_json":{"title":"Exposici\u00f3n Interactiva muestra qu\u00e9 es y c\u00f3mo funciona la presi\u00f3n atmosf\u00e9rica - O&#039;Higgins","robots":{"index":"index","follow":"follow","max-snippet":"max-snippet:-1","max-image-preview":"max-image-preview:large","max-video-preview":"max-video-preview:-1"},"canonical":"https:\/\/dev.explora.cl\/ohiggins\/pronto-te-invitamos-a-impresionarte-con-muestra-sobre-presion-atmosferica\/","og_locale":"es_ES","og_type":"article","og_title":"Exposici\u00f3n Interactiva muestra qu\u00e9 es y c\u00f3mo funciona la presi\u00f3n atmosf\u00e9rica - O&#039;Higgins","og_description":"&nbsp; &nbsp; \u201c \u201cExpo Viajera\u201d realizar\u00e1 una itinerancia por edificio Anexo la Punta en Mostazal, para acercar la ciencia a estudiantes y p\u00fablico general. &nbsp; \u00bfQuieres vivenciar los efectos de la presi\u00f3n atmosf\u00e9rica? Entonces, no te puedes perder \u201cExpo Viajera: Impresi\u00f3nate con la Presi\u00f3n Atmosf\u00e9rica\u201d, que trajo a la regi\u00f3n el Proyecto Explora de Valoraci\u00f3n [&hellip;]","og_url":"https:\/\/dev.explora.cl\/ohiggins\/pronto-te-invitamos-a-impresionarte-con-muestra-sobre-presion-atmosferica\/","og_site_name":"O&#039;Higgins","article_published_time":"2018-07-31T08:00:00+00:00","article_modified_time":"2019-05-20T18:07:00+00:00","author":"webman","twitter_card":"summary_large_image","twitter_misc":{"Escrito por":"webman","Tiempo estimado de lectura":"2 minutos"},"schema":{"@context":"https:\/\/schema.org","@graph":[{"@type":"Article","@id":"https:\/\/dev.explora.cl\/ohiggins\/pronto-te-invitamos-a-impresionarte-con-muestra-sobre-presion-atmosferica\/#article","isPartOf":{"@id":"https:\/\/dev.explora.cl\/ohiggins\/pronto-te-invitamos-a-impresionarte-con-muestra-sobre-presion-atmosferica\/"},"author":{"name":"webman","@id":"https:\/\/dev.explora.cl\/ohiggins\/#\/schema\/person\/cb8349c13ea2d324080adf8480d7ba5d"},"headline":"Exposici\u00f3n Interactiva muestra qu\u00e9 es y c\u00f3mo funciona la presi\u00f3n atmosf\u00e9rica","datePublished":"2018-07-31T08:00:00+00:00","dateModified":"2019-05-20T18:07:00+00:00","mainEntityOfPage":{"@id":"https:\/\/dev.explora.cl\/ohiggins\/pronto-te-invitamos-a-impresionarte-con-muestra-sobre-presion-atmosferica\/"},"wordCount":460,"image":{"@id":"https:\/\/dev.explora.cl\/ohiggins\/pronto-te-invitamos-a-impresionarte-con-muestra-sobre-presion-atmosferica\/#primaryimage"},"thumbnailUrl":"","articleSection":["Noticias"],"inLanguage":"es-CL"},{"@type":"WebPage","@id":"https:\/\/dev.explora.cl\/ohiggins\/pronto-te-invitamos-a-impresionarte-con-muestra-sobre-presion-atmosferica\/","url":"https:\/\/dev.explora.cl\/ohiggins\/pronto-te-invitamos-a-impresionarte-con-muestra-sobre-presion-atmosferica\/","name":"Exposici\u00f3n Interactiva muestra qu\u00e9 es y c\u00f3mo funciona la presi\u00f3n atmosf\u00e9rica - O&#039;Higgins","isPartOf":{"@id":"https:\/\/dev.explora.cl\/ohiggins\/#website"},"primaryImageOfPage":{"@id":"https:\/\/dev.explora.cl\/ohiggins\/pronto-te-invitamos-a-impresionarte-con-muestra-sobre-presion-atmosferica\/#primaryimage"},"image":{"@id":"https:\/\/dev.explora.cl\/ohiggins\/pronto-te-invitamos-a-impresionarte-con-muestra-sobre-presion-atmosferica\/#primaryimage"},"thumbnailUrl":"","datePublished":"2018-07-31T08:00:00+00:00","dateModified":"2019-05-20T18:07:00+00:00","author":{"@id":"https:\/\/dev.explora.cl\/ohiggins\/#\/schema\/person\/cb8349c13ea2d324080adf8480d7ba5d"},"breadcrumb":{"@id":"https:\/\/dev.explora.cl\/ohiggins\/pronto-te-invitamos-a-impresionarte-con-muestra-sobre-presion-atmosferica\/#breadcrumb"},"inLanguage":"es-CL","potentialAction":[{"@type":"ReadAction","target":["https:\/\/dev.explora.cl\/ohiggins\/pronto-te-invitamos-a-impresionarte-con-muestra-sobre-presion-atmosferica\/"]}]},{"@type":"ImageObject","inLanguage":"es-CL","@id":"https:\/\/dev.explora.cl\/ohiggins\/pronto-te-invitamos-a-impresionarte-con-muestra-sobre-presion-atmosferica\/#primaryimage","url":"","contentUrl":""},{"@type":"BreadcrumbList","@id":"https:\/\/dev.explora.cl\/ohiggins\/pronto-te-invitamos-a-impresionarte-con-muestra-sobre-presion-atmosferica\/#breadcrumb","itemListElement":[{"@type":"ListItem","position":1,"name":"Portada","item":"https:\/\/dev.explora.cl\/ohiggins\/"},{"@type":"ListItem","position":2,"name":"Exposici\u00f3n Interactiva muestra qu\u00e9 es y c\u00f3mo funciona la presi\u00f3n atmosf\u00e9rica"}]},{"@type":"WebSite","@id":"https:\/\/dev.explora.cl\/ohiggins\/#website","url":"https:\/\/dev.explora.cl\/ohiggins\/","name":"O&#039;Higgins","description":"Otro sitio m\u00e1s de dev.explora.cl","potentialAction":[{"@type":"SearchAction","target":{"@type":"EntryPoint","urlTemplate":"https:\/\/dev.explora.cl\/ohiggins\/?s={search_term_string}"},"query-input":{"@type":"PropertyValueSpecification","valueRequired":true,"valueName":"search_term_string"}}],"inLanguage":"es-CL"},{"@type":"Person","@id":"https:\/\/dev.explora.cl\/ohiggins\/#\/schema\/person\/cb8349c13ea2d324080adf8480d7ba5d","name":"webman","image":{"@type":"ImageObject","inLanguage":"es-CL","@id":"https:\/\/dev.explora.cl\/ohiggins\/#\/schema\/person\/image\/","url":"https:\/\/secure.gravatar.com\/avatar\/eeff3c82f2c02f7177d13663b7e6f890e9a6a0647ce9bb29cae02dcb094c7312?s=96&d=mm&r=g","contentUrl":"https:\/\/secure.gravatar.com\/avatar\/eeff3c82f2c02f7177d13663b7e6f890e9a6a0647ce9bb29cae02dcb094c7312?s=96&d=mm&r=g","caption":"webman"},"url":"https:\/\/dev.explora.cl\/ohiggins\/author\/webman\/"}]}},"_links":{"self":[{"href":"https:\/\/dev.explora.cl\/ohiggins\/wp-json\/wp\/v2\/posts\/34570","targetHints":{"allow":["GET"]}}],"collection":[{"href":"https:\/\/dev.explora.cl\/ohiggins\/wp-json\/wp\/v2\/posts"}],"about":[{"href":"https:\/\/dev.explora.cl\/ohiggins\/wp-json\/wp\/v2\/types\/post"}],"author":[{"embeddable":true,"href":"https:\/\/dev.explora.cl\/ohiggins\/wp-json\/wp\/v2\/users\/2"}],"replies":[{"embeddable":true,"href":"https:\/\/dev.explora.cl\/ohiggins\/wp-json\/wp\/v2\/comments?post=34570"}],"version-history":[{"count":1,"href":"https:\/\/dev.explora.cl\/ohiggins\/wp-json\/wp\/v2\/posts\/34570\/revisions"}],"predecessor-version":[{"id":37968,"href":"https:\/\/dev.explora.cl\/ohiggins\/wp-json\/wp\/v2\/posts\/34570\/revisions\/37968"}],"wp:featuredmedia":[{"embeddable":true,"href":"https:\/\/dev.explora.cl\/ohiggins\/wp-json\/"}],"wp:attachment":[{"href":"https:\/\/dev.explora.cl\/ohiggins\/wp-json\/wp\/v2\/media?parent=34570"}],"wp:term":[{"taxonomy":"category","embeddable":true,"href":"https:\/\/dev.explora.cl\/ohiggins\/wp-json\/wp\/v2\/categories?post=34570"},{"taxonomy":"post_tag","embeddable":true,"href":"https:\/\/dev.explora.cl\/ohiggins\/wp-json\/wp\/v2\/tags?post=34570"}],"curies":[{"name":"wp","href":"https:\/\/api.w.org\/{rel}","templated":true}]}}