{"id":34382,"date":"2018-07-29T12:53:00","date_gmt":"2018-07-29T16:53:00","guid":{"rendered":"https:\/\/dev.explora.cl\/blog\/2018\/07\/29\/participa-del-xii-congreso-regional-escolar-de-cyt\/"},"modified":"2019-05-20T18:07:01","modified_gmt":"2019-05-20T18:07:01","slug":"participa-del-xii-congreso-regional-escolar-de-cyt","status":"publish","type":"post","link":"https:\/\/dev.explora.cl\/ohiggins\/participa-del-xii-congreso-regional-escolar-de-cyt\/","title":{"rendered":"\u00a1Participa del XII Congreso Regional Escolar de CyT!"},"content":{"rendered":"<p><img loading=\"lazy\" decoding=\"async\" class=\" size-full wp-image-34381\" src=\"https:\/\/dev.explora.cl\/wp-content\/uploads\/2018\/07\/congreso_regional_nota.jpg\" alt=\"congreso regional nota\" style=\"margin-left: auto;margin-right: auto\" width=\"700\" height=\"338\" \/><\/p>\n<p style=\"text-align: justify\">Buscamos ni\u00f1as, ni\u00f1os y j\u00f3venes apasionados por la ciencia, que est\u00e9n desarrollando una investigaci\u00f3n o proyecto cient\u00edfico para invitarles a participar del <strong>XII Congreso Regional Escolar de Ciencia y Tecnolog\u00eda Explora de CONICYT (CRECyT) 2018 Regi\u00f3n de O\u2019Higgins<\/strong>, que se desarrollar\u00e1 el 25 y 26 de octubre en la comuna de Machal\u00ed.<\/p>\n<p>Si participas de una academia, taller o club de ciencias, ya sea de Ciencias Naturales, Ciencias Sociales o Ingenier\u00eda y Tecnolog\u00eda, te invitamos a postular junto a tus compa\u00f1eros\/as y tu docente gu\u00eda desde el 1 de agosto hasta el 24 de septiembre, hasta las 23:59 horas.<\/p>\n<p>Podr\u00e1s formar parte de una de las m\u00e1s importantes ferias cient\u00edficas y tecnol\u00f3gicas de divulgaci\u00f3n de la investigaci\u00f3n escolar de la regi\u00f3n, cuyos ganadores han obtenido pasant\u00edas en Chile y el extranjero.<\/p>\n<p>En el CRECyT estudiantes entre 5\u00b0 a\u00f1o de Educaci\u00f3n B\u00e1sica y 3\u00b0 a\u00f1o de Educaci\u00f3n Media presentan sus proyectos de investigaci\u00f3n, comparten e interact\u00faan con sus pares de otras ciudades y provincias, participan en conversaciones con cient\u00edficos y cient\u00edficas de distintas disciplinas y, adem\u00e1s, de actividades recreativas.<\/p>\n<p><strong>POSTULACIONES<\/strong><\/p>\n<p>Pueden postular aquellos profesores y profesoras gu\u00edas, de cualquier establecimiento educacional de la regi\u00f3n de O\u2019Higgins (sin importar su dependencia) cuyos estudiantes est\u00e9n dentro del rango permitido (5\u00b0a\u00f1o de Educaci\u00f3n B\u00e1sica y 3\u00b0a\u00f1o de Educaci\u00f3n Media. Se deben descargar las <a href=\"https:\/\/dev.explora.cl\/wp-content\/uploads\/2018\/05\/Bases-CRECYT-2018.pdf\" target=\"_blank\" rel=\"noopener noreferrer\">bases ac\u00e1<\/a>, y luego enviar los antecedentes, entre el 1 de agosto y el 24 de septiembre a <a href=\"mailto:congresoohiggins@gmail.com.\">congresoohiggins@gmail.com.<\/a><\/p>\n<p><strong>\u00bfQu\u00e9 categor\u00edas se podr\u00e1 participar?<\/strong> <\/p>\n<p>Los equipos interesados en participar podr\u00e1n presentar proyectos de investigaci\u00f3n que pertenezcan a cualquiera de las siguientes tres categor\u00edas: \u201cCiencias Naturales\u201d, \u201cCiencias Sociales\u201d o \u201cIngenier\u00eda y Tecnolog\u00eda\u201d.<\/p>\n<p>Todos los trabajos presentados deben ser originales e in\u00e9ditos, y no pueden corresponder a demostraci\u00f3n de principios o teor\u00edas cient\u00edficas. En caso de la continuaci\u00f3n de un proyecto de investigaci\u00f3n escolar comenzado en a\u00f1os anteriores, \u00e9stos podr\u00e1n presentarse al CRECyT 2018 siempre y cuando muestren \u00fanicamente aquellos resultados m\u00e1s relevantes obtenidos el 2018.<\/p>\n<p><strong>Premios<\/strong><\/p>\n<p>En el CRECyT el PAR distinguir\u00e1 a los proyectos de investigaci\u00f3n mejor evaluados, en Educaci\u00f3n B\u00e1sica y en Educaci\u00f3n Media, como primeros lugares y ganadores del Congreso Regional. Ambos proyectos ser\u00e1n los representantes de la regi\u00f3n en el Congreso Nacional CyT que se realizar\u00e1 durante el mes de noviembre en Concepci\u00f3n. &nbsp;<\/p>\n<p>Adicionalmente, los proyectos de Educaci\u00f3n Media postulantes al CRECyT 2018 podr\u00e1n manifestar su intenci\u00f3n de presentar su proyecto a la Feria Intel ISEF 2019 que se realizar\u00e1 en EEUU (revisar documentos adjuntos). <\/p>\n<p><strong>Resultados<\/strong><\/p>\n<p>El listado oficial con los trabajos seleccionados se efectuar\u00e1 el 28 de septiembre. Para cualquier duda, se puede escribir a <a href=\"mailto:congresoohiggins@gmail.com.\">congresoohiggins@gmail.com.<\/a> <\/p>\n<p>Puedes revisar documentos anexos adjuntos con bases y formularios.<\/p>\n","protected":false},"excerpt":{"rendered":"<p>Buscamos ni\u00f1as, ni\u00f1os y j\u00f3venes apasionados por la ciencia, que est\u00e9n desarrollando una investigaci\u00f3n o proyecto cient\u00edfico para invitarles a participar del XII Congreso Regional Escolar de Ciencia y Tecnolog\u00eda Explora de CONICYT (CRECyT) 2018 Regi\u00f3n de O\u2019Higgins, que se desarrollar\u00e1 el 25 y 26 de octubre en la comuna de Machal\u00ed. Si participas de [&hellip;]<\/p>\n","protected":false},"author":2,"featured_media":34380,"comment_status":"closed","ping_status":"open","sticky":false,"template":"","format":"standard","meta":{"_acf_changed":false,"_exactmetrics_skip_tracking":false,"_exactmetrics_sitenote_active":false,"_exactmetrics_sitenote_note":"","_exactmetrics_sitenote_category":0,"footnotes":"","_links_to":"","_links_to_target":""},"categories":[4],"tags":[],"class_list":["post-34382","post","type-post","status-publish","format-standard","has-post-thumbnail","hentry","category-noticias"],"acf":[],"yoast_head":"<!-- This site is optimized with the Yoast SEO plugin v26.7 - https:\/\/yoast.com\/wordpress\/plugins\/seo\/ -->\n<title>\u00a1Participa del XII Congreso Regional Escolar de CyT! - O&#039;Higgins<\/title>\n<meta name=\"robots\" content=\"index, follow, max-snippet:-1, max-image-preview:large, max-video-preview:-1\" \/>\n<link rel=\"canonical\" href=\"https:\/\/dev.explora.cl\/ohiggins\/participa-del-xii-congreso-regional-escolar-de-cyt\/\" class=\"yoast-seo-meta-tag\" \/>\n<meta property=\"og:locale\" content=\"es_ES\" class=\"yoast-seo-meta-tag\" \/>\n<meta property=\"og:type\" content=\"article\" class=\"yoast-seo-meta-tag\" \/>\n<meta property=\"og:title\" content=\"\u00a1Participa del XII Congreso Regional Escolar de CyT! - O&#039;Higgins\" class=\"yoast-seo-meta-tag\" \/>\n<meta property=\"og:description\" content=\"Buscamos ni\u00f1as, ni\u00f1os y j\u00f3venes apasionados por la ciencia, que est\u00e9n desarrollando una investigaci\u00f3n o proyecto cient\u00edfico para invitarles a participar del XII Congreso Regional Escolar de Ciencia y Tecnolog\u00eda Explora de CONICYT (CRECyT) 2018 Regi\u00f3n de O\u2019Higgins, que se desarrollar\u00e1 el 25 y 26 de octubre en la comuna de Machal\u00ed. Si participas de [&hellip;]\" class=\"yoast-seo-meta-tag\" \/>\n<meta property=\"og:url\" content=\"https:\/\/dev.explora.cl\/ohiggins\/participa-del-xii-congreso-regional-escolar-de-cyt\/\" class=\"yoast-seo-meta-tag\" \/>\n<meta property=\"og:site_name\" content=\"O&#039;Higgins\" class=\"yoast-seo-meta-tag\" \/>\n<meta property=\"article:published_time\" content=\"2018-07-29T16:53:00+00:00\" class=\"yoast-seo-meta-tag\" \/>\n<meta property=\"article:modified_time\" content=\"2019-05-20T18:07:01+00:00\" class=\"yoast-seo-meta-tag\" \/>\n<meta name=\"author\" content=\"webman\" class=\"yoast-seo-meta-tag\" \/>\n<meta name=\"twitter:card\" content=\"summary_large_image\" class=\"yoast-seo-meta-tag\" \/>\n<meta name=\"twitter:label1\" content=\"Escrito por\" class=\"yoast-seo-meta-tag\" \/>\n\t<meta name=\"twitter:data1\" content=\"webman\" class=\"yoast-seo-meta-tag\" \/>\n\t<meta name=\"twitter:label2\" content=\"Tiempo estimado de lectura\" class=\"yoast-seo-meta-tag\" \/>\n\t<meta name=\"twitter:data2\" content=\"2 minutos\" class=\"yoast-seo-meta-tag\" \/>\n<script type=\"application\/ld+json\" class=\"yoast-schema-graph\">{\"@context\":\"https:\/\/schema.org\",\"@graph\":[{\"@type\":\"Article\",\"@id\":\"https:\/\/dev.explora.cl\/ohiggins\/participa-del-xii-congreso-regional-escolar-de-cyt\/#article\",\"isPartOf\":{\"@id\":\"https:\/\/dev.explora.cl\/ohiggins\/participa-del-xii-congreso-regional-escolar-de-cyt\/\"},\"author\":{\"name\":\"webman\",\"@id\":\"https:\/\/dev.explora.cl\/ohiggins\/#\/schema\/person\/cb8349c13ea2d324080adf8480d7ba5d\"},\"headline\":\"\u00a1Participa del XII Congreso Regional Escolar de CyT!\",\"datePublished\":\"2018-07-29T16:53:00+00:00\",\"dateModified\":\"2019-05-20T18:07:01+00:00\",\"mainEntityOfPage\":{\"@id\":\"https:\/\/dev.explora.cl\/ohiggins\/participa-del-xii-congreso-regional-escolar-de-cyt\/\"},\"wordCount\":502,\"image\":{\"@id\":\"https:\/\/dev.explora.cl\/ohiggins\/participa-del-xii-congreso-regional-escolar-de-cyt\/#primaryimage\"},\"thumbnailUrl\":\"\",\"articleSection\":[\"Noticias\"],\"inLanguage\":\"es-CL\"},{\"@type\":\"WebPage\",\"@id\":\"https:\/\/dev.explora.cl\/ohiggins\/participa-del-xii-congreso-regional-escolar-de-cyt\/\",\"url\":\"https:\/\/dev.explora.cl\/ohiggins\/participa-del-xii-congreso-regional-escolar-de-cyt\/\",\"name\":\"\u00a1Participa del XII Congreso Regional Escolar de CyT! - O&#039;Higgins\",\"isPartOf\":{\"@id\":\"https:\/\/dev.explora.cl\/ohiggins\/#website\"},\"primaryImageOfPage\":{\"@id\":\"https:\/\/dev.explora.cl\/ohiggins\/participa-del-xii-congreso-regional-escolar-de-cyt\/#primaryimage\"},\"image\":{\"@id\":\"https:\/\/dev.explora.cl\/ohiggins\/participa-del-xii-congreso-regional-escolar-de-cyt\/#primaryimage\"},\"thumbnailUrl\":\"\",\"datePublished\":\"2018-07-29T16:53:00+00:00\",\"dateModified\":\"2019-05-20T18:07:01+00:00\",\"author\":{\"@id\":\"https:\/\/dev.explora.cl\/ohiggins\/#\/schema\/person\/cb8349c13ea2d324080adf8480d7ba5d\"},\"breadcrumb\":{\"@id\":\"https:\/\/dev.explora.cl\/ohiggins\/participa-del-xii-congreso-regional-escolar-de-cyt\/#breadcrumb\"},\"inLanguage\":\"es-CL\",\"potentialAction\":[{\"@type\":\"ReadAction\",\"target\":[\"https:\/\/dev.explora.cl\/ohiggins\/participa-del-xii-congreso-regional-escolar-de-cyt\/\"]}]},{\"@type\":\"ImageObject\",\"inLanguage\":\"es-CL\",\"@id\":\"https:\/\/dev.explora.cl\/ohiggins\/participa-del-xii-congreso-regional-escolar-de-cyt\/#primaryimage\",\"url\":\"\",\"contentUrl\":\"\"},{\"@type\":\"BreadcrumbList\",\"@id\":\"https:\/\/dev.explora.cl\/ohiggins\/participa-del-xii-congreso-regional-escolar-de-cyt\/#breadcrumb\",\"itemListElement\":[{\"@type\":\"ListItem\",\"position\":1,\"name\":\"Portada\",\"item\":\"https:\/\/dev.explora.cl\/ohiggins\/\"},{\"@type\":\"ListItem\",\"position\":2,\"name\":\"\u00a1Participa del XII Congreso Regional Escolar de CyT!\"}]},{\"@type\":\"WebSite\",\"@id\":\"https:\/\/dev.explora.cl\/ohiggins\/#website\",\"url\":\"https:\/\/dev.explora.cl\/ohiggins\/\",\"name\":\"O&#039;Higgins\",\"description\":\"Otro sitio m\u00e1s de dev.explora.cl\",\"potentialAction\":[{\"@type\":\"SearchAction\",\"target\":{\"@type\":\"EntryPoint\",\"urlTemplate\":\"https:\/\/dev.explora.cl\/ohiggins\/?s={search_term_string}\"},\"query-input\":{\"@type\":\"PropertyValueSpecification\",\"valueRequired\":true,\"valueName\":\"search_term_string\"}}],\"inLanguage\":\"es-CL\"},{\"@type\":\"Person\",\"@id\":\"https:\/\/dev.explora.cl\/ohiggins\/#\/schema\/person\/cb8349c13ea2d324080adf8480d7ba5d\",\"name\":\"webman\",\"image\":{\"@type\":\"ImageObject\",\"inLanguage\":\"es-CL\",\"@id\":\"https:\/\/dev.explora.cl\/ohiggins\/#\/schema\/person\/image\/\",\"url\":\"https:\/\/secure.gravatar.com\/avatar\/eeff3c82f2c02f7177d13663b7e6f890e9a6a0647ce9bb29cae02dcb094c7312?s=96&d=mm&r=g\",\"contentUrl\":\"https:\/\/secure.gravatar.com\/avatar\/eeff3c82f2c02f7177d13663b7e6f890e9a6a0647ce9bb29cae02dcb094c7312?s=96&d=mm&r=g\",\"caption\":\"webman\"},\"url\":\"https:\/\/dev.explora.cl\/ohiggins\/author\/webman\/\"}]}<\/script>\n<!-- \/ Yoast SEO plugin. -->","yoast_head_json":{"title":"\u00a1Participa del XII Congreso Regional Escolar de CyT! - O&#039;Higgins","robots":{"index":"index","follow":"follow","max-snippet":"max-snippet:-1","max-image-preview":"max-image-preview:large","max-video-preview":"max-video-preview:-1"},"canonical":"https:\/\/dev.explora.cl\/ohiggins\/participa-del-xii-congreso-regional-escolar-de-cyt\/","og_locale":"es_ES","og_type":"article","og_title":"\u00a1Participa del XII Congreso Regional Escolar de CyT! - O&#039;Higgins","og_description":"Buscamos ni\u00f1as, ni\u00f1os y j\u00f3venes apasionados por la ciencia, que est\u00e9n desarrollando una investigaci\u00f3n o proyecto cient\u00edfico para invitarles a participar del XII Congreso Regional Escolar de Ciencia y Tecnolog\u00eda Explora de CONICYT (CRECyT) 2018 Regi\u00f3n de O\u2019Higgins, que se desarrollar\u00e1 el 25 y 26 de octubre en la comuna de Machal\u00ed. Si participas de [&hellip;]","og_url":"https:\/\/dev.explora.cl\/ohiggins\/participa-del-xii-congreso-regional-escolar-de-cyt\/","og_site_name":"O&#039;Higgins","article_published_time":"2018-07-29T16:53:00+00:00","article_modified_time":"2019-05-20T18:07:01+00:00","author":"webman","twitter_card":"summary_large_image","twitter_misc":{"Escrito por":"webman","Tiempo estimado de lectura":"2 minutos"},"schema":{"@context":"https:\/\/schema.org","@graph":[{"@type":"Article","@id":"https:\/\/dev.explora.cl\/ohiggins\/participa-del-xii-congreso-regional-escolar-de-cyt\/#article","isPartOf":{"@id":"https:\/\/dev.explora.cl\/ohiggins\/participa-del-xii-congreso-regional-escolar-de-cyt\/"},"author":{"name":"webman","@id":"https:\/\/dev.explora.cl\/ohiggins\/#\/schema\/person\/cb8349c13ea2d324080adf8480d7ba5d"},"headline":"\u00a1Participa del XII Congreso Regional Escolar de CyT!","datePublished":"2018-07-29T16:53:00+00:00","dateModified":"2019-05-20T18:07:01+00:00","mainEntityOfPage":{"@id":"https:\/\/dev.explora.cl\/ohiggins\/participa-del-xii-congreso-regional-escolar-de-cyt\/"},"wordCount":502,"image":{"@id":"https:\/\/dev.explora.cl\/ohiggins\/participa-del-xii-congreso-regional-escolar-de-cyt\/#primaryimage"},"thumbnailUrl":"","articleSection":["Noticias"],"inLanguage":"es-CL"},{"@type":"WebPage","@id":"https:\/\/dev.explora.cl\/ohiggins\/participa-del-xii-congreso-regional-escolar-de-cyt\/","url":"https:\/\/dev.explora.cl\/ohiggins\/participa-del-xii-congreso-regional-escolar-de-cyt\/","name":"\u00a1Participa del XII Congreso Regional Escolar de CyT! - O&#039;Higgins","isPartOf":{"@id":"https:\/\/dev.explora.cl\/ohiggins\/#website"},"primaryImageOfPage":{"@id":"https:\/\/dev.explora.cl\/ohiggins\/participa-del-xii-congreso-regional-escolar-de-cyt\/#primaryimage"},"image":{"@id":"https:\/\/dev.explora.cl\/ohiggins\/participa-del-xii-congreso-regional-escolar-de-cyt\/#primaryimage"},"thumbnailUrl":"","datePublished":"2018-07-29T16:53:00+00:00","dateModified":"2019-05-20T18:07:01+00:00","author":{"@id":"https:\/\/dev.explora.cl\/ohiggins\/#\/schema\/person\/cb8349c13ea2d324080adf8480d7ba5d"},"breadcrumb":{"@id":"https:\/\/dev.explora.cl\/ohiggins\/participa-del-xii-congreso-regional-escolar-de-cyt\/#breadcrumb"},"inLanguage":"es-CL","potentialAction":[{"@type":"ReadAction","target":["https:\/\/dev.explora.cl\/ohiggins\/participa-del-xii-congreso-regional-escolar-de-cyt\/"]}]},{"@type":"ImageObject","inLanguage":"es-CL","@id":"https:\/\/dev.explora.cl\/ohiggins\/participa-del-xii-congreso-regional-escolar-de-cyt\/#primaryimage","url":"","contentUrl":""},{"@type":"BreadcrumbList","@id":"https:\/\/dev.explora.cl\/ohiggins\/participa-del-xii-congreso-regional-escolar-de-cyt\/#breadcrumb","itemListElement":[{"@type":"ListItem","position":1,"name":"Portada","item":"https:\/\/dev.explora.cl\/ohiggins\/"},{"@type":"ListItem","position":2,"name":"\u00a1Participa del XII Congreso Regional Escolar de CyT!"}]},{"@type":"WebSite","@id":"https:\/\/dev.explora.cl\/ohiggins\/#website","url":"https:\/\/dev.explora.cl\/ohiggins\/","name":"O&#039;Higgins","description":"Otro sitio m\u00e1s de dev.explora.cl","potentialAction":[{"@type":"SearchAction","target":{"@type":"EntryPoint","urlTemplate":"https:\/\/dev.explora.cl\/ohiggins\/?s={search_term_string}"},"query-input":{"@type":"PropertyValueSpecification","valueRequired":true,"valueName":"search_term_string"}}],"inLanguage":"es-CL"},{"@type":"Person","@id":"https:\/\/dev.explora.cl\/ohiggins\/#\/schema\/person\/cb8349c13ea2d324080adf8480d7ba5d","name":"webman","image":{"@type":"ImageObject","inLanguage":"es-CL","@id":"https:\/\/dev.explora.cl\/ohiggins\/#\/schema\/person\/image\/","url":"https:\/\/secure.gravatar.com\/avatar\/eeff3c82f2c02f7177d13663b7e6f890e9a6a0647ce9bb29cae02dcb094c7312?s=96&d=mm&r=g","contentUrl":"https:\/\/secure.gravatar.com\/avatar\/eeff3c82f2c02f7177d13663b7e6f890e9a6a0647ce9bb29cae02dcb094c7312?s=96&d=mm&r=g","caption":"webman"},"url":"https:\/\/dev.explora.cl\/ohiggins\/author\/webman\/"}]}},"_links":{"self":[{"href":"https:\/\/dev.explora.cl\/ohiggins\/wp-json\/wp\/v2\/posts\/34382","targetHints":{"allow":["GET"]}}],"collection":[{"href":"https:\/\/dev.explora.cl\/ohiggins\/wp-json\/wp\/v2\/posts"}],"about":[{"href":"https:\/\/dev.explora.cl\/ohiggins\/wp-json\/wp\/v2\/types\/post"}],"author":[{"embeddable":true,"href":"https:\/\/dev.explora.cl\/ohiggins\/wp-json\/wp\/v2\/users\/2"}],"replies":[{"embeddable":true,"href":"https:\/\/dev.explora.cl\/ohiggins\/wp-json\/wp\/v2\/comments?post=34382"}],"version-history":[{"count":1,"href":"https:\/\/dev.explora.cl\/ohiggins\/wp-json\/wp\/v2\/posts\/34382\/revisions"}],"predecessor-version":[{"id":37971,"href":"https:\/\/dev.explora.cl\/ohiggins\/wp-json\/wp\/v2\/posts\/34382\/revisions\/37971"}],"wp:featuredmedia":[{"embeddable":true,"href":"https:\/\/dev.explora.cl\/ohiggins\/wp-json\/"}],"wp:attachment":[{"href":"https:\/\/dev.explora.cl\/ohiggins\/wp-json\/wp\/v2\/media?parent=34382"}],"wp:term":[{"taxonomy":"category","embeddable":true,"href":"https:\/\/dev.explora.cl\/ohiggins\/wp-json\/wp\/v2\/categories?post=34382"},{"taxonomy":"post_tag","embeddable":true,"href":"https:\/\/dev.explora.cl\/ohiggins\/wp-json\/wp\/v2\/tags?post=34382"}],"curies":[{"name":"wp","href":"https:\/\/api.w.org\/{rel}","templated":true}]}}