{"id":32849,"date":"2018-07-30T17:42:23","date_gmt":"2018-07-30T21:42:23","guid":{"rendered":"http:\/\/ec2-54-245-22-188.us-west-2.compute.amazonaws.com\/?p=31331"},"modified":"2019-05-20T18:07:00","modified_gmt":"2019-05-20T18:07:00","slug":"presidente-de-conicyt-compartira-con-estudiantes-en-lanzamiento-1000c-1000a-2","status":"publish","type":"post","link":"https:\/\/dev.explora.cl\/ohiggins\/presidente-de-conicyt-compartira-con-estudiantes-en-lanzamiento-1000c-1000a-2\/","title":{"rendered":"Presidente de CONICYT compartir\u00e1 con estudiantes en lanzamiento 1000C 1000A"},"content":{"rendered":"<p>&nbsp;<br \/>\n<img loading=\"lazy\" decoding=\"async\" class=\" size-full wp-image-31330\" style=\"margin-left: auto;margin-right: auto\" src=\"http:\/\/ec2-54-245-22-188.us-west-2.compute.amazonaws.com\/wp-content\/uploads\/2018\/05\/Mario-Hamuy1000.jpg\" alt=\"Mario-Hamuy1000.jpg\" width=\"439\" height=\"292\" srcset=\"https:\/\/dev.explora.cl\/ohiggins\/wp-content\/uploads\/sites\/8\/2018\/05\/Mario-Hamuy1000.jpg 700w, https:\/\/dev.explora.cl\/ohiggins\/wp-content\/uploads\/sites\/8\/2018\/05\/Mario-Hamuy1000-300x200.jpg 300w\" sizes=\"auto, (max-width: 439px) 100vw, 439px\" \/><\/p>\n<p style=\"text-align: justify\">\u00bfTe imaginas llegar a clases y que, junto a tu profesor, te est\u00e9 esperando nada menos que un Premio Nacional de Ciencias Exactas? Pues eso es lo que vivir\u00e1n ni\u00f1os y ni\u00f1as del 6to b\u00e1sico de la Escuela municipal Aurora de Chile, de la comuna de Rancagua, este martes 15 de mayo a las 10:30 horas. En la oportunidad, participar\u00e1n de la charla \u201cUna Excursi\u00f3n por el Universo\u201d junto al Presidente de la Comisi\u00f3n Nacional de Investigaci\u00f3n Cient\u00edfica y Tecnol\u00f3gica (CONICYT) Dr. Mario Hamuy.<\/p>\n<p style=\"text-align: justify\">La charla corresponde al lanzamiento de 1000 Cient\u00edficos 1000 Aulas (1000C 1000A), iniciativa impulsada por CONICYT, a trav\u00e9s de su Programa Explora que, desde del a\u00f1o 2000, invita a la comunidad cient\u00edfica a dejar sus laboratorios y c\u00e1tedras para ir a la escuela a compartir sus experiencias con estudiantes de educaci\u00f3n parvularia, b\u00e1sica y media.<\/p>\n<p style=\"text-align: justify\">\u201cEstas instancias son una gran oportunidad para poder conversar con ni\u00f1os y ni\u00f1as de las tem\u00e1ticas que nos apasionan, pero tambi\u00e9n son un tremendo desaf\u00edo, pues nos obliga a pensar formas did\u00e1cticas de bajar el conocimiento cient\u00edfico, que muchas veces pareciera ser lejano. Por m\u00e1s charlas que uno haga, los ni\u00f1os siempre logran sorprender con su conocimiento y lucidez\u201d se\u00f1al\u00f3 el doctor Hamuy.<\/p>\n<p style=\"text-align: justify\">En la ocasi\u00f3n, los y las estudiantes, realizar\u00e1n un recorrido desde el sistema solar hasta los objetos m\u00e1s lejanos que se han podido observar en el universo, uno de los temas preferidos del Dr. Hamuy, quien fue distinguido con el m\u00e1ximo galard\u00f3n nacional en ciencias en 2015.<\/p>\n<h5 style=\"text-align: center\">1000C 1000A<\/h5>\n<p style=\"text-align: justify\">1000C 1000A propone a los cient\u00edficos y cient\u00edficas el desaf\u00edo de salir de su zona de confort para compartir sus conocimientos y experiencias con ni\u00f1os, ni\u00f1as y j\u00f3venes, que le demandan transferir de manera did\u00e1ctica, simple y l\u00fadica contenidos que, en ocasiones, parecen muy \u00e1ridos y lejanos. Adem\u00e1s, para los estudiantes, es ya una experiencia enriquecedora y poco habitual, que les permite darse cuenta que son personas comunes y que, si se lo proponen, pueden llegar a ser como ellos.<\/p>\n<p style=\"text-align: justify\">As\u00ed doctores y magister, licenciados, profesionales titulados, estudiantes de magister y doctorado, y t\u00e9cnicos en alg\u00fan \u00e1rea de las ciencias y\/o tecnolog\u00eda, entre otros; pueden inscribirse en la plataforma online <a href=\"1000cientificos.dev.explora.cl\">1000cientificos.dev.explora.cl<\/a> en todas las regiones del pa\u00eds durante todo el a\u00f1o. Pronto estar\u00e1 disponible para ser seleccionadas por educadores(as) y docentes de cualquier ciclo escolar.<\/p>\n<p style=\"text-align: justify\">Desde su creaci\u00f3n, 1000 Cient\u00edficos 1000 Aulas ha convocado a 6.134 investigadores de diversas disciplinas. Adem\u00e1s, 5.047 establecimientos han participado de esta iniciativa a nivel nacional. Solo entre 2009 y 2017 el n\u00famero de charlas en colegios pr\u00e1cticamente se duplic\u00f3, pasando 904 a 1408.A ra\u00edz de este creciente inter\u00e9s, en 2017, 1000 Cient\u00edficos 1000 Aulas deja de ser una actividad enmarcada dentro de la Semana Nacional de la Ciencia y la Tecnolog\u00eda (en octubre) y pasa a ser una iniciativa que se desarrolla durante todo el a\u00f1o.<\/p>\n<p style=\"text-align: justify\">\n","protected":false},"excerpt":{"rendered":"<p>&nbsp; \u00bfTe imaginas llegar a clases y que, junto a tu profesor, te est\u00e9 esperando nada menos que un Premio Nacional de Ciencias Exactas? Pues eso es lo que vivir\u00e1n ni\u00f1os y ni\u00f1as del 6to b\u00e1sico de la Escuela municipal Aurora de Chile, de la comuna de Rancagua, este martes 15 de mayo a las [&hellip;]<\/p>\n","protected":false},"author":2,"featured_media":31329,"comment_status":"closed","ping_status":"open","sticky":false,"template":"","format":"standard","meta":{"_acf_changed":false,"_exactmetrics_skip_tracking":false,"_exactmetrics_sitenote_active":false,"_exactmetrics_sitenote_note":"","_exactmetrics_sitenote_category":0,"footnotes":"","_links_to":"","_links_to_target":""},"categories":[4],"tags":[173],"class_list":["post-32849","post","type-post","status-publish","format-standard","has-post-thumbnail","hentry","category-noticias","tag-1000c-1000a"],"acf":[],"yoast_head":"<!-- This site is optimized with the Yoast SEO plugin v26.7 - https:\/\/yoast.com\/wordpress\/plugins\/seo\/ -->\n<title>Presidente de CONICYT compartir\u00e1 con estudiantes en lanzamiento 1000C 1000A - O&#039;Higgins<\/title>\n<meta name=\"robots\" content=\"index, follow, max-snippet:-1, max-image-preview:large, max-video-preview:-1\" \/>\n<link rel=\"canonical\" href=\"https:\/\/dev.explora.cl\/ohiggins\/presidente-de-conicyt-compartira-con-estudiantes-en-lanzamiento-1000c-1000a-2\/\" class=\"yoast-seo-meta-tag\" \/>\n<meta property=\"og:locale\" content=\"es_ES\" class=\"yoast-seo-meta-tag\" \/>\n<meta property=\"og:type\" content=\"article\" class=\"yoast-seo-meta-tag\" \/>\n<meta property=\"og:title\" content=\"Presidente de CONICYT compartir\u00e1 con estudiantes en lanzamiento 1000C 1000A - O&#039;Higgins\" class=\"yoast-seo-meta-tag\" \/>\n<meta property=\"og:description\" content=\"&nbsp; \u00bfTe imaginas llegar a clases y que, junto a tu profesor, te est\u00e9 esperando nada menos que un Premio Nacional de Ciencias Exactas? Pues eso es lo que vivir\u00e1n ni\u00f1os y ni\u00f1as del 6to b\u00e1sico de la Escuela municipal Aurora de Chile, de la comuna de Rancagua, este martes 15 de mayo a las [&hellip;]\" class=\"yoast-seo-meta-tag\" \/>\n<meta property=\"og:url\" content=\"https:\/\/dev.explora.cl\/ohiggins\/presidente-de-conicyt-compartira-con-estudiantes-en-lanzamiento-1000c-1000a-2\/\" class=\"yoast-seo-meta-tag\" \/>\n<meta property=\"og:site_name\" content=\"O&#039;Higgins\" class=\"yoast-seo-meta-tag\" \/>\n<meta property=\"article:published_time\" content=\"2018-07-30T21:42:23+00:00\" class=\"yoast-seo-meta-tag\" \/>\n<meta property=\"article:modified_time\" content=\"2019-05-20T18:07:00+00:00\" class=\"yoast-seo-meta-tag\" \/>\n<meta property=\"og:image\" content=\"https:\/\/dev.explora.cl\/ohiggins\/wp-content\/uploads\/sites\/8\/2018\/05\/Mario-Hamuy1000c.jpg\" class=\"yoast-seo-meta-tag\" \/>\n\t<meta property=\"og:image:width\" content=\"700\" class=\"yoast-seo-meta-tag\" \/>\n\t<meta property=\"og:image:height\" content=\"466\" class=\"yoast-seo-meta-tag\" \/>\n\t<meta property=\"og:image:type\" content=\"image\/jpeg\" class=\"yoast-seo-meta-tag\" \/>\n<meta name=\"author\" content=\"webman\" class=\"yoast-seo-meta-tag\" \/>\n<meta name=\"twitter:card\" content=\"summary_large_image\" class=\"yoast-seo-meta-tag\" \/>\n<meta name=\"twitter:label1\" content=\"Escrito por\" class=\"yoast-seo-meta-tag\" \/>\n\t<meta name=\"twitter:data1\" content=\"webman\" class=\"yoast-seo-meta-tag\" \/>\n\t<meta name=\"twitter:label2\" content=\"Tiempo estimado de lectura\" class=\"yoast-seo-meta-tag\" \/>\n\t<meta name=\"twitter:data2\" content=\"3 minutos\" class=\"yoast-seo-meta-tag\" \/>\n<script type=\"application\/ld+json\" class=\"yoast-schema-graph\">{\"@context\":\"https:\/\/schema.org\",\"@graph\":[{\"@type\":\"Article\",\"@id\":\"https:\/\/dev.explora.cl\/ohiggins\/presidente-de-conicyt-compartira-con-estudiantes-en-lanzamiento-1000c-1000a-2\/#article\",\"isPartOf\":{\"@id\":\"https:\/\/dev.explora.cl\/ohiggins\/presidente-de-conicyt-compartira-con-estudiantes-en-lanzamiento-1000c-1000a-2\/\"},\"author\":{\"name\":\"webman\",\"@id\":\"https:\/\/dev.explora.cl\/ohiggins\/#\/schema\/person\/cb8349c13ea2d324080adf8480d7ba5d\"},\"headline\":\"Presidente de CONICYT compartir\u00e1 con estudiantes en lanzamiento 1000C 1000A\",\"datePublished\":\"2018-07-30T21:42:23+00:00\",\"dateModified\":\"2019-05-20T18:07:00+00:00\",\"mainEntityOfPage\":{\"@id\":\"https:\/\/dev.explora.cl\/ohiggins\/presidente-de-conicyt-compartira-con-estudiantes-en-lanzamiento-1000c-1000a-2\/\"},\"wordCount\":529,\"image\":{\"@id\":\"https:\/\/dev.explora.cl\/ohiggins\/presidente-de-conicyt-compartira-con-estudiantes-en-lanzamiento-1000c-1000a-2\/#primaryimage\"},\"thumbnailUrl\":\"https:\/\/dev.explora.cl\/ohiggins\/wp-content\/uploads\/sites\/8\/2018\/05\/Mario-Hamuy1000c.jpg\",\"keywords\":[\"1000C 1000A\"],\"articleSection\":[\"Noticias\"],\"inLanguage\":\"es-CL\"},{\"@type\":\"WebPage\",\"@id\":\"https:\/\/dev.explora.cl\/ohiggins\/presidente-de-conicyt-compartira-con-estudiantes-en-lanzamiento-1000c-1000a-2\/\",\"url\":\"https:\/\/dev.explora.cl\/ohiggins\/presidente-de-conicyt-compartira-con-estudiantes-en-lanzamiento-1000c-1000a-2\/\",\"name\":\"Presidente de CONICYT compartir\u00e1 con estudiantes en lanzamiento 1000C 1000A - O&#039;Higgins\",\"isPartOf\":{\"@id\":\"https:\/\/dev.explora.cl\/ohiggins\/#website\"},\"primaryImageOfPage\":{\"@id\":\"https:\/\/dev.explora.cl\/ohiggins\/presidente-de-conicyt-compartira-con-estudiantes-en-lanzamiento-1000c-1000a-2\/#primaryimage\"},\"image\":{\"@id\":\"https:\/\/dev.explora.cl\/ohiggins\/presidente-de-conicyt-compartira-con-estudiantes-en-lanzamiento-1000c-1000a-2\/#primaryimage\"},\"thumbnailUrl\":\"https:\/\/dev.explora.cl\/ohiggins\/wp-content\/uploads\/sites\/8\/2018\/05\/Mario-Hamuy1000c.jpg\",\"datePublished\":\"2018-07-30T21:42:23+00:00\",\"dateModified\":\"2019-05-20T18:07:00+00:00\",\"author\":{\"@id\":\"https:\/\/dev.explora.cl\/ohiggins\/#\/schema\/person\/cb8349c13ea2d324080adf8480d7ba5d\"},\"breadcrumb\":{\"@id\":\"https:\/\/dev.explora.cl\/ohiggins\/presidente-de-conicyt-compartira-con-estudiantes-en-lanzamiento-1000c-1000a-2\/#breadcrumb\"},\"inLanguage\":\"es-CL\",\"potentialAction\":[{\"@type\":\"ReadAction\",\"target\":[\"https:\/\/dev.explora.cl\/ohiggins\/presidente-de-conicyt-compartira-con-estudiantes-en-lanzamiento-1000c-1000a-2\/\"]}]},{\"@type\":\"ImageObject\",\"inLanguage\":\"es-CL\",\"@id\":\"https:\/\/dev.explora.cl\/ohiggins\/presidente-de-conicyt-compartira-con-estudiantes-en-lanzamiento-1000c-1000a-2\/#primaryimage\",\"url\":\"https:\/\/dev.explora.cl\/ohiggins\/wp-content\/uploads\/sites\/8\/2018\/05\/Mario-Hamuy1000c.jpg\",\"contentUrl\":\"https:\/\/dev.explora.cl\/ohiggins\/wp-content\/uploads\/sites\/8\/2018\/05\/Mario-Hamuy1000c.jpg\",\"width\":700,\"height\":466},{\"@type\":\"BreadcrumbList\",\"@id\":\"https:\/\/dev.explora.cl\/ohiggins\/presidente-de-conicyt-compartira-con-estudiantes-en-lanzamiento-1000c-1000a-2\/#breadcrumb\",\"itemListElement\":[{\"@type\":\"ListItem\",\"position\":1,\"name\":\"Portada\",\"item\":\"https:\/\/dev.explora.cl\/ohiggins\/\"},{\"@type\":\"ListItem\",\"position\":2,\"name\":\"Presidente de CONICYT compartir\u00e1 con estudiantes en lanzamiento 1000C 1000A\"}]},{\"@type\":\"WebSite\",\"@id\":\"https:\/\/dev.explora.cl\/ohiggins\/#website\",\"url\":\"https:\/\/dev.explora.cl\/ohiggins\/\",\"name\":\"O&#039;Higgins\",\"description\":\"Otro sitio m\u00e1s de dev.explora.cl\",\"potentialAction\":[{\"@type\":\"SearchAction\",\"target\":{\"@type\":\"EntryPoint\",\"urlTemplate\":\"https:\/\/dev.explora.cl\/ohiggins\/?s={search_term_string}\"},\"query-input\":{\"@type\":\"PropertyValueSpecification\",\"valueRequired\":true,\"valueName\":\"search_term_string\"}}],\"inLanguage\":\"es-CL\"},{\"@type\":\"Person\",\"@id\":\"https:\/\/dev.explora.cl\/ohiggins\/#\/schema\/person\/cb8349c13ea2d324080adf8480d7ba5d\",\"name\":\"webman\",\"image\":{\"@type\":\"ImageObject\",\"inLanguage\":\"es-CL\",\"@id\":\"https:\/\/dev.explora.cl\/ohiggins\/#\/schema\/person\/image\/\",\"url\":\"https:\/\/secure.gravatar.com\/avatar\/eeff3c82f2c02f7177d13663b7e6f890e9a6a0647ce9bb29cae02dcb094c7312?s=96&d=mm&r=g\",\"contentUrl\":\"https:\/\/secure.gravatar.com\/avatar\/eeff3c82f2c02f7177d13663b7e6f890e9a6a0647ce9bb29cae02dcb094c7312?s=96&d=mm&r=g\",\"caption\":\"webman\"},\"url\":\"https:\/\/dev.explora.cl\/ohiggins\/author\/webman\/\"}]}<\/script>\n<!-- \/ Yoast SEO plugin. -->","yoast_head_json":{"title":"Presidente de CONICYT compartir\u00e1 con estudiantes en lanzamiento 1000C 1000A - O&#039;Higgins","robots":{"index":"index","follow":"follow","max-snippet":"max-snippet:-1","max-image-preview":"max-image-preview:large","max-video-preview":"max-video-preview:-1"},"canonical":"https:\/\/dev.explora.cl\/ohiggins\/presidente-de-conicyt-compartira-con-estudiantes-en-lanzamiento-1000c-1000a-2\/","og_locale":"es_ES","og_type":"article","og_title":"Presidente de CONICYT compartir\u00e1 con estudiantes en lanzamiento 1000C 1000A - O&#039;Higgins","og_description":"&nbsp; \u00bfTe imaginas llegar a clases y que, junto a tu profesor, te est\u00e9 esperando nada menos que un Premio Nacional de Ciencias Exactas? Pues eso es lo que vivir\u00e1n ni\u00f1os y ni\u00f1as del 6to b\u00e1sico de la Escuela municipal Aurora de Chile, de la comuna de Rancagua, este martes 15 de mayo a las [&hellip;]","og_url":"https:\/\/dev.explora.cl\/ohiggins\/presidente-de-conicyt-compartira-con-estudiantes-en-lanzamiento-1000c-1000a-2\/","og_site_name":"O&#039;Higgins","article_published_time":"2018-07-30T21:42:23+00:00","article_modified_time":"2019-05-20T18:07:00+00:00","og_image":[{"width":700,"height":466,"url":"https:\/\/dev.explora.cl\/ohiggins\/wp-content\/uploads\/sites\/8\/2018\/05\/Mario-Hamuy1000c.jpg","type":"image\/jpeg"}],"author":"webman","twitter_card":"summary_large_image","twitter_misc":{"Escrito por":"webman","Tiempo estimado de lectura":"3 minutos"},"schema":{"@context":"https:\/\/schema.org","@graph":[{"@type":"Article","@id":"https:\/\/dev.explora.cl\/ohiggins\/presidente-de-conicyt-compartira-con-estudiantes-en-lanzamiento-1000c-1000a-2\/#article","isPartOf":{"@id":"https:\/\/dev.explora.cl\/ohiggins\/presidente-de-conicyt-compartira-con-estudiantes-en-lanzamiento-1000c-1000a-2\/"},"author":{"name":"webman","@id":"https:\/\/dev.explora.cl\/ohiggins\/#\/schema\/person\/cb8349c13ea2d324080adf8480d7ba5d"},"headline":"Presidente de CONICYT compartir\u00e1 con estudiantes en lanzamiento 1000C 1000A","datePublished":"2018-07-30T21:42:23+00:00","dateModified":"2019-05-20T18:07:00+00:00","mainEntityOfPage":{"@id":"https:\/\/dev.explora.cl\/ohiggins\/presidente-de-conicyt-compartira-con-estudiantes-en-lanzamiento-1000c-1000a-2\/"},"wordCount":529,"image":{"@id":"https:\/\/dev.explora.cl\/ohiggins\/presidente-de-conicyt-compartira-con-estudiantes-en-lanzamiento-1000c-1000a-2\/#primaryimage"},"thumbnailUrl":"https:\/\/dev.explora.cl\/ohiggins\/wp-content\/uploads\/sites\/8\/2018\/05\/Mario-Hamuy1000c.jpg","keywords":["1000C 1000A"],"articleSection":["Noticias"],"inLanguage":"es-CL"},{"@type":"WebPage","@id":"https:\/\/dev.explora.cl\/ohiggins\/presidente-de-conicyt-compartira-con-estudiantes-en-lanzamiento-1000c-1000a-2\/","url":"https:\/\/dev.explora.cl\/ohiggins\/presidente-de-conicyt-compartira-con-estudiantes-en-lanzamiento-1000c-1000a-2\/","name":"Presidente de CONICYT compartir\u00e1 con estudiantes en lanzamiento 1000C 1000A - O&#039;Higgins","isPartOf":{"@id":"https:\/\/dev.explora.cl\/ohiggins\/#website"},"primaryImageOfPage":{"@id":"https:\/\/dev.explora.cl\/ohiggins\/presidente-de-conicyt-compartira-con-estudiantes-en-lanzamiento-1000c-1000a-2\/#primaryimage"},"image":{"@id":"https:\/\/dev.explora.cl\/ohiggins\/presidente-de-conicyt-compartira-con-estudiantes-en-lanzamiento-1000c-1000a-2\/#primaryimage"},"thumbnailUrl":"https:\/\/dev.explora.cl\/ohiggins\/wp-content\/uploads\/sites\/8\/2018\/05\/Mario-Hamuy1000c.jpg","datePublished":"2018-07-30T21:42:23+00:00","dateModified":"2019-05-20T18:07:00+00:00","author":{"@id":"https:\/\/dev.explora.cl\/ohiggins\/#\/schema\/person\/cb8349c13ea2d324080adf8480d7ba5d"},"breadcrumb":{"@id":"https:\/\/dev.explora.cl\/ohiggins\/presidente-de-conicyt-compartira-con-estudiantes-en-lanzamiento-1000c-1000a-2\/#breadcrumb"},"inLanguage":"es-CL","potentialAction":[{"@type":"ReadAction","target":["https:\/\/dev.explora.cl\/ohiggins\/presidente-de-conicyt-compartira-con-estudiantes-en-lanzamiento-1000c-1000a-2\/"]}]},{"@type":"ImageObject","inLanguage":"es-CL","@id":"https:\/\/dev.explora.cl\/ohiggins\/presidente-de-conicyt-compartira-con-estudiantes-en-lanzamiento-1000c-1000a-2\/#primaryimage","url":"https:\/\/dev.explora.cl\/ohiggins\/wp-content\/uploads\/sites\/8\/2018\/05\/Mario-Hamuy1000c.jpg","contentUrl":"https:\/\/dev.explora.cl\/ohiggins\/wp-content\/uploads\/sites\/8\/2018\/05\/Mario-Hamuy1000c.jpg","width":700,"height":466},{"@type":"BreadcrumbList","@id":"https:\/\/dev.explora.cl\/ohiggins\/presidente-de-conicyt-compartira-con-estudiantes-en-lanzamiento-1000c-1000a-2\/#breadcrumb","itemListElement":[{"@type":"ListItem","position":1,"name":"Portada","item":"https:\/\/dev.explora.cl\/ohiggins\/"},{"@type":"ListItem","position":2,"name":"Presidente de CONICYT compartir\u00e1 con estudiantes en lanzamiento 1000C 1000A"}]},{"@type":"WebSite","@id":"https:\/\/dev.explora.cl\/ohiggins\/#website","url":"https:\/\/dev.explora.cl\/ohiggins\/","name":"O&#039;Higgins","description":"Otro sitio m\u00e1s de dev.explora.cl","potentialAction":[{"@type":"SearchAction","target":{"@type":"EntryPoint","urlTemplate":"https:\/\/dev.explora.cl\/ohiggins\/?s={search_term_string}"},"query-input":{"@type":"PropertyValueSpecification","valueRequired":true,"valueName":"search_term_string"}}],"inLanguage":"es-CL"},{"@type":"Person","@id":"https:\/\/dev.explora.cl\/ohiggins\/#\/schema\/person\/cb8349c13ea2d324080adf8480d7ba5d","name":"webman","image":{"@type":"ImageObject","inLanguage":"es-CL","@id":"https:\/\/dev.explora.cl\/ohiggins\/#\/schema\/person\/image\/","url":"https:\/\/secure.gravatar.com\/avatar\/eeff3c82f2c02f7177d13663b7e6f890e9a6a0647ce9bb29cae02dcb094c7312?s=96&d=mm&r=g","contentUrl":"https:\/\/secure.gravatar.com\/avatar\/eeff3c82f2c02f7177d13663b7e6f890e9a6a0647ce9bb29cae02dcb094c7312?s=96&d=mm&r=g","caption":"webman"},"url":"https:\/\/dev.explora.cl\/ohiggins\/author\/webman\/"}]}},"_links":{"self":[{"href":"https:\/\/dev.explora.cl\/ohiggins\/wp-json\/wp\/v2\/posts\/32849","targetHints":{"allow":["GET"]}}],"collection":[{"href":"https:\/\/dev.explora.cl\/ohiggins\/wp-json\/wp\/v2\/posts"}],"about":[{"href":"https:\/\/dev.explora.cl\/ohiggins\/wp-json\/wp\/v2\/types\/post"}],"author":[{"embeddable":true,"href":"https:\/\/dev.explora.cl\/ohiggins\/wp-json\/wp\/v2\/users\/2"}],"replies":[{"embeddable":true,"href":"https:\/\/dev.explora.cl\/ohiggins\/wp-json\/wp\/v2\/comments?post=32849"}],"version-history":[{"count":1,"href":"https:\/\/dev.explora.cl\/ohiggins\/wp-json\/wp\/v2\/posts\/32849\/revisions"}],"predecessor-version":[{"id":37969,"href":"https:\/\/dev.explora.cl\/ohiggins\/wp-json\/wp\/v2\/posts\/32849\/revisions\/37969"}],"wp:featuredmedia":[{"embeddable":true,"href":"https:\/\/dev.explora.cl\/ohiggins\/wp-json\/wp\/v2\/media\/31329"}],"wp:attachment":[{"href":"https:\/\/dev.explora.cl\/ohiggins\/wp-json\/wp\/v2\/media?parent=32849"}],"wp:term":[{"taxonomy":"category","embeddable":true,"href":"https:\/\/dev.explora.cl\/ohiggins\/wp-json\/wp\/v2\/categories?post=32849"},{"taxonomy":"post_tag","embeddable":true,"href":"https:\/\/dev.explora.cl\/ohiggins\/wp-json\/wp\/v2\/tags?post=32849"}],"curies":[{"name":"wp","href":"https:\/\/api.w.org\/{rel}","templated":true}]}}