{"id":32234,"date":"2015-10-08T00:00:00","date_gmt":"2015-10-08T04:00:00","guid":{"rendered":"https:\/\/dev.explora.cl\/ohiggins\/blog\/2015\/10\/08\/escuela-ambiental-1\/"},"modified":"2019-05-20T18:02:18","modified_gmt":"2019-05-20T18:02:18","slug":"escuela-ambiental-1","status":"publish","type":"post","link":"https:\/\/dev.explora.cl\/ohiggins\/escuela-ambiental-1\/","title":{"rendered":"Desarrollan Sexta Escuela Ambiental en San Vicente TT"},"content":{"rendered":"<p><img loading=\"lazy\" decoding=\"async\" class=\" size-full wp-image-15501\" src=\"http:\/\/ec2-54-245-22-188.us-west-2.compute.amazonaws.com\/wp-content\/uploads\/2015\/10\/3e65ffb7a7a36a003f464a81879c30f3.jpg\" alt=\"\" width=\"800\" height=\"480\" \/><\/p>\n<p style=\"text-align: justify\">Desde el 7 al 9 de octubre 2015 el Grupo de Acci\u00f3n Ecol\u00f3gica y Protecci\u00f3n Ambiental A\u00f1a\u00f1uca, la Corporaci\u00f3n Municipal de San Vicente y PAR Explora O\u2019Higgins, ejecutado por UC del Maule, se encuentran desarrollando una nueva versi\u00f3n de la Escuela Ambiental en San Vicente de Tagua Tagua, como parte de las actividades de la Semana Nacional de la CyT.<\/p>\n<p style=\"text-align: justify\">La Escuela re\u00fane en el Museo Escolar La Laguna a 25 estudiantes de diez establecimientos de la comuna, quienes se capacitan en diversas \u00e1reas del patrimonio natural, social y arqueol\u00f3gico del lugar, con el objetivo de promover su cuidado y conservaci\u00f3n, identificando y mitigando problem\u00e1ticas medioambientales.<\/p>\n<p style=\"text-align: justify\">Las y los j\u00f3venes participar\u00e1n de un programa educativo con \u00e9nfasis en el trabajo cient\u00edfico a trav\u00e9s de clases te\u00f3ricas, talleres y salidas a terreno; en los que se ver\u00e1 Historia y Geograf\u00eda; Biodiversidad y Bosque Nativo; Conservaci\u00f3n y Liderazgo Ambiental.<\/p>\n<p style=\"text-align: justify\">Sus monitores son un equipo multidisciplinario de profesionales de las \u00e1reas de Agronom\u00eda, Periodismo, Arqueolog\u00eda, Antropolog\u00eda, Dise\u00f1o Gr\u00e1fico, Pedagog\u00eda, Eco Turismo, Deporte Aventura, Qu\u00edmica Ambiental, Arte y Artesan\u00eda.<\/p>\n<p style=\"text-align: justify\">&nbsp;<\/p>\n<p style=\"text-align: justify\"><strong>Campamento Arqueol\u00f3gico<\/strong><\/p>\n<p style=\"text-align: justify\">Otra de las actividades fijadas para la celebraci\u00f3n de la Semana de la Ciencia, es la realizaci\u00f3n del Primer Campamento Arqueol\u00f3gico que desarrollar\u00e1 en conjunto A\u00f1a\u00f1uca, el PAR y la Corporaci\u00f3n sanvicentana.<\/p>\n<p style=\"text-align: justify\">La actividad est\u00e1 fijada para los d\u00edas 10 y 11 de octubre, en donde j\u00f3venes de la comuna acampar\u00e1n y realizar\u00e1n iniciativas ligadas a la arqueolog\u00eda en el Cerro La Muralla, en los restos de lo que fuera el Pucar\u00e1 incaico m\u00e1s austral de Sudam\u00e9rica.<\/p>\n<p style=\"text-align: justify\">Los y las estudiantes participar\u00e1n de talleres te\u00f3rico pr\u00e1cticos, destacando el de arqueosastronom\u00eda, que ense\u00f1a c\u00f3mo las culturas prehisp\u00e1nicas ligaban las construcciones con la posici\u00f3n de las estrellas.<\/p>\n<p style=\"text-align: justify\">Para m\u00e1s informaciones se puede escribir a <a href=\"mailto:accionecologicayconservacion@gmail.com\">accionecologicayconservacion@gmail.com<\/a><\/p>\n<p style=\"text-align: justify\">Nota: Carla Morales V<\/p>\n<p style=\"text-align: justify\">Fotos: Esteban Reyes<\/p>\n","protected":false},"excerpt":{"rendered":"<p>Desde el 7 al 9 de octubre 2015 el Grupo de Acci\u00f3n Ecol\u00f3gica y Protecci\u00f3n Ambiental A\u00f1a\u00f1uca, la Corporaci\u00f3n Municipal de San Vicente y PAR Explora O\u2019Higgins, ejecutado por UC del Maule, se encuentran desarrollando una nueva versi\u00f3n de la Escuela Ambiental en San Vicente de Tagua Tagua, como parte de las actividades de la [&hellip;]<\/p>\n","protected":false},"author":2,"featured_media":33873,"comment_status":"open","ping_status":"open","sticky":false,"template":"","format":"standard","meta":{"_acf_changed":false,"_exactmetrics_skip_tracking":false,"_exactmetrics_sitenote_active":false,"_exactmetrics_sitenote_note":"","_exactmetrics_sitenote_category":0,"footnotes":"","_links_to":"","_links_to_target":""},"categories":[4],"tags":[],"class_list":["post-32234","post","type-post","status-publish","format-standard","has-post-thumbnail","hentry","category-noticias"],"acf":[],"yoast_head":"<!-- This site is optimized with the Yoast SEO plugin v26.7 - https:\/\/yoast.com\/wordpress\/plugins\/seo\/ -->\n<title>Desarrollan Sexta Escuela Ambiental en San Vicente TT - O&#039;Higgins<\/title>\n<meta name=\"robots\" content=\"index, follow, max-snippet:-1, max-image-preview:large, max-video-preview:-1\" \/>\n<link rel=\"canonical\" href=\"https:\/\/dev.explora.cl\/ohiggins\/escuela-ambiental-1\/\" class=\"yoast-seo-meta-tag\" \/>\n<meta property=\"og:locale\" content=\"es_ES\" class=\"yoast-seo-meta-tag\" \/>\n<meta property=\"og:type\" content=\"article\" class=\"yoast-seo-meta-tag\" \/>\n<meta property=\"og:title\" content=\"Desarrollan Sexta Escuela Ambiental en San Vicente TT - O&#039;Higgins\" class=\"yoast-seo-meta-tag\" \/>\n<meta property=\"og:description\" content=\"Desde el 7 al 9 de octubre 2015 el Grupo de Acci\u00f3n Ecol\u00f3gica y Protecci\u00f3n Ambiental A\u00f1a\u00f1uca, la Corporaci\u00f3n Municipal de San Vicente y PAR Explora O\u2019Higgins, ejecutado por UC del Maule, se encuentran desarrollando una nueva versi\u00f3n de la Escuela Ambiental en San Vicente de Tagua Tagua, como parte de las actividades de la [&hellip;]\" class=\"yoast-seo-meta-tag\" \/>\n<meta property=\"og:url\" content=\"https:\/\/dev.explora.cl\/ohiggins\/escuela-ambiental-1\/\" class=\"yoast-seo-meta-tag\" \/>\n<meta property=\"og:site_name\" content=\"O&#039;Higgins\" class=\"yoast-seo-meta-tag\" \/>\n<meta property=\"article:published_time\" content=\"2015-10-08T04:00:00+00:00\" class=\"yoast-seo-meta-tag\" \/>\n<meta property=\"article:modified_time\" content=\"2019-05-20T18:02:18+00:00\" class=\"yoast-seo-meta-tag\" \/>\n<meta property=\"og:image\" content=\"https:\/\/dev.explora.cl\/ohiggins\/wp-content\/uploads\/sites\/8\/2018\/06\/3e65ffb7a7a36a003f464a81879c30f3.jpg\" class=\"yoast-seo-meta-tag\" \/>\n\t<meta property=\"og:image:width\" content=\"800\" class=\"yoast-seo-meta-tag\" \/>\n\t<meta property=\"og:image:height\" content=\"480\" class=\"yoast-seo-meta-tag\" \/>\n\t<meta property=\"og:image:type\" content=\"image\/jpeg\" class=\"yoast-seo-meta-tag\" \/>\n<meta name=\"author\" content=\"webman\" class=\"yoast-seo-meta-tag\" \/>\n<meta name=\"twitter:card\" content=\"summary_large_image\" class=\"yoast-seo-meta-tag\" \/>\n<meta name=\"twitter:label1\" content=\"Escrito por\" class=\"yoast-seo-meta-tag\" \/>\n\t<meta name=\"twitter:data1\" content=\"webman\" class=\"yoast-seo-meta-tag\" \/>\n\t<meta name=\"twitter:label2\" content=\"Tiempo estimado de lectura\" class=\"yoast-seo-meta-tag\" \/>\n\t<meta name=\"twitter:data2\" content=\"2 minutos\" class=\"yoast-seo-meta-tag\" \/>\n<script type=\"application\/ld+json\" class=\"yoast-schema-graph\">{\"@context\":\"https:\/\/schema.org\",\"@graph\":[{\"@type\":\"Article\",\"@id\":\"https:\/\/dev.explora.cl\/ohiggins\/escuela-ambiental-1\/#article\",\"isPartOf\":{\"@id\":\"https:\/\/dev.explora.cl\/ohiggins\/escuela-ambiental-1\/\"},\"author\":{\"name\":\"webman\",\"@id\":\"https:\/\/dev.explora.cl\/ohiggins\/#\/schema\/person\/cb8349c13ea2d324080adf8480d7ba5d\"},\"headline\":\"Desarrollan Sexta Escuela Ambiental en San Vicente TT\",\"datePublished\":\"2015-10-08T04:00:00+00:00\",\"dateModified\":\"2019-05-20T18:02:18+00:00\",\"mainEntityOfPage\":{\"@id\":\"https:\/\/dev.explora.cl\/ohiggins\/escuela-ambiental-1\/\"},\"wordCount\":352,\"commentCount\":0,\"image\":{\"@id\":\"https:\/\/dev.explora.cl\/ohiggins\/escuela-ambiental-1\/#primaryimage\"},\"thumbnailUrl\":\"https:\/\/dev.explora.cl\/ohiggins\/wp-content\/uploads\/sites\/8\/2018\/06\/3e65ffb7a7a36a003f464a81879c30f3.jpg\",\"articleSection\":[\"Noticias\"],\"inLanguage\":\"es-CL\",\"potentialAction\":[{\"@type\":\"CommentAction\",\"name\":\"Comment\",\"target\":[\"https:\/\/dev.explora.cl\/ohiggins\/escuela-ambiental-1\/#respond\"]}]},{\"@type\":\"WebPage\",\"@id\":\"https:\/\/dev.explora.cl\/ohiggins\/escuela-ambiental-1\/\",\"url\":\"https:\/\/dev.explora.cl\/ohiggins\/escuela-ambiental-1\/\",\"name\":\"Desarrollan Sexta Escuela Ambiental en San Vicente TT - O&#039;Higgins\",\"isPartOf\":{\"@id\":\"https:\/\/dev.explora.cl\/ohiggins\/#website\"},\"primaryImageOfPage\":{\"@id\":\"https:\/\/dev.explora.cl\/ohiggins\/escuela-ambiental-1\/#primaryimage\"},\"image\":{\"@id\":\"https:\/\/dev.explora.cl\/ohiggins\/escuela-ambiental-1\/#primaryimage\"},\"thumbnailUrl\":\"https:\/\/dev.explora.cl\/ohiggins\/wp-content\/uploads\/sites\/8\/2018\/06\/3e65ffb7a7a36a003f464a81879c30f3.jpg\",\"datePublished\":\"2015-10-08T04:00:00+00:00\",\"dateModified\":\"2019-05-20T18:02:18+00:00\",\"author\":{\"@id\":\"https:\/\/dev.explora.cl\/ohiggins\/#\/schema\/person\/cb8349c13ea2d324080adf8480d7ba5d\"},\"breadcrumb\":{\"@id\":\"https:\/\/dev.explora.cl\/ohiggins\/escuela-ambiental-1\/#breadcrumb\"},\"inLanguage\":\"es-CL\",\"potentialAction\":[{\"@type\":\"ReadAction\",\"target\":[\"https:\/\/dev.explora.cl\/ohiggins\/escuela-ambiental-1\/\"]}]},{\"@type\":\"ImageObject\",\"inLanguage\":\"es-CL\",\"@id\":\"https:\/\/dev.explora.cl\/ohiggins\/escuela-ambiental-1\/#primaryimage\",\"url\":\"https:\/\/dev.explora.cl\/ohiggins\/wp-content\/uploads\/sites\/8\/2018\/06\/3e65ffb7a7a36a003f464a81879c30f3.jpg\",\"contentUrl\":\"https:\/\/dev.explora.cl\/ohiggins\/wp-content\/uploads\/sites\/8\/2018\/06\/3e65ffb7a7a36a003f464a81879c30f3.jpg\",\"width\":800,\"height\":480},{\"@type\":\"BreadcrumbList\",\"@id\":\"https:\/\/dev.explora.cl\/ohiggins\/escuela-ambiental-1\/#breadcrumb\",\"itemListElement\":[{\"@type\":\"ListItem\",\"position\":1,\"name\":\"Portada\",\"item\":\"https:\/\/dev.explora.cl\/ohiggins\/\"},{\"@type\":\"ListItem\",\"position\":2,\"name\":\"Desarrollan Sexta Escuela Ambiental en San Vicente TT\"}]},{\"@type\":\"WebSite\",\"@id\":\"https:\/\/dev.explora.cl\/ohiggins\/#website\",\"url\":\"https:\/\/dev.explora.cl\/ohiggins\/\",\"name\":\"O&#039;Higgins\",\"description\":\"Otro sitio m\u00e1s de dev.explora.cl\",\"potentialAction\":[{\"@type\":\"SearchAction\",\"target\":{\"@type\":\"EntryPoint\",\"urlTemplate\":\"https:\/\/dev.explora.cl\/ohiggins\/?s={search_term_string}\"},\"query-input\":{\"@type\":\"PropertyValueSpecification\",\"valueRequired\":true,\"valueName\":\"search_term_string\"}}],\"inLanguage\":\"es-CL\"},{\"@type\":\"Person\",\"@id\":\"https:\/\/dev.explora.cl\/ohiggins\/#\/schema\/person\/cb8349c13ea2d324080adf8480d7ba5d\",\"name\":\"webman\",\"image\":{\"@type\":\"ImageObject\",\"inLanguage\":\"es-CL\",\"@id\":\"https:\/\/dev.explora.cl\/ohiggins\/#\/schema\/person\/image\/\",\"url\":\"https:\/\/secure.gravatar.com\/avatar\/eeff3c82f2c02f7177d13663b7e6f890e9a6a0647ce9bb29cae02dcb094c7312?s=96&d=mm&r=g\",\"contentUrl\":\"https:\/\/secure.gravatar.com\/avatar\/eeff3c82f2c02f7177d13663b7e6f890e9a6a0647ce9bb29cae02dcb094c7312?s=96&d=mm&r=g\",\"caption\":\"webman\"},\"url\":\"https:\/\/dev.explora.cl\/ohiggins\/author\/webman\/\"}]}<\/script>\n<!-- \/ Yoast SEO plugin. -->","yoast_head_json":{"title":"Desarrollan Sexta Escuela Ambiental en San Vicente TT - O&#039;Higgins","robots":{"index":"index","follow":"follow","max-snippet":"max-snippet:-1","max-image-preview":"max-image-preview:large","max-video-preview":"max-video-preview:-1"},"canonical":"https:\/\/dev.explora.cl\/ohiggins\/escuela-ambiental-1\/","og_locale":"es_ES","og_type":"article","og_title":"Desarrollan Sexta Escuela Ambiental en San Vicente TT - O&#039;Higgins","og_description":"Desde el 7 al 9 de octubre 2015 el Grupo de Acci\u00f3n Ecol\u00f3gica y Protecci\u00f3n Ambiental A\u00f1a\u00f1uca, la Corporaci\u00f3n Municipal de San Vicente y PAR Explora O\u2019Higgins, ejecutado por UC del Maule, se encuentran desarrollando una nueva versi\u00f3n de la Escuela Ambiental en San Vicente de Tagua Tagua, como parte de las actividades de la [&hellip;]","og_url":"https:\/\/dev.explora.cl\/ohiggins\/escuela-ambiental-1\/","og_site_name":"O&#039;Higgins","article_published_time":"2015-10-08T04:00:00+00:00","article_modified_time":"2019-05-20T18:02:18+00:00","og_image":[{"width":800,"height":480,"url":"https:\/\/dev.explora.cl\/ohiggins\/wp-content\/uploads\/sites\/8\/2018\/06\/3e65ffb7a7a36a003f464a81879c30f3.jpg","type":"image\/jpeg"}],"author":"webman","twitter_card":"summary_large_image","twitter_misc":{"Escrito por":"webman","Tiempo estimado de lectura":"2 minutos"},"schema":{"@context":"https:\/\/schema.org","@graph":[{"@type":"Article","@id":"https:\/\/dev.explora.cl\/ohiggins\/escuela-ambiental-1\/#article","isPartOf":{"@id":"https:\/\/dev.explora.cl\/ohiggins\/escuela-ambiental-1\/"},"author":{"name":"webman","@id":"https:\/\/dev.explora.cl\/ohiggins\/#\/schema\/person\/cb8349c13ea2d324080adf8480d7ba5d"},"headline":"Desarrollan Sexta Escuela Ambiental en San Vicente TT","datePublished":"2015-10-08T04:00:00+00:00","dateModified":"2019-05-20T18:02:18+00:00","mainEntityOfPage":{"@id":"https:\/\/dev.explora.cl\/ohiggins\/escuela-ambiental-1\/"},"wordCount":352,"commentCount":0,"image":{"@id":"https:\/\/dev.explora.cl\/ohiggins\/escuela-ambiental-1\/#primaryimage"},"thumbnailUrl":"https:\/\/dev.explora.cl\/ohiggins\/wp-content\/uploads\/sites\/8\/2018\/06\/3e65ffb7a7a36a003f464a81879c30f3.jpg","articleSection":["Noticias"],"inLanguage":"es-CL","potentialAction":[{"@type":"CommentAction","name":"Comment","target":["https:\/\/dev.explora.cl\/ohiggins\/escuela-ambiental-1\/#respond"]}]},{"@type":"WebPage","@id":"https:\/\/dev.explora.cl\/ohiggins\/escuela-ambiental-1\/","url":"https:\/\/dev.explora.cl\/ohiggins\/escuela-ambiental-1\/","name":"Desarrollan Sexta Escuela Ambiental en San Vicente TT - O&#039;Higgins","isPartOf":{"@id":"https:\/\/dev.explora.cl\/ohiggins\/#website"},"primaryImageOfPage":{"@id":"https:\/\/dev.explora.cl\/ohiggins\/escuela-ambiental-1\/#primaryimage"},"image":{"@id":"https:\/\/dev.explora.cl\/ohiggins\/escuela-ambiental-1\/#primaryimage"},"thumbnailUrl":"https:\/\/dev.explora.cl\/ohiggins\/wp-content\/uploads\/sites\/8\/2018\/06\/3e65ffb7a7a36a003f464a81879c30f3.jpg","datePublished":"2015-10-08T04:00:00+00:00","dateModified":"2019-05-20T18:02:18+00:00","author":{"@id":"https:\/\/dev.explora.cl\/ohiggins\/#\/schema\/person\/cb8349c13ea2d324080adf8480d7ba5d"},"breadcrumb":{"@id":"https:\/\/dev.explora.cl\/ohiggins\/escuela-ambiental-1\/#breadcrumb"},"inLanguage":"es-CL","potentialAction":[{"@type":"ReadAction","target":["https:\/\/dev.explora.cl\/ohiggins\/escuela-ambiental-1\/"]}]},{"@type":"ImageObject","inLanguage":"es-CL","@id":"https:\/\/dev.explora.cl\/ohiggins\/escuela-ambiental-1\/#primaryimage","url":"https:\/\/dev.explora.cl\/ohiggins\/wp-content\/uploads\/sites\/8\/2018\/06\/3e65ffb7a7a36a003f464a81879c30f3.jpg","contentUrl":"https:\/\/dev.explora.cl\/ohiggins\/wp-content\/uploads\/sites\/8\/2018\/06\/3e65ffb7a7a36a003f464a81879c30f3.jpg","width":800,"height":480},{"@type":"BreadcrumbList","@id":"https:\/\/dev.explora.cl\/ohiggins\/escuela-ambiental-1\/#breadcrumb","itemListElement":[{"@type":"ListItem","position":1,"name":"Portada","item":"https:\/\/dev.explora.cl\/ohiggins\/"},{"@type":"ListItem","position":2,"name":"Desarrollan Sexta Escuela Ambiental en San Vicente TT"}]},{"@type":"WebSite","@id":"https:\/\/dev.explora.cl\/ohiggins\/#website","url":"https:\/\/dev.explora.cl\/ohiggins\/","name":"O&#039;Higgins","description":"Otro sitio m\u00e1s de dev.explora.cl","potentialAction":[{"@type":"SearchAction","target":{"@type":"EntryPoint","urlTemplate":"https:\/\/dev.explora.cl\/ohiggins\/?s={search_term_string}"},"query-input":{"@type":"PropertyValueSpecification","valueRequired":true,"valueName":"search_term_string"}}],"inLanguage":"es-CL"},{"@type":"Person","@id":"https:\/\/dev.explora.cl\/ohiggins\/#\/schema\/person\/cb8349c13ea2d324080adf8480d7ba5d","name":"webman","image":{"@type":"ImageObject","inLanguage":"es-CL","@id":"https:\/\/dev.explora.cl\/ohiggins\/#\/schema\/person\/image\/","url":"https:\/\/secure.gravatar.com\/avatar\/eeff3c82f2c02f7177d13663b7e6f890e9a6a0647ce9bb29cae02dcb094c7312?s=96&d=mm&r=g","contentUrl":"https:\/\/secure.gravatar.com\/avatar\/eeff3c82f2c02f7177d13663b7e6f890e9a6a0647ce9bb29cae02dcb094c7312?s=96&d=mm&r=g","caption":"webman"},"url":"https:\/\/dev.explora.cl\/ohiggins\/author\/webman\/"}]}},"_links":{"self":[{"href":"https:\/\/dev.explora.cl\/ohiggins\/wp-json\/wp\/v2\/posts\/32234","targetHints":{"allow":["GET"]}}],"collection":[{"href":"https:\/\/dev.explora.cl\/ohiggins\/wp-json\/wp\/v2\/posts"}],"about":[{"href":"https:\/\/dev.explora.cl\/ohiggins\/wp-json\/wp\/v2\/types\/post"}],"author":[{"embeddable":true,"href":"https:\/\/dev.explora.cl\/ohiggins\/wp-json\/wp\/v2\/users\/2"}],"replies":[{"embeddable":true,"href":"https:\/\/dev.explora.cl\/ohiggins\/wp-json\/wp\/v2\/comments?post=32234"}],"version-history":[{"count":1,"href":"https:\/\/dev.explora.cl\/ohiggins\/wp-json\/wp\/v2\/posts\/32234\/revisions"}],"predecessor-version":[{"id":37748,"href":"https:\/\/dev.explora.cl\/ohiggins\/wp-json\/wp\/v2\/posts\/32234\/revisions\/37748"}],"wp:featuredmedia":[{"embeddable":true,"href":"https:\/\/dev.explora.cl\/ohiggins\/wp-json\/wp\/v2\/media\/33873"}],"wp:attachment":[{"href":"https:\/\/dev.explora.cl\/ohiggins\/wp-json\/wp\/v2\/media?parent=32234"}],"wp:term":[{"taxonomy":"category","embeddable":true,"href":"https:\/\/dev.explora.cl\/ohiggins\/wp-json\/wp\/v2\/categories?post=32234"},{"taxonomy":"post_tag","embeddable":true,"href":"https:\/\/dev.explora.cl\/ohiggins\/wp-json\/wp\/v2\/tags?post=32234"}],"curies":[{"name":"wp","href":"https:\/\/api.w.org\/{rel}","templated":true}]}}