{"id":32227,"date":"2015-09-30T00:00:00","date_gmt":"2015-09-30T04:00:00","guid":{"rendered":"https:\/\/dev.explora.cl\/ohiggins\/blog\/2015\/09\/30\/gaudi\/"},"modified":"2019-05-20T18:02:19","modified_gmt":"2019-05-20T18:02:19","slug":"gaudi","status":"publish","type":"post","link":"https:\/\/dev.explora.cl\/ohiggins\/gaudi\/","title":{"rendered":"La Arquitectura de Gaud\u00ed estar\u00e1 presente en la SNCyT"},"content":{"rendered":"<p><img loading=\"lazy\" decoding=\"async\" class=\" size-full wp-image-15235\" src=\"http:\/\/ec2-54-245-22-188.us-west-2.compute.amazonaws.com\/wp-content\/uploads\/2015\/09\/2d81ad524a4c599b79bc1fbac1a5f9e6.jpg\" alt=\"\" width=\"720\" height=\"468\" \/><\/p>\n<p><p style=\"text-align: justify\">La Corporaci\u00f3n Gaud\u00ed de Triana, se sum\u00f3 a las iniciativas de la Semana de la CyT, para lo cual est\u00e1 desarrollando charlas y talleres pr\u00e1cticos relativos a la ciencia de la arquitectura tomando como modelo al gran Antonio Gaud\u00ed.<\/p>\n<p style=\"text-align: justify\">Como se recodar\u00e1, dicha corporaci\u00f3n est\u00e1 impulsando la construcci\u00f3n de la Capilla Nuestra Se\u00f1ora de los \u00c1ngeles, que dise\u00f1ara el arquitecto espa\u00f1ol, para el Templo de la Sagrada Familia en Barcelona, y cedida por \u00e9ste al padre franciscano Ang\u00e9lico Aranda en 1922.<\/p>\n<p style=\"text-align: justify\">Dentro de las charlas a las que se puede inscribir est\u00e1n: Observaci\u00f3n De La Naturaleza (Charla Exposici\u00f3n Y Dibujo), relator: Patricio Letelier; Taller De Geometr\u00eda Reglada, relator: Christian Matzner; Taller Pr\u00e1ctico De Trencadis (Mosaico), Relatora: Beatriz Valenzuela, Arquitecta; Charla Bas\u00edlica De La Sagrada Familia En Barcelona, relator: Christian Matzner; charla De La Obra De Gaudi Parque G\u00fcell, Relatoras: Elizabeth Juanola y Beatriz Valenzuela.<\/p>\n<p style=\"text-align: justify\">Estas actividades estar\u00e1n disponibles entre el lunes 5 y el viernes 9 de octubre; en dos horarios, de 10:00 a 12:00 horas y de 15:00 a 17:00 horas, en la sede de la corporaci\u00f3n ubicada en Germ\u00e1n Riesco 344, Rancagua.<\/p>\n<p>Para m\u00e1s detalles de las charlas, inscripciones y otras actividades de la semana de la ciencia, descargar <span style=\"color: #0000ff\"><a href=\"ohiggins\/noticias-ohiggins\/download\/1229_08d54cdf06ca236207ab536573286b0e\"><span style=\"color: #0000ff\">documento ac\u00e1<\/span><\/a>.<\/span><\/p><\/p>\n","protected":false},"excerpt":{"rendered":"<p>La Corporaci\u00f3n Gaud\u00ed de Triana, se sum\u00f3 a las iniciativas de la Semana de la CyT, para lo cual est\u00e1 desarrollando charlas y talleres pr\u00e1cticos relativos a la ciencia de la arquitectura tomando como modelo al gran Antonio Gaud\u00ed. Como se recodar\u00e1, dicha corporaci\u00f3n est\u00e1 impulsando la construcci\u00f3n de la Capilla Nuestra Se\u00f1ora de los [&hellip;]<\/p>\n","protected":false},"author":2,"featured_media":32228,"comment_status":"open","ping_status":"open","sticky":false,"template":"","format":"standard","meta":{"_acf_changed":false,"_exactmetrics_skip_tracking":false,"_exactmetrics_sitenote_active":false,"_exactmetrics_sitenote_note":"","_exactmetrics_sitenote_category":0,"footnotes":"","_links_to":"","_links_to_target":""},"categories":[4],"tags":[],"class_list":["post-32227","post","type-post","status-publish","format-standard","has-post-thumbnail","hentry","category-noticias"],"acf":[],"yoast_head":"<!-- This site is optimized with the Yoast SEO plugin v26.7 - https:\/\/yoast.com\/wordpress\/plugins\/seo\/ -->\n<title>La Arquitectura de Gaud\u00ed estar\u00e1 presente en la SNCyT - O&#039;Higgins<\/title>\n<meta name=\"robots\" content=\"index, follow, max-snippet:-1, max-image-preview:large, max-video-preview:-1\" \/>\n<link rel=\"canonical\" href=\"https:\/\/dev.explora.cl\/ohiggins\/gaudi\/\" class=\"yoast-seo-meta-tag\" \/>\n<meta property=\"og:locale\" content=\"es_ES\" class=\"yoast-seo-meta-tag\" \/>\n<meta property=\"og:type\" content=\"article\" class=\"yoast-seo-meta-tag\" \/>\n<meta property=\"og:title\" content=\"La Arquitectura de Gaud\u00ed estar\u00e1 presente en la SNCyT - O&#039;Higgins\" class=\"yoast-seo-meta-tag\" \/>\n<meta property=\"og:description\" content=\"La Corporaci\u00f3n Gaud\u00ed de Triana, se sum\u00f3 a las iniciativas de la Semana de la CyT, para lo cual est\u00e1 desarrollando charlas y talleres pr\u00e1cticos relativos a la ciencia de la arquitectura tomando como modelo al gran Antonio Gaud\u00ed. Como se recodar\u00e1, dicha corporaci\u00f3n est\u00e1 impulsando la construcci\u00f3n de la Capilla Nuestra Se\u00f1ora de los [&hellip;]\" class=\"yoast-seo-meta-tag\" \/>\n<meta property=\"og:url\" content=\"https:\/\/dev.explora.cl\/ohiggins\/gaudi\/\" class=\"yoast-seo-meta-tag\" \/>\n<meta property=\"og:site_name\" content=\"O&#039;Higgins\" class=\"yoast-seo-meta-tag\" \/>\n<meta property=\"article:published_time\" content=\"2015-09-30T04:00:00+00:00\" class=\"yoast-seo-meta-tag\" \/>\n<meta property=\"article:modified_time\" content=\"2019-05-20T18:02:19+00:00\" class=\"yoast-seo-meta-tag\" \/>\n<meta property=\"og:image\" content=\"https:\/\/dev.explora.cl\/ohiggins\/wp-content\/uploads\/sites\/8\/2018\/06\/2d81ad524a4c599b79bc1fbac1a5f9e6.jpg\" class=\"yoast-seo-meta-tag\" \/>\n\t<meta property=\"og:image:width\" content=\"720\" class=\"yoast-seo-meta-tag\" \/>\n\t<meta property=\"og:image:height\" content=\"468\" class=\"yoast-seo-meta-tag\" \/>\n\t<meta property=\"og:image:type\" content=\"image\/jpeg\" class=\"yoast-seo-meta-tag\" \/>\n<meta name=\"author\" content=\"webman\" class=\"yoast-seo-meta-tag\" \/>\n<meta name=\"twitter:card\" content=\"summary_large_image\" class=\"yoast-seo-meta-tag\" \/>\n<meta name=\"twitter:label1\" content=\"Escrito por\" class=\"yoast-seo-meta-tag\" \/>\n\t<meta name=\"twitter:data1\" content=\"webman\" class=\"yoast-seo-meta-tag\" \/>\n\t<meta name=\"twitter:label2\" content=\"Tiempo estimado de lectura\" class=\"yoast-seo-meta-tag\" \/>\n\t<meta name=\"twitter:data2\" content=\"1 minuto\" class=\"yoast-seo-meta-tag\" \/>\n<script type=\"application\/ld+json\" class=\"yoast-schema-graph\">{\"@context\":\"https:\/\/schema.org\",\"@graph\":[{\"@type\":\"Article\",\"@id\":\"https:\/\/dev.explora.cl\/ohiggins\/gaudi\/#article\",\"isPartOf\":{\"@id\":\"https:\/\/dev.explora.cl\/ohiggins\/gaudi\/\"},\"author\":{\"name\":\"webman\",\"@id\":\"https:\/\/dev.explora.cl\/ohiggins\/#\/schema\/person\/cb8349c13ea2d324080adf8480d7ba5d\"},\"headline\":\"La Arquitectura de Gaud\u00ed estar\u00e1 presente en la SNCyT\",\"datePublished\":\"2015-09-30T04:00:00+00:00\",\"dateModified\":\"2019-05-20T18:02:19+00:00\",\"mainEntityOfPage\":{\"@id\":\"https:\/\/dev.explora.cl\/ohiggins\/gaudi\/\"},\"wordCount\":223,\"commentCount\":0,\"image\":{\"@id\":\"https:\/\/dev.explora.cl\/ohiggins\/gaudi\/#primaryimage\"},\"thumbnailUrl\":\"https:\/\/dev.explora.cl\/ohiggins\/wp-content\/uploads\/sites\/8\/2018\/06\/2d81ad524a4c599b79bc1fbac1a5f9e6.jpg\",\"articleSection\":[\"Noticias\"],\"inLanguage\":\"es-CL\",\"potentialAction\":[{\"@type\":\"CommentAction\",\"name\":\"Comment\",\"target\":[\"https:\/\/dev.explora.cl\/ohiggins\/gaudi\/#respond\"]}]},{\"@type\":\"WebPage\",\"@id\":\"https:\/\/dev.explora.cl\/ohiggins\/gaudi\/\",\"url\":\"https:\/\/dev.explora.cl\/ohiggins\/gaudi\/\",\"name\":\"La Arquitectura de Gaud\u00ed estar\u00e1 presente en la SNCyT - O&#039;Higgins\",\"isPartOf\":{\"@id\":\"https:\/\/dev.explora.cl\/ohiggins\/#website\"},\"primaryImageOfPage\":{\"@id\":\"https:\/\/dev.explora.cl\/ohiggins\/gaudi\/#primaryimage\"},\"image\":{\"@id\":\"https:\/\/dev.explora.cl\/ohiggins\/gaudi\/#primaryimage\"},\"thumbnailUrl\":\"https:\/\/dev.explora.cl\/ohiggins\/wp-content\/uploads\/sites\/8\/2018\/06\/2d81ad524a4c599b79bc1fbac1a5f9e6.jpg\",\"datePublished\":\"2015-09-30T04:00:00+00:00\",\"dateModified\":\"2019-05-20T18:02:19+00:00\",\"author\":{\"@id\":\"https:\/\/dev.explora.cl\/ohiggins\/#\/schema\/person\/cb8349c13ea2d324080adf8480d7ba5d\"},\"breadcrumb\":{\"@id\":\"https:\/\/dev.explora.cl\/ohiggins\/gaudi\/#breadcrumb\"},\"inLanguage\":\"es-CL\",\"potentialAction\":[{\"@type\":\"ReadAction\",\"target\":[\"https:\/\/dev.explora.cl\/ohiggins\/gaudi\/\"]}]},{\"@type\":\"ImageObject\",\"inLanguage\":\"es-CL\",\"@id\":\"https:\/\/dev.explora.cl\/ohiggins\/gaudi\/#primaryimage\",\"url\":\"https:\/\/dev.explora.cl\/ohiggins\/wp-content\/uploads\/sites\/8\/2018\/06\/2d81ad524a4c599b79bc1fbac1a5f9e6.jpg\",\"contentUrl\":\"https:\/\/dev.explora.cl\/ohiggins\/wp-content\/uploads\/sites\/8\/2018\/06\/2d81ad524a4c599b79bc1fbac1a5f9e6.jpg\",\"width\":720,\"height\":468},{\"@type\":\"BreadcrumbList\",\"@id\":\"https:\/\/dev.explora.cl\/ohiggins\/gaudi\/#breadcrumb\",\"itemListElement\":[{\"@type\":\"ListItem\",\"position\":1,\"name\":\"Portada\",\"item\":\"https:\/\/dev.explora.cl\/ohiggins\/\"},{\"@type\":\"ListItem\",\"position\":2,\"name\":\"La Arquitectura de Gaud\u00ed estar\u00e1 presente en la SNCyT\"}]},{\"@type\":\"WebSite\",\"@id\":\"https:\/\/dev.explora.cl\/ohiggins\/#website\",\"url\":\"https:\/\/dev.explora.cl\/ohiggins\/\",\"name\":\"O&#039;Higgins\",\"description\":\"Otro sitio m\u00e1s de dev.explora.cl\",\"potentialAction\":[{\"@type\":\"SearchAction\",\"target\":{\"@type\":\"EntryPoint\",\"urlTemplate\":\"https:\/\/dev.explora.cl\/ohiggins\/?s={search_term_string}\"},\"query-input\":{\"@type\":\"PropertyValueSpecification\",\"valueRequired\":true,\"valueName\":\"search_term_string\"}}],\"inLanguage\":\"es-CL\"},{\"@type\":\"Person\",\"@id\":\"https:\/\/dev.explora.cl\/ohiggins\/#\/schema\/person\/cb8349c13ea2d324080adf8480d7ba5d\",\"name\":\"webman\",\"image\":{\"@type\":\"ImageObject\",\"inLanguage\":\"es-CL\",\"@id\":\"https:\/\/dev.explora.cl\/ohiggins\/#\/schema\/person\/image\/\",\"url\":\"https:\/\/secure.gravatar.com\/avatar\/eeff3c82f2c02f7177d13663b7e6f890e9a6a0647ce9bb29cae02dcb094c7312?s=96&d=mm&r=g\",\"contentUrl\":\"https:\/\/secure.gravatar.com\/avatar\/eeff3c82f2c02f7177d13663b7e6f890e9a6a0647ce9bb29cae02dcb094c7312?s=96&d=mm&r=g\",\"caption\":\"webman\"},\"url\":\"https:\/\/dev.explora.cl\/ohiggins\/author\/webman\/\"}]}<\/script>\n<!-- \/ Yoast SEO plugin. -->","yoast_head_json":{"title":"La Arquitectura de Gaud\u00ed estar\u00e1 presente en la SNCyT - O&#039;Higgins","robots":{"index":"index","follow":"follow","max-snippet":"max-snippet:-1","max-image-preview":"max-image-preview:large","max-video-preview":"max-video-preview:-1"},"canonical":"https:\/\/dev.explora.cl\/ohiggins\/gaudi\/","og_locale":"es_ES","og_type":"article","og_title":"La Arquitectura de Gaud\u00ed estar\u00e1 presente en la SNCyT - O&#039;Higgins","og_description":"La Corporaci\u00f3n Gaud\u00ed de Triana, se sum\u00f3 a las iniciativas de la Semana de la CyT, para lo cual est\u00e1 desarrollando charlas y talleres pr\u00e1cticos relativos a la ciencia de la arquitectura tomando como modelo al gran Antonio Gaud\u00ed. Como se recodar\u00e1, dicha corporaci\u00f3n est\u00e1 impulsando la construcci\u00f3n de la Capilla Nuestra Se\u00f1ora de los [&hellip;]","og_url":"https:\/\/dev.explora.cl\/ohiggins\/gaudi\/","og_site_name":"O&#039;Higgins","article_published_time":"2015-09-30T04:00:00+00:00","article_modified_time":"2019-05-20T18:02:19+00:00","og_image":[{"width":720,"height":468,"url":"https:\/\/dev.explora.cl\/ohiggins\/wp-content\/uploads\/sites\/8\/2018\/06\/2d81ad524a4c599b79bc1fbac1a5f9e6.jpg","type":"image\/jpeg"}],"author":"webman","twitter_card":"summary_large_image","twitter_misc":{"Escrito por":"webman","Tiempo estimado de lectura":"1 minuto"},"schema":{"@context":"https:\/\/schema.org","@graph":[{"@type":"Article","@id":"https:\/\/dev.explora.cl\/ohiggins\/gaudi\/#article","isPartOf":{"@id":"https:\/\/dev.explora.cl\/ohiggins\/gaudi\/"},"author":{"name":"webman","@id":"https:\/\/dev.explora.cl\/ohiggins\/#\/schema\/person\/cb8349c13ea2d324080adf8480d7ba5d"},"headline":"La Arquitectura de Gaud\u00ed estar\u00e1 presente en la SNCyT","datePublished":"2015-09-30T04:00:00+00:00","dateModified":"2019-05-20T18:02:19+00:00","mainEntityOfPage":{"@id":"https:\/\/dev.explora.cl\/ohiggins\/gaudi\/"},"wordCount":223,"commentCount":0,"image":{"@id":"https:\/\/dev.explora.cl\/ohiggins\/gaudi\/#primaryimage"},"thumbnailUrl":"https:\/\/dev.explora.cl\/ohiggins\/wp-content\/uploads\/sites\/8\/2018\/06\/2d81ad524a4c599b79bc1fbac1a5f9e6.jpg","articleSection":["Noticias"],"inLanguage":"es-CL","potentialAction":[{"@type":"CommentAction","name":"Comment","target":["https:\/\/dev.explora.cl\/ohiggins\/gaudi\/#respond"]}]},{"@type":"WebPage","@id":"https:\/\/dev.explora.cl\/ohiggins\/gaudi\/","url":"https:\/\/dev.explora.cl\/ohiggins\/gaudi\/","name":"La Arquitectura de Gaud\u00ed estar\u00e1 presente en la SNCyT - O&#039;Higgins","isPartOf":{"@id":"https:\/\/dev.explora.cl\/ohiggins\/#website"},"primaryImageOfPage":{"@id":"https:\/\/dev.explora.cl\/ohiggins\/gaudi\/#primaryimage"},"image":{"@id":"https:\/\/dev.explora.cl\/ohiggins\/gaudi\/#primaryimage"},"thumbnailUrl":"https:\/\/dev.explora.cl\/ohiggins\/wp-content\/uploads\/sites\/8\/2018\/06\/2d81ad524a4c599b79bc1fbac1a5f9e6.jpg","datePublished":"2015-09-30T04:00:00+00:00","dateModified":"2019-05-20T18:02:19+00:00","author":{"@id":"https:\/\/dev.explora.cl\/ohiggins\/#\/schema\/person\/cb8349c13ea2d324080adf8480d7ba5d"},"breadcrumb":{"@id":"https:\/\/dev.explora.cl\/ohiggins\/gaudi\/#breadcrumb"},"inLanguage":"es-CL","potentialAction":[{"@type":"ReadAction","target":["https:\/\/dev.explora.cl\/ohiggins\/gaudi\/"]}]},{"@type":"ImageObject","inLanguage":"es-CL","@id":"https:\/\/dev.explora.cl\/ohiggins\/gaudi\/#primaryimage","url":"https:\/\/dev.explora.cl\/ohiggins\/wp-content\/uploads\/sites\/8\/2018\/06\/2d81ad524a4c599b79bc1fbac1a5f9e6.jpg","contentUrl":"https:\/\/dev.explora.cl\/ohiggins\/wp-content\/uploads\/sites\/8\/2018\/06\/2d81ad524a4c599b79bc1fbac1a5f9e6.jpg","width":720,"height":468},{"@type":"BreadcrumbList","@id":"https:\/\/dev.explora.cl\/ohiggins\/gaudi\/#breadcrumb","itemListElement":[{"@type":"ListItem","position":1,"name":"Portada","item":"https:\/\/dev.explora.cl\/ohiggins\/"},{"@type":"ListItem","position":2,"name":"La Arquitectura de Gaud\u00ed estar\u00e1 presente en la SNCyT"}]},{"@type":"WebSite","@id":"https:\/\/dev.explora.cl\/ohiggins\/#website","url":"https:\/\/dev.explora.cl\/ohiggins\/","name":"O&#039;Higgins","description":"Otro sitio m\u00e1s de dev.explora.cl","potentialAction":[{"@type":"SearchAction","target":{"@type":"EntryPoint","urlTemplate":"https:\/\/dev.explora.cl\/ohiggins\/?s={search_term_string}"},"query-input":{"@type":"PropertyValueSpecification","valueRequired":true,"valueName":"search_term_string"}}],"inLanguage":"es-CL"},{"@type":"Person","@id":"https:\/\/dev.explora.cl\/ohiggins\/#\/schema\/person\/cb8349c13ea2d324080adf8480d7ba5d","name":"webman","image":{"@type":"ImageObject","inLanguage":"es-CL","@id":"https:\/\/dev.explora.cl\/ohiggins\/#\/schema\/person\/image\/","url":"https:\/\/secure.gravatar.com\/avatar\/eeff3c82f2c02f7177d13663b7e6f890e9a6a0647ce9bb29cae02dcb094c7312?s=96&d=mm&r=g","contentUrl":"https:\/\/secure.gravatar.com\/avatar\/eeff3c82f2c02f7177d13663b7e6f890e9a6a0647ce9bb29cae02dcb094c7312?s=96&d=mm&r=g","caption":"webman"},"url":"https:\/\/dev.explora.cl\/ohiggins\/author\/webman\/"}]}},"_links":{"self":[{"href":"https:\/\/dev.explora.cl\/ohiggins\/wp-json\/wp\/v2\/posts\/32227","targetHints":{"allow":["GET"]}}],"collection":[{"href":"https:\/\/dev.explora.cl\/ohiggins\/wp-json\/wp\/v2\/posts"}],"about":[{"href":"https:\/\/dev.explora.cl\/ohiggins\/wp-json\/wp\/v2\/types\/post"}],"author":[{"embeddable":true,"href":"https:\/\/dev.explora.cl\/ohiggins\/wp-json\/wp\/v2\/users\/2"}],"replies":[{"embeddable":true,"href":"https:\/\/dev.explora.cl\/ohiggins\/wp-json\/wp\/v2\/comments?post=32227"}],"version-history":[{"count":1,"href":"https:\/\/dev.explora.cl\/ohiggins\/wp-json\/wp\/v2\/posts\/32227\/revisions"}],"predecessor-version":[{"id":37751,"href":"https:\/\/dev.explora.cl\/ohiggins\/wp-json\/wp\/v2\/posts\/32227\/revisions\/37751"}],"wp:featuredmedia":[{"embeddable":true,"href":"https:\/\/dev.explora.cl\/ohiggins\/wp-json\/wp\/v2\/media\/32228"}],"wp:attachment":[{"href":"https:\/\/dev.explora.cl\/ohiggins\/wp-json\/wp\/v2\/media?parent=32227"}],"wp:term":[{"taxonomy":"category","embeddable":true,"href":"https:\/\/dev.explora.cl\/ohiggins\/wp-json\/wp\/v2\/categories?post=32227"},{"taxonomy":"post_tag","embeddable":true,"href":"https:\/\/dev.explora.cl\/ohiggins\/wp-json\/wp\/v2\/tags?post=32227"}],"curies":[{"name":"wp","href":"https:\/\/api.w.org\/{rel}","templated":true}]}}