{"id":32193,"date":"2015-09-02T00:00:00","date_gmt":"2015-09-02T04:00:00","guid":{"rendered":"https:\/\/dev.explora.cl\/ohiggins\/blog\/2015\/09\/02\/feria\/"},"modified":"2019-05-20T18:02:28","modified_gmt":"2019-05-20T18:02:28","slug":"feria","status":"publish","type":"post","link":"https:\/\/dev.explora.cl\/ohiggins\/feria\/","title":{"rendered":"Expo Feria: una Mina en Plaza Los H\u00e9roes"},"content":{"rendered":"<p><img loading=\"lazy\" decoding=\"async\" class=\" size-full wp-image-14413\" src=\"http:\/\/ec2-54-245-22-188.us-west-2.compute.amazonaws.com\/wp-content\/uploads\/2015\/09\/a06779cf6497442b65fd5fae52113a1d.jpg\" alt=\"\" width=\"1000\" height=\"667\" \/><\/p>\n<p style=\"text-align: justify\">Sorprendidos quedaron quienes visitaron la Plaza Los H\u00e9roes de Rancagua pues se encontraron con la Expo Miner\u00eda 2015, que organizaron la Seremi de Miner\u00eda y PAR Explora O&#8217;Higgins, durante la ma\u00f1ana del lunes 31 de agosto.<\/p>\n<p style=\"text-align: justify\">En ella, j\u00f3venes de las carreras mineras de los liceos Pedro Aguirre Cerda, Polivalente de Machal\u00ed, Francisco Antonio Encina (LIFAE) de Las Cabras y el Instituto Tecnol\u00f3gico Minero Bernardo O&#8217;Higgins, junto a estudiantes de Gastronom\u00eda del Instituto Santo Tom\u00e1s dieron vida a una Feria que tuvo gran concurrencia. Y en la que tambi\u00e9n participaron canteros de Pelequ\u00e9n y Placilla; la productora de sal de mar con especies, Elsa P\u00e1vez, que vino desde Pichilemu; y los servicios relacionados con miner\u00eda: ENAMI y SERNAGEOMIN.<\/p>\n<p style=\"text-align: justify\">Sin duda uno de los atractivos m\u00e1s visitados fue la representaci\u00f3n de un t\u00fanel minero que hizo el LIFAE, que inclu\u00eda tem\u00e1ticas de primeros auxilios, seguridad, topograf\u00eda, sondaje, literatura y muestra de minerales, que reproduc\u00eda en su interior las condiciones en las que trabajan los mineros en su quehacer diario.<\/p>\n<p style=\"text-align: justify\"><img loading=\"lazy\" decoding=\"async\" class=\" alignleft size-full wp-image-14414\" src=\"http:\/\/ec2-54-245-22-188.us-west-2.compute.amazonaws.com\/wp-content\/uploads\/2015\/09\/expominera-26.jpg\" width=\"300\" height=\"200\" style=\"margin-top: 5px;margin-bottom: 5px;margin-right: 10px;float: left\" \/>La actividad fue positivamente valorada por la Seremi de Miner\u00eda, Leonor D\u00edaz quien se\u00f1al\u00f3 que &#8220;los j\u00f3venes y sus profesores son los principales protagonistas de esta actividad (&#8230;); queremos que conozcan la labor que est\u00e1n realizando estos establecimientos que se han atrevido a formar j\u00f3venes en carreras relacionadas con la miner\u00eda, como un compromiso con el desarrollo del capital humano, que es un elemento relevante para la industria minera, industria que entre sus desaf\u00edos tiene la innovaci\u00f3n y el desarrollo tecnol\u00f3gico; para ambos es necesario contar con recurso humano preparado para ello&#8221;.<\/p>\n<p style=\"text-align: justify\">Luis R\u00edos, Coordinador Ejecutivo del PAR, se\u00f1al\u00f3 que &#8220;Por segundo a\u00f1o consecutivo hemos apoyado a la SEREMI de Miner\u00eda en las celebraciones que se dan en agosto; y es as\u00ed como durante esta jornada desarrollamos en conjunto la Expo Miner\u00eda, una iniciativa que acerca a la comunidad en general a este rubro; y que esperamos podamos repetir el 2016, continuando con el trabajo colaborativo entre ambas entidades.&#8221;<\/p>\n<p style=\"text-align: justify\"><img loading=\"lazy\" decoding=\"async\" class=\" alignright size-full wp-image-14415\" src=\"http:\/\/ec2-54-245-22-188.us-west-2.compute.amazonaws.com\/wp-content\/uploads\/2015\/09\/expominera-27.jpg\" width=\"300\" height=\"200\" style=\"margin-left: 10px;margin-top: 5px;margin-bottom: 5px;float: right\" \/>Y la mejor evaluaci\u00f3n la entregaron quienes visitaron la Expo Feria, como Fran\u00e7ois Roa Acosta, de 10 a\u00f1os. &#8220;Es muy lindo lo que muestran y ense\u00f1an los ni\u00f1os con sus libros y sus muestras de piedras&#8221;. Por su parte Jos\u00e9 Acosta Torres, t\u00edo de Fran\u00e7ois, agreg\u00f3 que &#8220;pasamos de curiosidad y nos encontramos con esta muestra interesante para que los ni\u00f1os aprendan de miner\u00eda&#8221;.<\/p>\n<p style=\"text-align: justify\">En la oportunidad adem\u00e1s, y en una ceremonia paralela, se realiz\u00f3 la premiaci\u00f3n del primer concurso \u201cMujer Destacada en Miner\u00eda de la Regi\u00f3n de O\u2019Higgins\u201d, que organiz\u00f3 la Seremi de Miner\u00eda y el Sernam regional. Instancia que destac\u00f3 a cuatro mujeres de la regi\u00f3n, en las categor\u00edas gran, mediana y peque\u00f1a miner\u00eda \u2013met\u00e1lica y no met\u00e1lica- se premi\u00f3 a trabajadoras de El Teniente, empresas contratistas, mineras de Chanc\u00f3n y salineras de Pichilemu.<\/p>\n<p style=\"text-align: justify\">Revisa nuestra <span style=\"color: #0000ff\"><a href=\"https:\/\/www.facebook.com\/media\/set\/?set=a.1068249019874083.1073741916.777863892245932&amp;type=3\" target=\"_blank\" rel=\"noopener noreferrer\"><span style=\"color: #0000ff\">Galer\u00eda de im\u00e1genes<\/span><\/a><\/span>.<\/p>\n<p style=\"text-align: justify\">Nota: Seremi Miner\u00eda\/Carla Morales<\/p>\n<p style=\"text-align: justify\">Fotos: Esteban Reyes.<\/p>\n<p>&nbsp;<\/p>\n<p>&nbsp;<\/p>\n","protected":false},"excerpt":{"rendered":"<p>Sorprendidos quedaron quienes visitaron la Plaza Los H\u00e9roes de Rancagua pues se encontraron con la Expo Miner\u00eda 2015, que organizaron la Seremi de Miner\u00eda y PAR Explora O&#8217;Higgins, durante la ma\u00f1ana del lunes 31 de agosto. En ella, j\u00f3venes de las carreras mineras de los liceos Pedro Aguirre Cerda, Polivalente de Machal\u00ed, Francisco Antonio Encina [&hellip;]<\/p>\n","protected":false},"author":2,"featured_media":33859,"comment_status":"open","ping_status":"open","sticky":false,"template":"","format":"standard","meta":{"_acf_changed":false,"_exactmetrics_skip_tracking":false,"_exactmetrics_sitenote_active":false,"_exactmetrics_sitenote_note":"","_exactmetrics_sitenote_category":0,"footnotes":"","_links_to":"","_links_to_target":""},"categories":[4],"tags":[],"class_list":["post-32193","post","type-post","status-publish","format-standard","has-post-thumbnail","hentry","category-noticias"],"acf":[],"yoast_head":"<!-- This site is optimized with the Yoast SEO plugin v26.7 - https:\/\/yoast.com\/wordpress\/plugins\/seo\/ -->\n<title>Expo Feria: una Mina en Plaza Los H\u00e9roes - O&#039;Higgins<\/title>\n<meta name=\"robots\" content=\"index, follow, max-snippet:-1, max-image-preview:large, max-video-preview:-1\" \/>\n<link rel=\"canonical\" href=\"https:\/\/dev.explora.cl\/ohiggins\/feria\/\" class=\"yoast-seo-meta-tag\" \/>\n<meta property=\"og:locale\" content=\"es_ES\" class=\"yoast-seo-meta-tag\" \/>\n<meta property=\"og:type\" content=\"article\" class=\"yoast-seo-meta-tag\" \/>\n<meta property=\"og:title\" content=\"Expo Feria: una Mina en Plaza Los H\u00e9roes - O&#039;Higgins\" class=\"yoast-seo-meta-tag\" \/>\n<meta property=\"og:description\" content=\"Sorprendidos quedaron quienes visitaron la Plaza Los H\u00e9roes de Rancagua pues se encontraron con la Expo Miner\u00eda 2015, que organizaron la Seremi de Miner\u00eda y PAR Explora O&#8217;Higgins, durante la ma\u00f1ana del lunes 31 de agosto. En ella, j\u00f3venes de las carreras mineras de los liceos Pedro Aguirre Cerda, Polivalente de Machal\u00ed, Francisco Antonio Encina [&hellip;]\" class=\"yoast-seo-meta-tag\" \/>\n<meta property=\"og:url\" content=\"https:\/\/dev.explora.cl\/ohiggins\/feria\/\" class=\"yoast-seo-meta-tag\" \/>\n<meta property=\"og:site_name\" content=\"O&#039;Higgins\" class=\"yoast-seo-meta-tag\" \/>\n<meta property=\"article:published_time\" content=\"2015-09-02T04:00:00+00:00\" class=\"yoast-seo-meta-tag\" \/>\n<meta property=\"article:modified_time\" content=\"2019-05-20T18:02:28+00:00\" class=\"yoast-seo-meta-tag\" \/>\n<meta property=\"og:image\" content=\"https:\/\/dev.explora.cl\/ohiggins\/wp-content\/uploads\/sites\/8\/2018\/06\/a06779cf6497442b65fd5fae52113a1d.jpg\" class=\"yoast-seo-meta-tag\" \/>\n\t<meta property=\"og:image:width\" content=\"1000\" class=\"yoast-seo-meta-tag\" \/>\n\t<meta property=\"og:image:height\" content=\"667\" class=\"yoast-seo-meta-tag\" \/>\n\t<meta property=\"og:image:type\" content=\"image\/jpeg\" class=\"yoast-seo-meta-tag\" \/>\n<meta name=\"author\" content=\"webman\" class=\"yoast-seo-meta-tag\" \/>\n<meta name=\"twitter:card\" content=\"summary_large_image\" class=\"yoast-seo-meta-tag\" \/>\n<meta name=\"twitter:label1\" content=\"Escrito por\" class=\"yoast-seo-meta-tag\" \/>\n\t<meta name=\"twitter:data1\" content=\"webman\" class=\"yoast-seo-meta-tag\" \/>\n\t<meta name=\"twitter:label2\" content=\"Tiempo estimado de lectura\" class=\"yoast-seo-meta-tag\" \/>\n\t<meta name=\"twitter:data2\" content=\"3 minutos\" class=\"yoast-seo-meta-tag\" \/>\n<script type=\"application\/ld+json\" class=\"yoast-schema-graph\">{\"@context\":\"https:\/\/schema.org\",\"@graph\":[{\"@type\":\"Article\",\"@id\":\"https:\/\/dev.explora.cl\/ohiggins\/feria\/#article\",\"isPartOf\":{\"@id\":\"https:\/\/dev.explora.cl\/ohiggins\/feria\/\"},\"author\":{\"name\":\"webman\",\"@id\":\"https:\/\/dev.explora.cl\/ohiggins\/#\/schema\/person\/cb8349c13ea2d324080adf8480d7ba5d\"},\"headline\":\"Expo Feria: una Mina en Plaza Los H\u00e9roes\",\"datePublished\":\"2015-09-02T04:00:00+00:00\",\"dateModified\":\"2019-05-20T18:02:28+00:00\",\"mainEntityOfPage\":{\"@id\":\"https:\/\/dev.explora.cl\/ohiggins\/feria\/\"},\"wordCount\":543,\"commentCount\":1,\"image\":{\"@id\":\"https:\/\/dev.explora.cl\/ohiggins\/feria\/#primaryimage\"},\"thumbnailUrl\":\"https:\/\/dev.explora.cl\/ohiggins\/wp-content\/uploads\/sites\/8\/2018\/06\/a06779cf6497442b65fd5fae52113a1d.jpg\",\"articleSection\":[\"Noticias\"],\"inLanguage\":\"es-CL\",\"potentialAction\":[{\"@type\":\"CommentAction\",\"name\":\"Comment\",\"target\":[\"https:\/\/dev.explora.cl\/ohiggins\/feria\/#respond\"]}]},{\"@type\":\"WebPage\",\"@id\":\"https:\/\/dev.explora.cl\/ohiggins\/feria\/\",\"url\":\"https:\/\/dev.explora.cl\/ohiggins\/feria\/\",\"name\":\"Expo Feria: una Mina en Plaza Los H\u00e9roes - O&#039;Higgins\",\"isPartOf\":{\"@id\":\"https:\/\/dev.explora.cl\/ohiggins\/#website\"},\"primaryImageOfPage\":{\"@id\":\"https:\/\/dev.explora.cl\/ohiggins\/feria\/#primaryimage\"},\"image\":{\"@id\":\"https:\/\/dev.explora.cl\/ohiggins\/feria\/#primaryimage\"},\"thumbnailUrl\":\"https:\/\/dev.explora.cl\/ohiggins\/wp-content\/uploads\/sites\/8\/2018\/06\/a06779cf6497442b65fd5fae52113a1d.jpg\",\"datePublished\":\"2015-09-02T04:00:00+00:00\",\"dateModified\":\"2019-05-20T18:02:28+00:00\",\"author\":{\"@id\":\"https:\/\/dev.explora.cl\/ohiggins\/#\/schema\/person\/cb8349c13ea2d324080adf8480d7ba5d\"},\"breadcrumb\":{\"@id\":\"https:\/\/dev.explora.cl\/ohiggins\/feria\/#breadcrumb\"},\"inLanguage\":\"es-CL\",\"potentialAction\":[{\"@type\":\"ReadAction\",\"target\":[\"https:\/\/dev.explora.cl\/ohiggins\/feria\/\"]}]},{\"@type\":\"ImageObject\",\"inLanguage\":\"es-CL\",\"@id\":\"https:\/\/dev.explora.cl\/ohiggins\/feria\/#primaryimage\",\"url\":\"https:\/\/dev.explora.cl\/ohiggins\/wp-content\/uploads\/sites\/8\/2018\/06\/a06779cf6497442b65fd5fae52113a1d.jpg\",\"contentUrl\":\"https:\/\/dev.explora.cl\/ohiggins\/wp-content\/uploads\/sites\/8\/2018\/06\/a06779cf6497442b65fd5fae52113a1d.jpg\",\"width\":1000,\"height\":667},{\"@type\":\"BreadcrumbList\",\"@id\":\"https:\/\/dev.explora.cl\/ohiggins\/feria\/#breadcrumb\",\"itemListElement\":[{\"@type\":\"ListItem\",\"position\":1,\"name\":\"Portada\",\"item\":\"https:\/\/dev.explora.cl\/ohiggins\/\"},{\"@type\":\"ListItem\",\"position\":2,\"name\":\"Expo Feria: una Mina en Plaza Los H\u00e9roes\"}]},{\"@type\":\"WebSite\",\"@id\":\"https:\/\/dev.explora.cl\/ohiggins\/#website\",\"url\":\"https:\/\/dev.explora.cl\/ohiggins\/\",\"name\":\"O&#039;Higgins\",\"description\":\"Otro sitio m\u00e1s de dev.explora.cl\",\"potentialAction\":[{\"@type\":\"SearchAction\",\"target\":{\"@type\":\"EntryPoint\",\"urlTemplate\":\"https:\/\/dev.explora.cl\/ohiggins\/?s={search_term_string}\"},\"query-input\":{\"@type\":\"PropertyValueSpecification\",\"valueRequired\":true,\"valueName\":\"search_term_string\"}}],\"inLanguage\":\"es-CL\"},{\"@type\":\"Person\",\"@id\":\"https:\/\/dev.explora.cl\/ohiggins\/#\/schema\/person\/cb8349c13ea2d324080adf8480d7ba5d\",\"name\":\"webman\",\"image\":{\"@type\":\"ImageObject\",\"inLanguage\":\"es-CL\",\"@id\":\"https:\/\/dev.explora.cl\/ohiggins\/#\/schema\/person\/image\/\",\"url\":\"https:\/\/secure.gravatar.com\/avatar\/eeff3c82f2c02f7177d13663b7e6f890e9a6a0647ce9bb29cae02dcb094c7312?s=96&d=mm&r=g\",\"contentUrl\":\"https:\/\/secure.gravatar.com\/avatar\/eeff3c82f2c02f7177d13663b7e6f890e9a6a0647ce9bb29cae02dcb094c7312?s=96&d=mm&r=g\",\"caption\":\"webman\"},\"url\":\"https:\/\/dev.explora.cl\/ohiggins\/author\/webman\/\"}]}<\/script>\n<!-- \/ Yoast SEO plugin. -->","yoast_head_json":{"title":"Expo Feria: una Mina en Plaza Los H\u00e9roes - O&#039;Higgins","robots":{"index":"index","follow":"follow","max-snippet":"max-snippet:-1","max-image-preview":"max-image-preview:large","max-video-preview":"max-video-preview:-1"},"canonical":"https:\/\/dev.explora.cl\/ohiggins\/feria\/","og_locale":"es_ES","og_type":"article","og_title":"Expo Feria: una Mina en Plaza Los H\u00e9roes - O&#039;Higgins","og_description":"Sorprendidos quedaron quienes visitaron la Plaza Los H\u00e9roes de Rancagua pues se encontraron con la Expo Miner\u00eda 2015, que organizaron la Seremi de Miner\u00eda y PAR Explora O&#8217;Higgins, durante la ma\u00f1ana del lunes 31 de agosto. En ella, j\u00f3venes de las carreras mineras de los liceos Pedro Aguirre Cerda, Polivalente de Machal\u00ed, Francisco Antonio Encina [&hellip;]","og_url":"https:\/\/dev.explora.cl\/ohiggins\/feria\/","og_site_name":"O&#039;Higgins","article_published_time":"2015-09-02T04:00:00+00:00","article_modified_time":"2019-05-20T18:02:28+00:00","og_image":[{"width":1000,"height":667,"url":"https:\/\/dev.explora.cl\/ohiggins\/wp-content\/uploads\/sites\/8\/2018\/06\/a06779cf6497442b65fd5fae52113a1d.jpg","type":"image\/jpeg"}],"author":"webman","twitter_card":"summary_large_image","twitter_misc":{"Escrito por":"webman","Tiempo estimado de lectura":"3 minutos"},"schema":{"@context":"https:\/\/schema.org","@graph":[{"@type":"Article","@id":"https:\/\/dev.explora.cl\/ohiggins\/feria\/#article","isPartOf":{"@id":"https:\/\/dev.explora.cl\/ohiggins\/feria\/"},"author":{"name":"webman","@id":"https:\/\/dev.explora.cl\/ohiggins\/#\/schema\/person\/cb8349c13ea2d324080adf8480d7ba5d"},"headline":"Expo Feria: una Mina en Plaza Los H\u00e9roes","datePublished":"2015-09-02T04:00:00+00:00","dateModified":"2019-05-20T18:02:28+00:00","mainEntityOfPage":{"@id":"https:\/\/dev.explora.cl\/ohiggins\/feria\/"},"wordCount":543,"commentCount":1,"image":{"@id":"https:\/\/dev.explora.cl\/ohiggins\/feria\/#primaryimage"},"thumbnailUrl":"https:\/\/dev.explora.cl\/ohiggins\/wp-content\/uploads\/sites\/8\/2018\/06\/a06779cf6497442b65fd5fae52113a1d.jpg","articleSection":["Noticias"],"inLanguage":"es-CL","potentialAction":[{"@type":"CommentAction","name":"Comment","target":["https:\/\/dev.explora.cl\/ohiggins\/feria\/#respond"]}]},{"@type":"WebPage","@id":"https:\/\/dev.explora.cl\/ohiggins\/feria\/","url":"https:\/\/dev.explora.cl\/ohiggins\/feria\/","name":"Expo Feria: una Mina en Plaza Los H\u00e9roes - O&#039;Higgins","isPartOf":{"@id":"https:\/\/dev.explora.cl\/ohiggins\/#website"},"primaryImageOfPage":{"@id":"https:\/\/dev.explora.cl\/ohiggins\/feria\/#primaryimage"},"image":{"@id":"https:\/\/dev.explora.cl\/ohiggins\/feria\/#primaryimage"},"thumbnailUrl":"https:\/\/dev.explora.cl\/ohiggins\/wp-content\/uploads\/sites\/8\/2018\/06\/a06779cf6497442b65fd5fae52113a1d.jpg","datePublished":"2015-09-02T04:00:00+00:00","dateModified":"2019-05-20T18:02:28+00:00","author":{"@id":"https:\/\/dev.explora.cl\/ohiggins\/#\/schema\/person\/cb8349c13ea2d324080adf8480d7ba5d"},"breadcrumb":{"@id":"https:\/\/dev.explora.cl\/ohiggins\/feria\/#breadcrumb"},"inLanguage":"es-CL","potentialAction":[{"@type":"ReadAction","target":["https:\/\/dev.explora.cl\/ohiggins\/feria\/"]}]},{"@type":"ImageObject","inLanguage":"es-CL","@id":"https:\/\/dev.explora.cl\/ohiggins\/feria\/#primaryimage","url":"https:\/\/dev.explora.cl\/ohiggins\/wp-content\/uploads\/sites\/8\/2018\/06\/a06779cf6497442b65fd5fae52113a1d.jpg","contentUrl":"https:\/\/dev.explora.cl\/ohiggins\/wp-content\/uploads\/sites\/8\/2018\/06\/a06779cf6497442b65fd5fae52113a1d.jpg","width":1000,"height":667},{"@type":"BreadcrumbList","@id":"https:\/\/dev.explora.cl\/ohiggins\/feria\/#breadcrumb","itemListElement":[{"@type":"ListItem","position":1,"name":"Portada","item":"https:\/\/dev.explora.cl\/ohiggins\/"},{"@type":"ListItem","position":2,"name":"Expo Feria: una Mina en Plaza Los H\u00e9roes"}]},{"@type":"WebSite","@id":"https:\/\/dev.explora.cl\/ohiggins\/#website","url":"https:\/\/dev.explora.cl\/ohiggins\/","name":"O&#039;Higgins","description":"Otro sitio m\u00e1s de dev.explora.cl","potentialAction":[{"@type":"SearchAction","target":{"@type":"EntryPoint","urlTemplate":"https:\/\/dev.explora.cl\/ohiggins\/?s={search_term_string}"},"query-input":{"@type":"PropertyValueSpecification","valueRequired":true,"valueName":"search_term_string"}}],"inLanguage":"es-CL"},{"@type":"Person","@id":"https:\/\/dev.explora.cl\/ohiggins\/#\/schema\/person\/cb8349c13ea2d324080adf8480d7ba5d","name":"webman","image":{"@type":"ImageObject","inLanguage":"es-CL","@id":"https:\/\/dev.explora.cl\/ohiggins\/#\/schema\/person\/image\/","url":"https:\/\/secure.gravatar.com\/avatar\/eeff3c82f2c02f7177d13663b7e6f890e9a6a0647ce9bb29cae02dcb094c7312?s=96&d=mm&r=g","contentUrl":"https:\/\/secure.gravatar.com\/avatar\/eeff3c82f2c02f7177d13663b7e6f890e9a6a0647ce9bb29cae02dcb094c7312?s=96&d=mm&r=g","caption":"webman"},"url":"https:\/\/dev.explora.cl\/ohiggins\/author\/webman\/"}]}},"_links":{"self":[{"href":"https:\/\/dev.explora.cl\/ohiggins\/wp-json\/wp\/v2\/posts\/32193","targetHints":{"allow":["GET"]}}],"collection":[{"href":"https:\/\/dev.explora.cl\/ohiggins\/wp-json\/wp\/v2\/posts"}],"about":[{"href":"https:\/\/dev.explora.cl\/ohiggins\/wp-json\/wp\/v2\/types\/post"}],"author":[{"embeddable":true,"href":"https:\/\/dev.explora.cl\/ohiggins\/wp-json\/wp\/v2\/users\/2"}],"replies":[{"embeddable":true,"href":"https:\/\/dev.explora.cl\/ohiggins\/wp-json\/wp\/v2\/comments?post=32193"}],"version-history":[{"count":1,"href":"https:\/\/dev.explora.cl\/ohiggins\/wp-json\/wp\/v2\/posts\/32193\/revisions"}],"predecessor-version":[{"id":37762,"href":"https:\/\/dev.explora.cl\/ohiggins\/wp-json\/wp\/v2\/posts\/32193\/revisions\/37762"}],"wp:featuredmedia":[{"embeddable":true,"href":"https:\/\/dev.explora.cl\/ohiggins\/wp-json\/wp\/v2\/media\/33859"}],"wp:attachment":[{"href":"https:\/\/dev.explora.cl\/ohiggins\/wp-json\/wp\/v2\/media?parent=32193"}],"wp:term":[{"taxonomy":"category","embeddable":true,"href":"https:\/\/dev.explora.cl\/ohiggins\/wp-json\/wp\/v2\/categories?post=32193"},{"taxonomy":"post_tag","embeddable":true,"href":"https:\/\/dev.explora.cl\/ohiggins\/wp-json\/wp\/v2\/tags?post=32193"}],"curies":[{"name":"wp","href":"https:\/\/api.w.org\/{rel}","templated":true}]}}