{"id":32096,"date":"2015-05-26T00:00:00","date_gmt":"2015-05-26T04:00:00","guid":{"rendered":"https:\/\/dev.explora.cl\/ohiggins\/blog\/2015\/05\/26\/ferias\/"},"modified":"2019-05-20T18:02:48","modified_gmt":"2019-05-20T18:02:48","slug":"ferias","status":"publish","type":"post","link":"https:\/\/dev.explora.cl\/ohiggins\/ferias\/","title":{"rendered":"Ferias Itinerantes de Ciencias"},"content":{"rendered":"<p><img loading=\"lazy\" decoding=\"async\" class=\" size-full wp-image-11331\" src=\"http:\/\/ec2-34-218-253-251.us-west-2.compute.amazonaws.com\/wp-content\/uploads\/2015\/05\/5293f5458640d6a0538252e48c357793.jpg\" alt=\"\" width=\"583\" height=\"458\" \/><\/p>\n<p style=\"text-align: justify\">PAR EXPLORA O\u00b4Higgins y Novasur O\u2019Higgins, ofrecen a las y los profesores de ciencias la iniciativa \u201cFerias itinerantes de Ciencias\u201d que consiste en desarrollar tres actividades en forma simult\u00e1nea en los establecimientos que est\u00e9n interesados: muestras bidimensionales y audiovisuales, adem\u00e1s de la charla de un experto. La idea es que los docentes, o directores de colegios, puedan coordinar una visita, y as\u00ed potenciar alguna actividad que les interese como entidad.<\/p>\n<p style=\"text-align: justify\">Para solicitar una visita a su establecimiento debe completar el <span style=\"color: #0000ff\"><a href=\"https:\/\/docs.google.com\/forms\/d\/1oekVHfUUqu3MBeOcJAZCTP-HCL0GOSXKreRHywQ1zKU\/viewform\" target=\"_blank\" rel=\"noopener noreferrer\"><span style=\"color: #0000ff\">siguiente formulario<\/span><\/a><\/span> o descargar la<span style=\"color: #0000ff\"> <a href=\"ohiggins\/noticias-ohiggins\/download\/820_0886f5cf93ed732af38cbc8e95efd858\" target=\"_blank\" rel=\"noopener noreferrer\"><span style=\"color: #0000ff\">ficha de inscripci\u00f3n<\/span><\/a><\/span> y enviarla a parexpplora.ohiggins@ucm.cl<\/p>\n<p style=\"text-align: justify\">\u00a0<\/p>\n<p style=\"text-align: justify\">Las muestras bidimensionales disponibles son:<\/p>\n<p style=\"text-align: justify\">Muestra Ant\u00e1rtica: Esta muestra est\u00e1 compuesta por 10 pendones que dan a conocer aspectos desconocidos de la Ant\u00e1rtica, la que entre sus singularidades destaca por ser el continente m\u00e1s elevado, con la temperatura promedio m\u00e1s baja y a la vez el m\u00e1s seco de La Tierra. A trav\u00e9s de fotograf\u00edas de gran calidad y textos informativos, la muestra presenta la gran biodiversidad del continente blanco.<\/p>\n<p style=\"text-align: justify\">\u00a0<img decoding=\"async\" class=\" size-full wp-image-11332\" src=\"http:\/\/ec2-34-218-253-251.us-west-2.compute.amazonaws.com\/wp-content\/uploads\/2015\/05\/antartica-chile.jpg\" border=\"0\" width=\"300\" \/><\/p>\n<p style=\"text-align: justify\">\u00a0<\/p>\n<p style=\"text-align: justify\">Muestra \u201cLa tierra est\u00e1 viva\u201d: Permite conocer m\u00e1s sobre la generaci\u00f3n de terremotos, escalas para medir su intensidad, fallas geol\u00f3gicas, capas tect\u00f3nicas, la juventud de la Cordillera de Los Andes, entre otros; tambi\u00e9n est\u00e1 en formato pendones.<\/p>\n<p style=\"text-align: justify\"><img decoding=\"async\" class=\" size-full wp-image-11333\" src=\"http:\/\/ec2-34-218-253-251.us-west-2.compute.amazonaws.com\/wp-content\/uploads\/2015\/05\/la-tierra.jpg\" border=\"0\" width=\"300\" \/><\/p>\n<p style=\"text-align: justify\">\u00a0<\/p>\n<p style=\"text-align: justify\">\u00a0<\/p>\n<p style=\"text-align: justify\">Muestra Vida y obra de Marie Sklodowska Curie\u201d: quien fuera la primera la primera persona en recibir dos Premios Nobel en distintas especialidades, F\u00edsica y Qu\u00edmica, tras sus estudios de radiactividad. La muestra consiste en 22 l\u00e1minas.<\/p>\n<p style=\"text-align: justify\"><img decoding=\"async\" class=\" size-full wp-image-11334\" src=\"http:\/\/ec2-34-218-253-251.us-west-2.compute.amazonaws.com\/wp-content\/uploads\/2015\/05\/marie-curie.jpg\" border=\"0\" width=\"300\" \/><\/p>\n","protected":false},"excerpt":{"rendered":"<p>PAR EXPLORA O\u00b4Higgins y Novasur O\u2019Higgins, ofrecen a las y los profesores de ciencias la iniciativa \u201cFerias itinerantes de Ciencias\u201d que consiste en desarrollar tres actividades en forma simult\u00e1nea en los establecimientos que est\u00e9n interesados: muestras bidimensionales y audiovisuales, adem\u00e1s de la charla de un experto. La idea es que los docentes, o directores de [&hellip;]<\/p>\n","protected":false},"author":2,"featured_media":33820,"comment_status":"open","ping_status":"open","sticky":false,"template":"","format":"standard","meta":{"_acf_changed":false,"_exactmetrics_skip_tracking":false,"_exactmetrics_sitenote_active":false,"_exactmetrics_sitenote_note":"","_exactmetrics_sitenote_category":0,"footnotes":"","_links_to":"","_links_to_target":""},"categories":[4],"tags":[],"class_list":["post-32096","post","type-post","status-publish","format-standard","has-post-thumbnail","hentry","category-noticias"],"acf":[],"yoast_head":"<!-- This site is optimized with the Yoast SEO plugin v26.7 - https:\/\/yoast.com\/wordpress\/plugins\/seo\/ -->\n<title>Ferias Itinerantes de Ciencias - O&#039;Higgins<\/title>\n<meta name=\"robots\" content=\"index, follow, max-snippet:-1, max-image-preview:large, max-video-preview:-1\" \/>\n<link rel=\"canonical\" href=\"https:\/\/dev.explora.cl\/ohiggins\/ferias\/\" class=\"yoast-seo-meta-tag\" \/>\n<meta property=\"og:locale\" content=\"es_ES\" class=\"yoast-seo-meta-tag\" \/>\n<meta property=\"og:type\" content=\"article\" class=\"yoast-seo-meta-tag\" \/>\n<meta property=\"og:title\" content=\"Ferias Itinerantes de Ciencias - O&#039;Higgins\" class=\"yoast-seo-meta-tag\" \/>\n<meta property=\"og:description\" content=\"PAR EXPLORA O\u00b4Higgins y Novasur O\u2019Higgins, ofrecen a las y los profesores de ciencias la iniciativa \u201cFerias itinerantes de Ciencias\u201d que consiste en desarrollar tres actividades en forma simult\u00e1nea en los establecimientos que est\u00e9n interesados: muestras bidimensionales y audiovisuales, adem\u00e1s de la charla de un experto. La idea es que los docentes, o directores de [&hellip;]\" class=\"yoast-seo-meta-tag\" \/>\n<meta property=\"og:url\" content=\"https:\/\/dev.explora.cl\/ohiggins\/ferias\/\" class=\"yoast-seo-meta-tag\" \/>\n<meta property=\"og:site_name\" content=\"O&#039;Higgins\" class=\"yoast-seo-meta-tag\" \/>\n<meta property=\"article:published_time\" content=\"2015-05-26T04:00:00+00:00\" class=\"yoast-seo-meta-tag\" \/>\n<meta property=\"article:modified_time\" content=\"2019-05-20T18:02:48+00:00\" class=\"yoast-seo-meta-tag\" \/>\n<meta property=\"og:image\" content=\"https:\/\/dev.explora.cl\/ohiggins\/wp-content\/uploads\/sites\/8\/2018\/06\/5293f5458640d6a0538252e48c357793.jpg\" class=\"yoast-seo-meta-tag\" \/>\n\t<meta property=\"og:image:width\" content=\"583\" class=\"yoast-seo-meta-tag\" \/>\n\t<meta property=\"og:image:height\" content=\"458\" class=\"yoast-seo-meta-tag\" \/>\n\t<meta property=\"og:image:type\" content=\"image\/jpeg\" class=\"yoast-seo-meta-tag\" \/>\n<meta name=\"author\" content=\"webman\" class=\"yoast-seo-meta-tag\" \/>\n<meta name=\"twitter:card\" content=\"summary_large_image\" class=\"yoast-seo-meta-tag\" \/>\n<meta name=\"twitter:label1\" content=\"Escrito por\" class=\"yoast-seo-meta-tag\" \/>\n\t<meta name=\"twitter:data1\" content=\"webman\" class=\"yoast-seo-meta-tag\" \/>\n\t<meta name=\"twitter:label2\" content=\"Tiempo estimado de lectura\" class=\"yoast-seo-meta-tag\" \/>\n\t<meta name=\"twitter:data2\" content=\"1 minuto\" class=\"yoast-seo-meta-tag\" \/>\n<script type=\"application\/ld+json\" class=\"yoast-schema-graph\">{\"@context\":\"https:\/\/schema.org\",\"@graph\":[{\"@type\":\"Article\",\"@id\":\"https:\/\/dev.explora.cl\/ohiggins\/ferias\/#article\",\"isPartOf\":{\"@id\":\"https:\/\/dev.explora.cl\/ohiggins\/ferias\/\"},\"author\":{\"name\":\"webman\",\"@id\":\"https:\/\/dev.explora.cl\/ohiggins\/#\/schema\/person\/cb8349c13ea2d324080adf8480d7ba5d\"},\"headline\":\"Ferias Itinerantes de Ciencias\",\"datePublished\":\"2015-05-26T04:00:00+00:00\",\"dateModified\":\"2019-05-20T18:02:48+00:00\",\"mainEntityOfPage\":{\"@id\":\"https:\/\/dev.explora.cl\/ohiggins\/ferias\/\"},\"wordCount\":262,\"commentCount\":0,\"image\":{\"@id\":\"https:\/\/dev.explora.cl\/ohiggins\/ferias\/#primaryimage\"},\"thumbnailUrl\":\"https:\/\/dev.explora.cl\/ohiggins\/wp-content\/uploads\/sites\/8\/2018\/06\/5293f5458640d6a0538252e48c357793.jpg\",\"articleSection\":[\"Noticias\"],\"inLanguage\":\"es-CL\",\"potentialAction\":[{\"@type\":\"CommentAction\",\"name\":\"Comment\",\"target\":[\"https:\/\/dev.explora.cl\/ohiggins\/ferias\/#respond\"]}]},{\"@type\":\"WebPage\",\"@id\":\"https:\/\/dev.explora.cl\/ohiggins\/ferias\/\",\"url\":\"https:\/\/dev.explora.cl\/ohiggins\/ferias\/\",\"name\":\"Ferias Itinerantes de Ciencias - O&#039;Higgins\",\"isPartOf\":{\"@id\":\"https:\/\/dev.explora.cl\/ohiggins\/#website\"},\"primaryImageOfPage\":{\"@id\":\"https:\/\/dev.explora.cl\/ohiggins\/ferias\/#primaryimage\"},\"image\":{\"@id\":\"https:\/\/dev.explora.cl\/ohiggins\/ferias\/#primaryimage\"},\"thumbnailUrl\":\"https:\/\/dev.explora.cl\/ohiggins\/wp-content\/uploads\/sites\/8\/2018\/06\/5293f5458640d6a0538252e48c357793.jpg\",\"datePublished\":\"2015-05-26T04:00:00+00:00\",\"dateModified\":\"2019-05-20T18:02:48+00:00\",\"author\":{\"@id\":\"https:\/\/dev.explora.cl\/ohiggins\/#\/schema\/person\/cb8349c13ea2d324080adf8480d7ba5d\"},\"breadcrumb\":{\"@id\":\"https:\/\/dev.explora.cl\/ohiggins\/ferias\/#breadcrumb\"},\"inLanguage\":\"es-CL\",\"potentialAction\":[{\"@type\":\"ReadAction\",\"target\":[\"https:\/\/dev.explora.cl\/ohiggins\/ferias\/\"]}]},{\"@type\":\"ImageObject\",\"inLanguage\":\"es-CL\",\"@id\":\"https:\/\/dev.explora.cl\/ohiggins\/ferias\/#primaryimage\",\"url\":\"https:\/\/dev.explora.cl\/ohiggins\/wp-content\/uploads\/sites\/8\/2018\/06\/5293f5458640d6a0538252e48c357793.jpg\",\"contentUrl\":\"https:\/\/dev.explora.cl\/ohiggins\/wp-content\/uploads\/sites\/8\/2018\/06\/5293f5458640d6a0538252e48c357793.jpg\",\"width\":583,\"height\":458},{\"@type\":\"BreadcrumbList\",\"@id\":\"https:\/\/dev.explora.cl\/ohiggins\/ferias\/#breadcrumb\",\"itemListElement\":[{\"@type\":\"ListItem\",\"position\":1,\"name\":\"Portada\",\"item\":\"https:\/\/dev.explora.cl\/ohiggins\/\"},{\"@type\":\"ListItem\",\"position\":2,\"name\":\"Ferias Itinerantes de Ciencias\"}]},{\"@type\":\"WebSite\",\"@id\":\"https:\/\/dev.explora.cl\/ohiggins\/#website\",\"url\":\"https:\/\/dev.explora.cl\/ohiggins\/\",\"name\":\"O&#039;Higgins\",\"description\":\"Otro sitio m\u00e1s de dev.explora.cl\",\"potentialAction\":[{\"@type\":\"SearchAction\",\"target\":{\"@type\":\"EntryPoint\",\"urlTemplate\":\"https:\/\/dev.explora.cl\/ohiggins\/?s={search_term_string}\"},\"query-input\":{\"@type\":\"PropertyValueSpecification\",\"valueRequired\":true,\"valueName\":\"search_term_string\"}}],\"inLanguage\":\"es-CL\"},{\"@type\":\"Person\",\"@id\":\"https:\/\/dev.explora.cl\/ohiggins\/#\/schema\/person\/cb8349c13ea2d324080adf8480d7ba5d\",\"name\":\"webman\",\"image\":{\"@type\":\"ImageObject\",\"inLanguage\":\"es-CL\",\"@id\":\"https:\/\/dev.explora.cl\/ohiggins\/#\/schema\/person\/image\/\",\"url\":\"https:\/\/secure.gravatar.com\/avatar\/eeff3c82f2c02f7177d13663b7e6f890e9a6a0647ce9bb29cae02dcb094c7312?s=96&d=mm&r=g\",\"contentUrl\":\"https:\/\/secure.gravatar.com\/avatar\/eeff3c82f2c02f7177d13663b7e6f890e9a6a0647ce9bb29cae02dcb094c7312?s=96&d=mm&r=g\",\"caption\":\"webman\"},\"url\":\"https:\/\/dev.explora.cl\/ohiggins\/author\/webman\/\"}]}<\/script>\n<!-- \/ Yoast SEO plugin. -->","yoast_head_json":{"title":"Ferias Itinerantes de Ciencias - O&#039;Higgins","robots":{"index":"index","follow":"follow","max-snippet":"max-snippet:-1","max-image-preview":"max-image-preview:large","max-video-preview":"max-video-preview:-1"},"canonical":"https:\/\/dev.explora.cl\/ohiggins\/ferias\/","og_locale":"es_ES","og_type":"article","og_title":"Ferias Itinerantes de Ciencias - O&#039;Higgins","og_description":"PAR EXPLORA O\u00b4Higgins y Novasur O\u2019Higgins, ofrecen a las y los profesores de ciencias la iniciativa \u201cFerias itinerantes de Ciencias\u201d que consiste en desarrollar tres actividades en forma simult\u00e1nea en los establecimientos que est\u00e9n interesados: muestras bidimensionales y audiovisuales, adem\u00e1s de la charla de un experto. La idea es que los docentes, o directores de [&hellip;]","og_url":"https:\/\/dev.explora.cl\/ohiggins\/ferias\/","og_site_name":"O&#039;Higgins","article_published_time":"2015-05-26T04:00:00+00:00","article_modified_time":"2019-05-20T18:02:48+00:00","og_image":[{"width":583,"height":458,"url":"https:\/\/dev.explora.cl\/ohiggins\/wp-content\/uploads\/sites\/8\/2018\/06\/5293f5458640d6a0538252e48c357793.jpg","type":"image\/jpeg"}],"author":"webman","twitter_card":"summary_large_image","twitter_misc":{"Escrito por":"webman","Tiempo estimado de lectura":"1 minuto"},"schema":{"@context":"https:\/\/schema.org","@graph":[{"@type":"Article","@id":"https:\/\/dev.explora.cl\/ohiggins\/ferias\/#article","isPartOf":{"@id":"https:\/\/dev.explora.cl\/ohiggins\/ferias\/"},"author":{"name":"webman","@id":"https:\/\/dev.explora.cl\/ohiggins\/#\/schema\/person\/cb8349c13ea2d324080adf8480d7ba5d"},"headline":"Ferias Itinerantes de Ciencias","datePublished":"2015-05-26T04:00:00+00:00","dateModified":"2019-05-20T18:02:48+00:00","mainEntityOfPage":{"@id":"https:\/\/dev.explora.cl\/ohiggins\/ferias\/"},"wordCount":262,"commentCount":0,"image":{"@id":"https:\/\/dev.explora.cl\/ohiggins\/ferias\/#primaryimage"},"thumbnailUrl":"https:\/\/dev.explora.cl\/ohiggins\/wp-content\/uploads\/sites\/8\/2018\/06\/5293f5458640d6a0538252e48c357793.jpg","articleSection":["Noticias"],"inLanguage":"es-CL","potentialAction":[{"@type":"CommentAction","name":"Comment","target":["https:\/\/dev.explora.cl\/ohiggins\/ferias\/#respond"]}]},{"@type":"WebPage","@id":"https:\/\/dev.explora.cl\/ohiggins\/ferias\/","url":"https:\/\/dev.explora.cl\/ohiggins\/ferias\/","name":"Ferias Itinerantes de Ciencias - O&#039;Higgins","isPartOf":{"@id":"https:\/\/dev.explora.cl\/ohiggins\/#website"},"primaryImageOfPage":{"@id":"https:\/\/dev.explora.cl\/ohiggins\/ferias\/#primaryimage"},"image":{"@id":"https:\/\/dev.explora.cl\/ohiggins\/ferias\/#primaryimage"},"thumbnailUrl":"https:\/\/dev.explora.cl\/ohiggins\/wp-content\/uploads\/sites\/8\/2018\/06\/5293f5458640d6a0538252e48c357793.jpg","datePublished":"2015-05-26T04:00:00+00:00","dateModified":"2019-05-20T18:02:48+00:00","author":{"@id":"https:\/\/dev.explora.cl\/ohiggins\/#\/schema\/person\/cb8349c13ea2d324080adf8480d7ba5d"},"breadcrumb":{"@id":"https:\/\/dev.explora.cl\/ohiggins\/ferias\/#breadcrumb"},"inLanguage":"es-CL","potentialAction":[{"@type":"ReadAction","target":["https:\/\/dev.explora.cl\/ohiggins\/ferias\/"]}]},{"@type":"ImageObject","inLanguage":"es-CL","@id":"https:\/\/dev.explora.cl\/ohiggins\/ferias\/#primaryimage","url":"https:\/\/dev.explora.cl\/ohiggins\/wp-content\/uploads\/sites\/8\/2018\/06\/5293f5458640d6a0538252e48c357793.jpg","contentUrl":"https:\/\/dev.explora.cl\/ohiggins\/wp-content\/uploads\/sites\/8\/2018\/06\/5293f5458640d6a0538252e48c357793.jpg","width":583,"height":458},{"@type":"BreadcrumbList","@id":"https:\/\/dev.explora.cl\/ohiggins\/ferias\/#breadcrumb","itemListElement":[{"@type":"ListItem","position":1,"name":"Portada","item":"https:\/\/dev.explora.cl\/ohiggins\/"},{"@type":"ListItem","position":2,"name":"Ferias Itinerantes de Ciencias"}]},{"@type":"WebSite","@id":"https:\/\/dev.explora.cl\/ohiggins\/#website","url":"https:\/\/dev.explora.cl\/ohiggins\/","name":"O&#039;Higgins","description":"Otro sitio m\u00e1s de dev.explora.cl","potentialAction":[{"@type":"SearchAction","target":{"@type":"EntryPoint","urlTemplate":"https:\/\/dev.explora.cl\/ohiggins\/?s={search_term_string}"},"query-input":{"@type":"PropertyValueSpecification","valueRequired":true,"valueName":"search_term_string"}}],"inLanguage":"es-CL"},{"@type":"Person","@id":"https:\/\/dev.explora.cl\/ohiggins\/#\/schema\/person\/cb8349c13ea2d324080adf8480d7ba5d","name":"webman","image":{"@type":"ImageObject","inLanguage":"es-CL","@id":"https:\/\/dev.explora.cl\/ohiggins\/#\/schema\/person\/image\/","url":"https:\/\/secure.gravatar.com\/avatar\/eeff3c82f2c02f7177d13663b7e6f890e9a6a0647ce9bb29cae02dcb094c7312?s=96&d=mm&r=g","contentUrl":"https:\/\/secure.gravatar.com\/avatar\/eeff3c82f2c02f7177d13663b7e6f890e9a6a0647ce9bb29cae02dcb094c7312?s=96&d=mm&r=g","caption":"webman"},"url":"https:\/\/dev.explora.cl\/ohiggins\/author\/webman\/"}]}},"_links":{"self":[{"href":"https:\/\/dev.explora.cl\/ohiggins\/wp-json\/wp\/v2\/posts\/32096","targetHints":{"allow":["GET"]}}],"collection":[{"href":"https:\/\/dev.explora.cl\/ohiggins\/wp-json\/wp\/v2\/posts"}],"about":[{"href":"https:\/\/dev.explora.cl\/ohiggins\/wp-json\/wp\/v2\/types\/post"}],"author":[{"embeddable":true,"href":"https:\/\/dev.explora.cl\/ohiggins\/wp-json\/wp\/v2\/users\/2"}],"replies":[{"embeddable":true,"href":"https:\/\/dev.explora.cl\/ohiggins\/wp-json\/wp\/v2\/comments?post=32096"}],"version-history":[{"count":1,"href":"https:\/\/dev.explora.cl\/ohiggins\/wp-json\/wp\/v2\/posts\/32096\/revisions"}],"predecessor-version":[{"id":37799,"href":"https:\/\/dev.explora.cl\/ohiggins\/wp-json\/wp\/v2\/posts\/32096\/revisions\/37799"}],"wp:featuredmedia":[{"embeddable":true,"href":"https:\/\/dev.explora.cl\/ohiggins\/wp-json\/wp\/v2\/media\/33820"}],"wp:attachment":[{"href":"https:\/\/dev.explora.cl\/ohiggins\/wp-json\/wp\/v2\/media?parent=32096"}],"wp:term":[{"taxonomy":"category","embeddable":true,"href":"https:\/\/dev.explora.cl\/ohiggins\/wp-json\/wp\/v2\/categories?post=32096"},{"taxonomy":"post_tag","embeddable":true,"href":"https:\/\/dev.explora.cl\/ohiggins\/wp-json\/wp\/v2\/tags?post=32096"}],"curies":[{"name":"wp","href":"https:\/\/api.w.org\/{rel}","templated":true}]}}