{"id":32027,"date":"2015-04-13T00:00:00","date_gmt":"2015-04-13T04:00:00","guid":{"rendered":"https:\/\/dev.explora.cl\/ohiggins\/blog\/2015\/04\/13\/mentes-4\/"},"modified":"2019-05-20T18:02:57","modified_gmt":"2019-05-20T18:02:57","slug":"mentes-4","status":"publish","type":"post","link":"https:\/\/dev.explora.cl\/ohiggins\/mentes-4\/","title":{"rendered":"Vuelve nuestro programa radial \u201cMentes Brillantes\u201d"},"content":{"rendered":"<p><img loading=\"lazy\" decoding=\"async\" class=\" size-full wp-image-9950\" src=\"http:\/\/ec2-34-218-253-251.us-west-2.compute.amazonaws.com\/wp-content\/uploads\/2015\/04\/18baec61013c6d225104985f9d4125cc.jpg\" alt=\"\" width=\"1974\" height=\"886\" \/><\/p>\n<p style=\"text-align: justify\">El mi\u00e9rcoles 15 de abril\u00a0se iniciar\u00e1 la segunda temporada del Programa Radial Cient\u00edfico, \u201cMentes Brillantes\u201d, en que nuevamente, PAR EXPLORA O\u2019Higgins, ejecutado por UC del Maule, difundir\u00e1 el quehacer de cient\u00edficos \u201cgrandes y chicos\u201d gracias a la gentileza de Man\u00eda FM (<a href=\"http:\/\/www.maniafm.cl\/\" target=\"_blank\" rel=\"noopener noreferrer\">www.maniafm.cl<\/a>).<\/p>\n<p style=\"text-align: justify\">La emisi\u00f3n de los programas se realizar\u00e1 los mi\u00e9rcoles a las 15.00 horas, con la conducci\u00f3n de la periodista Carla Morales y el asesor cient\u00edfico de PAR EXPLORA O\u2019Higgins, David Gonz\u00e1lez; quienes dar\u00e1n a conocer el quehacer cient\u00edfico de la regi\u00f3n y el pa\u00eds; as\u00ed como tambi\u00e9n los diversos proyectos de los clubes asociados al PAR.<\/p>\n<p style=\"text-align: justify\">Para el primer cap\u00edtulo, estar\u00e1 el Ingeniero en Biotecnolog\u00eda Molecular, Patricio Miranda, con quien conversaremos acerca de gen\u00f3mica, o de c\u00f3mo nos afectan los nuevos conocimientos en gen\u00e9tica, en que el ser humano, ha sido capaz de secuenciar mol\u00e9culas de ADN y ARN en diversas especies.<\/p>\n<p style=\"text-align: justify\">Como se recordar\u00e1, Mentes Brillantes tuvo una exitosa primera temporada desde agosto hasta mediados de diciembre de 2014, difundiendo la ciencia y la tecnolog\u00eda a trav\u00e9s de la radio. Para escuchar nuestros programas anteriores, puedes pinchar ac\u00e1.<\/p>\n<p style=\"text-align: justify\">Nota: Carla Morales<br \/>Fotos: Esteban Reyes<\/p>\n","protected":false},"excerpt":{"rendered":"<p>El mi\u00e9rcoles 15 de abril\u00a0se iniciar\u00e1 la segunda temporada del Programa Radial Cient\u00edfico, \u201cMentes Brillantes\u201d, en que nuevamente, PAR EXPLORA O\u2019Higgins, ejecutado por UC del Maule, difundir\u00e1 el quehacer de cient\u00edficos \u201cgrandes y chicos\u201d gracias a la gentileza de Man\u00eda FM (www.maniafm.cl). La emisi\u00f3n de los programas se realizar\u00e1 los mi\u00e9rcoles a las 15.00 horas, [&hellip;]<\/p>\n","protected":false},"author":2,"featured_media":33805,"comment_status":"open","ping_status":"open","sticky":false,"template":"","format":"standard","meta":{"_acf_changed":false,"_exactmetrics_skip_tracking":false,"_exactmetrics_sitenote_active":false,"_exactmetrics_sitenote_note":"","_exactmetrics_sitenote_category":0,"footnotes":"","_links_to":"","_links_to_target":""},"categories":[4],"tags":[],"class_list":["post-32027","post","type-post","status-publish","format-standard","has-post-thumbnail","hentry","category-noticias"],"acf":[],"yoast_head":"<!-- This site is optimized with the Yoast SEO plugin v26.7 - https:\/\/yoast.com\/wordpress\/plugins\/seo\/ -->\n<title>Vuelve nuestro programa radial \u201cMentes Brillantes\u201d - O&#039;Higgins<\/title>\n<meta name=\"robots\" content=\"index, follow, max-snippet:-1, max-image-preview:large, max-video-preview:-1\" \/>\n<link rel=\"canonical\" href=\"https:\/\/dev.explora.cl\/ohiggins\/mentes-4\/\" class=\"yoast-seo-meta-tag\" \/>\n<meta property=\"og:locale\" content=\"es_ES\" class=\"yoast-seo-meta-tag\" \/>\n<meta property=\"og:type\" content=\"article\" class=\"yoast-seo-meta-tag\" \/>\n<meta property=\"og:title\" content=\"Vuelve nuestro programa radial \u201cMentes Brillantes\u201d - O&#039;Higgins\" class=\"yoast-seo-meta-tag\" \/>\n<meta property=\"og:description\" content=\"El mi\u00e9rcoles 15 de abril\u00a0se iniciar\u00e1 la segunda temporada del Programa Radial Cient\u00edfico, \u201cMentes Brillantes\u201d, en que nuevamente, PAR EXPLORA O\u2019Higgins, ejecutado por UC del Maule, difundir\u00e1 el quehacer de cient\u00edficos \u201cgrandes y chicos\u201d gracias a la gentileza de Man\u00eda FM (www.maniafm.cl). La emisi\u00f3n de los programas se realizar\u00e1 los mi\u00e9rcoles a las 15.00 horas, [&hellip;]\" class=\"yoast-seo-meta-tag\" \/>\n<meta property=\"og:url\" content=\"https:\/\/dev.explora.cl\/ohiggins\/mentes-4\/\" class=\"yoast-seo-meta-tag\" \/>\n<meta property=\"og:site_name\" content=\"O&#039;Higgins\" class=\"yoast-seo-meta-tag\" \/>\n<meta property=\"article:published_time\" content=\"2015-04-13T04:00:00+00:00\" class=\"yoast-seo-meta-tag\" \/>\n<meta property=\"article:modified_time\" content=\"2019-05-20T18:02:57+00:00\" class=\"yoast-seo-meta-tag\" \/>\n<meta property=\"og:image\" content=\"https:\/\/dev.explora.cl\/ohiggins\/wp-content\/uploads\/sites\/8\/2018\/06\/18baec61013c6d225104985f9d4125cc.jpg\" class=\"yoast-seo-meta-tag\" \/>\n\t<meta property=\"og:image:width\" content=\"1974\" class=\"yoast-seo-meta-tag\" \/>\n\t<meta property=\"og:image:height\" content=\"886\" class=\"yoast-seo-meta-tag\" \/>\n\t<meta property=\"og:image:type\" content=\"image\/jpeg\" class=\"yoast-seo-meta-tag\" \/>\n<meta name=\"author\" content=\"webman\" class=\"yoast-seo-meta-tag\" \/>\n<meta name=\"twitter:card\" content=\"summary_large_image\" class=\"yoast-seo-meta-tag\" \/>\n<meta name=\"twitter:label1\" content=\"Escrito por\" class=\"yoast-seo-meta-tag\" \/>\n\t<meta name=\"twitter:data1\" content=\"webman\" class=\"yoast-seo-meta-tag\" \/>\n\t<meta name=\"twitter:label2\" content=\"Tiempo estimado de lectura\" class=\"yoast-seo-meta-tag\" \/>\n\t<meta name=\"twitter:data2\" content=\"1 minuto\" class=\"yoast-seo-meta-tag\" \/>\n<script type=\"application\/ld+json\" class=\"yoast-schema-graph\">{\"@context\":\"https:\/\/schema.org\",\"@graph\":[{\"@type\":\"Article\",\"@id\":\"https:\/\/dev.explora.cl\/ohiggins\/mentes-4\/#article\",\"isPartOf\":{\"@id\":\"https:\/\/dev.explora.cl\/ohiggins\/mentes-4\/\"},\"author\":{\"name\":\"webman\",\"@id\":\"https:\/\/dev.explora.cl\/ohiggins\/#\/schema\/person\/cb8349c13ea2d324080adf8480d7ba5d\"},\"headline\":\"Vuelve nuestro programa radial \u201cMentes Brillantes\u201d\",\"datePublished\":\"2015-04-13T04:00:00+00:00\",\"dateModified\":\"2019-05-20T18:02:57+00:00\",\"mainEntityOfPage\":{\"@id\":\"https:\/\/dev.explora.cl\/ohiggins\/mentes-4\/\"},\"wordCount\":216,\"commentCount\":0,\"image\":{\"@id\":\"https:\/\/dev.explora.cl\/ohiggins\/mentes-4\/#primaryimage\"},\"thumbnailUrl\":\"https:\/\/dev.explora.cl\/ohiggins\/wp-content\/uploads\/sites\/8\/2018\/06\/18baec61013c6d225104985f9d4125cc.jpg\",\"articleSection\":[\"Noticias\"],\"inLanguage\":\"es-CL\",\"potentialAction\":[{\"@type\":\"CommentAction\",\"name\":\"Comment\",\"target\":[\"https:\/\/dev.explora.cl\/ohiggins\/mentes-4\/#respond\"]}]},{\"@type\":\"WebPage\",\"@id\":\"https:\/\/dev.explora.cl\/ohiggins\/mentes-4\/\",\"url\":\"https:\/\/dev.explora.cl\/ohiggins\/mentes-4\/\",\"name\":\"Vuelve nuestro programa radial \u201cMentes Brillantes\u201d - O&#039;Higgins\",\"isPartOf\":{\"@id\":\"https:\/\/dev.explora.cl\/ohiggins\/#website\"},\"primaryImageOfPage\":{\"@id\":\"https:\/\/dev.explora.cl\/ohiggins\/mentes-4\/#primaryimage\"},\"image\":{\"@id\":\"https:\/\/dev.explora.cl\/ohiggins\/mentes-4\/#primaryimage\"},\"thumbnailUrl\":\"https:\/\/dev.explora.cl\/ohiggins\/wp-content\/uploads\/sites\/8\/2018\/06\/18baec61013c6d225104985f9d4125cc.jpg\",\"datePublished\":\"2015-04-13T04:00:00+00:00\",\"dateModified\":\"2019-05-20T18:02:57+00:00\",\"author\":{\"@id\":\"https:\/\/dev.explora.cl\/ohiggins\/#\/schema\/person\/cb8349c13ea2d324080adf8480d7ba5d\"},\"breadcrumb\":{\"@id\":\"https:\/\/dev.explora.cl\/ohiggins\/mentes-4\/#breadcrumb\"},\"inLanguage\":\"es-CL\",\"potentialAction\":[{\"@type\":\"ReadAction\",\"target\":[\"https:\/\/dev.explora.cl\/ohiggins\/mentes-4\/\"]}]},{\"@type\":\"ImageObject\",\"inLanguage\":\"es-CL\",\"@id\":\"https:\/\/dev.explora.cl\/ohiggins\/mentes-4\/#primaryimage\",\"url\":\"https:\/\/dev.explora.cl\/ohiggins\/wp-content\/uploads\/sites\/8\/2018\/06\/18baec61013c6d225104985f9d4125cc.jpg\",\"contentUrl\":\"https:\/\/dev.explora.cl\/ohiggins\/wp-content\/uploads\/sites\/8\/2018\/06\/18baec61013c6d225104985f9d4125cc.jpg\",\"width\":1974,\"height\":886},{\"@type\":\"BreadcrumbList\",\"@id\":\"https:\/\/dev.explora.cl\/ohiggins\/mentes-4\/#breadcrumb\",\"itemListElement\":[{\"@type\":\"ListItem\",\"position\":1,\"name\":\"Portada\",\"item\":\"https:\/\/dev.explora.cl\/ohiggins\/\"},{\"@type\":\"ListItem\",\"position\":2,\"name\":\"Vuelve nuestro programa radial \u201cMentes Brillantes\u201d\"}]},{\"@type\":\"WebSite\",\"@id\":\"https:\/\/dev.explora.cl\/ohiggins\/#website\",\"url\":\"https:\/\/dev.explora.cl\/ohiggins\/\",\"name\":\"O&#039;Higgins\",\"description\":\"Otro sitio m\u00e1s de dev.explora.cl\",\"potentialAction\":[{\"@type\":\"SearchAction\",\"target\":{\"@type\":\"EntryPoint\",\"urlTemplate\":\"https:\/\/dev.explora.cl\/ohiggins\/?s={search_term_string}\"},\"query-input\":{\"@type\":\"PropertyValueSpecification\",\"valueRequired\":true,\"valueName\":\"search_term_string\"}}],\"inLanguage\":\"es-CL\"},{\"@type\":\"Person\",\"@id\":\"https:\/\/dev.explora.cl\/ohiggins\/#\/schema\/person\/cb8349c13ea2d324080adf8480d7ba5d\",\"name\":\"webman\",\"image\":{\"@type\":\"ImageObject\",\"inLanguage\":\"es-CL\",\"@id\":\"https:\/\/dev.explora.cl\/ohiggins\/#\/schema\/person\/image\/\",\"url\":\"https:\/\/secure.gravatar.com\/avatar\/eeff3c82f2c02f7177d13663b7e6f890e9a6a0647ce9bb29cae02dcb094c7312?s=96&d=mm&r=g\",\"contentUrl\":\"https:\/\/secure.gravatar.com\/avatar\/eeff3c82f2c02f7177d13663b7e6f890e9a6a0647ce9bb29cae02dcb094c7312?s=96&d=mm&r=g\",\"caption\":\"webman\"},\"url\":\"https:\/\/dev.explora.cl\/ohiggins\/author\/webman\/\"}]}<\/script>\n<!-- \/ Yoast SEO plugin. -->","yoast_head_json":{"title":"Vuelve nuestro programa radial \u201cMentes Brillantes\u201d - O&#039;Higgins","robots":{"index":"index","follow":"follow","max-snippet":"max-snippet:-1","max-image-preview":"max-image-preview:large","max-video-preview":"max-video-preview:-1"},"canonical":"https:\/\/dev.explora.cl\/ohiggins\/mentes-4\/","og_locale":"es_ES","og_type":"article","og_title":"Vuelve nuestro programa radial \u201cMentes Brillantes\u201d - O&#039;Higgins","og_description":"El mi\u00e9rcoles 15 de abril\u00a0se iniciar\u00e1 la segunda temporada del Programa Radial Cient\u00edfico, \u201cMentes Brillantes\u201d, en que nuevamente, PAR EXPLORA O\u2019Higgins, ejecutado por UC del Maule, difundir\u00e1 el quehacer de cient\u00edficos \u201cgrandes y chicos\u201d gracias a la gentileza de Man\u00eda FM (www.maniafm.cl). La emisi\u00f3n de los programas se realizar\u00e1 los mi\u00e9rcoles a las 15.00 horas, [&hellip;]","og_url":"https:\/\/dev.explora.cl\/ohiggins\/mentes-4\/","og_site_name":"O&#039;Higgins","article_published_time":"2015-04-13T04:00:00+00:00","article_modified_time":"2019-05-20T18:02:57+00:00","og_image":[{"width":1974,"height":886,"url":"https:\/\/dev.explora.cl\/ohiggins\/wp-content\/uploads\/sites\/8\/2018\/06\/18baec61013c6d225104985f9d4125cc.jpg","type":"image\/jpeg"}],"author":"webman","twitter_card":"summary_large_image","twitter_misc":{"Escrito por":"webman","Tiempo estimado de lectura":"1 minuto"},"schema":{"@context":"https:\/\/schema.org","@graph":[{"@type":"Article","@id":"https:\/\/dev.explora.cl\/ohiggins\/mentes-4\/#article","isPartOf":{"@id":"https:\/\/dev.explora.cl\/ohiggins\/mentes-4\/"},"author":{"name":"webman","@id":"https:\/\/dev.explora.cl\/ohiggins\/#\/schema\/person\/cb8349c13ea2d324080adf8480d7ba5d"},"headline":"Vuelve nuestro programa radial \u201cMentes Brillantes\u201d","datePublished":"2015-04-13T04:00:00+00:00","dateModified":"2019-05-20T18:02:57+00:00","mainEntityOfPage":{"@id":"https:\/\/dev.explora.cl\/ohiggins\/mentes-4\/"},"wordCount":216,"commentCount":0,"image":{"@id":"https:\/\/dev.explora.cl\/ohiggins\/mentes-4\/#primaryimage"},"thumbnailUrl":"https:\/\/dev.explora.cl\/ohiggins\/wp-content\/uploads\/sites\/8\/2018\/06\/18baec61013c6d225104985f9d4125cc.jpg","articleSection":["Noticias"],"inLanguage":"es-CL","potentialAction":[{"@type":"CommentAction","name":"Comment","target":["https:\/\/dev.explora.cl\/ohiggins\/mentes-4\/#respond"]}]},{"@type":"WebPage","@id":"https:\/\/dev.explora.cl\/ohiggins\/mentes-4\/","url":"https:\/\/dev.explora.cl\/ohiggins\/mentes-4\/","name":"Vuelve nuestro programa radial \u201cMentes Brillantes\u201d - O&#039;Higgins","isPartOf":{"@id":"https:\/\/dev.explora.cl\/ohiggins\/#website"},"primaryImageOfPage":{"@id":"https:\/\/dev.explora.cl\/ohiggins\/mentes-4\/#primaryimage"},"image":{"@id":"https:\/\/dev.explora.cl\/ohiggins\/mentes-4\/#primaryimage"},"thumbnailUrl":"https:\/\/dev.explora.cl\/ohiggins\/wp-content\/uploads\/sites\/8\/2018\/06\/18baec61013c6d225104985f9d4125cc.jpg","datePublished":"2015-04-13T04:00:00+00:00","dateModified":"2019-05-20T18:02:57+00:00","author":{"@id":"https:\/\/dev.explora.cl\/ohiggins\/#\/schema\/person\/cb8349c13ea2d324080adf8480d7ba5d"},"breadcrumb":{"@id":"https:\/\/dev.explora.cl\/ohiggins\/mentes-4\/#breadcrumb"},"inLanguage":"es-CL","potentialAction":[{"@type":"ReadAction","target":["https:\/\/dev.explora.cl\/ohiggins\/mentes-4\/"]}]},{"@type":"ImageObject","inLanguage":"es-CL","@id":"https:\/\/dev.explora.cl\/ohiggins\/mentes-4\/#primaryimage","url":"https:\/\/dev.explora.cl\/ohiggins\/wp-content\/uploads\/sites\/8\/2018\/06\/18baec61013c6d225104985f9d4125cc.jpg","contentUrl":"https:\/\/dev.explora.cl\/ohiggins\/wp-content\/uploads\/sites\/8\/2018\/06\/18baec61013c6d225104985f9d4125cc.jpg","width":1974,"height":886},{"@type":"BreadcrumbList","@id":"https:\/\/dev.explora.cl\/ohiggins\/mentes-4\/#breadcrumb","itemListElement":[{"@type":"ListItem","position":1,"name":"Portada","item":"https:\/\/dev.explora.cl\/ohiggins\/"},{"@type":"ListItem","position":2,"name":"Vuelve nuestro programa radial \u201cMentes Brillantes\u201d"}]},{"@type":"WebSite","@id":"https:\/\/dev.explora.cl\/ohiggins\/#website","url":"https:\/\/dev.explora.cl\/ohiggins\/","name":"O&#039;Higgins","description":"Otro sitio m\u00e1s de dev.explora.cl","potentialAction":[{"@type":"SearchAction","target":{"@type":"EntryPoint","urlTemplate":"https:\/\/dev.explora.cl\/ohiggins\/?s={search_term_string}"},"query-input":{"@type":"PropertyValueSpecification","valueRequired":true,"valueName":"search_term_string"}}],"inLanguage":"es-CL"},{"@type":"Person","@id":"https:\/\/dev.explora.cl\/ohiggins\/#\/schema\/person\/cb8349c13ea2d324080adf8480d7ba5d","name":"webman","image":{"@type":"ImageObject","inLanguage":"es-CL","@id":"https:\/\/dev.explora.cl\/ohiggins\/#\/schema\/person\/image\/","url":"https:\/\/secure.gravatar.com\/avatar\/eeff3c82f2c02f7177d13663b7e6f890e9a6a0647ce9bb29cae02dcb094c7312?s=96&d=mm&r=g","contentUrl":"https:\/\/secure.gravatar.com\/avatar\/eeff3c82f2c02f7177d13663b7e6f890e9a6a0647ce9bb29cae02dcb094c7312?s=96&d=mm&r=g","caption":"webman"},"url":"https:\/\/dev.explora.cl\/ohiggins\/author\/webman\/"}]}},"_links":{"self":[{"href":"https:\/\/dev.explora.cl\/ohiggins\/wp-json\/wp\/v2\/posts\/32027","targetHints":{"allow":["GET"]}}],"collection":[{"href":"https:\/\/dev.explora.cl\/ohiggins\/wp-json\/wp\/v2\/posts"}],"about":[{"href":"https:\/\/dev.explora.cl\/ohiggins\/wp-json\/wp\/v2\/types\/post"}],"author":[{"embeddable":true,"href":"https:\/\/dev.explora.cl\/ohiggins\/wp-json\/wp\/v2\/users\/2"}],"replies":[{"embeddable":true,"href":"https:\/\/dev.explora.cl\/ohiggins\/wp-json\/wp\/v2\/comments?post=32027"}],"version-history":[{"count":1,"href":"https:\/\/dev.explora.cl\/ohiggins\/wp-json\/wp\/v2\/posts\/32027\/revisions"}],"predecessor-version":[{"id":37823,"href":"https:\/\/dev.explora.cl\/ohiggins\/wp-json\/wp\/v2\/posts\/32027\/revisions\/37823"}],"wp:featuredmedia":[{"embeddable":true,"href":"https:\/\/dev.explora.cl\/ohiggins\/wp-json\/wp\/v2\/media\/33805"}],"wp:attachment":[{"href":"https:\/\/dev.explora.cl\/ohiggins\/wp-json\/wp\/v2\/media?parent=32027"}],"wp:term":[{"taxonomy":"category","embeddable":true,"href":"https:\/\/dev.explora.cl\/ohiggins\/wp-json\/wp\/v2\/categories?post=32027"},{"taxonomy":"post_tag","embeddable":true,"href":"https:\/\/dev.explora.cl\/ohiggins\/wp-json\/wp\/v2\/tags?post=32027"}],"curies":[{"name":"wp","href":"https:\/\/api.w.org\/{rel}","templated":true}]}}