{"id":32017,"date":"2015-03-25T00:00:00","date_gmt":"2015-03-25T04:00:00","guid":{"rendered":"https:\/\/dev.explora.cl\/ohiggins\/blog\/2015\/03\/25\/encuentro-2\/"},"modified":"2019-05-20T18:03:00","modified_gmt":"2019-05-20T18:03:00","slug":"encuentro-2","status":"publish","type":"post","link":"https:\/\/dev.explora.cl\/ohiggins\/encuentro-2\/","title":{"rendered":"Cient\u00edficos y comunicadores dialogaron respecto de la difusi\u00f3n de la ciencia"},"content":{"rendered":"<p><img loading=\"lazy\" decoding=\"async\" class=\" size-full wp-image-9805\" src=\"http:\/\/ec2-34-218-253-251.us-west-2.compute.amazonaws.com\/wp-content\/uploads\/2015\/03\/84dc489bfd2e3de2e8f5ecf5d5ca05ff.jpg\" alt=\"\" width=\"1000\" height=\"667\" \/><\/p>\n<p style=\"text-align: justify\">M\u00e1s de 60 participantes entre comunicadores, investigadores y autoridades, participaron del Primer Encuentro de Ciencia y Comunicaci\u00f3n en la regi\u00f3n de O\u2019Higgins, organizado por la Red de Gesti\u00f3n Tecnol\u00f3gica para el Agro, RGTA y que reuni\u00f3 en las dependencias de INIA Rayentu\u00e9 a m\u00e1s de 60 participantes, en torno a la Comunicaci\u00f3n de la Investigaci\u00f3n.<\/p>\n<p style=\"text-align: justify\">\u201cComunicar tiene su Ciencia\u201d logr\u00f3 transmitir a los asistentes la importancia de comunicar la investigaci\u00f3n que se desarrolla en la Regi\u00f3n. El Periodista Cient\u00edfico y Presidente de la ACHIPEC, Raimundo Roberts, junto a la Dra. N\u00e9lida Pohl, PhD, Bi\u00f3loga, Master en Comunicaci\u00f3n de la Ciencia, analizaron la situaci\u00f3n regional y entregaron algunas herramientas b\u00e1sicas para la generaci\u00f3n de confianzas entre Comunicadores e Investigadores, que es la base de una buena comunicaci\u00f3n.<\/p>\n<p style=\"text-align: justify\"><img decoding=\"async\" class=\" alignleft size-full wp-image-9806\" src=\"http:\/\/ec2-34-218-253-251.us-west-2.compute.amazonaws.com\/wp-content\/uploads\/2015\/03\/encuentro-comunicadores-25.jpg\" border=\"0\" width=\"300\" style=\"float: left;margin: 30px 10px\" \/>Por otra parte, la Dra. N\u00e9lida Pohl, destac\u00f3 que \u201cEstamos dejando atr\u00e1s el modelo antiguo que iba desde la ignorancia de un p\u00fablico que requer\u00eda de una alfabetizaci\u00f3n y vamos hacia el modelo de di\u00e1logo, que es del di\u00e1logo con la ciudadan\u00eda acerca de la ciencia que se realiza, para qu\u00e9 y porqu\u00e9 se realiza\u201d.<\/p>\n<p style=\"text-align: justify\">El Encuentro concluy\u00f3 con la exposici\u00f3n de Patricia Mu\u00f1oz, Directora del Programa de Informaci\u00f3n Cient\u00edfica de Conicyt, quien entreg\u00f3 un informe que muestra el crecimiento de las diferentes \u00e1reas de las ciencias, artes, tecnolog\u00eda y otros, a nivel regional, nacional y mundial.<\/p>\n<p style=\"text-align: justify\">Las presentaciones de los expositores, estar\u00e1n disponibles a partir de la pr\u00f3xima semana en la p\u00e1gina web de la RGTA: www.rgta.cl , \u00e9stas tambi\u00e9n pueden ser solicitadas al correo: cbustos@rgta.cl.<\/p>\n<p style=\"text-align: justify\">Fuente: RGTA.<\/p>\n","protected":false},"excerpt":{"rendered":"<p>M\u00e1s de 60 participantes entre comunicadores, investigadores y autoridades, participaron del Primer Encuentro de Ciencia y Comunicaci\u00f3n en la regi\u00f3n de O\u2019Higgins, organizado por la Red de Gesti\u00f3n Tecnol\u00f3gica para el Agro, RGTA y que reuni\u00f3 en las dependencias de INIA Rayentu\u00e9 a m\u00e1s de 60 participantes, en torno a la Comunicaci\u00f3n de la Investigaci\u00f3n. [&hellip;]<\/p>\n","protected":false},"author":2,"featured_media":33801,"comment_status":"open","ping_status":"open","sticky":false,"template":"","format":"standard","meta":{"_acf_changed":false,"_exactmetrics_skip_tracking":false,"_exactmetrics_sitenote_active":false,"_exactmetrics_sitenote_note":"","_exactmetrics_sitenote_category":0,"footnotes":"","_links_to":"","_links_to_target":""},"categories":[4],"tags":[],"class_list":["post-32017","post","type-post","status-publish","format-standard","has-post-thumbnail","hentry","category-noticias"],"acf":[],"yoast_head":"<!-- This site is optimized with the Yoast SEO plugin v26.7 - https:\/\/yoast.com\/wordpress\/plugins\/seo\/ -->\n<title>Cient\u00edficos y comunicadores dialogaron respecto de la difusi\u00f3n de la ciencia - O&#039;Higgins<\/title>\n<meta name=\"robots\" content=\"index, follow, max-snippet:-1, max-image-preview:large, max-video-preview:-1\" \/>\n<link rel=\"canonical\" href=\"https:\/\/dev.explora.cl\/ohiggins\/encuentro-2\/\" class=\"yoast-seo-meta-tag\" \/>\n<meta property=\"og:locale\" content=\"es_ES\" class=\"yoast-seo-meta-tag\" \/>\n<meta property=\"og:type\" content=\"article\" class=\"yoast-seo-meta-tag\" \/>\n<meta property=\"og:title\" content=\"Cient\u00edficos y comunicadores dialogaron respecto de la difusi\u00f3n de la ciencia - O&#039;Higgins\" class=\"yoast-seo-meta-tag\" \/>\n<meta property=\"og:description\" content=\"M\u00e1s de 60 participantes entre comunicadores, investigadores y autoridades, participaron del Primer Encuentro de Ciencia y Comunicaci\u00f3n en la regi\u00f3n de O\u2019Higgins, organizado por la Red de Gesti\u00f3n Tecnol\u00f3gica para el Agro, RGTA y que reuni\u00f3 en las dependencias de INIA Rayentu\u00e9 a m\u00e1s de 60 participantes, en torno a la Comunicaci\u00f3n de la Investigaci\u00f3n. [&hellip;]\" class=\"yoast-seo-meta-tag\" \/>\n<meta property=\"og:url\" content=\"https:\/\/dev.explora.cl\/ohiggins\/encuentro-2\/\" class=\"yoast-seo-meta-tag\" \/>\n<meta property=\"og:site_name\" content=\"O&#039;Higgins\" class=\"yoast-seo-meta-tag\" \/>\n<meta property=\"article:published_time\" content=\"2015-03-25T04:00:00+00:00\" class=\"yoast-seo-meta-tag\" \/>\n<meta property=\"article:modified_time\" content=\"2019-05-20T18:03:00+00:00\" class=\"yoast-seo-meta-tag\" \/>\n<meta property=\"og:image\" content=\"https:\/\/dev.explora.cl\/ohiggins\/wp-content\/uploads\/sites\/8\/2018\/06\/84dc489bfd2e3de2e8f5ecf5d5ca05ff.jpg\" class=\"yoast-seo-meta-tag\" \/>\n\t<meta property=\"og:image:width\" content=\"1000\" class=\"yoast-seo-meta-tag\" \/>\n\t<meta property=\"og:image:height\" content=\"667\" class=\"yoast-seo-meta-tag\" \/>\n\t<meta property=\"og:image:type\" content=\"image\/jpeg\" class=\"yoast-seo-meta-tag\" \/>\n<meta name=\"author\" content=\"webman\" class=\"yoast-seo-meta-tag\" \/>\n<meta name=\"twitter:card\" content=\"summary_large_image\" class=\"yoast-seo-meta-tag\" \/>\n<meta name=\"twitter:label1\" content=\"Escrito por\" class=\"yoast-seo-meta-tag\" \/>\n\t<meta name=\"twitter:data1\" content=\"webman\" class=\"yoast-seo-meta-tag\" \/>\n\t<meta name=\"twitter:label2\" content=\"Tiempo estimado de lectura\" class=\"yoast-seo-meta-tag\" \/>\n\t<meta name=\"twitter:data2\" content=\"1 minuto\" class=\"yoast-seo-meta-tag\" \/>\n<script type=\"application\/ld+json\" class=\"yoast-schema-graph\">{\"@context\":\"https:\/\/schema.org\",\"@graph\":[{\"@type\":\"Article\",\"@id\":\"https:\/\/dev.explora.cl\/ohiggins\/encuentro-2\/#article\",\"isPartOf\":{\"@id\":\"https:\/\/dev.explora.cl\/ohiggins\/encuentro-2\/\"},\"author\":{\"name\":\"webman\",\"@id\":\"https:\/\/dev.explora.cl\/ohiggins\/#\/schema\/person\/cb8349c13ea2d324080adf8480d7ba5d\"},\"headline\":\"Cient\u00edficos y comunicadores dialogaron respecto de la difusi\u00f3n de la ciencia\",\"datePublished\":\"2015-03-25T04:00:00+00:00\",\"dateModified\":\"2019-05-20T18:03:00+00:00\",\"mainEntityOfPage\":{\"@id\":\"https:\/\/dev.explora.cl\/ohiggins\/encuentro-2\/\"},\"wordCount\":305,\"commentCount\":0,\"image\":{\"@id\":\"https:\/\/dev.explora.cl\/ohiggins\/encuentro-2\/#primaryimage\"},\"thumbnailUrl\":\"https:\/\/dev.explora.cl\/ohiggins\/wp-content\/uploads\/sites\/8\/2018\/06\/84dc489bfd2e3de2e8f5ecf5d5ca05ff.jpg\",\"articleSection\":[\"Noticias\"],\"inLanguage\":\"es-CL\",\"potentialAction\":[{\"@type\":\"CommentAction\",\"name\":\"Comment\",\"target\":[\"https:\/\/dev.explora.cl\/ohiggins\/encuentro-2\/#respond\"]}]},{\"@type\":\"WebPage\",\"@id\":\"https:\/\/dev.explora.cl\/ohiggins\/encuentro-2\/\",\"url\":\"https:\/\/dev.explora.cl\/ohiggins\/encuentro-2\/\",\"name\":\"Cient\u00edficos y comunicadores dialogaron respecto de la difusi\u00f3n de la ciencia - O&#039;Higgins\",\"isPartOf\":{\"@id\":\"https:\/\/dev.explora.cl\/ohiggins\/#website\"},\"primaryImageOfPage\":{\"@id\":\"https:\/\/dev.explora.cl\/ohiggins\/encuentro-2\/#primaryimage\"},\"image\":{\"@id\":\"https:\/\/dev.explora.cl\/ohiggins\/encuentro-2\/#primaryimage\"},\"thumbnailUrl\":\"https:\/\/dev.explora.cl\/ohiggins\/wp-content\/uploads\/sites\/8\/2018\/06\/84dc489bfd2e3de2e8f5ecf5d5ca05ff.jpg\",\"datePublished\":\"2015-03-25T04:00:00+00:00\",\"dateModified\":\"2019-05-20T18:03:00+00:00\",\"author\":{\"@id\":\"https:\/\/dev.explora.cl\/ohiggins\/#\/schema\/person\/cb8349c13ea2d324080adf8480d7ba5d\"},\"breadcrumb\":{\"@id\":\"https:\/\/dev.explora.cl\/ohiggins\/encuentro-2\/#breadcrumb\"},\"inLanguage\":\"es-CL\",\"potentialAction\":[{\"@type\":\"ReadAction\",\"target\":[\"https:\/\/dev.explora.cl\/ohiggins\/encuentro-2\/\"]}]},{\"@type\":\"ImageObject\",\"inLanguage\":\"es-CL\",\"@id\":\"https:\/\/dev.explora.cl\/ohiggins\/encuentro-2\/#primaryimage\",\"url\":\"https:\/\/dev.explora.cl\/ohiggins\/wp-content\/uploads\/sites\/8\/2018\/06\/84dc489bfd2e3de2e8f5ecf5d5ca05ff.jpg\",\"contentUrl\":\"https:\/\/dev.explora.cl\/ohiggins\/wp-content\/uploads\/sites\/8\/2018\/06\/84dc489bfd2e3de2e8f5ecf5d5ca05ff.jpg\",\"width\":1000,\"height\":667},{\"@type\":\"BreadcrumbList\",\"@id\":\"https:\/\/dev.explora.cl\/ohiggins\/encuentro-2\/#breadcrumb\",\"itemListElement\":[{\"@type\":\"ListItem\",\"position\":1,\"name\":\"Portada\",\"item\":\"https:\/\/dev.explora.cl\/ohiggins\/\"},{\"@type\":\"ListItem\",\"position\":2,\"name\":\"Cient\u00edficos y comunicadores dialogaron respecto de la difusi\u00f3n de la ciencia\"}]},{\"@type\":\"WebSite\",\"@id\":\"https:\/\/dev.explora.cl\/ohiggins\/#website\",\"url\":\"https:\/\/dev.explora.cl\/ohiggins\/\",\"name\":\"O&#039;Higgins\",\"description\":\"Otro sitio m\u00e1s de dev.explora.cl\",\"potentialAction\":[{\"@type\":\"SearchAction\",\"target\":{\"@type\":\"EntryPoint\",\"urlTemplate\":\"https:\/\/dev.explora.cl\/ohiggins\/?s={search_term_string}\"},\"query-input\":{\"@type\":\"PropertyValueSpecification\",\"valueRequired\":true,\"valueName\":\"search_term_string\"}}],\"inLanguage\":\"es-CL\"},{\"@type\":\"Person\",\"@id\":\"https:\/\/dev.explora.cl\/ohiggins\/#\/schema\/person\/cb8349c13ea2d324080adf8480d7ba5d\",\"name\":\"webman\",\"image\":{\"@type\":\"ImageObject\",\"inLanguage\":\"es-CL\",\"@id\":\"https:\/\/dev.explora.cl\/ohiggins\/#\/schema\/person\/image\/\",\"url\":\"https:\/\/secure.gravatar.com\/avatar\/eeff3c82f2c02f7177d13663b7e6f890e9a6a0647ce9bb29cae02dcb094c7312?s=96&d=mm&r=g\",\"contentUrl\":\"https:\/\/secure.gravatar.com\/avatar\/eeff3c82f2c02f7177d13663b7e6f890e9a6a0647ce9bb29cae02dcb094c7312?s=96&d=mm&r=g\",\"caption\":\"webman\"},\"url\":\"https:\/\/dev.explora.cl\/ohiggins\/author\/webman\/\"}]}<\/script>\n<!-- \/ Yoast SEO plugin. -->","yoast_head_json":{"title":"Cient\u00edficos y comunicadores dialogaron respecto de la difusi\u00f3n de la ciencia - O&#039;Higgins","robots":{"index":"index","follow":"follow","max-snippet":"max-snippet:-1","max-image-preview":"max-image-preview:large","max-video-preview":"max-video-preview:-1"},"canonical":"https:\/\/dev.explora.cl\/ohiggins\/encuentro-2\/","og_locale":"es_ES","og_type":"article","og_title":"Cient\u00edficos y comunicadores dialogaron respecto de la difusi\u00f3n de la ciencia - O&#039;Higgins","og_description":"M\u00e1s de 60 participantes entre comunicadores, investigadores y autoridades, participaron del Primer Encuentro de Ciencia y Comunicaci\u00f3n en la regi\u00f3n de O\u2019Higgins, organizado por la Red de Gesti\u00f3n Tecnol\u00f3gica para el Agro, RGTA y que reuni\u00f3 en las dependencias de INIA Rayentu\u00e9 a m\u00e1s de 60 participantes, en torno a la Comunicaci\u00f3n de la Investigaci\u00f3n. [&hellip;]","og_url":"https:\/\/dev.explora.cl\/ohiggins\/encuentro-2\/","og_site_name":"O&#039;Higgins","article_published_time":"2015-03-25T04:00:00+00:00","article_modified_time":"2019-05-20T18:03:00+00:00","og_image":[{"width":1000,"height":667,"url":"https:\/\/dev.explora.cl\/ohiggins\/wp-content\/uploads\/sites\/8\/2018\/06\/84dc489bfd2e3de2e8f5ecf5d5ca05ff.jpg","type":"image\/jpeg"}],"author":"webman","twitter_card":"summary_large_image","twitter_misc":{"Escrito por":"webman","Tiempo estimado de lectura":"1 minuto"},"schema":{"@context":"https:\/\/schema.org","@graph":[{"@type":"Article","@id":"https:\/\/dev.explora.cl\/ohiggins\/encuentro-2\/#article","isPartOf":{"@id":"https:\/\/dev.explora.cl\/ohiggins\/encuentro-2\/"},"author":{"name":"webman","@id":"https:\/\/dev.explora.cl\/ohiggins\/#\/schema\/person\/cb8349c13ea2d324080adf8480d7ba5d"},"headline":"Cient\u00edficos y comunicadores dialogaron respecto de la difusi\u00f3n de la ciencia","datePublished":"2015-03-25T04:00:00+00:00","dateModified":"2019-05-20T18:03:00+00:00","mainEntityOfPage":{"@id":"https:\/\/dev.explora.cl\/ohiggins\/encuentro-2\/"},"wordCount":305,"commentCount":0,"image":{"@id":"https:\/\/dev.explora.cl\/ohiggins\/encuentro-2\/#primaryimage"},"thumbnailUrl":"https:\/\/dev.explora.cl\/ohiggins\/wp-content\/uploads\/sites\/8\/2018\/06\/84dc489bfd2e3de2e8f5ecf5d5ca05ff.jpg","articleSection":["Noticias"],"inLanguage":"es-CL","potentialAction":[{"@type":"CommentAction","name":"Comment","target":["https:\/\/dev.explora.cl\/ohiggins\/encuentro-2\/#respond"]}]},{"@type":"WebPage","@id":"https:\/\/dev.explora.cl\/ohiggins\/encuentro-2\/","url":"https:\/\/dev.explora.cl\/ohiggins\/encuentro-2\/","name":"Cient\u00edficos y comunicadores dialogaron respecto de la difusi\u00f3n de la ciencia - O&#039;Higgins","isPartOf":{"@id":"https:\/\/dev.explora.cl\/ohiggins\/#website"},"primaryImageOfPage":{"@id":"https:\/\/dev.explora.cl\/ohiggins\/encuentro-2\/#primaryimage"},"image":{"@id":"https:\/\/dev.explora.cl\/ohiggins\/encuentro-2\/#primaryimage"},"thumbnailUrl":"https:\/\/dev.explora.cl\/ohiggins\/wp-content\/uploads\/sites\/8\/2018\/06\/84dc489bfd2e3de2e8f5ecf5d5ca05ff.jpg","datePublished":"2015-03-25T04:00:00+00:00","dateModified":"2019-05-20T18:03:00+00:00","author":{"@id":"https:\/\/dev.explora.cl\/ohiggins\/#\/schema\/person\/cb8349c13ea2d324080adf8480d7ba5d"},"breadcrumb":{"@id":"https:\/\/dev.explora.cl\/ohiggins\/encuentro-2\/#breadcrumb"},"inLanguage":"es-CL","potentialAction":[{"@type":"ReadAction","target":["https:\/\/dev.explora.cl\/ohiggins\/encuentro-2\/"]}]},{"@type":"ImageObject","inLanguage":"es-CL","@id":"https:\/\/dev.explora.cl\/ohiggins\/encuentro-2\/#primaryimage","url":"https:\/\/dev.explora.cl\/ohiggins\/wp-content\/uploads\/sites\/8\/2018\/06\/84dc489bfd2e3de2e8f5ecf5d5ca05ff.jpg","contentUrl":"https:\/\/dev.explora.cl\/ohiggins\/wp-content\/uploads\/sites\/8\/2018\/06\/84dc489bfd2e3de2e8f5ecf5d5ca05ff.jpg","width":1000,"height":667},{"@type":"BreadcrumbList","@id":"https:\/\/dev.explora.cl\/ohiggins\/encuentro-2\/#breadcrumb","itemListElement":[{"@type":"ListItem","position":1,"name":"Portada","item":"https:\/\/dev.explora.cl\/ohiggins\/"},{"@type":"ListItem","position":2,"name":"Cient\u00edficos y comunicadores dialogaron respecto de la difusi\u00f3n de la ciencia"}]},{"@type":"WebSite","@id":"https:\/\/dev.explora.cl\/ohiggins\/#website","url":"https:\/\/dev.explora.cl\/ohiggins\/","name":"O&#039;Higgins","description":"Otro sitio m\u00e1s de dev.explora.cl","potentialAction":[{"@type":"SearchAction","target":{"@type":"EntryPoint","urlTemplate":"https:\/\/dev.explora.cl\/ohiggins\/?s={search_term_string}"},"query-input":{"@type":"PropertyValueSpecification","valueRequired":true,"valueName":"search_term_string"}}],"inLanguage":"es-CL"},{"@type":"Person","@id":"https:\/\/dev.explora.cl\/ohiggins\/#\/schema\/person\/cb8349c13ea2d324080adf8480d7ba5d","name":"webman","image":{"@type":"ImageObject","inLanguage":"es-CL","@id":"https:\/\/dev.explora.cl\/ohiggins\/#\/schema\/person\/image\/","url":"https:\/\/secure.gravatar.com\/avatar\/eeff3c82f2c02f7177d13663b7e6f890e9a6a0647ce9bb29cae02dcb094c7312?s=96&d=mm&r=g","contentUrl":"https:\/\/secure.gravatar.com\/avatar\/eeff3c82f2c02f7177d13663b7e6f890e9a6a0647ce9bb29cae02dcb094c7312?s=96&d=mm&r=g","caption":"webman"},"url":"https:\/\/dev.explora.cl\/ohiggins\/author\/webman\/"}]}},"_links":{"self":[{"href":"https:\/\/dev.explora.cl\/ohiggins\/wp-json\/wp\/v2\/posts\/32017","targetHints":{"allow":["GET"]}}],"collection":[{"href":"https:\/\/dev.explora.cl\/ohiggins\/wp-json\/wp\/v2\/posts"}],"about":[{"href":"https:\/\/dev.explora.cl\/ohiggins\/wp-json\/wp\/v2\/types\/post"}],"author":[{"embeddable":true,"href":"https:\/\/dev.explora.cl\/ohiggins\/wp-json\/wp\/v2\/users\/2"}],"replies":[{"embeddable":true,"href":"https:\/\/dev.explora.cl\/ohiggins\/wp-json\/wp\/v2\/comments?post=32017"}],"version-history":[{"count":1,"href":"https:\/\/dev.explora.cl\/ohiggins\/wp-json\/wp\/v2\/posts\/32017\/revisions"}],"predecessor-version":[{"id":37830,"href":"https:\/\/dev.explora.cl\/ohiggins\/wp-json\/wp\/v2\/posts\/32017\/revisions\/37830"}],"wp:featuredmedia":[{"embeddable":true,"href":"https:\/\/dev.explora.cl\/ohiggins\/wp-json\/wp\/v2\/media\/33801"}],"wp:attachment":[{"href":"https:\/\/dev.explora.cl\/ohiggins\/wp-json\/wp\/v2\/media?parent=32017"}],"wp:term":[{"taxonomy":"category","embeddable":true,"href":"https:\/\/dev.explora.cl\/ohiggins\/wp-json\/wp\/v2\/categories?post=32017"},{"taxonomy":"post_tag","embeddable":true,"href":"https:\/\/dev.explora.cl\/ohiggins\/wp-json\/wp\/v2\/tags?post=32017"}],"curies":[{"name":"wp","href":"https:\/\/api.w.org\/{rel}","templated":true}]}}