{"id":32011,"date":"2015-03-21T00:00:00","date_gmt":"2015-03-21T04:00:00","guid":{"rendered":"https:\/\/dev.explora.cl\/ohiggins\/blog\/2015\/03\/21\/cielo\/"},"modified":"2019-05-20T18:03:00","modified_gmt":"2019-05-20T18:03:00","slug":"cielo","status":"publish","type":"post","link":"https:\/\/dev.explora.cl\/ohiggins\/cielo\/","title":{"rendered":"D\u00eda de la Astronom\u00eda: O\u2019Higgins mir\u00f3 su cielo"},"content":{"rendered":"<p><img loading=\"lazy\" decoding=\"async\" class=\" size-full wp-image-9637\" src=\"http:\/\/ec2-34-218-253-251.us-west-2.compute.amazonaws.com\/wp-content\/uploads\/2015\/03\/b7e22ef17b3cc57f5149029c4e1ada2c.jpg\" alt=\"\" width=\"500\" height=\"334\" \/><\/p>\n<p style=\"text-align: justify\">#CHILEmiratucielo fue el hashtag bajo el que todo el pa\u00eds celebr\u00f3 el d\u00eda de la Astronom\u00eda, este 20 y 21 de marzo; festejo al que PAR EXPLORA O\u2019Higgins se sum\u00f3 en la capital de Colchagua el viernes reci\u00e9n pasado, gracias a la colaboraci\u00f3n de la Municipalidad de San Fernando y la exportadora frut\u00edcola FRUSAN.<\/p>\n<p style=\"text-align: justify\">En la oportunidad, se realizaron tres actividades; en la Casa de la Cultura, una video conferencia que se emiti\u00f3 para todo el pa\u00eds desde el Planetario de la Universidad de Santiago (USACh), una charla respecto de los hechos cotidianos que explica la Astronom\u00eda; y paralelamente se instal\u00f3 en la plaza de Armas, el domo itinerante del Cine Espacial 3D del Observatorio Tagua Tagua, que deleit\u00f3 al p\u00fablico en general con las maravillas del universo durante toda la jornada.<\/p>\n<p style=\"text-align: justify\">Al menos 300 estudiantes (sin contar el p\u00fablico en general) de diversos establecimientos de la capital de Colchagua pudieron disfrutar de las iniciativa, participando interactivamente de las distintas charlas, tanto de la nacional, como de la local; en donde aprendieron respecto desde qu\u00e9 es un eclipse de sol, hasta por qu\u00e9 se forman las constelaciones. Por su parte, el cine espacial fue el deleite de grandes y chicos con las maravillas del universo.<\/p>\n<p style=\"text-align: justify\">La embajadora de la actividad, la Doctora en Ciencias de la Universidad de Concepci\u00f3n, Rene\u00e9 Mateluna, destac\u00f3 la iniciativa que desarroll\u00f3 a nivel nacional el Programa EXPLORA CONICYT, Fundaci\u00f3n Planetario y la Sociedad Chilena de Astronom\u00eda (SOCHIAS), \u201cse estableci\u00f3 celebrar el D\u00eda de la Astronom\u00eda, para que los chilenos valoremos que tenemos un pa\u00eds privilegiado en este \u00e1mbito de la ciencia; sobre todo en el norte en donde se concentra gran parte de la inversi\u00f3n internacional en el \u00e1rea\u201d.<\/p>\n<p style=\"text-align: justify\">Mateluna coment\u00f3 adem\u00e1s la importancia de mantener los cielos despejados, por lo que mostr\u00f3 su preocupaci\u00f3n por la creciente contaminaci\u00f3n lum\u00ednica (aquella generada por el incorrecto uso de las luces en las ciudades) que no s\u00f3lo afecta a la observaci\u00f3n del universo, sino tambi\u00e9n influye de forma negativa en la biodiversidad.<\/p>\n<p style=\"text-align: justify\"><img loading=\"lazy\" decoding=\"async\" class=\" size-full wp-image-9638\" src=\"http:\/\/ec2-34-218-253-251.us-west-2.compute.amazonaws.com\/wp-content\/uploads\/2015\/03\/collage-dia-astro.jpg\" border=\"0\" alt=\"\" width=\"890\" height=\"200\" \/><\/p>\n<p style=\"text-align: justify\">Nota: Carla Morales V.<\/p>\n<p style=\"text-align: justify\">Fotos: Esteban Reyes.<\/p>\n","protected":false},"excerpt":{"rendered":"<p>#CHILEmiratucielo fue el hashtag bajo el que todo el pa\u00eds celebr\u00f3 el d\u00eda de la Astronom\u00eda, este 20 y 21 de marzo; festejo al que PAR EXPLORA O\u2019Higgins se sum\u00f3 en la capital de Colchagua el viernes reci\u00e9n pasado, gracias a la colaboraci\u00f3n de la Municipalidad de San Fernando y la exportadora frut\u00edcola FRUSAN. En [&hellip;]<\/p>\n","protected":false},"author":2,"featured_media":33799,"comment_status":"open","ping_status":"open","sticky":false,"template":"","format":"standard","meta":{"_acf_changed":false,"_exactmetrics_skip_tracking":false,"_exactmetrics_sitenote_active":false,"_exactmetrics_sitenote_note":"","_exactmetrics_sitenote_category":0,"footnotes":"","_links_to":"","_links_to_target":""},"categories":[4],"tags":[157],"class_list":["post-32011","post","type-post","status-publish","format-standard","has-post-thumbnail","hentry","category-noticias","tag-astronomia"],"acf":[],"yoast_head":"<!-- This site is optimized with the Yoast SEO plugin v26.7 - https:\/\/yoast.com\/wordpress\/plugins\/seo\/ -->\n<title>D\u00eda de la Astronom\u00eda: O\u2019Higgins mir\u00f3 su cielo - O&#039;Higgins<\/title>\n<meta name=\"robots\" content=\"index, follow, max-snippet:-1, max-image-preview:large, max-video-preview:-1\" \/>\n<link rel=\"canonical\" href=\"https:\/\/dev.explora.cl\/ohiggins\/cielo\/\" class=\"yoast-seo-meta-tag\" \/>\n<meta property=\"og:locale\" content=\"es_ES\" class=\"yoast-seo-meta-tag\" \/>\n<meta property=\"og:type\" content=\"article\" class=\"yoast-seo-meta-tag\" \/>\n<meta property=\"og:title\" content=\"D\u00eda de la Astronom\u00eda: O\u2019Higgins mir\u00f3 su cielo - O&#039;Higgins\" class=\"yoast-seo-meta-tag\" \/>\n<meta property=\"og:description\" content=\"#CHILEmiratucielo fue el hashtag bajo el que todo el pa\u00eds celebr\u00f3 el d\u00eda de la Astronom\u00eda, este 20 y 21 de marzo; festejo al que PAR EXPLORA O\u2019Higgins se sum\u00f3 en la capital de Colchagua el viernes reci\u00e9n pasado, gracias a la colaboraci\u00f3n de la Municipalidad de San Fernando y la exportadora frut\u00edcola FRUSAN. En [&hellip;]\" class=\"yoast-seo-meta-tag\" \/>\n<meta property=\"og:url\" content=\"https:\/\/dev.explora.cl\/ohiggins\/cielo\/\" class=\"yoast-seo-meta-tag\" \/>\n<meta property=\"og:site_name\" content=\"O&#039;Higgins\" class=\"yoast-seo-meta-tag\" \/>\n<meta property=\"article:published_time\" content=\"2015-03-21T04:00:00+00:00\" class=\"yoast-seo-meta-tag\" \/>\n<meta property=\"article:modified_time\" content=\"2019-05-20T18:03:00+00:00\" class=\"yoast-seo-meta-tag\" \/>\n<meta property=\"og:image\" content=\"https:\/\/dev.explora.cl\/ohiggins\/wp-content\/uploads\/sites\/8\/2018\/06\/b7e22ef17b3cc57f5149029c4e1ada2c.jpg\" class=\"yoast-seo-meta-tag\" \/>\n\t<meta property=\"og:image:width\" content=\"500\" class=\"yoast-seo-meta-tag\" \/>\n\t<meta property=\"og:image:height\" content=\"334\" class=\"yoast-seo-meta-tag\" \/>\n\t<meta property=\"og:image:type\" content=\"image\/jpeg\" class=\"yoast-seo-meta-tag\" \/>\n<meta name=\"author\" content=\"webman\" class=\"yoast-seo-meta-tag\" \/>\n<meta name=\"twitter:card\" content=\"summary_large_image\" class=\"yoast-seo-meta-tag\" \/>\n<meta name=\"twitter:label1\" content=\"Escrito por\" class=\"yoast-seo-meta-tag\" \/>\n\t<meta name=\"twitter:data1\" content=\"webman\" class=\"yoast-seo-meta-tag\" \/>\n\t<meta name=\"twitter:label2\" content=\"Tiempo estimado de lectura\" class=\"yoast-seo-meta-tag\" \/>\n\t<meta name=\"twitter:data2\" content=\"2 minutos\" class=\"yoast-seo-meta-tag\" \/>\n<script type=\"application\/ld+json\" class=\"yoast-schema-graph\">{\"@context\":\"https:\/\/schema.org\",\"@graph\":[{\"@type\":\"Article\",\"@id\":\"https:\/\/dev.explora.cl\/ohiggins\/cielo\/#article\",\"isPartOf\":{\"@id\":\"https:\/\/dev.explora.cl\/ohiggins\/cielo\/\"},\"author\":{\"name\":\"webman\",\"@id\":\"https:\/\/dev.explora.cl\/ohiggins\/#\/schema\/person\/cb8349c13ea2d324080adf8480d7ba5d\"},\"headline\":\"D\u00eda de la Astronom\u00eda: O\u2019Higgins mir\u00f3 su cielo\",\"datePublished\":\"2015-03-21T04:00:00+00:00\",\"dateModified\":\"2019-05-20T18:03:00+00:00\",\"mainEntityOfPage\":{\"@id\":\"https:\/\/dev.explora.cl\/ohiggins\/cielo\/\"},\"wordCount\":375,\"commentCount\":0,\"image\":{\"@id\":\"https:\/\/dev.explora.cl\/ohiggins\/cielo\/#primaryimage\"},\"thumbnailUrl\":\"https:\/\/dev.explora.cl\/ohiggins\/wp-content\/uploads\/sites\/8\/2018\/06\/b7e22ef17b3cc57f5149029c4e1ada2c.jpg\",\"keywords\":[\"astronom\u00eda\"],\"articleSection\":[\"Noticias\"],\"inLanguage\":\"es-CL\",\"potentialAction\":[{\"@type\":\"CommentAction\",\"name\":\"Comment\",\"target\":[\"https:\/\/dev.explora.cl\/ohiggins\/cielo\/#respond\"]}]},{\"@type\":\"WebPage\",\"@id\":\"https:\/\/dev.explora.cl\/ohiggins\/cielo\/\",\"url\":\"https:\/\/dev.explora.cl\/ohiggins\/cielo\/\",\"name\":\"D\u00eda de la Astronom\u00eda: O\u2019Higgins mir\u00f3 su cielo - O&#039;Higgins\",\"isPartOf\":{\"@id\":\"https:\/\/dev.explora.cl\/ohiggins\/#website\"},\"primaryImageOfPage\":{\"@id\":\"https:\/\/dev.explora.cl\/ohiggins\/cielo\/#primaryimage\"},\"image\":{\"@id\":\"https:\/\/dev.explora.cl\/ohiggins\/cielo\/#primaryimage\"},\"thumbnailUrl\":\"https:\/\/dev.explora.cl\/ohiggins\/wp-content\/uploads\/sites\/8\/2018\/06\/b7e22ef17b3cc57f5149029c4e1ada2c.jpg\",\"datePublished\":\"2015-03-21T04:00:00+00:00\",\"dateModified\":\"2019-05-20T18:03:00+00:00\",\"author\":{\"@id\":\"https:\/\/dev.explora.cl\/ohiggins\/#\/schema\/person\/cb8349c13ea2d324080adf8480d7ba5d\"},\"breadcrumb\":{\"@id\":\"https:\/\/dev.explora.cl\/ohiggins\/cielo\/#breadcrumb\"},\"inLanguage\":\"es-CL\",\"potentialAction\":[{\"@type\":\"ReadAction\",\"target\":[\"https:\/\/dev.explora.cl\/ohiggins\/cielo\/\"]}]},{\"@type\":\"ImageObject\",\"inLanguage\":\"es-CL\",\"@id\":\"https:\/\/dev.explora.cl\/ohiggins\/cielo\/#primaryimage\",\"url\":\"https:\/\/dev.explora.cl\/ohiggins\/wp-content\/uploads\/sites\/8\/2018\/06\/b7e22ef17b3cc57f5149029c4e1ada2c.jpg\",\"contentUrl\":\"https:\/\/dev.explora.cl\/ohiggins\/wp-content\/uploads\/sites\/8\/2018\/06\/b7e22ef17b3cc57f5149029c4e1ada2c.jpg\",\"width\":500,\"height\":334},{\"@type\":\"BreadcrumbList\",\"@id\":\"https:\/\/dev.explora.cl\/ohiggins\/cielo\/#breadcrumb\",\"itemListElement\":[{\"@type\":\"ListItem\",\"position\":1,\"name\":\"Portada\",\"item\":\"https:\/\/dev.explora.cl\/ohiggins\/\"},{\"@type\":\"ListItem\",\"position\":2,\"name\":\"D\u00eda de la Astronom\u00eda: O\u2019Higgins mir\u00f3 su cielo\"}]},{\"@type\":\"WebSite\",\"@id\":\"https:\/\/dev.explora.cl\/ohiggins\/#website\",\"url\":\"https:\/\/dev.explora.cl\/ohiggins\/\",\"name\":\"O&#039;Higgins\",\"description\":\"Otro sitio m\u00e1s de dev.explora.cl\",\"potentialAction\":[{\"@type\":\"SearchAction\",\"target\":{\"@type\":\"EntryPoint\",\"urlTemplate\":\"https:\/\/dev.explora.cl\/ohiggins\/?s={search_term_string}\"},\"query-input\":{\"@type\":\"PropertyValueSpecification\",\"valueRequired\":true,\"valueName\":\"search_term_string\"}}],\"inLanguage\":\"es-CL\"},{\"@type\":\"Person\",\"@id\":\"https:\/\/dev.explora.cl\/ohiggins\/#\/schema\/person\/cb8349c13ea2d324080adf8480d7ba5d\",\"name\":\"webman\",\"image\":{\"@type\":\"ImageObject\",\"inLanguage\":\"es-CL\",\"@id\":\"https:\/\/dev.explora.cl\/ohiggins\/#\/schema\/person\/image\/\",\"url\":\"https:\/\/secure.gravatar.com\/avatar\/eeff3c82f2c02f7177d13663b7e6f890e9a6a0647ce9bb29cae02dcb094c7312?s=96&d=mm&r=g\",\"contentUrl\":\"https:\/\/secure.gravatar.com\/avatar\/eeff3c82f2c02f7177d13663b7e6f890e9a6a0647ce9bb29cae02dcb094c7312?s=96&d=mm&r=g\",\"caption\":\"webman\"},\"url\":\"https:\/\/dev.explora.cl\/ohiggins\/author\/webman\/\"}]}<\/script>\n<!-- \/ Yoast SEO plugin. -->","yoast_head_json":{"title":"D\u00eda de la Astronom\u00eda: O\u2019Higgins mir\u00f3 su cielo - O&#039;Higgins","robots":{"index":"index","follow":"follow","max-snippet":"max-snippet:-1","max-image-preview":"max-image-preview:large","max-video-preview":"max-video-preview:-1"},"canonical":"https:\/\/dev.explora.cl\/ohiggins\/cielo\/","og_locale":"es_ES","og_type":"article","og_title":"D\u00eda de la Astronom\u00eda: O\u2019Higgins mir\u00f3 su cielo - O&#039;Higgins","og_description":"#CHILEmiratucielo fue el hashtag bajo el que todo el pa\u00eds celebr\u00f3 el d\u00eda de la Astronom\u00eda, este 20 y 21 de marzo; festejo al que PAR EXPLORA O\u2019Higgins se sum\u00f3 en la capital de Colchagua el viernes reci\u00e9n pasado, gracias a la colaboraci\u00f3n de la Municipalidad de San Fernando y la exportadora frut\u00edcola FRUSAN. En [&hellip;]","og_url":"https:\/\/dev.explora.cl\/ohiggins\/cielo\/","og_site_name":"O&#039;Higgins","article_published_time":"2015-03-21T04:00:00+00:00","article_modified_time":"2019-05-20T18:03:00+00:00","og_image":[{"width":500,"height":334,"url":"https:\/\/dev.explora.cl\/ohiggins\/wp-content\/uploads\/sites\/8\/2018\/06\/b7e22ef17b3cc57f5149029c4e1ada2c.jpg","type":"image\/jpeg"}],"author":"webman","twitter_card":"summary_large_image","twitter_misc":{"Escrito por":"webman","Tiempo estimado de lectura":"2 minutos"},"schema":{"@context":"https:\/\/schema.org","@graph":[{"@type":"Article","@id":"https:\/\/dev.explora.cl\/ohiggins\/cielo\/#article","isPartOf":{"@id":"https:\/\/dev.explora.cl\/ohiggins\/cielo\/"},"author":{"name":"webman","@id":"https:\/\/dev.explora.cl\/ohiggins\/#\/schema\/person\/cb8349c13ea2d324080adf8480d7ba5d"},"headline":"D\u00eda de la Astronom\u00eda: O\u2019Higgins mir\u00f3 su cielo","datePublished":"2015-03-21T04:00:00+00:00","dateModified":"2019-05-20T18:03:00+00:00","mainEntityOfPage":{"@id":"https:\/\/dev.explora.cl\/ohiggins\/cielo\/"},"wordCount":375,"commentCount":0,"image":{"@id":"https:\/\/dev.explora.cl\/ohiggins\/cielo\/#primaryimage"},"thumbnailUrl":"https:\/\/dev.explora.cl\/ohiggins\/wp-content\/uploads\/sites\/8\/2018\/06\/b7e22ef17b3cc57f5149029c4e1ada2c.jpg","keywords":["astronom\u00eda"],"articleSection":["Noticias"],"inLanguage":"es-CL","potentialAction":[{"@type":"CommentAction","name":"Comment","target":["https:\/\/dev.explora.cl\/ohiggins\/cielo\/#respond"]}]},{"@type":"WebPage","@id":"https:\/\/dev.explora.cl\/ohiggins\/cielo\/","url":"https:\/\/dev.explora.cl\/ohiggins\/cielo\/","name":"D\u00eda de la Astronom\u00eda: O\u2019Higgins mir\u00f3 su cielo - O&#039;Higgins","isPartOf":{"@id":"https:\/\/dev.explora.cl\/ohiggins\/#website"},"primaryImageOfPage":{"@id":"https:\/\/dev.explora.cl\/ohiggins\/cielo\/#primaryimage"},"image":{"@id":"https:\/\/dev.explora.cl\/ohiggins\/cielo\/#primaryimage"},"thumbnailUrl":"https:\/\/dev.explora.cl\/ohiggins\/wp-content\/uploads\/sites\/8\/2018\/06\/b7e22ef17b3cc57f5149029c4e1ada2c.jpg","datePublished":"2015-03-21T04:00:00+00:00","dateModified":"2019-05-20T18:03:00+00:00","author":{"@id":"https:\/\/dev.explora.cl\/ohiggins\/#\/schema\/person\/cb8349c13ea2d324080adf8480d7ba5d"},"breadcrumb":{"@id":"https:\/\/dev.explora.cl\/ohiggins\/cielo\/#breadcrumb"},"inLanguage":"es-CL","potentialAction":[{"@type":"ReadAction","target":["https:\/\/dev.explora.cl\/ohiggins\/cielo\/"]}]},{"@type":"ImageObject","inLanguage":"es-CL","@id":"https:\/\/dev.explora.cl\/ohiggins\/cielo\/#primaryimage","url":"https:\/\/dev.explora.cl\/ohiggins\/wp-content\/uploads\/sites\/8\/2018\/06\/b7e22ef17b3cc57f5149029c4e1ada2c.jpg","contentUrl":"https:\/\/dev.explora.cl\/ohiggins\/wp-content\/uploads\/sites\/8\/2018\/06\/b7e22ef17b3cc57f5149029c4e1ada2c.jpg","width":500,"height":334},{"@type":"BreadcrumbList","@id":"https:\/\/dev.explora.cl\/ohiggins\/cielo\/#breadcrumb","itemListElement":[{"@type":"ListItem","position":1,"name":"Portada","item":"https:\/\/dev.explora.cl\/ohiggins\/"},{"@type":"ListItem","position":2,"name":"D\u00eda de la Astronom\u00eda: O\u2019Higgins mir\u00f3 su cielo"}]},{"@type":"WebSite","@id":"https:\/\/dev.explora.cl\/ohiggins\/#website","url":"https:\/\/dev.explora.cl\/ohiggins\/","name":"O&#039;Higgins","description":"Otro sitio m\u00e1s de dev.explora.cl","potentialAction":[{"@type":"SearchAction","target":{"@type":"EntryPoint","urlTemplate":"https:\/\/dev.explora.cl\/ohiggins\/?s={search_term_string}"},"query-input":{"@type":"PropertyValueSpecification","valueRequired":true,"valueName":"search_term_string"}}],"inLanguage":"es-CL"},{"@type":"Person","@id":"https:\/\/dev.explora.cl\/ohiggins\/#\/schema\/person\/cb8349c13ea2d324080adf8480d7ba5d","name":"webman","image":{"@type":"ImageObject","inLanguage":"es-CL","@id":"https:\/\/dev.explora.cl\/ohiggins\/#\/schema\/person\/image\/","url":"https:\/\/secure.gravatar.com\/avatar\/eeff3c82f2c02f7177d13663b7e6f890e9a6a0647ce9bb29cae02dcb094c7312?s=96&d=mm&r=g","contentUrl":"https:\/\/secure.gravatar.com\/avatar\/eeff3c82f2c02f7177d13663b7e6f890e9a6a0647ce9bb29cae02dcb094c7312?s=96&d=mm&r=g","caption":"webman"},"url":"https:\/\/dev.explora.cl\/ohiggins\/author\/webman\/"}]}},"_links":{"self":[{"href":"https:\/\/dev.explora.cl\/ohiggins\/wp-json\/wp\/v2\/posts\/32011","targetHints":{"allow":["GET"]}}],"collection":[{"href":"https:\/\/dev.explora.cl\/ohiggins\/wp-json\/wp\/v2\/posts"}],"about":[{"href":"https:\/\/dev.explora.cl\/ohiggins\/wp-json\/wp\/v2\/types\/post"}],"author":[{"embeddable":true,"href":"https:\/\/dev.explora.cl\/ohiggins\/wp-json\/wp\/v2\/users\/2"}],"replies":[{"embeddable":true,"href":"https:\/\/dev.explora.cl\/ohiggins\/wp-json\/wp\/v2\/comments?post=32011"}],"version-history":[{"count":1,"href":"https:\/\/dev.explora.cl\/ohiggins\/wp-json\/wp\/v2\/posts\/32011\/revisions"}],"predecessor-version":[{"id":37831,"href":"https:\/\/dev.explora.cl\/ohiggins\/wp-json\/wp\/v2\/posts\/32011\/revisions\/37831"}],"wp:featuredmedia":[{"embeddable":true,"href":"https:\/\/dev.explora.cl\/ohiggins\/wp-json\/wp\/v2\/media\/33799"}],"wp:attachment":[{"href":"https:\/\/dev.explora.cl\/ohiggins\/wp-json\/wp\/v2\/media?parent=32011"}],"wp:term":[{"taxonomy":"category","embeddable":true,"href":"https:\/\/dev.explora.cl\/ohiggins\/wp-json\/wp\/v2\/categories?post=32011"},{"taxonomy":"post_tag","embeddable":true,"href":"https:\/\/dev.explora.cl\/ohiggins\/wp-json\/wp\/v2\/tags?post=32011"}],"curies":[{"name":"wp","href":"https:\/\/api.w.org\/{rel}","templated":true}]}}