{"id":32001,"date":"2015-03-06T00:00:00","date_gmt":"2015-03-06T04:00:00","guid":{"rendered":"https:\/\/dev.explora.cl\/ohiggins\/blog\/2015\/03\/06\/antartica\/"},"modified":"2019-05-20T18:03:01","modified_gmt":"2019-05-20T18:03:01","slug":"antartica","status":"publish","type":"post","link":"https:\/\/dev.explora.cl\/ohiggins\/antartica\/","title":{"rendered":"Conocieron la Ant\u00e1rtica tras ganar feria cient\u00edfica"},"content":{"rendered":"<p><img loading=\"lazy\" decoding=\"async\" class=\" size-full wp-image-9254\" src=\"http:\/\/ec2-34-218-253-251.us-west-2.compute.amazonaws.com\/wp-content\/uploads\/2015\/03\/35a215ac72749676c4ee9331058ec16f.jpg\" alt=\"\" width=\"1000\" height=\"750\" \/><\/p>\n<p style=\"text-align: justify\">\u201cTodo se cumpli\u00f3: me encant\u00f3 ver nevar, ver ping\u00fcinos, ver glaciares y hacer amigos\u201d, sostuvo Natalia Salinas, estudiante del Complejo Educacional de Chimbarongo (CECH), quien junto a Catalina Quilaqueo, Bianca Inostroza y el profesor Francisco Urra, pudieron conocer la Ant\u00e1rtica tras haber ganado el \u201cPremio al Esp\u00edritu Ant\u00e1rtico\u201d en la Feria Escolar Ant\u00e1rtica (FAE) desarrollada en Punta Arenas durante 2014.<\/p>\n<p style=\"text-align: justify\">Seg\u00fan explic\u00f3 el docente, \u201chemos sido seleccionados en tres oportunidades para asistir a la FAE, en esta ocasi\u00f3n, participamos con un proyecto experimental; sin embargo m\u00e1s que la iniciativa en s\u00ed, se destac\u00f3 el taller de ciencias donde hemos trabajado en equipo y constantemente con los ni\u00f1os\u201d.<\/p>\n<p style=\"text-align: justify\">La XI Expedici\u00f3n Ant\u00e1rtica Escolar (EAE) fue realizada recientemente por el Instituto Ant\u00e1rtico Chileno (INACH) en la isla Rey; donde participaron en total 18 alumnos y profesores de Puerto Williams, Talca, Hualp\u00e9n, Valdivia, Santiago y Chimbarongo.<\/p>\n<p style=\"text-align: justify\"><img decoding=\"async\" class=\" alignleft size-full wp-image-9255\" src=\"http:\/\/ec2-34-218-253-251.us-west-2.compute.amazonaws.com\/wp-content\/uploads\/2015\/03\/antartica-nota.jpg\" border=\"0\" width=\"300\" style=\"float: left;margin: 10px\" \/>En la ocasi\u00f3n realizaron varias actividades tanto acad\u00e9micas (seminario de investigaciones ant\u00e1rticas) como de camarader\u00eda en la Base Profesor Julio Escudero INACH (Chile); adem\u00e1s de visitas a las bases Presidente Eduardo Frei (Chile), Bellingshausen (Rusia) y Great Wall (China); trabajo en terreno con investigadores brasile\u00f1os y obtenci\u00f3n de muestras de suelo en el Glaciar Collins y en las Ping\u00fcineras de la Pen\u00ednsula Ardley.<\/p>\n<p style=\"text-align: justify\">Este reconocimiento obtenido por el CECH, se sum\u00f3 al ya obtenido en la Feria Cient\u00edfico Tecnol\u00f3gica en 2014, realizado por la Universidad de Talca en Rancagua, en donde obtuvieron el 2\u00b0 lugar categor\u00eda Educaci\u00f3n Media, y a su destacada participaci\u00f3n en el Congreso Regional Escolar de CyT realizado por PAR EXPLORA O\u2019Higgins en San Fernando, en la sede UCM de esa ciudad.<\/p>\n<p style=\"text-align: justify\"><span>Fuente: INACH, Profesor Francisco Urra CECH.<\/span><span>\u00a0<\/span><\/p>\n","protected":false},"excerpt":{"rendered":"<p>\u201cTodo se cumpli\u00f3: me encant\u00f3 ver nevar, ver ping\u00fcinos, ver glaciares y hacer amigos\u201d, sostuvo Natalia Salinas, estudiante del Complejo Educacional de Chimbarongo (CECH), quien junto a Catalina Quilaqueo, Bianca Inostroza y el profesor Francisco Urra, pudieron conocer la Ant\u00e1rtica tras haber ganado el \u201cPremio al Esp\u00edritu Ant\u00e1rtico\u201d en la Feria Escolar Ant\u00e1rtica (FAE) desarrollada [&hellip;]<\/p>\n","protected":false},"author":2,"featured_media":33797,"comment_status":"open","ping_status":"open","sticky":false,"template":"","format":"standard","meta":{"_acf_changed":false,"_exactmetrics_skip_tracking":false,"_exactmetrics_sitenote_active":false,"_exactmetrics_sitenote_note":"","_exactmetrics_sitenote_category":0,"footnotes":"","_links_to":"","_links_to_target":""},"categories":[4],"tags":[],"class_list":["post-32001","post","type-post","status-publish","format-standard","has-post-thumbnail","hentry","category-noticias"],"acf":[],"yoast_head":"<!-- This site is optimized with the Yoast SEO plugin v26.7 - https:\/\/yoast.com\/wordpress\/plugins\/seo\/ -->\n<title>Conocieron la Ant\u00e1rtica tras ganar feria cient\u00edfica - O&#039;Higgins<\/title>\n<meta name=\"robots\" content=\"index, follow, max-snippet:-1, max-image-preview:large, max-video-preview:-1\" \/>\n<link rel=\"canonical\" href=\"https:\/\/dev.explora.cl\/ohiggins\/antartica\/\" class=\"yoast-seo-meta-tag\" \/>\n<meta property=\"og:locale\" content=\"es_ES\" class=\"yoast-seo-meta-tag\" \/>\n<meta property=\"og:type\" content=\"article\" class=\"yoast-seo-meta-tag\" \/>\n<meta property=\"og:title\" content=\"Conocieron la Ant\u00e1rtica tras ganar feria cient\u00edfica - O&#039;Higgins\" class=\"yoast-seo-meta-tag\" \/>\n<meta property=\"og:description\" content=\"\u201cTodo se cumpli\u00f3: me encant\u00f3 ver nevar, ver ping\u00fcinos, ver glaciares y hacer amigos\u201d, sostuvo Natalia Salinas, estudiante del Complejo Educacional de Chimbarongo (CECH), quien junto a Catalina Quilaqueo, Bianca Inostroza y el profesor Francisco Urra, pudieron conocer la Ant\u00e1rtica tras haber ganado el \u201cPremio al Esp\u00edritu Ant\u00e1rtico\u201d en la Feria Escolar Ant\u00e1rtica (FAE) desarrollada [&hellip;]\" class=\"yoast-seo-meta-tag\" \/>\n<meta property=\"og:url\" content=\"https:\/\/dev.explora.cl\/ohiggins\/antartica\/\" class=\"yoast-seo-meta-tag\" \/>\n<meta property=\"og:site_name\" content=\"O&#039;Higgins\" class=\"yoast-seo-meta-tag\" \/>\n<meta property=\"article:published_time\" content=\"2015-03-06T04:00:00+00:00\" class=\"yoast-seo-meta-tag\" \/>\n<meta property=\"article:modified_time\" content=\"2019-05-20T18:03:01+00:00\" class=\"yoast-seo-meta-tag\" \/>\n<meta property=\"og:image\" content=\"https:\/\/dev.explora.cl\/ohiggins\/wp-content\/uploads\/sites\/8\/2018\/06\/35a215ac72749676c4ee9331058ec16f.jpg\" class=\"yoast-seo-meta-tag\" \/>\n\t<meta property=\"og:image:width\" content=\"1000\" class=\"yoast-seo-meta-tag\" \/>\n\t<meta property=\"og:image:height\" content=\"750\" class=\"yoast-seo-meta-tag\" \/>\n\t<meta property=\"og:image:type\" content=\"image\/jpeg\" class=\"yoast-seo-meta-tag\" \/>\n<meta name=\"author\" content=\"webman\" class=\"yoast-seo-meta-tag\" \/>\n<meta name=\"twitter:card\" content=\"summary_large_image\" class=\"yoast-seo-meta-tag\" \/>\n<meta name=\"twitter:label1\" content=\"Escrito por\" class=\"yoast-seo-meta-tag\" \/>\n\t<meta name=\"twitter:data1\" content=\"webman\" class=\"yoast-seo-meta-tag\" \/>\n\t<meta name=\"twitter:label2\" content=\"Tiempo estimado de lectura\" class=\"yoast-seo-meta-tag\" \/>\n\t<meta name=\"twitter:data2\" content=\"1 minuto\" class=\"yoast-seo-meta-tag\" \/>\n<script type=\"application\/ld+json\" class=\"yoast-schema-graph\">{\"@context\":\"https:\/\/schema.org\",\"@graph\":[{\"@type\":\"Article\",\"@id\":\"https:\/\/dev.explora.cl\/ohiggins\/antartica\/#article\",\"isPartOf\":{\"@id\":\"https:\/\/dev.explora.cl\/ohiggins\/antartica\/\"},\"author\":{\"name\":\"webman\",\"@id\":\"https:\/\/dev.explora.cl\/ohiggins\/#\/schema\/person\/cb8349c13ea2d324080adf8480d7ba5d\"},\"headline\":\"Conocieron la Ant\u00e1rtica tras ganar feria cient\u00edfica\",\"datePublished\":\"2015-03-06T04:00:00+00:00\",\"dateModified\":\"2019-05-20T18:03:01+00:00\",\"mainEntityOfPage\":{\"@id\":\"https:\/\/dev.explora.cl\/ohiggins\/antartica\/\"},\"wordCount\":307,\"commentCount\":0,\"image\":{\"@id\":\"https:\/\/dev.explora.cl\/ohiggins\/antartica\/#primaryimage\"},\"thumbnailUrl\":\"https:\/\/dev.explora.cl\/ohiggins\/wp-content\/uploads\/sites\/8\/2018\/06\/35a215ac72749676c4ee9331058ec16f.jpg\",\"articleSection\":[\"Noticias\"],\"inLanguage\":\"es-CL\",\"potentialAction\":[{\"@type\":\"CommentAction\",\"name\":\"Comment\",\"target\":[\"https:\/\/dev.explora.cl\/ohiggins\/antartica\/#respond\"]}]},{\"@type\":\"WebPage\",\"@id\":\"https:\/\/dev.explora.cl\/ohiggins\/antartica\/\",\"url\":\"https:\/\/dev.explora.cl\/ohiggins\/antartica\/\",\"name\":\"Conocieron la Ant\u00e1rtica tras ganar feria cient\u00edfica - O&#039;Higgins\",\"isPartOf\":{\"@id\":\"https:\/\/dev.explora.cl\/ohiggins\/#website\"},\"primaryImageOfPage\":{\"@id\":\"https:\/\/dev.explora.cl\/ohiggins\/antartica\/#primaryimage\"},\"image\":{\"@id\":\"https:\/\/dev.explora.cl\/ohiggins\/antartica\/#primaryimage\"},\"thumbnailUrl\":\"https:\/\/dev.explora.cl\/ohiggins\/wp-content\/uploads\/sites\/8\/2018\/06\/35a215ac72749676c4ee9331058ec16f.jpg\",\"datePublished\":\"2015-03-06T04:00:00+00:00\",\"dateModified\":\"2019-05-20T18:03:01+00:00\",\"author\":{\"@id\":\"https:\/\/dev.explora.cl\/ohiggins\/#\/schema\/person\/cb8349c13ea2d324080adf8480d7ba5d\"},\"breadcrumb\":{\"@id\":\"https:\/\/dev.explora.cl\/ohiggins\/antartica\/#breadcrumb\"},\"inLanguage\":\"es-CL\",\"potentialAction\":[{\"@type\":\"ReadAction\",\"target\":[\"https:\/\/dev.explora.cl\/ohiggins\/antartica\/\"]}]},{\"@type\":\"ImageObject\",\"inLanguage\":\"es-CL\",\"@id\":\"https:\/\/dev.explora.cl\/ohiggins\/antartica\/#primaryimage\",\"url\":\"https:\/\/dev.explora.cl\/ohiggins\/wp-content\/uploads\/sites\/8\/2018\/06\/35a215ac72749676c4ee9331058ec16f.jpg\",\"contentUrl\":\"https:\/\/dev.explora.cl\/ohiggins\/wp-content\/uploads\/sites\/8\/2018\/06\/35a215ac72749676c4ee9331058ec16f.jpg\",\"width\":1000,\"height\":750},{\"@type\":\"BreadcrumbList\",\"@id\":\"https:\/\/dev.explora.cl\/ohiggins\/antartica\/#breadcrumb\",\"itemListElement\":[{\"@type\":\"ListItem\",\"position\":1,\"name\":\"Portada\",\"item\":\"https:\/\/dev.explora.cl\/ohiggins\/\"},{\"@type\":\"ListItem\",\"position\":2,\"name\":\"Conocieron la Ant\u00e1rtica tras ganar feria cient\u00edfica\"}]},{\"@type\":\"WebSite\",\"@id\":\"https:\/\/dev.explora.cl\/ohiggins\/#website\",\"url\":\"https:\/\/dev.explora.cl\/ohiggins\/\",\"name\":\"O&#039;Higgins\",\"description\":\"Otro sitio m\u00e1s de dev.explora.cl\",\"potentialAction\":[{\"@type\":\"SearchAction\",\"target\":{\"@type\":\"EntryPoint\",\"urlTemplate\":\"https:\/\/dev.explora.cl\/ohiggins\/?s={search_term_string}\"},\"query-input\":{\"@type\":\"PropertyValueSpecification\",\"valueRequired\":true,\"valueName\":\"search_term_string\"}}],\"inLanguage\":\"es-CL\"},{\"@type\":\"Person\",\"@id\":\"https:\/\/dev.explora.cl\/ohiggins\/#\/schema\/person\/cb8349c13ea2d324080adf8480d7ba5d\",\"name\":\"webman\",\"image\":{\"@type\":\"ImageObject\",\"inLanguage\":\"es-CL\",\"@id\":\"https:\/\/dev.explora.cl\/ohiggins\/#\/schema\/person\/image\/\",\"url\":\"https:\/\/secure.gravatar.com\/avatar\/eeff3c82f2c02f7177d13663b7e6f890e9a6a0647ce9bb29cae02dcb094c7312?s=96&d=mm&r=g\",\"contentUrl\":\"https:\/\/secure.gravatar.com\/avatar\/eeff3c82f2c02f7177d13663b7e6f890e9a6a0647ce9bb29cae02dcb094c7312?s=96&d=mm&r=g\",\"caption\":\"webman\"},\"url\":\"https:\/\/dev.explora.cl\/ohiggins\/author\/webman\/\"}]}<\/script>\n<!-- \/ Yoast SEO plugin. -->","yoast_head_json":{"title":"Conocieron la Ant\u00e1rtica tras ganar feria cient\u00edfica - O&#039;Higgins","robots":{"index":"index","follow":"follow","max-snippet":"max-snippet:-1","max-image-preview":"max-image-preview:large","max-video-preview":"max-video-preview:-1"},"canonical":"https:\/\/dev.explora.cl\/ohiggins\/antartica\/","og_locale":"es_ES","og_type":"article","og_title":"Conocieron la Ant\u00e1rtica tras ganar feria cient\u00edfica - O&#039;Higgins","og_description":"\u201cTodo se cumpli\u00f3: me encant\u00f3 ver nevar, ver ping\u00fcinos, ver glaciares y hacer amigos\u201d, sostuvo Natalia Salinas, estudiante del Complejo Educacional de Chimbarongo (CECH), quien junto a Catalina Quilaqueo, Bianca Inostroza y el profesor Francisco Urra, pudieron conocer la Ant\u00e1rtica tras haber ganado el \u201cPremio al Esp\u00edritu Ant\u00e1rtico\u201d en la Feria Escolar Ant\u00e1rtica (FAE) desarrollada [&hellip;]","og_url":"https:\/\/dev.explora.cl\/ohiggins\/antartica\/","og_site_name":"O&#039;Higgins","article_published_time":"2015-03-06T04:00:00+00:00","article_modified_time":"2019-05-20T18:03:01+00:00","og_image":[{"width":1000,"height":750,"url":"https:\/\/dev.explora.cl\/ohiggins\/wp-content\/uploads\/sites\/8\/2018\/06\/35a215ac72749676c4ee9331058ec16f.jpg","type":"image\/jpeg"}],"author":"webman","twitter_card":"summary_large_image","twitter_misc":{"Escrito por":"webman","Tiempo estimado de lectura":"1 minuto"},"schema":{"@context":"https:\/\/schema.org","@graph":[{"@type":"Article","@id":"https:\/\/dev.explora.cl\/ohiggins\/antartica\/#article","isPartOf":{"@id":"https:\/\/dev.explora.cl\/ohiggins\/antartica\/"},"author":{"name":"webman","@id":"https:\/\/dev.explora.cl\/ohiggins\/#\/schema\/person\/cb8349c13ea2d324080adf8480d7ba5d"},"headline":"Conocieron la Ant\u00e1rtica tras ganar feria cient\u00edfica","datePublished":"2015-03-06T04:00:00+00:00","dateModified":"2019-05-20T18:03:01+00:00","mainEntityOfPage":{"@id":"https:\/\/dev.explora.cl\/ohiggins\/antartica\/"},"wordCount":307,"commentCount":0,"image":{"@id":"https:\/\/dev.explora.cl\/ohiggins\/antartica\/#primaryimage"},"thumbnailUrl":"https:\/\/dev.explora.cl\/ohiggins\/wp-content\/uploads\/sites\/8\/2018\/06\/35a215ac72749676c4ee9331058ec16f.jpg","articleSection":["Noticias"],"inLanguage":"es-CL","potentialAction":[{"@type":"CommentAction","name":"Comment","target":["https:\/\/dev.explora.cl\/ohiggins\/antartica\/#respond"]}]},{"@type":"WebPage","@id":"https:\/\/dev.explora.cl\/ohiggins\/antartica\/","url":"https:\/\/dev.explora.cl\/ohiggins\/antartica\/","name":"Conocieron la Ant\u00e1rtica tras ganar feria cient\u00edfica - O&#039;Higgins","isPartOf":{"@id":"https:\/\/dev.explora.cl\/ohiggins\/#website"},"primaryImageOfPage":{"@id":"https:\/\/dev.explora.cl\/ohiggins\/antartica\/#primaryimage"},"image":{"@id":"https:\/\/dev.explora.cl\/ohiggins\/antartica\/#primaryimage"},"thumbnailUrl":"https:\/\/dev.explora.cl\/ohiggins\/wp-content\/uploads\/sites\/8\/2018\/06\/35a215ac72749676c4ee9331058ec16f.jpg","datePublished":"2015-03-06T04:00:00+00:00","dateModified":"2019-05-20T18:03:01+00:00","author":{"@id":"https:\/\/dev.explora.cl\/ohiggins\/#\/schema\/person\/cb8349c13ea2d324080adf8480d7ba5d"},"breadcrumb":{"@id":"https:\/\/dev.explora.cl\/ohiggins\/antartica\/#breadcrumb"},"inLanguage":"es-CL","potentialAction":[{"@type":"ReadAction","target":["https:\/\/dev.explora.cl\/ohiggins\/antartica\/"]}]},{"@type":"ImageObject","inLanguage":"es-CL","@id":"https:\/\/dev.explora.cl\/ohiggins\/antartica\/#primaryimage","url":"https:\/\/dev.explora.cl\/ohiggins\/wp-content\/uploads\/sites\/8\/2018\/06\/35a215ac72749676c4ee9331058ec16f.jpg","contentUrl":"https:\/\/dev.explora.cl\/ohiggins\/wp-content\/uploads\/sites\/8\/2018\/06\/35a215ac72749676c4ee9331058ec16f.jpg","width":1000,"height":750},{"@type":"BreadcrumbList","@id":"https:\/\/dev.explora.cl\/ohiggins\/antartica\/#breadcrumb","itemListElement":[{"@type":"ListItem","position":1,"name":"Portada","item":"https:\/\/dev.explora.cl\/ohiggins\/"},{"@type":"ListItem","position":2,"name":"Conocieron la Ant\u00e1rtica tras ganar feria cient\u00edfica"}]},{"@type":"WebSite","@id":"https:\/\/dev.explora.cl\/ohiggins\/#website","url":"https:\/\/dev.explora.cl\/ohiggins\/","name":"O&#039;Higgins","description":"Otro sitio m\u00e1s de dev.explora.cl","potentialAction":[{"@type":"SearchAction","target":{"@type":"EntryPoint","urlTemplate":"https:\/\/dev.explora.cl\/ohiggins\/?s={search_term_string}"},"query-input":{"@type":"PropertyValueSpecification","valueRequired":true,"valueName":"search_term_string"}}],"inLanguage":"es-CL"},{"@type":"Person","@id":"https:\/\/dev.explora.cl\/ohiggins\/#\/schema\/person\/cb8349c13ea2d324080adf8480d7ba5d","name":"webman","image":{"@type":"ImageObject","inLanguage":"es-CL","@id":"https:\/\/dev.explora.cl\/ohiggins\/#\/schema\/person\/image\/","url":"https:\/\/secure.gravatar.com\/avatar\/eeff3c82f2c02f7177d13663b7e6f890e9a6a0647ce9bb29cae02dcb094c7312?s=96&d=mm&r=g","contentUrl":"https:\/\/secure.gravatar.com\/avatar\/eeff3c82f2c02f7177d13663b7e6f890e9a6a0647ce9bb29cae02dcb094c7312?s=96&d=mm&r=g","caption":"webman"},"url":"https:\/\/dev.explora.cl\/ohiggins\/author\/webman\/"}]}},"_links":{"self":[{"href":"https:\/\/dev.explora.cl\/ohiggins\/wp-json\/wp\/v2\/posts\/32001","targetHints":{"allow":["GET"]}}],"collection":[{"href":"https:\/\/dev.explora.cl\/ohiggins\/wp-json\/wp\/v2\/posts"}],"about":[{"href":"https:\/\/dev.explora.cl\/ohiggins\/wp-json\/wp\/v2\/types\/post"}],"author":[{"embeddable":true,"href":"https:\/\/dev.explora.cl\/ohiggins\/wp-json\/wp\/v2\/users\/2"}],"replies":[{"embeddable":true,"href":"https:\/\/dev.explora.cl\/ohiggins\/wp-json\/wp\/v2\/comments?post=32001"}],"version-history":[{"count":1,"href":"https:\/\/dev.explora.cl\/ohiggins\/wp-json\/wp\/v2\/posts\/32001\/revisions"}],"predecessor-version":[{"id":37835,"href":"https:\/\/dev.explora.cl\/ohiggins\/wp-json\/wp\/v2\/posts\/32001\/revisions\/37835"}],"wp:featuredmedia":[{"embeddable":true,"href":"https:\/\/dev.explora.cl\/ohiggins\/wp-json\/wp\/v2\/media\/33797"}],"wp:attachment":[{"href":"https:\/\/dev.explora.cl\/ohiggins\/wp-json\/wp\/v2\/media?parent=32001"}],"wp:term":[{"taxonomy":"category","embeddable":true,"href":"https:\/\/dev.explora.cl\/ohiggins\/wp-json\/wp\/v2\/categories?post=32001"},{"taxonomy":"post_tag","embeddable":true,"href":"https:\/\/dev.explora.cl\/ohiggins\/wp-json\/wp\/v2\/tags?post=32001"}],"curies":[{"name":"wp","href":"https:\/\/api.w.org\/{rel}","templated":true}]}}