{"id":31999,"date":"2015-03-05T00:00:00","date_gmt":"2015-03-05T04:00:00","guid":{"rendered":"https:\/\/dev.explora.cl\/ohiggins\/blog\/2015\/03\/05\/ilumina\/"},"modified":"2019-05-20T18:03:02","modified_gmt":"2019-05-20T18:03:02","slug":"ilumina","status":"publish","type":"post","link":"https:\/\/dev.explora.cl\/ohiggins\/ilumina\/","title":{"rendered":"Tema del a\u00f1o 2015: Conocer Ilumina"},"content":{"rendered":"<p><img loading=\"lazy\" decoding=\"async\" class=\" size-full wp-image-9241\" src=\"http:\/\/ec2-34-218-253-251.us-west-2.compute.amazonaws.com\/wp-content\/uploads\/2015\/03\/49919e6dcbcff5310b927dee980853ee.jpg\" alt=\"\" width=\"900\" height=\"1209\" \/><\/p>\n<p style=\"text-align: justify\">PAR EXPLORA O\u2019Higgins, ejecutado por UC del Maule, se suma a la iniciativa nacional del Programa EXPLORA CONICYT, de desarrollar durante 2015 el tema<a href=\"participacion-nacional\/3940-tema-del-ano-2015-luz-y-vida\"> \u201cConocer Ilumina\u201d<\/a>, en nuestras actividades de difusi\u00f3n cient\u00edfica que estamos retomando durante este mes.<\/p>\n<p style=\"text-align: justify\">El objetivo, es comunicar la importancia que tiene la luz para el surgimiento y conservaci\u00f3n de la vida y el papel fundamental que juega en la evoluci\u00f3n cultural y social de la humanidad, seg\u00fan inform\u00f3 el Programa EXPLORA CONICYT.<\/p>\n<p style=\"text-align: justify\">As\u00ed, nuestra primera actividad ser\u00e1 la celebraci\u00f3n del <a href=\"lista-eventos-nacional\/1271-dia-de-la-astronomia\">D\u00eda de la Astronom\u00eda<\/a> este 20 de marzo en San Fernando, para continuar el 26 del mismo mes con la inauguraci\u00f3n de la <a href=\"lista-eventos-nacional\/1272-muestra-itinerante-gonfoterios\">muestra de Gonfoterios<\/a> en San Vicente.<\/p>\n<p style=\"text-align: justify\">El PAR se suma al A\u00f1o Internacional de la Luz, convocado por la Organizaci\u00f3n de las Naciones Unidas -ONU-, instituci\u00f3n que releva &#8220;la importancia de las tecnolog\u00edas basadas en la luz que pueden promover el desarrollo sostenible y ofrecer soluciones a los problemas mundiales sobre energ\u00eda, educaci\u00f3n, agricultura y salud&#8221;.<\/p>\n<p style=\"text-align: justify\">Fuente Programa EXPLORA CONICYT<\/p>\n","protected":false},"excerpt":{"rendered":"<p>PAR EXPLORA O\u2019Higgins, ejecutado por UC del Maule, se suma a la iniciativa nacional del Programa EXPLORA CONICYT, de desarrollar durante 2015 el tema \u201cConocer Ilumina\u201d, en nuestras actividades de difusi\u00f3n cient\u00edfica que estamos retomando durante este mes. El objetivo, es comunicar la importancia que tiene la luz para el surgimiento y conservaci\u00f3n de la [&hellip;]<\/p>\n","protected":false},"author":2,"featured_media":33796,"comment_status":"open","ping_status":"open","sticky":false,"template":"","format":"standard","meta":{"_acf_changed":false,"_exactmetrics_skip_tracking":false,"_exactmetrics_sitenote_active":false,"_exactmetrics_sitenote_note":"","_exactmetrics_sitenote_category":0,"footnotes":"","_links_to":"","_links_to_target":""},"categories":[4],"tags":[],"class_list":["post-31999","post","type-post","status-publish","format-standard","has-post-thumbnail","hentry","category-noticias"],"acf":[],"yoast_head":"<!-- This site is optimized with the Yoast SEO plugin v26.7 - https:\/\/yoast.com\/wordpress\/plugins\/seo\/ -->\n<title>Tema del a\u00f1o 2015: Conocer Ilumina - O&#039;Higgins<\/title>\n<meta name=\"robots\" content=\"index, follow, max-snippet:-1, max-image-preview:large, max-video-preview:-1\" \/>\n<link rel=\"canonical\" href=\"https:\/\/dev.explora.cl\/ohiggins\/ilumina\/\" class=\"yoast-seo-meta-tag\" \/>\n<meta property=\"og:locale\" content=\"es_ES\" class=\"yoast-seo-meta-tag\" \/>\n<meta property=\"og:type\" content=\"article\" class=\"yoast-seo-meta-tag\" \/>\n<meta property=\"og:title\" content=\"Tema del a\u00f1o 2015: Conocer Ilumina - O&#039;Higgins\" class=\"yoast-seo-meta-tag\" \/>\n<meta property=\"og:description\" content=\"PAR EXPLORA O\u2019Higgins, ejecutado por UC del Maule, se suma a la iniciativa nacional del Programa EXPLORA CONICYT, de desarrollar durante 2015 el tema \u201cConocer Ilumina\u201d, en nuestras actividades de difusi\u00f3n cient\u00edfica que estamos retomando durante este mes. El objetivo, es comunicar la importancia que tiene la luz para el surgimiento y conservaci\u00f3n de la [&hellip;]\" class=\"yoast-seo-meta-tag\" \/>\n<meta property=\"og:url\" content=\"https:\/\/dev.explora.cl\/ohiggins\/ilumina\/\" class=\"yoast-seo-meta-tag\" \/>\n<meta property=\"og:site_name\" content=\"O&#039;Higgins\" class=\"yoast-seo-meta-tag\" \/>\n<meta property=\"article:published_time\" content=\"2015-03-05T04:00:00+00:00\" class=\"yoast-seo-meta-tag\" \/>\n<meta property=\"article:modified_time\" content=\"2019-05-20T18:03:02+00:00\" class=\"yoast-seo-meta-tag\" \/>\n<meta property=\"og:image\" content=\"https:\/\/dev.explora.cl\/ohiggins\/wp-content\/uploads\/sites\/8\/2018\/06\/49919e6dcbcff5310b927dee980853ee.jpg\" class=\"yoast-seo-meta-tag\" \/>\n\t<meta property=\"og:image:width\" content=\"900\" class=\"yoast-seo-meta-tag\" \/>\n\t<meta property=\"og:image:height\" content=\"1209\" class=\"yoast-seo-meta-tag\" \/>\n\t<meta property=\"og:image:type\" content=\"image\/jpeg\" class=\"yoast-seo-meta-tag\" \/>\n<meta name=\"author\" content=\"webman\" class=\"yoast-seo-meta-tag\" \/>\n<meta name=\"twitter:card\" content=\"summary_large_image\" class=\"yoast-seo-meta-tag\" \/>\n<meta name=\"twitter:label1\" content=\"Escrito por\" class=\"yoast-seo-meta-tag\" \/>\n\t<meta name=\"twitter:data1\" content=\"webman\" class=\"yoast-seo-meta-tag\" \/>\n\t<meta name=\"twitter:label2\" content=\"Tiempo estimado de lectura\" class=\"yoast-seo-meta-tag\" \/>\n\t<meta name=\"twitter:data2\" content=\"1 minuto\" class=\"yoast-seo-meta-tag\" \/>\n<script type=\"application\/ld+json\" class=\"yoast-schema-graph\">{\"@context\":\"https:\/\/schema.org\",\"@graph\":[{\"@type\":\"Article\",\"@id\":\"https:\/\/dev.explora.cl\/ohiggins\/ilumina\/#article\",\"isPartOf\":{\"@id\":\"https:\/\/dev.explora.cl\/ohiggins\/ilumina\/\"},\"author\":{\"name\":\"webman\",\"@id\":\"https:\/\/dev.explora.cl\/ohiggins\/#\/schema\/person\/cb8349c13ea2d324080adf8480d7ba5d\"},\"headline\":\"Tema del a\u00f1o 2015: Conocer Ilumina\",\"datePublished\":\"2015-03-05T04:00:00+00:00\",\"dateModified\":\"2019-05-20T18:03:02+00:00\",\"mainEntityOfPage\":{\"@id\":\"https:\/\/dev.explora.cl\/ohiggins\/ilumina\/\"},\"wordCount\":187,\"commentCount\":0,\"image\":{\"@id\":\"https:\/\/dev.explora.cl\/ohiggins\/ilumina\/#primaryimage\"},\"thumbnailUrl\":\"https:\/\/dev.explora.cl\/ohiggins\/wp-content\/uploads\/sites\/8\/2018\/06\/49919e6dcbcff5310b927dee980853ee.jpg\",\"articleSection\":[\"Noticias\"],\"inLanguage\":\"es-CL\",\"potentialAction\":[{\"@type\":\"CommentAction\",\"name\":\"Comment\",\"target\":[\"https:\/\/dev.explora.cl\/ohiggins\/ilumina\/#respond\"]}]},{\"@type\":\"WebPage\",\"@id\":\"https:\/\/dev.explora.cl\/ohiggins\/ilumina\/\",\"url\":\"https:\/\/dev.explora.cl\/ohiggins\/ilumina\/\",\"name\":\"Tema del a\u00f1o 2015: Conocer Ilumina - O&#039;Higgins\",\"isPartOf\":{\"@id\":\"https:\/\/dev.explora.cl\/ohiggins\/#website\"},\"primaryImageOfPage\":{\"@id\":\"https:\/\/dev.explora.cl\/ohiggins\/ilumina\/#primaryimage\"},\"image\":{\"@id\":\"https:\/\/dev.explora.cl\/ohiggins\/ilumina\/#primaryimage\"},\"thumbnailUrl\":\"https:\/\/dev.explora.cl\/ohiggins\/wp-content\/uploads\/sites\/8\/2018\/06\/49919e6dcbcff5310b927dee980853ee.jpg\",\"datePublished\":\"2015-03-05T04:00:00+00:00\",\"dateModified\":\"2019-05-20T18:03:02+00:00\",\"author\":{\"@id\":\"https:\/\/dev.explora.cl\/ohiggins\/#\/schema\/person\/cb8349c13ea2d324080adf8480d7ba5d\"},\"breadcrumb\":{\"@id\":\"https:\/\/dev.explora.cl\/ohiggins\/ilumina\/#breadcrumb\"},\"inLanguage\":\"es-CL\",\"potentialAction\":[{\"@type\":\"ReadAction\",\"target\":[\"https:\/\/dev.explora.cl\/ohiggins\/ilumina\/\"]}]},{\"@type\":\"ImageObject\",\"inLanguage\":\"es-CL\",\"@id\":\"https:\/\/dev.explora.cl\/ohiggins\/ilumina\/#primaryimage\",\"url\":\"https:\/\/dev.explora.cl\/ohiggins\/wp-content\/uploads\/sites\/8\/2018\/06\/49919e6dcbcff5310b927dee980853ee.jpg\",\"contentUrl\":\"https:\/\/dev.explora.cl\/ohiggins\/wp-content\/uploads\/sites\/8\/2018\/06\/49919e6dcbcff5310b927dee980853ee.jpg\",\"width\":900,\"height\":1209},{\"@type\":\"BreadcrumbList\",\"@id\":\"https:\/\/dev.explora.cl\/ohiggins\/ilumina\/#breadcrumb\",\"itemListElement\":[{\"@type\":\"ListItem\",\"position\":1,\"name\":\"Portada\",\"item\":\"https:\/\/dev.explora.cl\/ohiggins\/\"},{\"@type\":\"ListItem\",\"position\":2,\"name\":\"Tema del a\u00f1o 2015: Conocer Ilumina\"}]},{\"@type\":\"WebSite\",\"@id\":\"https:\/\/dev.explora.cl\/ohiggins\/#website\",\"url\":\"https:\/\/dev.explora.cl\/ohiggins\/\",\"name\":\"O&#039;Higgins\",\"description\":\"Otro sitio m\u00e1s de dev.explora.cl\",\"potentialAction\":[{\"@type\":\"SearchAction\",\"target\":{\"@type\":\"EntryPoint\",\"urlTemplate\":\"https:\/\/dev.explora.cl\/ohiggins\/?s={search_term_string}\"},\"query-input\":{\"@type\":\"PropertyValueSpecification\",\"valueRequired\":true,\"valueName\":\"search_term_string\"}}],\"inLanguage\":\"es-CL\"},{\"@type\":\"Person\",\"@id\":\"https:\/\/dev.explora.cl\/ohiggins\/#\/schema\/person\/cb8349c13ea2d324080adf8480d7ba5d\",\"name\":\"webman\",\"image\":{\"@type\":\"ImageObject\",\"inLanguage\":\"es-CL\",\"@id\":\"https:\/\/dev.explora.cl\/ohiggins\/#\/schema\/person\/image\/\",\"url\":\"https:\/\/secure.gravatar.com\/avatar\/eeff3c82f2c02f7177d13663b7e6f890e9a6a0647ce9bb29cae02dcb094c7312?s=96&d=mm&r=g\",\"contentUrl\":\"https:\/\/secure.gravatar.com\/avatar\/eeff3c82f2c02f7177d13663b7e6f890e9a6a0647ce9bb29cae02dcb094c7312?s=96&d=mm&r=g\",\"caption\":\"webman\"},\"url\":\"https:\/\/dev.explora.cl\/ohiggins\/author\/webman\/\"}]}<\/script>\n<!-- \/ Yoast SEO plugin. -->","yoast_head_json":{"title":"Tema del a\u00f1o 2015: Conocer Ilumina - O&#039;Higgins","robots":{"index":"index","follow":"follow","max-snippet":"max-snippet:-1","max-image-preview":"max-image-preview:large","max-video-preview":"max-video-preview:-1"},"canonical":"https:\/\/dev.explora.cl\/ohiggins\/ilumina\/","og_locale":"es_ES","og_type":"article","og_title":"Tema del a\u00f1o 2015: Conocer Ilumina - O&#039;Higgins","og_description":"PAR EXPLORA O\u2019Higgins, ejecutado por UC del Maule, se suma a la iniciativa nacional del Programa EXPLORA CONICYT, de desarrollar durante 2015 el tema \u201cConocer Ilumina\u201d, en nuestras actividades de difusi\u00f3n cient\u00edfica que estamos retomando durante este mes. El objetivo, es comunicar la importancia que tiene la luz para el surgimiento y conservaci\u00f3n de la [&hellip;]","og_url":"https:\/\/dev.explora.cl\/ohiggins\/ilumina\/","og_site_name":"O&#039;Higgins","article_published_time":"2015-03-05T04:00:00+00:00","article_modified_time":"2019-05-20T18:03:02+00:00","og_image":[{"width":900,"height":1209,"url":"https:\/\/dev.explora.cl\/ohiggins\/wp-content\/uploads\/sites\/8\/2018\/06\/49919e6dcbcff5310b927dee980853ee.jpg","type":"image\/jpeg"}],"author":"webman","twitter_card":"summary_large_image","twitter_misc":{"Escrito por":"webman","Tiempo estimado de lectura":"1 minuto"},"schema":{"@context":"https:\/\/schema.org","@graph":[{"@type":"Article","@id":"https:\/\/dev.explora.cl\/ohiggins\/ilumina\/#article","isPartOf":{"@id":"https:\/\/dev.explora.cl\/ohiggins\/ilumina\/"},"author":{"name":"webman","@id":"https:\/\/dev.explora.cl\/ohiggins\/#\/schema\/person\/cb8349c13ea2d324080adf8480d7ba5d"},"headline":"Tema del a\u00f1o 2015: Conocer Ilumina","datePublished":"2015-03-05T04:00:00+00:00","dateModified":"2019-05-20T18:03:02+00:00","mainEntityOfPage":{"@id":"https:\/\/dev.explora.cl\/ohiggins\/ilumina\/"},"wordCount":187,"commentCount":0,"image":{"@id":"https:\/\/dev.explora.cl\/ohiggins\/ilumina\/#primaryimage"},"thumbnailUrl":"https:\/\/dev.explora.cl\/ohiggins\/wp-content\/uploads\/sites\/8\/2018\/06\/49919e6dcbcff5310b927dee980853ee.jpg","articleSection":["Noticias"],"inLanguage":"es-CL","potentialAction":[{"@type":"CommentAction","name":"Comment","target":["https:\/\/dev.explora.cl\/ohiggins\/ilumina\/#respond"]}]},{"@type":"WebPage","@id":"https:\/\/dev.explora.cl\/ohiggins\/ilumina\/","url":"https:\/\/dev.explora.cl\/ohiggins\/ilumina\/","name":"Tema del a\u00f1o 2015: Conocer Ilumina - O&#039;Higgins","isPartOf":{"@id":"https:\/\/dev.explora.cl\/ohiggins\/#website"},"primaryImageOfPage":{"@id":"https:\/\/dev.explora.cl\/ohiggins\/ilumina\/#primaryimage"},"image":{"@id":"https:\/\/dev.explora.cl\/ohiggins\/ilumina\/#primaryimage"},"thumbnailUrl":"https:\/\/dev.explora.cl\/ohiggins\/wp-content\/uploads\/sites\/8\/2018\/06\/49919e6dcbcff5310b927dee980853ee.jpg","datePublished":"2015-03-05T04:00:00+00:00","dateModified":"2019-05-20T18:03:02+00:00","author":{"@id":"https:\/\/dev.explora.cl\/ohiggins\/#\/schema\/person\/cb8349c13ea2d324080adf8480d7ba5d"},"breadcrumb":{"@id":"https:\/\/dev.explora.cl\/ohiggins\/ilumina\/#breadcrumb"},"inLanguage":"es-CL","potentialAction":[{"@type":"ReadAction","target":["https:\/\/dev.explora.cl\/ohiggins\/ilumina\/"]}]},{"@type":"ImageObject","inLanguage":"es-CL","@id":"https:\/\/dev.explora.cl\/ohiggins\/ilumina\/#primaryimage","url":"https:\/\/dev.explora.cl\/ohiggins\/wp-content\/uploads\/sites\/8\/2018\/06\/49919e6dcbcff5310b927dee980853ee.jpg","contentUrl":"https:\/\/dev.explora.cl\/ohiggins\/wp-content\/uploads\/sites\/8\/2018\/06\/49919e6dcbcff5310b927dee980853ee.jpg","width":900,"height":1209},{"@type":"BreadcrumbList","@id":"https:\/\/dev.explora.cl\/ohiggins\/ilumina\/#breadcrumb","itemListElement":[{"@type":"ListItem","position":1,"name":"Portada","item":"https:\/\/dev.explora.cl\/ohiggins\/"},{"@type":"ListItem","position":2,"name":"Tema del a\u00f1o 2015: Conocer Ilumina"}]},{"@type":"WebSite","@id":"https:\/\/dev.explora.cl\/ohiggins\/#website","url":"https:\/\/dev.explora.cl\/ohiggins\/","name":"O&#039;Higgins","description":"Otro sitio m\u00e1s de dev.explora.cl","potentialAction":[{"@type":"SearchAction","target":{"@type":"EntryPoint","urlTemplate":"https:\/\/dev.explora.cl\/ohiggins\/?s={search_term_string}"},"query-input":{"@type":"PropertyValueSpecification","valueRequired":true,"valueName":"search_term_string"}}],"inLanguage":"es-CL"},{"@type":"Person","@id":"https:\/\/dev.explora.cl\/ohiggins\/#\/schema\/person\/cb8349c13ea2d324080adf8480d7ba5d","name":"webman","image":{"@type":"ImageObject","inLanguage":"es-CL","@id":"https:\/\/dev.explora.cl\/ohiggins\/#\/schema\/person\/image\/","url":"https:\/\/secure.gravatar.com\/avatar\/eeff3c82f2c02f7177d13663b7e6f890e9a6a0647ce9bb29cae02dcb094c7312?s=96&d=mm&r=g","contentUrl":"https:\/\/secure.gravatar.com\/avatar\/eeff3c82f2c02f7177d13663b7e6f890e9a6a0647ce9bb29cae02dcb094c7312?s=96&d=mm&r=g","caption":"webman"},"url":"https:\/\/dev.explora.cl\/ohiggins\/author\/webman\/"}]}},"_links":{"self":[{"href":"https:\/\/dev.explora.cl\/ohiggins\/wp-json\/wp\/v2\/posts\/31999","targetHints":{"allow":["GET"]}}],"collection":[{"href":"https:\/\/dev.explora.cl\/ohiggins\/wp-json\/wp\/v2\/posts"}],"about":[{"href":"https:\/\/dev.explora.cl\/ohiggins\/wp-json\/wp\/v2\/types\/post"}],"author":[{"embeddable":true,"href":"https:\/\/dev.explora.cl\/ohiggins\/wp-json\/wp\/v2\/users\/2"}],"replies":[{"embeddable":true,"href":"https:\/\/dev.explora.cl\/ohiggins\/wp-json\/wp\/v2\/comments?post=31999"}],"version-history":[{"count":1,"href":"https:\/\/dev.explora.cl\/ohiggins\/wp-json\/wp\/v2\/posts\/31999\/revisions"}],"predecessor-version":[{"id":37836,"href":"https:\/\/dev.explora.cl\/ohiggins\/wp-json\/wp\/v2\/posts\/31999\/revisions\/37836"}],"wp:featuredmedia":[{"embeddable":true,"href":"https:\/\/dev.explora.cl\/ohiggins\/wp-json\/wp\/v2\/media\/33796"}],"wp:attachment":[{"href":"https:\/\/dev.explora.cl\/ohiggins\/wp-json\/wp\/v2\/media?parent=31999"}],"wp:term":[{"taxonomy":"category","embeddable":true,"href":"https:\/\/dev.explora.cl\/ohiggins\/wp-json\/wp\/v2\/categories?post=31999"},{"taxonomy":"post_tag","embeddable":true,"href":"https:\/\/dev.explora.cl\/ohiggins\/wp-json\/wp\/v2\/tags?post=31999"}],"curies":[{"name":"wp","href":"https:\/\/api.w.org\/{rel}","templated":true}]}}