{"id":31965,"date":"2015-01-15T00:00:00","date_gmt":"2015-01-15T04:00:00","guid":{"rendered":"https:\/\/dev.explora.cl\/ohiggins\/blog\/2015\/01\/15\/parvulos\/"},"modified":"2019-05-20T18:03:24","modified_gmt":"2019-05-20T18:03:24","slug":"parvulos","status":"publish","type":"post","link":"https:\/\/dev.explora.cl\/ohiggins\/parvulos\/","title":{"rendered":"Proyectan trabajo con p\u00e1rvulos para 2015"},"content":{"rendered":"<p><img loading=\"lazy\" decoding=\"async\" class=\" size-full wp-image-8501\" src=\"http:\/\/ec2-34-218-253-251.us-west-2.compute.amazonaws.com\/wp-content\/uploads\/2015\/01\/de22ba29164cd345f1525b433b4de729.jpg\" alt=\"\" width=\"1000\" height=\"755\" \/><\/p>\n<p style=\"text-align: justify\">Este martes, dos reuniones de trabajo para planificar el trabajo que se realizar\u00e1 en 2015, sostuvo PAR EXPLORA O\u2019Higgins, ejecutado por UC del Maule, junto a profesionales de Fundaci\u00f3n Integra y la Junta Nacional de Jardines Infantiles (JUNJI) de la regi\u00f3n.<\/p>\n<p style=\"text-align: justify\">En la primera de ellas, junto a Integra, se evalu\u00f3 lo desarrollado en forma colaborativa durante el 2014, y se presentaron los lineamientos para el pr\u00f3ximo a\u00f1o, como continuar con el trabajo para realizar Ferias Cient\u00edficas de Educaci\u00f3n Parvularia, adem\u00e1s de Clubes de Ciencias.<\/p>\n<p style=\"text-align: justify\">Asimismo, en \u00e9sta reuni\u00f3n se dio la instancia de que cada educador contara su experiencia del 2014 con respecto los proyectos cient\u00edficos desarrollados en los Jardines Infantiles, donde la totalidad de las educadoras comentar estar muy satisfecha de los resultados alcanzados como comunidad, valorando la positiva incorporaci\u00f3n de la familia en el proceso educativo.<\/p>\n<p style=\"text-align: justify\">Durante la tarde fue el turno de JUNJI, con quienes tambi\u00e9n se acord\u00f3 realizar labores en conjunto, con el objetivo de difundir la ciencia y la tecnolog\u00eda desde la edad m\u00e1s temprana.<\/p>\n<p style=\"text-align: justify\">Se acord\u00f3 realizar una nueva reuni\u00f3n en conjunto durante marzo de 2015. M\u00e1s informaciones en parexplora.ohiggins@ucm.cl<\/p>\n","protected":false},"excerpt":{"rendered":"<p>Este martes, dos reuniones de trabajo para planificar el trabajo que se realizar\u00e1 en 2015, sostuvo PAR EXPLORA O\u2019Higgins, ejecutado por UC del Maule, junto a profesionales de Fundaci\u00f3n Integra y la Junta Nacional de Jardines Infantiles (JUNJI) de la regi\u00f3n. En la primera de ellas, junto a Integra, se evalu\u00f3 lo desarrollado en forma [&hellip;]<\/p>\n","protected":false},"author":2,"featured_media":33784,"comment_status":"open","ping_status":"open","sticky":false,"template":"","format":"standard","meta":{"_acf_changed":false,"_exactmetrics_skip_tracking":false,"_exactmetrics_sitenote_active":false,"_exactmetrics_sitenote_note":"","_exactmetrics_sitenote_category":0,"footnotes":"","_links_to":"","_links_to_target":""},"categories":[4],"tags":[],"class_list":["post-31965","post","type-post","status-publish","format-standard","has-post-thumbnail","hentry","category-noticias"],"acf":[],"yoast_head":"<!-- This site is optimized with the Yoast SEO plugin v26.7 - https:\/\/yoast.com\/wordpress\/plugins\/seo\/ -->\n<title>Proyectan trabajo con p\u00e1rvulos para 2015 - O&#039;Higgins<\/title>\n<meta name=\"robots\" content=\"index, follow, max-snippet:-1, max-image-preview:large, max-video-preview:-1\" \/>\n<link rel=\"canonical\" href=\"https:\/\/dev.explora.cl\/ohiggins\/parvulos\/\" class=\"yoast-seo-meta-tag\" \/>\n<meta property=\"og:locale\" content=\"es_ES\" class=\"yoast-seo-meta-tag\" \/>\n<meta property=\"og:type\" content=\"article\" class=\"yoast-seo-meta-tag\" \/>\n<meta property=\"og:title\" content=\"Proyectan trabajo con p\u00e1rvulos para 2015 - O&#039;Higgins\" class=\"yoast-seo-meta-tag\" \/>\n<meta property=\"og:description\" content=\"Este martes, dos reuniones de trabajo para planificar el trabajo que se realizar\u00e1 en 2015, sostuvo PAR EXPLORA O\u2019Higgins, ejecutado por UC del Maule, junto a profesionales de Fundaci\u00f3n Integra y la Junta Nacional de Jardines Infantiles (JUNJI) de la regi\u00f3n. En la primera de ellas, junto a Integra, se evalu\u00f3 lo desarrollado en forma [&hellip;]\" class=\"yoast-seo-meta-tag\" \/>\n<meta property=\"og:url\" content=\"https:\/\/dev.explora.cl\/ohiggins\/parvulos\/\" class=\"yoast-seo-meta-tag\" \/>\n<meta property=\"og:site_name\" content=\"O&#039;Higgins\" class=\"yoast-seo-meta-tag\" \/>\n<meta property=\"article:published_time\" content=\"2015-01-15T04:00:00+00:00\" class=\"yoast-seo-meta-tag\" \/>\n<meta property=\"article:modified_time\" content=\"2019-05-20T18:03:24+00:00\" class=\"yoast-seo-meta-tag\" \/>\n<meta property=\"og:image\" content=\"https:\/\/dev.explora.cl\/ohiggins\/wp-content\/uploads\/sites\/8\/2018\/06\/de22ba29164cd345f1525b433b4de729.jpg\" class=\"yoast-seo-meta-tag\" \/>\n\t<meta property=\"og:image:width\" content=\"1000\" class=\"yoast-seo-meta-tag\" \/>\n\t<meta property=\"og:image:height\" content=\"755\" class=\"yoast-seo-meta-tag\" \/>\n\t<meta property=\"og:image:type\" content=\"image\/jpeg\" class=\"yoast-seo-meta-tag\" \/>\n<meta name=\"author\" content=\"webman\" class=\"yoast-seo-meta-tag\" \/>\n<meta name=\"twitter:card\" content=\"summary_large_image\" class=\"yoast-seo-meta-tag\" \/>\n<meta name=\"twitter:label1\" content=\"Escrito por\" class=\"yoast-seo-meta-tag\" \/>\n\t<meta name=\"twitter:data1\" content=\"webman\" class=\"yoast-seo-meta-tag\" \/>\n\t<meta name=\"twitter:label2\" content=\"Tiempo estimado de lectura\" class=\"yoast-seo-meta-tag\" \/>\n\t<meta name=\"twitter:data2\" content=\"1 minuto\" class=\"yoast-seo-meta-tag\" \/>\n<script type=\"application\/ld+json\" class=\"yoast-schema-graph\">{\"@context\":\"https:\/\/schema.org\",\"@graph\":[{\"@type\":\"Article\",\"@id\":\"https:\/\/dev.explora.cl\/ohiggins\/parvulos\/#article\",\"isPartOf\":{\"@id\":\"https:\/\/dev.explora.cl\/ohiggins\/parvulos\/\"},\"author\":{\"name\":\"webman\",\"@id\":\"https:\/\/dev.explora.cl\/ohiggins\/#\/schema\/person\/cb8349c13ea2d324080adf8480d7ba5d\"},\"headline\":\"Proyectan trabajo con p\u00e1rvulos para 2015\",\"datePublished\":\"2015-01-15T04:00:00+00:00\",\"dateModified\":\"2019-05-20T18:03:24+00:00\",\"mainEntityOfPage\":{\"@id\":\"https:\/\/dev.explora.cl\/ohiggins\/parvulos\/\"},\"wordCount\":208,\"commentCount\":0,\"image\":{\"@id\":\"https:\/\/dev.explora.cl\/ohiggins\/parvulos\/#primaryimage\"},\"thumbnailUrl\":\"https:\/\/dev.explora.cl\/ohiggins\/wp-content\/uploads\/sites\/8\/2018\/06\/de22ba29164cd345f1525b433b4de729.jpg\",\"articleSection\":[\"Noticias\"],\"inLanguage\":\"es-CL\",\"potentialAction\":[{\"@type\":\"CommentAction\",\"name\":\"Comment\",\"target\":[\"https:\/\/dev.explora.cl\/ohiggins\/parvulos\/#respond\"]}]},{\"@type\":\"WebPage\",\"@id\":\"https:\/\/dev.explora.cl\/ohiggins\/parvulos\/\",\"url\":\"https:\/\/dev.explora.cl\/ohiggins\/parvulos\/\",\"name\":\"Proyectan trabajo con p\u00e1rvulos para 2015 - O&#039;Higgins\",\"isPartOf\":{\"@id\":\"https:\/\/dev.explora.cl\/ohiggins\/#website\"},\"primaryImageOfPage\":{\"@id\":\"https:\/\/dev.explora.cl\/ohiggins\/parvulos\/#primaryimage\"},\"image\":{\"@id\":\"https:\/\/dev.explora.cl\/ohiggins\/parvulos\/#primaryimage\"},\"thumbnailUrl\":\"https:\/\/dev.explora.cl\/ohiggins\/wp-content\/uploads\/sites\/8\/2018\/06\/de22ba29164cd345f1525b433b4de729.jpg\",\"datePublished\":\"2015-01-15T04:00:00+00:00\",\"dateModified\":\"2019-05-20T18:03:24+00:00\",\"author\":{\"@id\":\"https:\/\/dev.explora.cl\/ohiggins\/#\/schema\/person\/cb8349c13ea2d324080adf8480d7ba5d\"},\"breadcrumb\":{\"@id\":\"https:\/\/dev.explora.cl\/ohiggins\/parvulos\/#breadcrumb\"},\"inLanguage\":\"es-CL\",\"potentialAction\":[{\"@type\":\"ReadAction\",\"target\":[\"https:\/\/dev.explora.cl\/ohiggins\/parvulos\/\"]}]},{\"@type\":\"ImageObject\",\"inLanguage\":\"es-CL\",\"@id\":\"https:\/\/dev.explora.cl\/ohiggins\/parvulos\/#primaryimage\",\"url\":\"https:\/\/dev.explora.cl\/ohiggins\/wp-content\/uploads\/sites\/8\/2018\/06\/de22ba29164cd345f1525b433b4de729.jpg\",\"contentUrl\":\"https:\/\/dev.explora.cl\/ohiggins\/wp-content\/uploads\/sites\/8\/2018\/06\/de22ba29164cd345f1525b433b4de729.jpg\",\"width\":1000,\"height\":755},{\"@type\":\"BreadcrumbList\",\"@id\":\"https:\/\/dev.explora.cl\/ohiggins\/parvulos\/#breadcrumb\",\"itemListElement\":[{\"@type\":\"ListItem\",\"position\":1,\"name\":\"Portada\",\"item\":\"https:\/\/dev.explora.cl\/ohiggins\/\"},{\"@type\":\"ListItem\",\"position\":2,\"name\":\"Proyectan trabajo con p\u00e1rvulos para 2015\"}]},{\"@type\":\"WebSite\",\"@id\":\"https:\/\/dev.explora.cl\/ohiggins\/#website\",\"url\":\"https:\/\/dev.explora.cl\/ohiggins\/\",\"name\":\"O&#039;Higgins\",\"description\":\"Otro sitio m\u00e1s de dev.explora.cl\",\"potentialAction\":[{\"@type\":\"SearchAction\",\"target\":{\"@type\":\"EntryPoint\",\"urlTemplate\":\"https:\/\/dev.explora.cl\/ohiggins\/?s={search_term_string}\"},\"query-input\":{\"@type\":\"PropertyValueSpecification\",\"valueRequired\":true,\"valueName\":\"search_term_string\"}}],\"inLanguage\":\"es-CL\"},{\"@type\":\"Person\",\"@id\":\"https:\/\/dev.explora.cl\/ohiggins\/#\/schema\/person\/cb8349c13ea2d324080adf8480d7ba5d\",\"name\":\"webman\",\"image\":{\"@type\":\"ImageObject\",\"inLanguage\":\"es-CL\",\"@id\":\"https:\/\/dev.explora.cl\/ohiggins\/#\/schema\/person\/image\/\",\"url\":\"https:\/\/secure.gravatar.com\/avatar\/eeff3c82f2c02f7177d13663b7e6f890e9a6a0647ce9bb29cae02dcb094c7312?s=96&d=mm&r=g\",\"contentUrl\":\"https:\/\/secure.gravatar.com\/avatar\/eeff3c82f2c02f7177d13663b7e6f890e9a6a0647ce9bb29cae02dcb094c7312?s=96&d=mm&r=g\",\"caption\":\"webman\"},\"url\":\"https:\/\/dev.explora.cl\/ohiggins\/author\/webman\/\"}]}<\/script>\n<!-- \/ Yoast SEO plugin. -->","yoast_head_json":{"title":"Proyectan trabajo con p\u00e1rvulos para 2015 - O&#039;Higgins","robots":{"index":"index","follow":"follow","max-snippet":"max-snippet:-1","max-image-preview":"max-image-preview:large","max-video-preview":"max-video-preview:-1"},"canonical":"https:\/\/dev.explora.cl\/ohiggins\/parvulos\/","og_locale":"es_ES","og_type":"article","og_title":"Proyectan trabajo con p\u00e1rvulos para 2015 - O&#039;Higgins","og_description":"Este martes, dos reuniones de trabajo para planificar el trabajo que se realizar\u00e1 en 2015, sostuvo PAR EXPLORA O\u2019Higgins, ejecutado por UC del Maule, junto a profesionales de Fundaci\u00f3n Integra y la Junta Nacional de Jardines Infantiles (JUNJI) de la regi\u00f3n. En la primera de ellas, junto a Integra, se evalu\u00f3 lo desarrollado en forma [&hellip;]","og_url":"https:\/\/dev.explora.cl\/ohiggins\/parvulos\/","og_site_name":"O&#039;Higgins","article_published_time":"2015-01-15T04:00:00+00:00","article_modified_time":"2019-05-20T18:03:24+00:00","og_image":[{"width":1000,"height":755,"url":"https:\/\/dev.explora.cl\/ohiggins\/wp-content\/uploads\/sites\/8\/2018\/06\/de22ba29164cd345f1525b433b4de729.jpg","type":"image\/jpeg"}],"author":"webman","twitter_card":"summary_large_image","twitter_misc":{"Escrito por":"webman","Tiempo estimado de lectura":"1 minuto"},"schema":{"@context":"https:\/\/schema.org","@graph":[{"@type":"Article","@id":"https:\/\/dev.explora.cl\/ohiggins\/parvulos\/#article","isPartOf":{"@id":"https:\/\/dev.explora.cl\/ohiggins\/parvulos\/"},"author":{"name":"webman","@id":"https:\/\/dev.explora.cl\/ohiggins\/#\/schema\/person\/cb8349c13ea2d324080adf8480d7ba5d"},"headline":"Proyectan trabajo con p\u00e1rvulos para 2015","datePublished":"2015-01-15T04:00:00+00:00","dateModified":"2019-05-20T18:03:24+00:00","mainEntityOfPage":{"@id":"https:\/\/dev.explora.cl\/ohiggins\/parvulos\/"},"wordCount":208,"commentCount":0,"image":{"@id":"https:\/\/dev.explora.cl\/ohiggins\/parvulos\/#primaryimage"},"thumbnailUrl":"https:\/\/dev.explora.cl\/ohiggins\/wp-content\/uploads\/sites\/8\/2018\/06\/de22ba29164cd345f1525b433b4de729.jpg","articleSection":["Noticias"],"inLanguage":"es-CL","potentialAction":[{"@type":"CommentAction","name":"Comment","target":["https:\/\/dev.explora.cl\/ohiggins\/parvulos\/#respond"]}]},{"@type":"WebPage","@id":"https:\/\/dev.explora.cl\/ohiggins\/parvulos\/","url":"https:\/\/dev.explora.cl\/ohiggins\/parvulos\/","name":"Proyectan trabajo con p\u00e1rvulos para 2015 - O&#039;Higgins","isPartOf":{"@id":"https:\/\/dev.explora.cl\/ohiggins\/#website"},"primaryImageOfPage":{"@id":"https:\/\/dev.explora.cl\/ohiggins\/parvulos\/#primaryimage"},"image":{"@id":"https:\/\/dev.explora.cl\/ohiggins\/parvulos\/#primaryimage"},"thumbnailUrl":"https:\/\/dev.explora.cl\/ohiggins\/wp-content\/uploads\/sites\/8\/2018\/06\/de22ba29164cd345f1525b433b4de729.jpg","datePublished":"2015-01-15T04:00:00+00:00","dateModified":"2019-05-20T18:03:24+00:00","author":{"@id":"https:\/\/dev.explora.cl\/ohiggins\/#\/schema\/person\/cb8349c13ea2d324080adf8480d7ba5d"},"breadcrumb":{"@id":"https:\/\/dev.explora.cl\/ohiggins\/parvulos\/#breadcrumb"},"inLanguage":"es-CL","potentialAction":[{"@type":"ReadAction","target":["https:\/\/dev.explora.cl\/ohiggins\/parvulos\/"]}]},{"@type":"ImageObject","inLanguage":"es-CL","@id":"https:\/\/dev.explora.cl\/ohiggins\/parvulos\/#primaryimage","url":"https:\/\/dev.explora.cl\/ohiggins\/wp-content\/uploads\/sites\/8\/2018\/06\/de22ba29164cd345f1525b433b4de729.jpg","contentUrl":"https:\/\/dev.explora.cl\/ohiggins\/wp-content\/uploads\/sites\/8\/2018\/06\/de22ba29164cd345f1525b433b4de729.jpg","width":1000,"height":755},{"@type":"BreadcrumbList","@id":"https:\/\/dev.explora.cl\/ohiggins\/parvulos\/#breadcrumb","itemListElement":[{"@type":"ListItem","position":1,"name":"Portada","item":"https:\/\/dev.explora.cl\/ohiggins\/"},{"@type":"ListItem","position":2,"name":"Proyectan trabajo con p\u00e1rvulos para 2015"}]},{"@type":"WebSite","@id":"https:\/\/dev.explora.cl\/ohiggins\/#website","url":"https:\/\/dev.explora.cl\/ohiggins\/","name":"O&#039;Higgins","description":"Otro sitio m\u00e1s de dev.explora.cl","potentialAction":[{"@type":"SearchAction","target":{"@type":"EntryPoint","urlTemplate":"https:\/\/dev.explora.cl\/ohiggins\/?s={search_term_string}"},"query-input":{"@type":"PropertyValueSpecification","valueRequired":true,"valueName":"search_term_string"}}],"inLanguage":"es-CL"},{"@type":"Person","@id":"https:\/\/dev.explora.cl\/ohiggins\/#\/schema\/person\/cb8349c13ea2d324080adf8480d7ba5d","name":"webman","image":{"@type":"ImageObject","inLanguage":"es-CL","@id":"https:\/\/dev.explora.cl\/ohiggins\/#\/schema\/person\/image\/","url":"https:\/\/secure.gravatar.com\/avatar\/eeff3c82f2c02f7177d13663b7e6f890e9a6a0647ce9bb29cae02dcb094c7312?s=96&d=mm&r=g","contentUrl":"https:\/\/secure.gravatar.com\/avatar\/eeff3c82f2c02f7177d13663b7e6f890e9a6a0647ce9bb29cae02dcb094c7312?s=96&d=mm&r=g","caption":"webman"},"url":"https:\/\/dev.explora.cl\/ohiggins\/author\/webman\/"}]}},"_links":{"self":[{"href":"https:\/\/dev.explora.cl\/ohiggins\/wp-json\/wp\/v2\/posts\/31965","targetHints":{"allow":["GET"]}}],"collection":[{"href":"https:\/\/dev.explora.cl\/ohiggins\/wp-json\/wp\/v2\/posts"}],"about":[{"href":"https:\/\/dev.explora.cl\/ohiggins\/wp-json\/wp\/v2\/types\/post"}],"author":[{"embeddable":true,"href":"https:\/\/dev.explora.cl\/ohiggins\/wp-json\/wp\/v2\/users\/2"}],"replies":[{"embeddable":true,"href":"https:\/\/dev.explora.cl\/ohiggins\/wp-json\/wp\/v2\/comments?post=31965"}],"version-history":[{"count":1,"href":"https:\/\/dev.explora.cl\/ohiggins\/wp-json\/wp\/v2\/posts\/31965\/revisions"}],"predecessor-version":[{"id":37846,"href":"https:\/\/dev.explora.cl\/ohiggins\/wp-json\/wp\/v2\/posts\/31965\/revisions\/37846"}],"wp:featuredmedia":[{"embeddable":true,"href":"https:\/\/dev.explora.cl\/ohiggins\/wp-json\/wp\/v2\/media\/33784"}],"wp:attachment":[{"href":"https:\/\/dev.explora.cl\/ohiggins\/wp-json\/wp\/v2\/media?parent=31965"}],"wp:term":[{"taxonomy":"category","embeddable":true,"href":"https:\/\/dev.explora.cl\/ohiggins\/wp-json\/wp\/v2\/categories?post=31965"},{"taxonomy":"post_tag","embeddable":true,"href":"https:\/\/dev.explora.cl\/ohiggins\/wp-json\/wp\/v2\/tags?post=31965"}],"curies":[{"name":"wp","href":"https:\/\/api.w.org\/{rel}","templated":true}]}}