{"id":31957,"date":"2015-01-28T00:00:00","date_gmt":"2015-01-28T04:00:00","guid":{"rendered":"https:\/\/dev.explora.cl\/ohiggins\/blog\/2015\/01\/28\/esclerofilo\/"},"modified":"2019-05-20T18:03:05","modified_gmt":"2019-05-20T18:03:05","slug":"esclerofilo","status":"publish","type":"post","link":"https:\/\/dev.explora.cl\/ohiggins\/esclerofilo\/","title":{"rendered":"5\u00b0 Encuentro Cient\u00edfico y Cultural por el bosque Escler\u00f3filo"},"content":{"rendered":"<p><img loading=\"lazy\" decoding=\"async\" class=\" size-full wp-image-8237\" src=\"http:\/\/ec2-34-218-253-251.us-west-2.compute.amazonaws.com\/wp-content\/uploads\/2015\/01\/71787aeeca0dfb525994d8cc2fad8c82.jpg\" alt=\"\" width=\"640\" height=\"411\" \/><\/p>\n<p style=\"text-align: justify\">El Grupo de Acci\u00f3n Ecol\u00f3gica y Conservaci\u00f3n A\u00f1a\u00f1uca, junto a la Municipalidad de San Vicente y PAR EXPLORA O\u2019Higgins, se encuentra organizando la quinta versi\u00f3n del Encuentro Cient\u00edfico y Cultural por el Bosque Escler\u00f3filo, con el objetivo de educar y capacitar a la comunidad en torno a la educaci\u00f3n y conservaci\u00f3n del Bosque Nativo Escler\u00f3filo.<\/p>\n<p style=\"text-align: justify\">La iniciativa, se realizar\u00e1 durante dos d\u00edas, para el s\u00e1bado 31 de enero a partir de las 9 de la ma\u00f1ana, est\u00e1 contemplado el Seminario del Bosque Escler\u00f3filo en el teatro municipal de la comuna, instancia en la que destacados cient\u00edficos nacionales expondr\u00e1n sobre: \u201cAntropolog\u00eda del Bosque\u201d, con el antrop\u00f3logo Juan Carlos Skewes; \u201cFlora Nativa y Educaci\u00f3n Ambiental\u201d, a cargo del Jard\u00edn Bot\u00e1nico Chagual de Santiago; \u201cLepid\u00f3pteros del Bosque Escler\u00f3filo\u201d, dictada por el Entom\u00f3logo Francisco Urra, \u201cGesti\u00f3n Ambiental del Territorio\u201d, de CEDESUS, y \u201cAves del Bosque Escler\u00f3filo\u201d, con el Ornit\u00f3logo Juan Aguirre Castro.<\/p>\n<p style=\"text-align: justify\">Asimismo habr\u00e1 exposiciones de insectos, fauna silvestre taxidermizada (embalsamados) e ilustraciones de naturaleza de Alonso Salazar. Adem\u00e1s habr\u00e1 una salida a terreno por la Ruta Cient\u00edfica Historia Natural Tagua Tagua, y un taller pr\u00e1ctico de identificaci\u00f3n de Flora Nativa.<\/p>\n<p style=\"text-align: justify\">Para el domingo 1 de febrero, se realizar\u00e1 una actividad cultural en el Parque Lobo Feroz en Pueblo de Indios , a partir de mediod\u00eda, en la que participar\u00e1n diferentes exponentes del mundo de las artes con exposiciones, feria, m\u00fasica en vivo, danza, canto, pintura, entre otras \u00e1reas de desempe\u00f1o art\u00edstico.<\/p>\n<p style=\"text-align: justify\">Invitamos a instituciones p\u00fablicas, organizaciones, empresas privadas, establecimientos educacionales y comunidad en general a participar gratuitamente de esta instancia. M\u00e1s detalles puede escribir a accionecologicayconservacion@gmail.com, o en revisar <a href=\"http:\/\/www.ecologiayconservaciondetaguatagua.blogspot.com\/2014\/12\/preparandonos-para-el-quinto-encuentro.html\">este enlace.<\/a><\/p>\n<p style=\"text-align: justify\"><a href=\"http:\/\/ec2-34-218-253-251.us-west-2.compute.amazonaws.com\/wp-content\/uploads\/2015\/01\/programa-sabado.pdf\">Descarga programa del seminario ac\u00e1<\/a><\/p>\n<p style=\"text-align: justify\">\u00a0<\/p>\n<table border=\"0\">\n<tbody>\n<tr>\n<td align=\"center\">\n<div class=\"cabecera inst nara\">\n<p class=\"modulePretext\">Spot 5\u00b0 Encuentro por el bosque escler\u00f3filo<\/p>\n<\/p><\/div>\n<\/td>\n<\/tr>\n<tr>\n<td align=\"center\">{videobox}https:\/\/www.youtube.com\/watch?v=Fy9kA5jUfKI{\/videobox}<\/td>\n<\/tr>\n<\/tbody>\n<\/table>\n","protected":false},"excerpt":{"rendered":"<p>El Grupo de Acci\u00f3n Ecol\u00f3gica y Conservaci\u00f3n A\u00f1a\u00f1uca, junto a la Municipalidad de San Vicente y PAR EXPLORA O\u2019Higgins, se encuentra organizando la quinta versi\u00f3n del Encuentro Cient\u00edfico y Cultural por el Bosque Escler\u00f3filo, con el objetivo de educar y capacitar a la comunidad en torno a la educaci\u00f3n y conservaci\u00f3n del Bosque Nativo Escler\u00f3filo. [&hellip;]<\/p>\n","protected":false},"author":2,"featured_media":33782,"comment_status":"open","ping_status":"open","sticky":false,"template":"","format":"standard","meta":{"_acf_changed":false,"_exactmetrics_skip_tracking":false,"_exactmetrics_sitenote_active":false,"_exactmetrics_sitenote_note":"","_exactmetrics_sitenote_category":0,"footnotes":"","_links_to":"","_links_to_target":""},"categories":[4],"tags":[166,167],"class_list":["post-31957","post","type-post","status-publish","format-standard","has-post-thumbnail","hentry","category-noticias","tag-bosques","tag-seminario"],"acf":[],"yoast_head":"<!-- This site is optimized with the Yoast SEO plugin v26.7 - https:\/\/yoast.com\/wordpress\/plugins\/seo\/ -->\n<title>5\u00b0 Encuentro Cient\u00edfico y Cultural por el bosque Escler\u00f3filo - O&#039;Higgins<\/title>\n<meta name=\"robots\" content=\"index, follow, max-snippet:-1, max-image-preview:large, max-video-preview:-1\" \/>\n<link rel=\"canonical\" href=\"https:\/\/dev.explora.cl\/ohiggins\/esclerofilo\/\" class=\"yoast-seo-meta-tag\" \/>\n<meta property=\"og:locale\" content=\"es_ES\" class=\"yoast-seo-meta-tag\" \/>\n<meta property=\"og:type\" content=\"article\" class=\"yoast-seo-meta-tag\" \/>\n<meta property=\"og:title\" content=\"5\u00b0 Encuentro Cient\u00edfico y Cultural por el bosque Escler\u00f3filo - O&#039;Higgins\" class=\"yoast-seo-meta-tag\" \/>\n<meta property=\"og:description\" content=\"El Grupo de Acci\u00f3n Ecol\u00f3gica y Conservaci\u00f3n A\u00f1a\u00f1uca, junto a la Municipalidad de San Vicente y PAR EXPLORA O\u2019Higgins, se encuentra organizando la quinta versi\u00f3n del Encuentro Cient\u00edfico y Cultural por el Bosque Escler\u00f3filo, con el objetivo de educar y capacitar a la comunidad en torno a la educaci\u00f3n y conservaci\u00f3n del Bosque Nativo Escler\u00f3filo. [&hellip;]\" class=\"yoast-seo-meta-tag\" \/>\n<meta property=\"og:url\" content=\"https:\/\/dev.explora.cl\/ohiggins\/esclerofilo\/\" class=\"yoast-seo-meta-tag\" \/>\n<meta property=\"og:site_name\" content=\"O&#039;Higgins\" class=\"yoast-seo-meta-tag\" \/>\n<meta property=\"article:published_time\" content=\"2015-01-28T04:00:00+00:00\" class=\"yoast-seo-meta-tag\" \/>\n<meta property=\"article:modified_time\" content=\"2019-05-20T18:03:05+00:00\" class=\"yoast-seo-meta-tag\" \/>\n<meta property=\"og:image\" content=\"https:\/\/dev.explora.cl\/ohiggins\/wp-content\/uploads\/sites\/8\/2018\/06\/71787aeeca0dfb525994d8cc2fad8c82.jpg\" class=\"yoast-seo-meta-tag\" \/>\n\t<meta property=\"og:image:width\" content=\"640\" class=\"yoast-seo-meta-tag\" \/>\n\t<meta property=\"og:image:height\" content=\"411\" class=\"yoast-seo-meta-tag\" \/>\n\t<meta property=\"og:image:type\" content=\"image\/jpeg\" class=\"yoast-seo-meta-tag\" \/>\n<meta name=\"author\" content=\"webman\" class=\"yoast-seo-meta-tag\" \/>\n<meta name=\"twitter:card\" content=\"summary_large_image\" class=\"yoast-seo-meta-tag\" \/>\n<meta name=\"twitter:label1\" content=\"Escrito por\" class=\"yoast-seo-meta-tag\" \/>\n\t<meta name=\"twitter:data1\" content=\"webman\" class=\"yoast-seo-meta-tag\" \/>\n\t<meta name=\"twitter:label2\" content=\"Tiempo estimado de lectura\" class=\"yoast-seo-meta-tag\" \/>\n\t<meta name=\"twitter:data2\" content=\"2 minutos\" class=\"yoast-seo-meta-tag\" \/>\n<script type=\"application\/ld+json\" class=\"yoast-schema-graph\">{\"@context\":\"https:\/\/schema.org\",\"@graph\":[{\"@type\":\"Article\",\"@id\":\"https:\/\/dev.explora.cl\/ohiggins\/esclerofilo\/#article\",\"isPartOf\":{\"@id\":\"https:\/\/dev.explora.cl\/ohiggins\/esclerofilo\/\"},\"author\":{\"name\":\"webman\",\"@id\":\"https:\/\/dev.explora.cl\/ohiggins\/#\/schema\/person\/cb8349c13ea2d324080adf8480d7ba5d\"},\"headline\":\"5\u00b0 Encuentro Cient\u00edfico y Cultural por el bosque Escler\u00f3filo\",\"datePublished\":\"2015-01-28T04:00:00+00:00\",\"dateModified\":\"2019-05-20T18:03:05+00:00\",\"mainEntityOfPage\":{\"@id\":\"https:\/\/dev.explora.cl\/ohiggins\/esclerofilo\/\"},\"wordCount\":339,\"commentCount\":1,\"image\":{\"@id\":\"https:\/\/dev.explora.cl\/ohiggins\/esclerofilo\/#primaryimage\"},\"thumbnailUrl\":\"https:\/\/dev.explora.cl\/ohiggins\/wp-content\/uploads\/sites\/8\/2018\/06\/71787aeeca0dfb525994d8cc2fad8c82.jpg\",\"keywords\":[\"bosques\",\"seminario\"],\"articleSection\":[\"Noticias\"],\"inLanguage\":\"es-CL\",\"potentialAction\":[{\"@type\":\"CommentAction\",\"name\":\"Comment\",\"target\":[\"https:\/\/dev.explora.cl\/ohiggins\/esclerofilo\/#respond\"]}]},{\"@type\":\"WebPage\",\"@id\":\"https:\/\/dev.explora.cl\/ohiggins\/esclerofilo\/\",\"url\":\"https:\/\/dev.explora.cl\/ohiggins\/esclerofilo\/\",\"name\":\"5\u00b0 Encuentro Cient\u00edfico y Cultural por el bosque Escler\u00f3filo - O&#039;Higgins\",\"isPartOf\":{\"@id\":\"https:\/\/dev.explora.cl\/ohiggins\/#website\"},\"primaryImageOfPage\":{\"@id\":\"https:\/\/dev.explora.cl\/ohiggins\/esclerofilo\/#primaryimage\"},\"image\":{\"@id\":\"https:\/\/dev.explora.cl\/ohiggins\/esclerofilo\/#primaryimage\"},\"thumbnailUrl\":\"https:\/\/dev.explora.cl\/ohiggins\/wp-content\/uploads\/sites\/8\/2018\/06\/71787aeeca0dfb525994d8cc2fad8c82.jpg\",\"datePublished\":\"2015-01-28T04:00:00+00:00\",\"dateModified\":\"2019-05-20T18:03:05+00:00\",\"author\":{\"@id\":\"https:\/\/dev.explora.cl\/ohiggins\/#\/schema\/person\/cb8349c13ea2d324080adf8480d7ba5d\"},\"breadcrumb\":{\"@id\":\"https:\/\/dev.explora.cl\/ohiggins\/esclerofilo\/#breadcrumb\"},\"inLanguage\":\"es-CL\",\"potentialAction\":[{\"@type\":\"ReadAction\",\"target\":[\"https:\/\/dev.explora.cl\/ohiggins\/esclerofilo\/\"]}]},{\"@type\":\"ImageObject\",\"inLanguage\":\"es-CL\",\"@id\":\"https:\/\/dev.explora.cl\/ohiggins\/esclerofilo\/#primaryimage\",\"url\":\"https:\/\/dev.explora.cl\/ohiggins\/wp-content\/uploads\/sites\/8\/2018\/06\/71787aeeca0dfb525994d8cc2fad8c82.jpg\",\"contentUrl\":\"https:\/\/dev.explora.cl\/ohiggins\/wp-content\/uploads\/sites\/8\/2018\/06\/71787aeeca0dfb525994d8cc2fad8c82.jpg\",\"width\":640,\"height\":411},{\"@type\":\"BreadcrumbList\",\"@id\":\"https:\/\/dev.explora.cl\/ohiggins\/esclerofilo\/#breadcrumb\",\"itemListElement\":[{\"@type\":\"ListItem\",\"position\":1,\"name\":\"Portada\",\"item\":\"https:\/\/dev.explora.cl\/ohiggins\/\"},{\"@type\":\"ListItem\",\"position\":2,\"name\":\"5\u00b0 Encuentro Cient\u00edfico y Cultural por el bosque Escler\u00f3filo\"}]},{\"@type\":\"WebSite\",\"@id\":\"https:\/\/dev.explora.cl\/ohiggins\/#website\",\"url\":\"https:\/\/dev.explora.cl\/ohiggins\/\",\"name\":\"O&#039;Higgins\",\"description\":\"Otro sitio m\u00e1s de dev.explora.cl\",\"potentialAction\":[{\"@type\":\"SearchAction\",\"target\":{\"@type\":\"EntryPoint\",\"urlTemplate\":\"https:\/\/dev.explora.cl\/ohiggins\/?s={search_term_string}\"},\"query-input\":{\"@type\":\"PropertyValueSpecification\",\"valueRequired\":true,\"valueName\":\"search_term_string\"}}],\"inLanguage\":\"es-CL\"},{\"@type\":\"Person\",\"@id\":\"https:\/\/dev.explora.cl\/ohiggins\/#\/schema\/person\/cb8349c13ea2d324080adf8480d7ba5d\",\"name\":\"webman\",\"image\":{\"@type\":\"ImageObject\",\"inLanguage\":\"es-CL\",\"@id\":\"https:\/\/dev.explora.cl\/ohiggins\/#\/schema\/person\/image\/\",\"url\":\"https:\/\/secure.gravatar.com\/avatar\/eeff3c82f2c02f7177d13663b7e6f890e9a6a0647ce9bb29cae02dcb094c7312?s=96&d=mm&r=g\",\"contentUrl\":\"https:\/\/secure.gravatar.com\/avatar\/eeff3c82f2c02f7177d13663b7e6f890e9a6a0647ce9bb29cae02dcb094c7312?s=96&d=mm&r=g\",\"caption\":\"webman\"},\"url\":\"https:\/\/dev.explora.cl\/ohiggins\/author\/webman\/\"}]}<\/script>\n<!-- \/ Yoast SEO plugin. -->","yoast_head_json":{"title":"5\u00b0 Encuentro Cient\u00edfico y Cultural por el bosque Escler\u00f3filo - O&#039;Higgins","robots":{"index":"index","follow":"follow","max-snippet":"max-snippet:-1","max-image-preview":"max-image-preview:large","max-video-preview":"max-video-preview:-1"},"canonical":"https:\/\/dev.explora.cl\/ohiggins\/esclerofilo\/","og_locale":"es_ES","og_type":"article","og_title":"5\u00b0 Encuentro Cient\u00edfico y Cultural por el bosque Escler\u00f3filo - O&#039;Higgins","og_description":"El Grupo de Acci\u00f3n Ecol\u00f3gica y Conservaci\u00f3n A\u00f1a\u00f1uca, junto a la Municipalidad de San Vicente y PAR EXPLORA O\u2019Higgins, se encuentra organizando la quinta versi\u00f3n del Encuentro Cient\u00edfico y Cultural por el Bosque Escler\u00f3filo, con el objetivo de educar y capacitar a la comunidad en torno a la educaci\u00f3n y conservaci\u00f3n del Bosque Nativo Escler\u00f3filo. [&hellip;]","og_url":"https:\/\/dev.explora.cl\/ohiggins\/esclerofilo\/","og_site_name":"O&#039;Higgins","article_published_time":"2015-01-28T04:00:00+00:00","article_modified_time":"2019-05-20T18:03:05+00:00","og_image":[{"width":640,"height":411,"url":"https:\/\/dev.explora.cl\/ohiggins\/wp-content\/uploads\/sites\/8\/2018\/06\/71787aeeca0dfb525994d8cc2fad8c82.jpg","type":"image\/jpeg"}],"author":"webman","twitter_card":"summary_large_image","twitter_misc":{"Escrito por":"webman","Tiempo estimado de lectura":"2 minutos"},"schema":{"@context":"https:\/\/schema.org","@graph":[{"@type":"Article","@id":"https:\/\/dev.explora.cl\/ohiggins\/esclerofilo\/#article","isPartOf":{"@id":"https:\/\/dev.explora.cl\/ohiggins\/esclerofilo\/"},"author":{"name":"webman","@id":"https:\/\/dev.explora.cl\/ohiggins\/#\/schema\/person\/cb8349c13ea2d324080adf8480d7ba5d"},"headline":"5\u00b0 Encuentro Cient\u00edfico y Cultural por el bosque Escler\u00f3filo","datePublished":"2015-01-28T04:00:00+00:00","dateModified":"2019-05-20T18:03:05+00:00","mainEntityOfPage":{"@id":"https:\/\/dev.explora.cl\/ohiggins\/esclerofilo\/"},"wordCount":339,"commentCount":1,"image":{"@id":"https:\/\/dev.explora.cl\/ohiggins\/esclerofilo\/#primaryimage"},"thumbnailUrl":"https:\/\/dev.explora.cl\/ohiggins\/wp-content\/uploads\/sites\/8\/2018\/06\/71787aeeca0dfb525994d8cc2fad8c82.jpg","keywords":["bosques","seminario"],"articleSection":["Noticias"],"inLanguage":"es-CL","potentialAction":[{"@type":"CommentAction","name":"Comment","target":["https:\/\/dev.explora.cl\/ohiggins\/esclerofilo\/#respond"]}]},{"@type":"WebPage","@id":"https:\/\/dev.explora.cl\/ohiggins\/esclerofilo\/","url":"https:\/\/dev.explora.cl\/ohiggins\/esclerofilo\/","name":"5\u00b0 Encuentro Cient\u00edfico y Cultural por el bosque Escler\u00f3filo - O&#039;Higgins","isPartOf":{"@id":"https:\/\/dev.explora.cl\/ohiggins\/#website"},"primaryImageOfPage":{"@id":"https:\/\/dev.explora.cl\/ohiggins\/esclerofilo\/#primaryimage"},"image":{"@id":"https:\/\/dev.explora.cl\/ohiggins\/esclerofilo\/#primaryimage"},"thumbnailUrl":"https:\/\/dev.explora.cl\/ohiggins\/wp-content\/uploads\/sites\/8\/2018\/06\/71787aeeca0dfb525994d8cc2fad8c82.jpg","datePublished":"2015-01-28T04:00:00+00:00","dateModified":"2019-05-20T18:03:05+00:00","author":{"@id":"https:\/\/dev.explora.cl\/ohiggins\/#\/schema\/person\/cb8349c13ea2d324080adf8480d7ba5d"},"breadcrumb":{"@id":"https:\/\/dev.explora.cl\/ohiggins\/esclerofilo\/#breadcrumb"},"inLanguage":"es-CL","potentialAction":[{"@type":"ReadAction","target":["https:\/\/dev.explora.cl\/ohiggins\/esclerofilo\/"]}]},{"@type":"ImageObject","inLanguage":"es-CL","@id":"https:\/\/dev.explora.cl\/ohiggins\/esclerofilo\/#primaryimage","url":"https:\/\/dev.explora.cl\/ohiggins\/wp-content\/uploads\/sites\/8\/2018\/06\/71787aeeca0dfb525994d8cc2fad8c82.jpg","contentUrl":"https:\/\/dev.explora.cl\/ohiggins\/wp-content\/uploads\/sites\/8\/2018\/06\/71787aeeca0dfb525994d8cc2fad8c82.jpg","width":640,"height":411},{"@type":"BreadcrumbList","@id":"https:\/\/dev.explora.cl\/ohiggins\/esclerofilo\/#breadcrumb","itemListElement":[{"@type":"ListItem","position":1,"name":"Portada","item":"https:\/\/dev.explora.cl\/ohiggins\/"},{"@type":"ListItem","position":2,"name":"5\u00b0 Encuentro Cient\u00edfico y Cultural por el bosque Escler\u00f3filo"}]},{"@type":"WebSite","@id":"https:\/\/dev.explora.cl\/ohiggins\/#website","url":"https:\/\/dev.explora.cl\/ohiggins\/","name":"O&#039;Higgins","description":"Otro sitio m\u00e1s de dev.explora.cl","potentialAction":[{"@type":"SearchAction","target":{"@type":"EntryPoint","urlTemplate":"https:\/\/dev.explora.cl\/ohiggins\/?s={search_term_string}"},"query-input":{"@type":"PropertyValueSpecification","valueRequired":true,"valueName":"search_term_string"}}],"inLanguage":"es-CL"},{"@type":"Person","@id":"https:\/\/dev.explora.cl\/ohiggins\/#\/schema\/person\/cb8349c13ea2d324080adf8480d7ba5d","name":"webman","image":{"@type":"ImageObject","inLanguage":"es-CL","@id":"https:\/\/dev.explora.cl\/ohiggins\/#\/schema\/person\/image\/","url":"https:\/\/secure.gravatar.com\/avatar\/eeff3c82f2c02f7177d13663b7e6f890e9a6a0647ce9bb29cae02dcb094c7312?s=96&d=mm&r=g","contentUrl":"https:\/\/secure.gravatar.com\/avatar\/eeff3c82f2c02f7177d13663b7e6f890e9a6a0647ce9bb29cae02dcb094c7312?s=96&d=mm&r=g","caption":"webman"},"url":"https:\/\/dev.explora.cl\/ohiggins\/author\/webman\/"}]}},"_links":{"self":[{"href":"https:\/\/dev.explora.cl\/ohiggins\/wp-json\/wp\/v2\/posts\/31957","targetHints":{"allow":["GET"]}}],"collection":[{"href":"https:\/\/dev.explora.cl\/ohiggins\/wp-json\/wp\/v2\/posts"}],"about":[{"href":"https:\/\/dev.explora.cl\/ohiggins\/wp-json\/wp\/v2\/types\/post"}],"author":[{"embeddable":true,"href":"https:\/\/dev.explora.cl\/ohiggins\/wp-json\/wp\/v2\/users\/2"}],"replies":[{"embeddable":true,"href":"https:\/\/dev.explora.cl\/ohiggins\/wp-json\/wp\/v2\/comments?post=31957"}],"version-history":[{"count":1,"href":"https:\/\/dev.explora.cl\/ohiggins\/wp-json\/wp\/v2\/posts\/31957\/revisions"}],"predecessor-version":[{"id":37842,"href":"https:\/\/dev.explora.cl\/ohiggins\/wp-json\/wp\/v2\/posts\/31957\/revisions\/37842"}],"wp:featuredmedia":[{"embeddable":true,"href":"https:\/\/dev.explora.cl\/ohiggins\/wp-json\/wp\/v2\/media\/33782"}],"wp:attachment":[{"href":"https:\/\/dev.explora.cl\/ohiggins\/wp-json\/wp\/v2\/media?parent=31957"}],"wp:term":[{"taxonomy":"category","embeddable":true,"href":"https:\/\/dev.explora.cl\/ohiggins\/wp-json\/wp\/v2\/categories?post=31957"},{"taxonomy":"post_tag","embeddable":true,"href":"https:\/\/dev.explora.cl\/ohiggins\/wp-json\/wp\/v2\/tags?post=31957"}],"curies":[{"name":"wp","href":"https:\/\/api.w.org\/{rel}","templated":true}]}}