{"id":31917,"date":"2014-11-17T00:00:00","date_gmt":"2014-11-17T04:00:00","guid":{"rendered":"https:\/\/dev.explora.cl\/ohiggins\/blog\/2014\/11\/17\/reportajes\/"},"modified":"2019-05-20T18:03:37","modified_gmt":"2019-05-20T18:03:37","slug":"reportajes","status":"publish","type":"post","link":"https:\/\/dev.explora.cl\/ohiggins\/reportajes\/","title":{"rendered":"Reportajes"},"content":{"rendered":"<p style=\"text-align: justify\"><strong><strong><strong><a href=\"ohiggins\/noticias-ohiggins\/13084-queremos-encontrar-planetas-para-responder-estamos-solos-en-el-universo\" target=\"_blank\" rel=\"noopener noreferrer\"><img loading=\"lazy\" decoding=\"async\" class=\" alignleft size-full wp-image-7988\" style=\"margin-right: 20px;margin-left: 20px;float: left\" src=\"http:\/\/ec2-34-218-253-251.us-west-2.compute.amazonaws.com\/wp-content\/uploads\/2014\/11\/fernandocortesmini.jpg\" alt=\"\" width=\"135\" height=\"90\" \/>Queremos encontrar planetas para responder \u00bfEstamos solos en el universo?<\/a><\/strong><\/strong><\/strong><\/p>\n<p style=\"text-align: justify\">Fernando Cort\u00e9s, Astr\u00f3nomo de la Universidad de Concepci\u00f3n (UdeC), fue uno de los embajadores de este d\u00eda, con \u00e9l tuvimos la oportunidad de conversar respecto de los exoplanetas, vida extraterrestre y m\u00e1s&#8230;.<a href=\"ohiggins\/noticias-ohiggins\/13084-queremos-encontrar-planetas-para-responder-estamos-solos-en-el-universo\" target=\"_blank\" rel=\"noopener noreferrer\">seguir leyendo<\/a><\/p>\n<p style=\"text-align: justify\">\u00a0<\/p>\n<p style=\"text-align: justify\"><strong><strong><strong><a href=\"ohiggins\/noticias-ohiggins\/12093-adriana-bastias\" target=\"_blank\" rel=\"noopener noreferrer\"><img loading=\"lazy\" decoding=\"async\" class=\" alignleft size-full wp-image-7989\" style=\"margin-right: 20px;margin-left: 20px;float: left\" src=\"http:\/\/ec2-34-218-253-251.us-west-2.compute.amazonaws.com\/wp-content\/uploads\/2014\/11\/maquirep.jpg\" alt=\"\" width=\"135\" height=\"90\" \/>Adriana Bast\u00edas: \u201cConociendo al maqui desde dentro\u201d<\/a><\/strong><\/strong><\/strong><\/p>\n<p style=\"text-align: justify\">\u00bfSab\u00edas que en la regi\u00f3n crece de forma silvestre uno de los mejores antioxidantes antiinflamatorios y antibacterianos? Se trata del maqui (Aristotelia chilensis), cuyo genoma fue estudiado por cient\u00edficos de O\u2019Higgins&#8230;..<a href=\"ohiggins\/noticias-ohiggins\/12093-adriana-bastias\" target=\"_blank\" rel=\"noopener noreferrer\">seguir leyendo<\/a><\/p>\n<p style=\"text-align: justify\">\u00a0<\/p>\n<p style=\"text-align: justify\"><strong><strong><strong><a href=\"ohiggins\/noticias-ohiggins\/11993-escuela-astronautas\" target=\"_blank\" rel=\"noopener noreferrer\"><img loading=\"lazy\" decoding=\"async\" class=\" alignleft size-full wp-image-7990\" style=\"margin-right: 20px;margin-left: 20px;float: left\" src=\"http:\/\/ec2-34-218-253-251.us-west-2.compute.amazonaws.com\/wp-content\/uploads\/2014\/11\/escuela_astronautasrep2.jpg\" alt=\"\" width=\"135\" height=\"90\" \/>Estudiantes de Mostazal se preparan para ser Astronautas<\/a><\/strong><\/strong><\/strong><\/p>\n<p style=\"text-align: justify\">La Escuela de Astronautas de Chile, proyecto que se inici\u00f3 en julio de 2016 en la comuna de Mostazal, ya gradu\u00f3 a 50 ni\u00f1os y ni\u00f1as de entre 6 y 12 a\u00f1os, quienes recibieron clases de coheter\u00eda b\u00e1sica, ejercicio&#8230;..<a href=\"ohiggins\/noticias-ohiggins\/11993-escuela-astronautas\" target=\"_blank\" rel=\"noopener noreferrer\">seguir leyendo<\/a><\/p>\n<p style=\"text-align: justify\">\u00a0<\/p>\n<p style=\"text-align: justify\"><strong><strong><strong><a href=\"ohiggins\/noticias-ohiggins\/11984-biodiversidad\" target=\"_blank\" rel=\"noopener noreferrer\"><img loading=\"lazy\" decoding=\"async\" class=\" alignleft size-full wp-image-7991\" style=\"margin-right: 20px;margin-left: 20px;float: left\" src=\"http:\/\/ec2-34-218-253-251.us-west-2.compute.amazonaws.com\/wp-content\/uploads\/2014\/11\/biodiversidadrepo2.jpg\" alt=\"\" width=\"135\" height=\"90\" \/>\u00bfPuede Convivir la Biodiversidad con la Agricultura Intensiva?<\/a><\/strong><\/strong><\/strong><\/p>\n<p style=\"text-align: justify\">\u00bfEs posible que convivan la flora y la fauna nativa con la agricultura intensiva? Investigadores de la Pontificia Universidad Cat\u00f3lica (PUC) lo creen posible a trav\u00e9s de la llamada agricultura sustentable&#8230;..<a href=\"ohiggins\/noticias-ohiggins\/11984-biodiversidad\" target=\"_blank\" rel=\"noopener noreferrer\">seguir leyendo<\/a><\/p>\n<p style=\"text-align: justify\">\u00a0<\/p>\n<p style=\"text-align: justify\"><strong><strong><strong><a href=\"ohiggins\/noticias-ohiggins\/11803-patricio-contreras-geografo-geoparques-al-rescate-del-patrimonio\" target=\"_blank\" rel=\"noopener noreferrer\"><img loading=\"lazy\" decoding=\"async\" class=\" alignleft size-full wp-image-7992\" style=\"margin-right: 20px;margin-left: 20px;float: left\" src=\"http:\/\/ec2-34-218-253-251.us-west-2.compute.amazonaws.com\/wp-content\/uploads\/2014\/11\/geoparquesrep.jpg\" alt=\"\" width=\"135\" height=\"90\" \/>Patricio Contreras: Geoparques, al rescate del patrimonio<\/a><\/strong><\/strong><\/strong><\/p>\n<p style=\"text-align: justify\">\u201cLa Geograf\u00eda fue algo desconocido durante el colegio, pero luego, apareci\u00f3 como una posibilidad real de poder viajar, de conocer lugares que para un santiaguino habr\u00edan sido dif\u00edciles de recorrer&#8230;.<a href=\"ohiggins\/noticias-ohiggins\/11803-patricio-contreras-geografo-geoparques-al-rescate-del-patrimonio\" target=\"_blank\" rel=\"noopener noreferrer\">seguir leyendo<\/a><\/p>\n<p style=\"text-align: justify\">\u00a0<\/p>\n<p style=\"text-align: justify\"><strong><strong><strong><a href=\"ohiggins\/noticias-ohiggins\/11877-estructura-genetica-de-la-poblacion-chilena-la-huella-indeleble-de-nuestra-historia\" target=\"_blank\" rel=\"noopener noreferrer\"><img loading=\"lazy\" decoding=\"async\" class=\" alignleft size-full wp-image-7993\" style=\"margin-right: 20px;margin-left: 20px;float: left\" src=\"http:\/\/ec2-34-218-253-251.us-west-2.compute.amazonaws.com\/wp-content\/uploads\/2014\/11\/geneticachilerepo.jpg\" alt=\"\" width=\"135\" height=\"90\" \/>Estructura Gen\u00e9tica de la Poblaci\u00f3n Chilena: La Huella Indeleble de Nuestra Historia <\/a><\/strong><\/strong><\/strong><\/p>\n<p style=\"text-align: justify\">\u00bfA qu\u00e9 tipo de enfermedades somos m\u00e1s propensos los chilenos? \u00bfEs cierto que tenemos \u2018mitad sangre ind\u00edgena y mitad europea\u2019? \u00bfC\u00f3mo nos diferenciamos de nuestros ancestros?&#8230;.<a href=\"ohiggins\/noticias-ohiggins\/11877-estructura-genetica-de-la-poblacion-chilena-la-huella-indeleble-de-nuestra-historia\" target=\"_blank\" rel=\"noopener noreferrer\">seguir leyendo<\/a><\/p>\n<p style=\"text-align: justify\">\u00a0<\/p>\n<p style=\"text-align: justify\"><strong><strong><strong><a href=\"ohiggins\/noticias-ohiggins\/11801-biomimetica-y-arquitectura-la-union-de-dos-mundos\" target=\"_blank\" rel=\"noopener noreferrer\"><img loading=\"lazy\" decoding=\"async\" class=\" alignleft size-full wp-image-7994\" style=\"margin-right: 20px;margin-left: 20px;float: left\" src=\"http:\/\/ec2-34-218-253-251.us-west-2.compute.amazonaws.com\/wp-content\/uploads\/2014\/11\/soffiarep.jpg\" alt=\"\" width=\"135\" height=\"90\" \/>Biomim\u00e9tica y Arquitectura: la Uni\u00f3n de Dos Mundos<\/a><\/strong><\/strong><\/strong><\/p>\n<p style=\"text-align: justify\">Alejandro Soffia deb\u00eda tomar una decisi\u00f3n: \u00bfEntomolog\u00eda o arquitectura? En lugar de elegir s\u00f3lo una, el acad\u00e9mico y Magister de la Universidad Cat\u00f3lica, opt\u00f3 por una tercera v\u00eda: la biomim\u00e9tica&#8230;.<a href=\"ohiggins\/noticias-ohiggins\/11801-biomimetica-y-arquitectura-la-union-de-dos-mundos\" target=\"_blank\" rel=\"noopener noreferrer\">seguir leyendo<\/a><\/p>\n<p style=\"text-align: justify\">\u00a0<\/p>\n<p style=\"text-align: justify\"><strong><strong><strong><a href=\"ohiggins\/noticias-ohiggins\/11754-pucara-de-la-compania-el-olvidado-vestigio-inca\" target=\"_blank\" rel=\"noopener noreferrer\"><img loading=\"lazy\" decoding=\"async\" class=\" alignleft size-full wp-image-7995\" style=\"margin-right: 20px;margin-left: 20px;float: left\" src=\"http:\/\/ec2-34-218-253-251.us-west-2.compute.amazonaws.com\/wp-content\/uploads\/2014\/11\/pucaracomprep.jpg\" alt=\"\" width=\"135\" height=\"90\" \/>Pucar\u00e1 de La Compa\u00f1\u00eda, el olvidado vestigio inca<\/a><\/strong><\/strong><\/strong><\/p>\n<p style=\"text-align: justify\">La fortificaci\u00f3n incaica emplazada en la cima del cerro de la comuna de Graneros es un recuerdo tangible de nuestra historia. El emplazamiento es Monumento Arqueol\u00f3gico e Hist\u00f3rico&#8230;.<a href=\"ohiggins\/noticias-ohiggins\/11754-pucara-de-la-compania-el-olvidado-vestigio-inca\" target=\"_blank\" rel=\"noopener noreferrer\">seguir leyendo<\/a><\/p>\n<p style=\"text-align: justify\">\u00a0<\/p>\n<p style=\"text-align: justify\"><strong><strong><strong><a href=\"ohiggins\/noticias-ohiggins\/11561-san-vicente-tt-suma-16-sitios-arqueologicos-de-importancia-patrimonial\" target=\"_blank\" rel=\"noopener noreferrer\"><img loading=\"lazy\" decoding=\"async\" class=\" alignleft size-full wp-image-7996\" style=\"margin-right: 20px;margin-left: 20px;float: left\" src=\"http:\/\/ec2-34-218-253-251.us-west-2.compute.amazonaws.com\/wp-content\/uploads\/2014\/11\/reportagua.jpg\" alt=\"\" width=\"135\" height=\"90\" \/>San Vicente TT ya suma 16 sitios arqueol\u00f3gicos de importancia patrimonial<\/a><\/strong><\/strong><\/strong><\/p>\n<p style=\"text-align: justify\">Recientemente fue dado a conocer el Primer Catastro de Sitios Arqueol\u00f3gicos de San Vicente de Tagua Tagua, en que se dieron a conocer 16 sitios de importancia patrimonial&#8230;.<a href=\"ohiggins\/noticias-ohiggins\/11561-san-vicente-tt-suma-16-siti\nos-arqueologicos-de-importancia-patrimonial\">seguir leyendo<\/a><\/p>\n<p style=\"text-align: justify\">\u00a0<\/p>\n<p style=\"text-align: justify\"><strong><strong><strong><a href=\"ohiggins\/noticias-ohiggins\/11412-poblacion-de-loros-tricahue-alcanza-3-mil-200-ejemplares-en-la-region\" target=\"_blank\" rel=\"noopener noreferrer\"><img loading=\"lazy\" decoding=\"async\" class=\" alignleft size-full wp-image-7997\" style=\"margin-right: 20px;margin-left: 20px;float: left\" src=\"http:\/\/ec2-34-218-253-251.us-west-2.compute.amazonaws.com\/wp-content\/uploads\/2014\/11\/lorotrica.jpg\" alt=\"\" width=\"135\" height=\"90\" \/>\u00a1Exitosa recuperaci\u00f3n de loros Tricahue!: Superan los 3 mil ejemplares en la regi\u00f3n<\/a><\/strong><\/strong><\/strong><\/p>\n<p style=\"text-align: justify\">La Corporaci\u00f3n Nacional Forestal (Conaf) regional dio a conocer la recuperaci\u00f3n de esta especie que a mediados de los \u201980 apenas superaba los 200 ejemplares en O\u2019Higgins; sin embargo&#8230;..\u00a0<a href=\"ohiggins\/noticias-ohiggins\/11412-poblacion-de-loros-tricahue-alcanza-3-mil-200-ejemplares-en-la-region\" target=\"_blank\" rel=\"noopener noreferrer\">seguir leyendo<\/a><\/p>\n<p style=\"text-align: justify\">\u00a0<\/p>\n<p style=\"text-align: justify\"><strong><strong><strong><a href=\"ohiggins\/noticias-ohiggins\/10932-levaduras-el-secreto-de-un-buen-vino\" target=\"_blank\" rel=\"noopener noreferrer\"><img loading=\"lazy\" decoding=\"async\" class=\" alignleft size-full wp-image-7998\" style=\"margin-right: 20px;margin-left: 20px;float: left\" src=\"http:\/\/ec2-34-218-253-251.us-west-2.compute.amazonaws.com\/wp-content\/uploads\/2014\/11\/levaduras.jpg\" alt=\"\" width=\"135\" height=\"90\" \/>Levaduras: El Secreto de un Buen Vino<\/a><\/strong><\/strong><\/strong><\/p>\n<p style=\"text-align: justify\">\u00bfSab\u00edas que el secreto de un buen vino no s\u00f3lo depende de la uva? En otras palabras, \u00a0dependiendo de las cepas de levaduras \u00a0que se utilicen para su fermentaci\u00f3n, ser\u00e1 la calidad del vino producido&#8230;.\u00a0<a href=\"ohiggins\/noticias-ohiggins\/10932-levaduras-el-secreto-de-un-buen-vino\" target=\"_blank\" rel=\"noopener noreferrer\">seguir leyendo<\/a><\/p>\n<p style=\"font-size: 12.16px\">\u00a0<\/p>\n<p style=\"text-align: justify\"><strong><strong><strong><a href=\"ohiggins\/noticias-ohiggins\/10846-polucion\" target=\"_blank\" rel=\"noopener noreferrer\"><img loading=\"lazy\" decoding=\"async\" class=\" alignleft size-full wp-image-7999\" style=\"margin-right: 20px;margin-left: 20px;float: left\" src=\"http:\/\/ec2-34-218-253-251.us-west-2.compute.amazonaws.com\/wp-content\/uploads\/2014\/11\/polucion.jpg\" width=\"135\" height=\"90\" \/><\/a><\/strong><\/strong><\/strong><strong><a href=\"ohiggins\/noticias-ohiggins\/10846-polucion\">Mala calidad del aire: Un problema en la estructura de la sociedad<\/a><\/strong><\/p>\n<p>Los episodios cr\u00edticos que se presentan cada invierno en la Regi\u00f3n de O&#8217;Higgins y el resto del pa\u00eds, podr\u00edan disminuir e incluso desaparecer con una mejor pol\u00edtica arquitect\u00f3nica y energ\u00e9tica&#8230;\u00a0<a href=\"ohiggins\/noticias-ohiggins\/10846-polucion\" target=\"_blank\" rel=\"noopener noreferrer\">seguir leyendo<\/a><\/p>\n<p style=\"font-size: 12.16px\">\u00a0<\/p>\n<p style=\"text-align: justify\"><strong><strong><strong><a href=\"ohiggins\/noticias-ohiggins\/10056-todas-las-aves-son-dinosaurios\" target=\"_blank\" rel=\"noopener noreferrer\"><img loading=\"lazy\" decoding=\"async\" class=\" alignleft size-full wp-image-8000\" style=\"margin-right: 20px;margin-left: 20px;float: left\" src=\"http:\/\/ec2-34-218-253-251.us-west-2.compute.amazonaws.com\/wp-content\/uploads\/2014\/11\/entrevpaleo.jpg\" width=\"135\" height=\"90\" \/><\/a><\/strong><\/strong><\/strong><strong><a href=\"ohiggins\/noticias-ohiggins\/10056-todas-las-aves-son-dinosaurios\">\u201cTodas las Aves Son Dinosaurios\u201d<\/a><\/strong><\/p>\n<p>\u201cCuando te comes un pollo, cuando le das alimento a las palomas, se trata de Dinosaurios\u201d, afirm\u00f3 David Rubilar, paleont\u00f3logo del Museo Nacional de Historia Natural (MNHN) durante la primera Paleojornada&#8230;\u00a0<a href=\"ohiggins\/noticias-ohiggins\/10056-todas-las-aves-son-dinosaurios\" target=\"_blank\" rel=\"noopener noreferrer\">seguir leyendo<\/a><\/p>\n<p style=\"font-size: 12.16px\">\u00a0<\/p>\n<p><a href=\"ohiggins\/noticias-ohiggins\/10634-carlos-miranda-como-ensenar-ciencias-contando-historias\"><strong><img loading=\"lazy\" decoding=\"async\" class=\" alignleft size-full wp-image-8001\" style=\"margin-right: 20px;margin-left: 20px;float: left\" src=\"http:\/\/ec2-34-218-253-251.us-west-2.compute.amazonaws.com\/wp-content\/uploads\/2014\/11\/arkanus-5.jpg\" alt=\"\" width=\"135\" height=\"90\" \/>Carlos Miranda: C\u00f3mo ense\u00f1ar ciencias contando historias<\/strong>\u00a0<\/a><\/p>\n<p>\u201cTodos los ni\u00f1os quieren ser h\u00e9roes, salvar al planeta\u201d indica, por este motivo ide\u00f3 \u2018Arkanus\u2019, \u00a0en donde siete ni\u00f1os y ni\u00f1as marginados por la sociedad, deben viajar y salvar al mundo&#8230;.\u00a0<a href=\"ohiggins\/noticias-ohiggins\/10634-carlos-miranda-como-ensenar-ciencias-contando-historias\" target=\"_blank\" rel=\"noopener noreferrer\">seguir leyendo<\/a><\/p>\n<p style=\"font-size: 12.16px\">\u00a0<\/p>\n<p><a href=\"http:\/\/regiones.dev.explora.cl\/ohiggins\/noticias-ohiggins\/5980-cambio-clima\" target=\"_self\" rel=\"noopener noreferrer\"><strong><img loading=\"lazy\" decoding=\"async\" class=\" alignleft size-full wp-image-8002\" style=\"margin-right: 20px;margin-left: 20px;float: left\" src=\"http:\/\/ec2-34-218-253-251.us-west-2.compute.amazonaws.com\/wp-content\/uploads\/2014\/11\/para-nota-cambio-clima.jpg\" width=\"135\" height=\"90\" \/>\u00bfC\u00f3mo afectar\u00e1 el cambio clim\u00e1tico a la agricultura?<\/strong><\/a><\/p>\n<p>Las frases \u201ccambio clim\u00e1tico\u201d, \u201cefecto invernadero\u201d, \u201csustentabilidad\u201d, son como la canci\u00f3n del verano, que muchas veces repetimos, sin saber muy bien de qu\u00e9 se trata el tema.\u00a0Por tal motivo, conversamos con Pamela Garc\u00eda, agr\u00f3noma&#8230;. <a href=\"http:\/\/regiones.dev.explora.cl\/ohiggins\/noticias-ohiggins\/5980-cambio-clima\" target=\"_blank\" rel=\"noopener noreferrer\">seguir leyendo<\/a><\/p>\n<p>\u00a0<\/p>\n<p style=\"text-align: justify\"><strong><strong><strong><a href=\"ohiggins\/noticias-ohiggins\/5784-sal\" target=\"_blank\" rel=\"noopener noreferrer\"><img loading=\"lazy\" decoding=\"async\" class=\" alignleft size-full wp-image-8003\" style=\"margin-right: 20px;margin-left: 20px;float: left\" src=\"http:\/\/ec2-34-218-253-251.us-west-2.compute.amazonaws.com\/wp-content\/uploads\/2014\/11\/planta-sal-14.jpg\" width=\"135\" height=\"90\" \/><\/a><\/strong><\/strong><\/strong><\/p>\n<p><a href=\"index.php\/ohiggins\/noticias-ohiggins\/6303-sal\" target=\"_blank\" rel=\"noopener noreferrer\"><strong><strong><strong>Sal de Mar: El oro blanco de Pichilemu<\/strong><\/strong><\/strong><\/a><\/p>\n<p>Monta\u00f1as de sal, lagunas de sal, sal en los labios, sal ardiendo en los ojos, respirando sal, sal en el reflejo del sol, sal, sal\u2026 Hubo un tiempo en que la sal val\u00eda literalmente su peso en oro, ocupada para mantener los alimentos, era vital para la supervivencia en el desierto<a href=\"index.php\/ohiggins\/noticias-ohiggins\/6303-sal\" target=\"_blank\" rel=\"noopener noreferrer\">&#8230;.\u00a0seguir leyendo<\/a><\/p>\n<p style=\"text-align: justify\">\u00a0<\/p>\n<p style=\"text-align: justify\"><strong><a href=\"ohiggins\/noticias-ohiggins\/4900-stegomastodon\" target=\"_blank\" rel=\"noopener noreferrer\"><img decoding=\"async\" class=\" alignleft size-full wp-image-8004\" style=\"float: left;margin-left: 20px;margin-right: 20px\" src=\"http:\/\/ec2-34-218-253-251.us-west-2.compute.amazonaws.com\/wp-content\/uploads\/2014\/11\/capacita-gonfo.jpg\" width=\"135\" border=\"0\" \/><\/a><a href=\"ohiggins\/noticias-ohiggins\/5418-stegomastodon-1\" target=\"_blank\" rel=\"noopener noreferrer\">Stegomastodon Platensis: Ni mamut ni mastodonte, sino gonfoterio<\/a><\/strong><\/p>\n<p style=\"text-align: justify\">Hace un par de a\u00f1os se supo que se encontraron en Rusia, los restos de un mamut con su carne y muy bien conservada, por lo que se ha hablado incluso de la posibilidad de clonaci\u00f3n de estas megabestias&#8230; <a href=\"ohiggins\/noticias-ohiggins\/5418-stegomastodon-1\" target=\"_blank\" rel=\"noopener noreferrer\">seguir leyendo<\/a><\/p>\n<p style=\"text-align: justify\">\u00a0<\/p>\n<p><a href=\"http:\/\/regiones.dev.explora.cl\/ohiggins\/noticias-ohiggins\/4678-trigo\"><strong><img decoding=\"async\" class=\" alignleft size-full wp-image-8005\" style=\"float: left;margin: 10px 20px\" src=\"http:\/\/ec2-34-218-253-251.us-west-2.compute.amazonaws.com\/wp-content\/uploads\/2014\/11\/trigo-y-espiga.jpg\" width=\"135\" border=\"0\" \/>\u201cMejoramiento gen\u00e9tico: Combinaci\u00f3n entre arte y ciencia\u201d<\/strong><\/a><\/p>\n<p>Tal como los soldados deben estar continuamente actualizando sus conocimientos ante la eventualidad de una guerra, de la misma forma los cient\u00edficos del Instituto de Investigaciones Agropecuarias (INIA) deben generar variedades de plantas&#8230; <a href=\"http:\/\/regiones.dev.explora.cl\/ohiggins\/noticias-ohiggins\/4678-trigo\">seguir leyendo<\/a><\/p>\n<p style=\"text-align: justify\"><a href=\"concursos\/566-sitios-regionales-1\/regional-ohiggins\/noticias-ohiggins\/4665-mico\"><strong style=\"font-family: Arial, Helvetica, sans-serif;font-size: 14px;line-height: 1.3em\"><img decoding=\"async\" class=\" alignleft size-full wp-image-7965\" style=\"float: left;margin-left: 20px;margin-right: 20px\" src=\"http:\/\/ec2-34-218-253-251.us-west-2.compute.amazonaws.com\/wp-content\/uploads\/2014\/11\/colegio-la-republica-13.jpg\" width=\"135\" border=\"0\" \/><\/strong><strong>Micorremediaci\u00f3n: La Capacidad Recicladora de los Hongos<\/strong><\/a><\/p>\n<p style=\"text-align: justify\">Poco o nada se sabe de los hongos, generalmente se les asocia con levaduras, algunos compuestos farmac\u00e9uticos, venenos o algunas variedades comestibles; sin embargo&#8230; <a href=\"concursos\/566-sitios-regionales-1\/regional-ohiggins\/noticias-ohiggins\/4665-mico\">seguir leyendo<\/a><\/p>\n<p class=\"itemTitle\" style=\"text-align: justify\">\u00a0<\/p>\n<p style=\"text-align: justify\"><a href=\"ohiggins\/noticias-ohiggins\/3772-reportaje-agri\"><strong><img decoding=\"async\" class=\" alignleft size-full wp-image-8006\" style=\"float: left;margin: 0px 20px\" src=\"http:\/\/ec2-34-218-253-251.us-west-2.compute.amazonaws.com\/wp-content\/uploads\/2014\/11\/report-agri-org.jpg\" width=\"135\" border=\"0\" \/><\/strong><\/a><\/p>\n<p style=\"text-align: justify\"><a href=\"ohiggins\/noticias-ohiggins\/4286-reportaje-agri\"><strong>Agricultura Org\u00e1nica: la apuesta del Club de Ciencias del Colegio Stma Virgen Mar\u00eda de Las Cabras<\/strong><\/a><\/p>\n<p style=\"text-align: justify\">La agricultura org\u00e1nica fue la apuesta del Club de Ciencias del Colegio Sant\u00edsima Virgen Mar\u00eda de Las Cabras; es as\u00ed como desde 2012, a trav\u00e9s de diversos proyectos de financiamiento presentados a EXPLORA y otras entidades, han logrado desarrollar varias iniciativas relativas al tema&#8230;\u00a0<a href=\"ohiggins\/noticias-ohiggins\/4286-reportaje-agri\">\u00a0seguir leyendo<\/a><\/p>\n<p style=\"text-align: justify\"><strong>\u00a0<\/strong><\/p>\n<p style=\"text-align: justify\"><a style=\"line-height: 1.3em\" href=\"ohiggins\/noticias-ohiggins\/3610-reportaje-permacultura-1\"><strong><span style=\"line-height: 1.3em\"><img loading=\"lazy\" decoding=\"async\" class=\" alignleft size-full wp-image-8007\" style=\"margin-left: 20px;margin-right: 20px;float: left\" src=\"http:\/\/ec2-34-218-253-251.us-west-2.compute.amazonaws.com\/wp-content\/uploads\/2014\/11\/5c5f7391aa4309a2a5f06103dc6fd590_XL.jpg\" width=\"135\" height=\"90\" border=\"0\" \/>Permacultura, una alternativa ecol\u00f3gica frente al cambio clim\u00e1tico<\/span><\/strong><\/a><\/p>\n<p style=\"text-align: justify\"><span style=\"line-height: 1.3em\">La permacultura nos ense\u00f1a c\u00f3mo podemos aplicar la ciencia y la tecnolog\u00eda para vivir dentro de la capacidad regenerativa de la bi\u00f3sfera&#8230;\u00a0\u00a0<a href=\"ohiggins\/noticias-ohiggins\/3610-reportaje-permacultura-1\">seguir leyendo<\/a><\/span><\/p>\n<p style=\"text-align: justify\"><strong><span style=\"line-height: 1.3em\">\u00a0<\/span><\/strong><\/p>\n<p style=\"text-align: justify\"><a style=\"line-height: 1.3em\" href=\"ohiggins\/noticias-ohiggins\/4006-ruta-tagua\"><strong><span style=\"line-height: 1.3em\"><img loading=\"lazy\" decoding=\"async\" class=\" alignleft size-full wp-image-8008\" style=\"float: left;margin-left: 20px;margin-right: 20px\" src=\"http:\/\/ec2-34-218-253-251.us-west-2.compute.amazonaws.com\/wp-content\/uploads\/2014\/11\/79834ffd205366348da9c7ee3f22b66f_M.jpg\" width=\"135\" height=\"76\" border=\"0\" \/>Ciencia y Turismo: Ruta Cient\u00edfica Historia Natural de Taguatagua<\/span><\/strong><\/a><\/p>\n<p style=\"text-align: justify\"><span style=\"line-height: 1.3em\">\u00bfSe puede vincular turismo y ciencia? \u00c9sa es la idea de una ruta cient\u00edfica, un lugar en donde el visitante pueda aprender y maravillarse con el entorno natural, social y cultural&#8230; \u00a0<a href=\"ohiggins\/noticias-ohiggins\/4006-ruta-tagua\">seguir leyendo<\/a><\/span><\/p>\n<p style=\"text-align: justify\"><strong><span style=\"line-height: 1.3em\">\u00a0<\/span><\/strong><\/p>\n<p style=\"text-align: justify\"><a style=\"line-height: 1.3em\" href=\"ohiggins\/noticias-ohiggins\/2917-gaba-5\"><strong><span style=\"line-height: 1.3em\"><img loading=\"lazy\" decoding=\"async\" class=\" alignleft size-full wp-image-8009\" style=\"margin-left: 20px;margin-right: 20px;float: left\" src=\"http:\/\/ec2-34-218-253-251.us-west-2.compute.amazonaws.com\/wp-content\/uploads\/2014\/11\/67494d9fb833f19a8b4d612ba6cf039d_M.jpg\" width=\"135\" height=\"90\" border=\"0\" \/>GABA: \u00bfuna mol\u00e9cula protectora para las plantas frente a inundaciones?<\/span><\/strong><\/a><\/p>\n<p style=\"text-align: justify\"><span style=\"line-height: 1.3em\">Imagine el siguiente escenario, una lluvia torrencial inunda las plantas de un campo durante varios d\u00edas, pero su propietario pudo salvar o proteger la producci\u00f3n gracias a que le aplic\u00f3 un producto qu\u00edmico derivado de un amino\u00e1cido llamado GABA&#8230; <a href=\"ohiggins\/noticias-ohiggins\/2917-gaba-5\" target=\"_blank\" rel=\"noopener noreferrer\">\u00a0seguir leyendo<\/a><\/span><\/p>\n","protected":false},"excerpt":{"rendered":"<p>Queremos encontrar planetas para responder \u00bfEstamos solos en el universo? Fernando Cort\u00e9s, Astr\u00f3nomo de la Universidad de Concepci\u00f3n (UdeC), fue uno de los embajadores de este d\u00eda, con \u00e9l tuvimos la oportunidad de conversar respecto de los exoplanetas, vida extraterrestre y m\u00e1s&#8230;.seguir leyendo \u00a0 Adriana Bast\u00edas: \u201cConociendo al maqui desde dentro\u201d \u00bfSab\u00edas que en la [&hellip;]<\/p>\n","protected":false},"author":2,"featured_media":33768,"comment_status":"open","ping_status":"open","sticky":false,"template":"","format":"standard","meta":{"_acf_changed":false,"_exactmetrics_skip_tracking":false,"_exactmetrics_sitenote_active":false,"_exactmetrics_sitenote_note":"","_exactmetrics_sitenote_category":0,"footnotes":"","_links_to":"","_links_to_target":""},"categories":[4],"tags":[],"class_list":["post-31917","post","type-post","status-publish","format-standard","has-post-thumbnail","hentry","category-noticias"],"acf":[],"yoast_head":"<!-- This site is optimized with the Yoast SEO plugin v26.7 - https:\/\/yoast.com\/wordpress\/plugins\/seo\/ -->\n<title>Reportajes - O&#039;Higgins<\/title>\n<meta name=\"robots\" content=\"index, follow, max-snippet:-1, max-image-preview:large, max-video-preview:-1\" \/>\n<link rel=\"canonical\" href=\"https:\/\/dev.explora.cl\/ohiggins\/reportajes\/\" class=\"yoast-seo-meta-tag\" \/>\n<meta property=\"og:locale\" content=\"es_ES\" class=\"yoast-seo-meta-tag\" \/>\n<meta property=\"og:type\" content=\"article\" class=\"yoast-seo-meta-tag\" \/>\n<meta property=\"og:title\" content=\"Reportajes - O&#039;Higgins\" class=\"yoast-seo-meta-tag\" \/>\n<meta property=\"og:description\" content=\"Queremos encontrar planetas para responder \u00bfEstamos solos en el universo? Fernando Cort\u00e9s, Astr\u00f3nomo de la Universidad de Concepci\u00f3n (UdeC), fue uno de los embajadores de este d\u00eda, con \u00e9l tuvimos la oportunidad de conversar respecto de los exoplanetas, vida extraterrestre y m\u00e1s&#8230;.seguir leyendo \u00a0 Adriana Bast\u00edas: \u201cConociendo al maqui desde dentro\u201d \u00bfSab\u00edas que en la [&hellip;]\" class=\"yoast-seo-meta-tag\" \/>\n<meta property=\"og:url\" content=\"https:\/\/dev.explora.cl\/ohiggins\/reportajes\/\" class=\"yoast-seo-meta-tag\" \/>\n<meta property=\"og:site_name\" content=\"O&#039;Higgins\" class=\"yoast-seo-meta-tag\" \/>\n<meta property=\"article:published_time\" content=\"2014-11-17T04:00:00+00:00\" class=\"yoast-seo-meta-tag\" \/>\n<meta property=\"article:modified_time\" content=\"2019-05-20T18:03:37+00:00\" class=\"yoast-seo-meta-tag\" \/>\n<meta property=\"og:image\" content=\"https:\/\/dev.explora.cl\/ohiggins\/wp-content\/uploads\/sites\/8\/2018\/06\/fernandocortesmini.jpg\" class=\"yoast-seo-meta-tag\" \/>\n\t<meta property=\"og:image:width\" content=\"135\" class=\"yoast-seo-meta-tag\" \/>\n\t<meta property=\"og:image:height\" content=\"90\" class=\"yoast-seo-meta-tag\" \/>\n\t<meta property=\"og:image:type\" content=\"image\/jpeg\" class=\"yoast-seo-meta-tag\" \/>\n<meta name=\"author\" content=\"webman\" class=\"yoast-seo-meta-tag\" \/>\n<meta name=\"twitter:card\" content=\"summary_large_image\" class=\"yoast-seo-meta-tag\" \/>\n<meta name=\"twitter:label1\" content=\"Escrito por\" class=\"yoast-seo-meta-tag\" \/>\n\t<meta name=\"twitter:data1\" content=\"webman\" class=\"yoast-seo-meta-tag\" \/>\n\t<meta name=\"twitter:label2\" content=\"Tiempo estimado de lectura\" class=\"yoast-seo-meta-tag\" \/>\n\t<meta name=\"twitter:data2\" content=\"5 minutos\" class=\"yoast-seo-meta-tag\" \/>\n<script type=\"application\/ld+json\" class=\"yoast-schema-graph\">{\"@context\":\"https:\/\/schema.org\",\"@graph\":[{\"@type\":\"Article\",\"@id\":\"https:\/\/dev.explora.cl\/ohiggins\/reportajes\/#article\",\"isPartOf\":{\"@id\":\"https:\/\/dev.explora.cl\/ohiggins\/reportajes\/\"},\"author\":{\"name\":\"webman\",\"@id\":\"https:\/\/dev.explora.cl\/ohiggins\/#\/schema\/person\/cb8349c13ea2d324080adf8480d7ba5d\"},\"headline\":\"Reportajes\",\"datePublished\":\"2014-11-17T04:00:00+00:00\",\"dateModified\":\"2019-05-20T18:03:37+00:00\",\"mainEntityOfPage\":{\"@id\":\"https:\/\/dev.explora.cl\/ohiggins\/reportajes\/\"},\"wordCount\":1088,\"commentCount\":4,\"image\":{\"@id\":\"https:\/\/dev.explora.cl\/ohiggins\/reportajes\/#primaryimage\"},\"thumbnailUrl\":\"https:\/\/dev.explora.cl\/ohiggins\/wp-content\/uploads\/sites\/8\/2018\/06\/fernandocortesmini.jpg\",\"articleSection\":[\"Noticias\"],\"inLanguage\":\"es-CL\",\"potentialAction\":[{\"@type\":\"CommentAction\",\"name\":\"Comment\",\"target\":[\"https:\/\/dev.explora.cl\/ohiggins\/reportajes\/#respond\"]}]},{\"@type\":\"WebPage\",\"@id\":\"https:\/\/dev.explora.cl\/ohiggins\/reportajes\/\",\"url\":\"https:\/\/dev.explora.cl\/ohiggins\/reportajes\/\",\"name\":\"Reportajes - O&#039;Higgins\",\"isPartOf\":{\"@id\":\"https:\/\/dev.explora.cl\/ohiggins\/#website\"},\"primaryImageOfPage\":{\"@id\":\"https:\/\/dev.explora.cl\/ohiggins\/reportajes\/#primaryimage\"},\"image\":{\"@id\":\"https:\/\/dev.explora.cl\/ohiggins\/reportajes\/#primaryimage\"},\"thumbnailUrl\":\"https:\/\/dev.explora.cl\/ohiggins\/wp-content\/uploads\/sites\/8\/2018\/06\/fernandocortesmini.jpg\",\"datePublished\":\"2014-11-17T04:00:00+00:00\",\"dateModified\":\"2019-05-20T18:03:37+00:00\",\"author\":{\"@id\":\"https:\/\/dev.explora.cl\/ohiggins\/#\/schema\/person\/cb8349c13ea2d324080adf8480d7ba5d\"},\"breadcrumb\":{\"@id\":\"https:\/\/dev.explora.cl\/ohiggins\/reportajes\/#breadcrumb\"},\"inLanguage\":\"es-CL\",\"potentialAction\":[{\"@type\":\"ReadAction\",\"target\":[\"https:\/\/dev.explora.cl\/ohiggins\/reportajes\/\"]}]},{\"@type\":\"ImageObject\",\"inLanguage\":\"es-CL\",\"@id\":\"https:\/\/dev.explora.cl\/ohiggins\/reportajes\/#primaryimage\",\"url\":\"https:\/\/dev.explora.cl\/ohiggins\/wp-content\/uploads\/sites\/8\/2018\/06\/fernandocortesmini.jpg\",\"contentUrl\":\"https:\/\/dev.explora.cl\/ohiggins\/wp-content\/uploads\/sites\/8\/2018\/06\/fernandocortesmini.jpg\",\"width\":135,\"height\":90},{\"@type\":\"BreadcrumbList\",\"@id\":\"https:\/\/dev.explora.cl\/ohiggins\/reportajes\/#breadcrumb\",\"itemListElement\":[{\"@type\":\"ListItem\",\"position\":1,\"name\":\"Portada\",\"item\":\"https:\/\/dev.explora.cl\/ohiggins\/\"},{\"@type\":\"ListItem\",\"position\":2,\"name\":\"Reportajes\"}]},{\"@type\":\"WebSite\",\"@id\":\"https:\/\/dev.explora.cl\/ohiggins\/#website\",\"url\":\"https:\/\/dev.explora.cl\/ohiggins\/\",\"name\":\"O&#039;Higgins\",\"description\":\"Otro sitio m\u00e1s de dev.explora.cl\",\"potentialAction\":[{\"@type\":\"SearchAction\",\"target\":{\"@type\":\"EntryPoint\",\"urlTemplate\":\"https:\/\/dev.explora.cl\/ohiggins\/?s={search_term_string}\"},\"query-input\":{\"@type\":\"PropertyValueSpecification\",\"valueRequired\":true,\"valueName\":\"search_term_string\"}}],\"inLanguage\":\"es-CL\"},{\"@type\":\"Person\",\"@id\":\"https:\/\/dev.explora.cl\/ohiggins\/#\/schema\/person\/cb8349c13ea2d324080adf8480d7ba5d\",\"name\":\"webman\",\"image\":{\"@type\":\"ImageObject\",\"inLanguage\":\"es-CL\",\"@id\":\"https:\/\/dev.explora.cl\/ohiggins\/#\/schema\/person\/image\/\",\"url\":\"https:\/\/secure.gravatar.com\/avatar\/eeff3c82f2c02f7177d13663b7e6f890e9a6a0647ce9bb29cae02dcb094c7312?s=96&d=mm&r=g\",\"contentUrl\":\"https:\/\/secure.gravatar.com\/avatar\/eeff3c82f2c02f7177d13663b7e6f890e9a6a0647ce9bb29cae02dcb094c7312?s=96&d=mm&r=g\",\"caption\":\"webman\"},\"url\":\"https:\/\/dev.explora.cl\/ohiggins\/author\/webman\/\"}]}<\/script>\n<!-- \/ Yoast SEO plugin. -->","yoast_head_json":{"title":"Reportajes - O&#039;Higgins","robots":{"index":"index","follow":"follow","max-snippet":"max-snippet:-1","max-image-preview":"max-image-preview:large","max-video-preview":"max-video-preview:-1"},"canonical":"https:\/\/dev.explora.cl\/ohiggins\/reportajes\/","og_locale":"es_ES","og_type":"article","og_title":"Reportajes - O&#039;Higgins","og_description":"Queremos encontrar planetas para responder \u00bfEstamos solos en el universo? Fernando Cort\u00e9s, Astr\u00f3nomo de la Universidad de Concepci\u00f3n (UdeC), fue uno de los embajadores de este d\u00eda, con \u00e9l tuvimos la oportunidad de conversar respecto de los exoplanetas, vida extraterrestre y m\u00e1s&#8230;.seguir leyendo \u00a0 Adriana Bast\u00edas: \u201cConociendo al maqui desde dentro\u201d \u00bfSab\u00edas que en la [&hellip;]","og_url":"https:\/\/dev.explora.cl\/ohiggins\/reportajes\/","og_site_name":"O&#039;Higgins","article_published_time":"2014-11-17T04:00:00+00:00","article_modified_time":"2019-05-20T18:03:37+00:00","og_image":[{"width":135,"height":90,"url":"https:\/\/dev.explora.cl\/ohiggins\/wp-content\/uploads\/sites\/8\/2018\/06\/fernandocortesmini.jpg","type":"image\/jpeg"}],"author":"webman","twitter_card":"summary_large_image","twitter_misc":{"Escrito por":"webman","Tiempo estimado de lectura":"5 minutos"},"schema":{"@context":"https:\/\/schema.org","@graph":[{"@type":"Article","@id":"https:\/\/dev.explora.cl\/ohiggins\/reportajes\/#article","isPartOf":{"@id":"https:\/\/dev.explora.cl\/ohiggins\/reportajes\/"},"author":{"name":"webman","@id":"https:\/\/dev.explora.cl\/ohiggins\/#\/schema\/person\/cb8349c13ea2d324080adf8480d7ba5d"},"headline":"Reportajes","datePublished":"2014-11-17T04:00:00+00:00","dateModified":"2019-05-20T18:03:37+00:00","mainEntityOfPage":{"@id":"https:\/\/dev.explora.cl\/ohiggins\/reportajes\/"},"wordCount":1088,"commentCount":4,"image":{"@id":"https:\/\/dev.explora.cl\/ohiggins\/reportajes\/#primaryimage"},"thumbnailUrl":"https:\/\/dev.explora.cl\/ohiggins\/wp-content\/uploads\/sites\/8\/2018\/06\/fernandocortesmini.jpg","articleSection":["Noticias"],"inLanguage":"es-CL","potentialAction":[{"@type":"CommentAction","name":"Comment","target":["https:\/\/dev.explora.cl\/ohiggins\/reportajes\/#respond"]}]},{"@type":"WebPage","@id":"https:\/\/dev.explora.cl\/ohiggins\/reportajes\/","url":"https:\/\/dev.explora.cl\/ohiggins\/reportajes\/","name":"Reportajes - O&#039;Higgins","isPartOf":{"@id":"https:\/\/dev.explora.cl\/ohiggins\/#website"},"primaryImageOfPage":{"@id":"https:\/\/dev.explora.cl\/ohiggins\/reportajes\/#primaryimage"},"image":{"@id":"https:\/\/dev.explora.cl\/ohiggins\/reportajes\/#primaryimage"},"thumbnailUrl":"https:\/\/dev.explora.cl\/ohiggins\/wp-content\/uploads\/sites\/8\/2018\/06\/fernandocortesmini.jpg","datePublished":"2014-11-17T04:00:00+00:00","dateModified":"2019-05-20T18:03:37+00:00","author":{"@id":"https:\/\/dev.explora.cl\/ohiggins\/#\/schema\/person\/cb8349c13ea2d324080adf8480d7ba5d"},"breadcrumb":{"@id":"https:\/\/dev.explora.cl\/ohiggins\/reportajes\/#breadcrumb"},"inLanguage":"es-CL","potentialAction":[{"@type":"ReadAction","target":["https:\/\/dev.explora.cl\/ohiggins\/reportajes\/"]}]},{"@type":"ImageObject","inLanguage":"es-CL","@id":"https:\/\/dev.explora.cl\/ohiggins\/reportajes\/#primaryimage","url":"https:\/\/dev.explora.cl\/ohiggins\/wp-content\/uploads\/sites\/8\/2018\/06\/fernandocortesmini.jpg","contentUrl":"https:\/\/dev.explora.cl\/ohiggins\/wp-content\/uploads\/sites\/8\/2018\/06\/fernandocortesmini.jpg","width":135,"height":90},{"@type":"BreadcrumbList","@id":"https:\/\/dev.explora.cl\/ohiggins\/reportajes\/#breadcrumb","itemListElement":[{"@type":"ListItem","position":1,"name":"Portada","item":"https:\/\/dev.explora.cl\/ohiggins\/"},{"@type":"ListItem","position":2,"name":"Reportajes"}]},{"@type":"WebSite","@id":"https:\/\/dev.explora.cl\/ohiggins\/#website","url":"https:\/\/dev.explora.cl\/ohiggins\/","name":"O&#039;Higgins","description":"Otro sitio m\u00e1s de dev.explora.cl","potentialAction":[{"@type":"SearchAction","target":{"@type":"EntryPoint","urlTemplate":"https:\/\/dev.explora.cl\/ohiggins\/?s={search_term_string}"},"query-input":{"@type":"PropertyValueSpecification","valueRequired":true,"valueName":"search_term_string"}}],"inLanguage":"es-CL"},{"@type":"Person","@id":"https:\/\/dev.explora.cl\/ohiggins\/#\/schema\/person\/cb8349c13ea2d324080adf8480d7ba5d","name":"webman","image":{"@type":"ImageObject","inLanguage":"es-CL","@id":"https:\/\/dev.explora.cl\/ohiggins\/#\/schema\/person\/image\/","url":"https:\/\/secure.gravatar.com\/avatar\/eeff3c82f2c02f7177d13663b7e6f890e9a6a0647ce9bb29cae02dcb094c7312?s=96&d=mm&r=g","contentUrl":"https:\/\/secure.gravatar.com\/avatar\/eeff3c82f2c02f7177d13663b7e6f890e9a6a0647ce9bb29cae02dcb094c7312?s=96&d=mm&r=g","caption":"webman"},"url":"https:\/\/dev.explora.cl\/ohiggins\/author\/webman\/"}]}},"_links":{"self":[{"href":"https:\/\/dev.explora.cl\/ohiggins\/wp-json\/wp\/v2\/posts\/31917","targetHints":{"allow":["GET"]}}],"collection":[{"href":"https:\/\/dev.explora.cl\/ohiggins\/wp-json\/wp\/v2\/posts"}],"about":[{"href":"https:\/\/dev.explora.cl\/ohiggins\/wp-json\/wp\/v2\/types\/post"}],"author":[{"embeddable":true,"href":"https:\/\/dev.explora.cl\/ohiggins\/wp-json\/wp\/v2\/users\/2"}],"replies":[{"embeddable":true,"href":"https:\/\/dev.explora.cl\/ohiggins\/wp-json\/wp\/v2\/comments?post=31917"}],"version-history":[{"count":1,"href":"https:\/\/dev.explora.cl\/ohiggins\/wp-json\/wp\/v2\/posts\/31917\/revisions"}],"predecessor-version":[{"id":37864,"href":"https:\/\/dev.explora.cl\/ohiggins\/wp-json\/wp\/v2\/posts\/31917\/revisions\/37864"}],"wp:featuredmedia":[{"embeddable":true,"href":"https:\/\/dev.explora.cl\/ohiggins\/wp-json\/wp\/v2\/media\/33768"}],"wp:attachment":[{"href":"https:\/\/dev.explora.cl\/ohiggins\/wp-json\/wp\/v2\/media?parent=31917"}],"wp:term":[{"taxonomy":"category","embeddable":true,"href":"https:\/\/dev.explora.cl\/ohiggins\/wp-json\/wp\/v2\/categories?post=31917"},{"taxonomy":"post_tag","embeddable":true,"href":"https:\/\/dev.explora.cl\/ohiggins\/wp-json\/wp\/v2\/tags?post=31917"}],"curies":[{"name":"wp","href":"https:\/\/api.w.org\/{rel}","templated":true}]}}