{"id":31910,"date":"2014-12-12T00:00:00","date_gmt":"2014-12-12T04:00:00","guid":{"rendered":"https:\/\/dev.explora.cl\/ohiggins\/blog\/2014\/12\/12\/feria-naranjal\/"},"modified":"2019-05-20T18:03:29","modified_gmt":"2019-05-20T18:03:29","slug":"feria-naranjal","status":"publish","type":"post","link":"https:\/\/dev.explora.cl\/ohiggins\/feria-naranjal\/","title":{"rendered":"Realizan 3\u00b0 versi\u00f3n de Feria Cient\u00edfica en Colegio El Naranjal"},"content":{"rendered":"<p><img loading=\"lazy\" decoding=\"async\" class=\" size-full wp-image-7900\" src=\"http:\/\/ec2-34-218-253-251.us-west-2.compute.amazonaws.com\/wp-content\/uploads\/2014\/12\/f65b831b3508fcdc8890b01c698794a9.jpg\" alt=\"\" width=\"1000\" height=\"667\" \/><\/p>\n<p style=\"text-align: justify\">Con la participaci\u00f3n de los ganadores del Congreso Regional de CyT EXPLORA CONICYT, se realiz\u00f3 este viernes, la tercera versi\u00f3n de la Feria Cient\u00edfica del Colegio El Naranjal de Rengo, evento abierto a la comunidad para la difusi\u00f3n de la ciencia y la tecnolog\u00eda.<\/p>\n<p style=\"text-align: justify\">En la ocasi\u00f3n, el director del establecimiento, Mario Contreras dio el vamos a la actividad, con un acto, en el que adem\u00e1s hubo una l\u00fadica presentaci\u00f3n teatral, para incentivar a los estudiantes a interesarse por este \u00e1mbito.<\/p>\n<p style=\"text-align: justify\">En la feria hubo 10 stands, en el que se incluy\u00f3 trabajos desde p\u00e1rvulos, hasta educaci\u00f3n media con temas referentes a volcanes de Chile, ciclo del agua, plantas medicinales, astronom\u00eda y tecnolog\u00eda.<\/p>\n<p style=\"text-align: justify\">Como invitados especiales, estuvo el Colegio Antil\u00e9n de Rengo explicando la hidroest\u00e1tica; y el Colegio Agr\u00edcola Las Garzas de Chimbarongo, con los temas: Mejoramiento del agua para regad\u00edo usando algas filamentosas (Ed. Media) y Efecto fungicida de aceites esenciales de Quillay, Litre y Peumo (Ed. B\u00e1sica); con los que representaron a la regi\u00f3n en el Congreso Nacional de CyT.<\/p>\n<p style=\"text-align: justify\">PAR EXPLORA O\u2019Higgins, felicit\u00f3 al colegio por esta iniciativa, y los invit\u00f3 a repetir la instancia a futuro.<\/p>\n<p style=\"text-align: justify\"><img loading=\"lazy\" decoding=\"async\" class=\" size-full wp-image-7901\" src=\"http:\/\/ec2-34-218-253-251.us-west-2.compute.amazonaws.com\/wp-content\/uploads\/2014\/12\/COLLAGE-FERIA-NARANJAL.jpg\" border=\"0\" alt=\"\" width=\"800\" height=\"200\" \/><\/p>\n","protected":false},"excerpt":{"rendered":"<p>Con la participaci\u00f3n de los ganadores del Congreso Regional de CyT EXPLORA CONICYT, se realiz\u00f3 este viernes, la tercera versi\u00f3n de la Feria Cient\u00edfica del Colegio El Naranjal de Rengo, evento abierto a la comunidad para la difusi\u00f3n de la ciencia y la tecnolog\u00eda. En la ocasi\u00f3n, el director del establecimiento, Mario Contreras dio el [&hellip;]<\/p>\n","protected":false},"author":2,"featured_media":31911,"comment_status":"open","ping_status":"open","sticky":false,"template":"","format":"standard","meta":{"_acf_changed":false,"_exactmetrics_skip_tracking":false,"_exactmetrics_sitenote_active":false,"_exactmetrics_sitenote_note":"","_exactmetrics_sitenote_category":0,"footnotes":"","_links_to":"","_links_to_target":""},"categories":[4],"tags":[],"class_list":["post-31910","post","type-post","status-publish","format-standard","has-post-thumbnail","hentry","category-noticias"],"acf":[],"yoast_head":"<!-- This site is optimized with the Yoast SEO plugin v26.7 - https:\/\/yoast.com\/wordpress\/plugins\/seo\/ -->\n<title>Realizan 3\u00b0 versi\u00f3n de Feria Cient\u00edfica en Colegio El Naranjal - O&#039;Higgins<\/title>\n<meta name=\"robots\" content=\"index, follow, max-snippet:-1, max-image-preview:large, max-video-preview:-1\" \/>\n<link rel=\"canonical\" href=\"https:\/\/dev.explora.cl\/ohiggins\/feria-naranjal\/\" class=\"yoast-seo-meta-tag\" \/>\n<meta property=\"og:locale\" content=\"es_ES\" class=\"yoast-seo-meta-tag\" \/>\n<meta property=\"og:type\" content=\"article\" class=\"yoast-seo-meta-tag\" \/>\n<meta property=\"og:title\" content=\"Realizan 3\u00b0 versi\u00f3n de Feria Cient\u00edfica en Colegio El Naranjal - O&#039;Higgins\" class=\"yoast-seo-meta-tag\" \/>\n<meta property=\"og:description\" content=\"Con la participaci\u00f3n de los ganadores del Congreso Regional de CyT EXPLORA CONICYT, se realiz\u00f3 este viernes, la tercera versi\u00f3n de la Feria Cient\u00edfica del Colegio El Naranjal de Rengo, evento abierto a la comunidad para la difusi\u00f3n de la ciencia y la tecnolog\u00eda. En la ocasi\u00f3n, el director del establecimiento, Mario Contreras dio el [&hellip;]\" class=\"yoast-seo-meta-tag\" \/>\n<meta property=\"og:url\" content=\"https:\/\/dev.explora.cl\/ohiggins\/feria-naranjal\/\" class=\"yoast-seo-meta-tag\" \/>\n<meta property=\"og:site_name\" content=\"O&#039;Higgins\" class=\"yoast-seo-meta-tag\" \/>\n<meta property=\"article:published_time\" content=\"2014-12-12T04:00:00+00:00\" class=\"yoast-seo-meta-tag\" \/>\n<meta property=\"article:modified_time\" content=\"2019-05-20T18:03:29+00:00\" class=\"yoast-seo-meta-tag\" \/>\n<meta property=\"og:image\" content=\"https:\/\/dev.explora.cl\/ohiggins\/wp-content\/uploads\/sites\/8\/2018\/06\/f65b831b3508fcdc8890b01c698794a9.jpg\" class=\"yoast-seo-meta-tag\" \/>\n\t<meta property=\"og:image:width\" content=\"1000\" class=\"yoast-seo-meta-tag\" \/>\n\t<meta property=\"og:image:height\" content=\"667\" class=\"yoast-seo-meta-tag\" \/>\n\t<meta property=\"og:image:type\" content=\"image\/jpeg\" class=\"yoast-seo-meta-tag\" \/>\n<meta name=\"author\" content=\"webman\" class=\"yoast-seo-meta-tag\" \/>\n<meta name=\"twitter:card\" content=\"summary_large_image\" class=\"yoast-seo-meta-tag\" \/>\n<meta name=\"twitter:label1\" content=\"Escrito por\" class=\"yoast-seo-meta-tag\" \/>\n\t<meta name=\"twitter:data1\" content=\"webman\" class=\"yoast-seo-meta-tag\" \/>\n\t<meta name=\"twitter:label2\" content=\"Tiempo estimado de lectura\" class=\"yoast-seo-meta-tag\" \/>\n\t<meta name=\"twitter:data2\" content=\"1 minuto\" class=\"yoast-seo-meta-tag\" \/>\n<script type=\"application\/ld+json\" class=\"yoast-schema-graph\">{\"@context\":\"https:\/\/schema.org\",\"@graph\":[{\"@type\":\"Article\",\"@id\":\"https:\/\/dev.explora.cl\/ohiggins\/feria-naranjal\/#article\",\"isPartOf\":{\"@id\":\"https:\/\/dev.explora.cl\/ohiggins\/feria-naranjal\/\"},\"author\":{\"name\":\"webman\",\"@id\":\"https:\/\/dev.explora.cl\/ohiggins\/#\/schema\/person\/cb8349c13ea2d324080adf8480d7ba5d\"},\"headline\":\"Realizan 3\u00b0 versi\u00f3n de Feria Cient\u00edfica en Colegio El Naranjal\",\"datePublished\":\"2014-12-12T04:00:00+00:00\",\"dateModified\":\"2019-05-20T18:03:29+00:00\",\"mainEntityOfPage\":{\"@id\":\"https:\/\/dev.explora.cl\/ohiggins\/feria-naranjal\/\"},\"wordCount\":220,\"commentCount\":9,\"image\":{\"@id\":\"https:\/\/dev.explora.cl\/ohiggins\/feria-naranjal\/#primaryimage\"},\"thumbnailUrl\":\"https:\/\/dev.explora.cl\/ohiggins\/wp-content\/uploads\/sites\/8\/2018\/06\/f65b831b3508fcdc8890b01c698794a9.jpg\",\"articleSection\":[\"Noticias\"],\"inLanguage\":\"es-CL\",\"potentialAction\":[{\"@type\":\"CommentAction\",\"name\":\"Comment\",\"target\":[\"https:\/\/dev.explora.cl\/ohiggins\/feria-naranjal\/#respond\"]}]},{\"@type\":\"WebPage\",\"@id\":\"https:\/\/dev.explora.cl\/ohiggins\/feria-naranjal\/\",\"url\":\"https:\/\/dev.explora.cl\/ohiggins\/feria-naranjal\/\",\"name\":\"Realizan 3\u00b0 versi\u00f3n de Feria Cient\u00edfica en Colegio El Naranjal - O&#039;Higgins\",\"isPartOf\":{\"@id\":\"https:\/\/dev.explora.cl\/ohiggins\/#website\"},\"primaryImageOfPage\":{\"@id\":\"https:\/\/dev.explora.cl\/ohiggins\/feria-naranjal\/#primaryimage\"},\"image\":{\"@id\":\"https:\/\/dev.explora.cl\/ohiggins\/feria-naranjal\/#primaryimage\"},\"thumbnailUrl\":\"https:\/\/dev.explora.cl\/ohiggins\/wp-content\/uploads\/sites\/8\/2018\/06\/f65b831b3508fcdc8890b01c698794a9.jpg\",\"datePublished\":\"2014-12-12T04:00:00+00:00\",\"dateModified\":\"2019-05-20T18:03:29+00:00\",\"author\":{\"@id\":\"https:\/\/dev.explora.cl\/ohiggins\/#\/schema\/person\/cb8349c13ea2d324080adf8480d7ba5d\"},\"breadcrumb\":{\"@id\":\"https:\/\/dev.explora.cl\/ohiggins\/feria-naranjal\/#breadcrumb\"},\"inLanguage\":\"es-CL\",\"potentialAction\":[{\"@type\":\"ReadAction\",\"target\":[\"https:\/\/dev.explora.cl\/ohiggins\/feria-naranjal\/\"]}]},{\"@type\":\"ImageObject\",\"inLanguage\":\"es-CL\",\"@id\":\"https:\/\/dev.explora.cl\/ohiggins\/feria-naranjal\/#primaryimage\",\"url\":\"https:\/\/dev.explora.cl\/ohiggins\/wp-content\/uploads\/sites\/8\/2018\/06\/f65b831b3508fcdc8890b01c698794a9.jpg\",\"contentUrl\":\"https:\/\/dev.explora.cl\/ohiggins\/wp-content\/uploads\/sites\/8\/2018\/06\/f65b831b3508fcdc8890b01c698794a9.jpg\",\"width\":1000,\"height\":667},{\"@type\":\"BreadcrumbList\",\"@id\":\"https:\/\/dev.explora.cl\/ohiggins\/feria-naranjal\/#breadcrumb\",\"itemListElement\":[{\"@type\":\"ListItem\",\"position\":1,\"name\":\"Portada\",\"item\":\"https:\/\/dev.explora.cl\/ohiggins\/\"},{\"@type\":\"ListItem\",\"position\":2,\"name\":\"Realizan 3\u00b0 versi\u00f3n de Feria Cient\u00edfica en Colegio El Naranjal\"}]},{\"@type\":\"WebSite\",\"@id\":\"https:\/\/dev.explora.cl\/ohiggins\/#website\",\"url\":\"https:\/\/dev.explora.cl\/ohiggins\/\",\"name\":\"O&#039;Higgins\",\"description\":\"Otro sitio m\u00e1s de dev.explora.cl\",\"potentialAction\":[{\"@type\":\"SearchAction\",\"target\":{\"@type\":\"EntryPoint\",\"urlTemplate\":\"https:\/\/dev.explora.cl\/ohiggins\/?s={search_term_string}\"},\"query-input\":{\"@type\":\"PropertyValueSpecification\",\"valueRequired\":true,\"valueName\":\"search_term_string\"}}],\"inLanguage\":\"es-CL\"},{\"@type\":\"Person\",\"@id\":\"https:\/\/dev.explora.cl\/ohiggins\/#\/schema\/person\/cb8349c13ea2d324080adf8480d7ba5d\",\"name\":\"webman\",\"image\":{\"@type\":\"ImageObject\",\"inLanguage\":\"es-CL\",\"@id\":\"https:\/\/dev.explora.cl\/ohiggins\/#\/schema\/person\/image\/\",\"url\":\"https:\/\/secure.gravatar.com\/avatar\/eeff3c82f2c02f7177d13663b7e6f890e9a6a0647ce9bb29cae02dcb094c7312?s=96&d=mm&r=g\",\"contentUrl\":\"https:\/\/secure.gravatar.com\/avatar\/eeff3c82f2c02f7177d13663b7e6f890e9a6a0647ce9bb29cae02dcb094c7312?s=96&d=mm&r=g\",\"caption\":\"webman\"},\"url\":\"https:\/\/dev.explora.cl\/ohiggins\/author\/webman\/\"}]}<\/script>\n<!-- \/ Yoast SEO plugin. -->","yoast_head_json":{"title":"Realizan 3\u00b0 versi\u00f3n de Feria Cient\u00edfica en Colegio El Naranjal - O&#039;Higgins","robots":{"index":"index","follow":"follow","max-snippet":"max-snippet:-1","max-image-preview":"max-image-preview:large","max-video-preview":"max-video-preview:-1"},"canonical":"https:\/\/dev.explora.cl\/ohiggins\/feria-naranjal\/","og_locale":"es_ES","og_type":"article","og_title":"Realizan 3\u00b0 versi\u00f3n de Feria Cient\u00edfica en Colegio El Naranjal - O&#039;Higgins","og_description":"Con la participaci\u00f3n de los ganadores del Congreso Regional de CyT EXPLORA CONICYT, se realiz\u00f3 este viernes, la tercera versi\u00f3n de la Feria Cient\u00edfica del Colegio El Naranjal de Rengo, evento abierto a la comunidad para la difusi\u00f3n de la ciencia y la tecnolog\u00eda. En la ocasi\u00f3n, el director del establecimiento, Mario Contreras dio el [&hellip;]","og_url":"https:\/\/dev.explora.cl\/ohiggins\/feria-naranjal\/","og_site_name":"O&#039;Higgins","article_published_time":"2014-12-12T04:00:00+00:00","article_modified_time":"2019-05-20T18:03:29+00:00","og_image":[{"width":1000,"height":667,"url":"https:\/\/dev.explora.cl\/ohiggins\/wp-content\/uploads\/sites\/8\/2018\/06\/f65b831b3508fcdc8890b01c698794a9.jpg","type":"image\/jpeg"}],"author":"webman","twitter_card":"summary_large_image","twitter_misc":{"Escrito por":"webman","Tiempo estimado de lectura":"1 minuto"},"schema":{"@context":"https:\/\/schema.org","@graph":[{"@type":"Article","@id":"https:\/\/dev.explora.cl\/ohiggins\/feria-naranjal\/#article","isPartOf":{"@id":"https:\/\/dev.explora.cl\/ohiggins\/feria-naranjal\/"},"author":{"name":"webman","@id":"https:\/\/dev.explora.cl\/ohiggins\/#\/schema\/person\/cb8349c13ea2d324080adf8480d7ba5d"},"headline":"Realizan 3\u00b0 versi\u00f3n de Feria Cient\u00edfica en Colegio El Naranjal","datePublished":"2014-12-12T04:00:00+00:00","dateModified":"2019-05-20T18:03:29+00:00","mainEntityOfPage":{"@id":"https:\/\/dev.explora.cl\/ohiggins\/feria-naranjal\/"},"wordCount":220,"commentCount":9,"image":{"@id":"https:\/\/dev.explora.cl\/ohiggins\/feria-naranjal\/#primaryimage"},"thumbnailUrl":"https:\/\/dev.explora.cl\/ohiggins\/wp-content\/uploads\/sites\/8\/2018\/06\/f65b831b3508fcdc8890b01c698794a9.jpg","articleSection":["Noticias"],"inLanguage":"es-CL","potentialAction":[{"@type":"CommentAction","name":"Comment","target":["https:\/\/dev.explora.cl\/ohiggins\/feria-naranjal\/#respond"]}]},{"@type":"WebPage","@id":"https:\/\/dev.explora.cl\/ohiggins\/feria-naranjal\/","url":"https:\/\/dev.explora.cl\/ohiggins\/feria-naranjal\/","name":"Realizan 3\u00b0 versi\u00f3n de Feria Cient\u00edfica en Colegio El Naranjal - O&#039;Higgins","isPartOf":{"@id":"https:\/\/dev.explora.cl\/ohiggins\/#website"},"primaryImageOfPage":{"@id":"https:\/\/dev.explora.cl\/ohiggins\/feria-naranjal\/#primaryimage"},"image":{"@id":"https:\/\/dev.explora.cl\/ohiggins\/feria-naranjal\/#primaryimage"},"thumbnailUrl":"https:\/\/dev.explora.cl\/ohiggins\/wp-content\/uploads\/sites\/8\/2018\/06\/f65b831b3508fcdc8890b01c698794a9.jpg","datePublished":"2014-12-12T04:00:00+00:00","dateModified":"2019-05-20T18:03:29+00:00","author":{"@id":"https:\/\/dev.explora.cl\/ohiggins\/#\/schema\/person\/cb8349c13ea2d324080adf8480d7ba5d"},"breadcrumb":{"@id":"https:\/\/dev.explora.cl\/ohiggins\/feria-naranjal\/#breadcrumb"},"inLanguage":"es-CL","potentialAction":[{"@type":"ReadAction","target":["https:\/\/dev.explora.cl\/ohiggins\/feria-naranjal\/"]}]},{"@type":"ImageObject","inLanguage":"es-CL","@id":"https:\/\/dev.explora.cl\/ohiggins\/feria-naranjal\/#primaryimage","url":"https:\/\/dev.explora.cl\/ohiggins\/wp-content\/uploads\/sites\/8\/2018\/06\/f65b831b3508fcdc8890b01c698794a9.jpg","contentUrl":"https:\/\/dev.explora.cl\/ohiggins\/wp-content\/uploads\/sites\/8\/2018\/06\/f65b831b3508fcdc8890b01c698794a9.jpg","width":1000,"height":667},{"@type":"BreadcrumbList","@id":"https:\/\/dev.explora.cl\/ohiggins\/feria-naranjal\/#breadcrumb","itemListElement":[{"@type":"ListItem","position":1,"name":"Portada","item":"https:\/\/dev.explora.cl\/ohiggins\/"},{"@type":"ListItem","position":2,"name":"Realizan 3\u00b0 versi\u00f3n de Feria Cient\u00edfica en Colegio El Naranjal"}]},{"@type":"WebSite","@id":"https:\/\/dev.explora.cl\/ohiggins\/#website","url":"https:\/\/dev.explora.cl\/ohiggins\/","name":"O&#039;Higgins","description":"Otro sitio m\u00e1s de dev.explora.cl","potentialAction":[{"@type":"SearchAction","target":{"@type":"EntryPoint","urlTemplate":"https:\/\/dev.explora.cl\/ohiggins\/?s={search_term_string}"},"query-input":{"@type":"PropertyValueSpecification","valueRequired":true,"valueName":"search_term_string"}}],"inLanguage":"es-CL"},{"@type":"Person","@id":"https:\/\/dev.explora.cl\/ohiggins\/#\/schema\/person\/cb8349c13ea2d324080adf8480d7ba5d","name":"webman","image":{"@type":"ImageObject","inLanguage":"es-CL","@id":"https:\/\/dev.explora.cl\/ohiggins\/#\/schema\/person\/image\/","url":"https:\/\/secure.gravatar.com\/avatar\/eeff3c82f2c02f7177d13663b7e6f890e9a6a0647ce9bb29cae02dcb094c7312?s=96&d=mm&r=g","contentUrl":"https:\/\/secure.gravatar.com\/avatar\/eeff3c82f2c02f7177d13663b7e6f890e9a6a0647ce9bb29cae02dcb094c7312?s=96&d=mm&r=g","caption":"webman"},"url":"https:\/\/dev.explora.cl\/ohiggins\/author\/webman\/"}]}},"_links":{"self":[{"href":"https:\/\/dev.explora.cl\/ohiggins\/wp-json\/wp\/v2\/posts\/31910","targetHints":{"allow":["GET"]}}],"collection":[{"href":"https:\/\/dev.explora.cl\/ohiggins\/wp-json\/wp\/v2\/posts"}],"about":[{"href":"https:\/\/dev.explora.cl\/ohiggins\/wp-json\/wp\/v2\/types\/post"}],"author":[{"embeddable":true,"href":"https:\/\/dev.explora.cl\/ohiggins\/wp-json\/wp\/v2\/users\/2"}],"replies":[{"embeddable":true,"href":"https:\/\/dev.explora.cl\/ohiggins\/wp-json\/wp\/v2\/comments?post=31910"}],"version-history":[{"count":1,"href":"https:\/\/dev.explora.cl\/ohiggins\/wp-json\/wp\/v2\/posts\/31910\/revisions"}],"predecessor-version":[{"id":37853,"href":"https:\/\/dev.explora.cl\/ohiggins\/wp-json\/wp\/v2\/posts\/31910\/revisions\/37853"}],"wp:featuredmedia":[{"embeddable":true,"href":"https:\/\/dev.explora.cl\/ohiggins\/wp-json\/wp\/v2\/media\/31911"}],"wp:attachment":[{"href":"https:\/\/dev.explora.cl\/ohiggins\/wp-json\/wp\/v2\/media?parent=31910"}],"wp:term":[{"taxonomy":"category","embeddable":true,"href":"https:\/\/dev.explora.cl\/ohiggins\/wp-json\/wp\/v2\/categories?post=31910"},{"taxonomy":"post_tag","embeddable":true,"href":"https:\/\/dev.explora.cl\/ohiggins\/wp-json\/wp\/v2\/tags?post=31910"}],"curies":[{"name":"wp","href":"https:\/\/api.w.org\/{rel}","templated":true}]}}