{"id":31903,"date":"2014-11-27T00:00:00","date_gmt":"2014-11-27T04:00:00","guid":{"rendered":"https:\/\/dev.explora.cl\/ohiggins\/blog\/2014\/11\/27\/quebrada\/"},"modified":"2019-05-20T18:03:32","modified_gmt":"2019-05-20T18:03:32","slug":"quebrada","status":"publish","type":"post","link":"https:\/\/dev.explora.cl\/ohiggins\/quebrada\/","title":{"rendered":"Recuperan Quebrada Rukawe en San Vicente"},"content":{"rendered":"<p><img loading=\"lazy\" decoding=\"async\" class=\" size-full wp-image-7666\" src=\"http:\/\/ec2-34-218-253-251.us-west-2.compute.amazonaws.com\/wp-content\/uploads\/2014\/11\/1483d5fc21b6efae347a9bf42df7466b.jpg\" alt=\"\" width=\"1024\" height=\"724\" \/><\/p>\n<p style=\"text-align: justify\">Transformar un basural en una Microreserva de la Biodiversidad es la tarea que el grupo de Acci\u00f3n Ecol\u00f3gica y de Conservaci\u00f3n A\u00f1a\u00f1uca de San Vicente logr\u00f3 concretar durante el a\u00f1o 2014 gracias a su esfuerzo, asociatividad y el apoyo del Ministerio del Medio Ambiente.<\/p>\n<p style=\"text-align: justify\">El proyecto \u201cQuebrada Rukawe: una Microreserva de la Biodiversidad para la comuna de San Vicente\u201d financiada por el Fondo de Protecci\u00f3n Ambiental del Ministerio del Medio Ambiente, realiz\u00f3 su ceremonia de cierre en el Parque Refugio Lobo Feroz en la localidad de Pueblo de Indios de San Vicente, ocasi\u00f3n en que asistieron la Seremi Giovanna Amaya y equipo profesional, representantes de organismos ejecutores y asociados como el Colegio El Salvador; la Corporaci\u00f3n de Desarrollo de San Vicente (Educaci\u00f3n), la Seremi de Vivienda y el Consejo Comunal de la Discapacidad.<\/p>\n<p style=\"text-align: justify\">En la oportunidad el director de A\u00f1a\u00f1uca, Gustavo Aliaga, describi\u00f3 el proceso de rescate de la quebrada Rukawe como una muy buena experiencia, con mucha participaci\u00f3n de la comunidad, de las escuelas y de actores que se fueron sumando en el camino como el Consejo Comunal de la Discapacidad, con quienes trabajaron en jornadas de limpieza, talleres educativos, jornadas de reforestaci\u00f3n de flora nativa y la construcci\u00f3n del sendero interpretativo.<\/p>\n<p style=\"text-align: justify\">La Quebrada de Rukawe lugar tiene una rica y variada biodiversidad, dentro de la cual destacan algunas especies emblem\u00e1ticas como el Loro Tricahue, Llaca, Alstroemerias, Orqu\u00eddeas, y A\u00f1a\u00f1ucas, las cuales estuvieron amenazadas por la acci\u00f3n de los seres humanos, situaci\u00f3n que hoy ha sido revertida con esta iniciativa.<\/p>\n<p style=\"text-align: justify\"><img loading=\"lazy\" decoding=\"async\" class=\" size-full wp-image-7667\" src=\"http:\/\/ec2-34-218-253-251.us-west-2.compute.amazonaws.com\/wp-content\/uploads\/2014\/11\/quebrada.jpg\" border=\"0\" alt=\"\" width=\"850\" height=\"300\" \/><\/p>\n<p style=\"text-align: justify\">Fuente: Seremi de Medio Ambiente<\/p>\n","protected":false},"excerpt":{"rendered":"<p>Transformar un basural en una Microreserva de la Biodiversidad es la tarea que el grupo de Acci\u00f3n Ecol\u00f3gica y de Conservaci\u00f3n A\u00f1a\u00f1uca de San Vicente logr\u00f3 concretar durante el a\u00f1o 2014 gracias a su esfuerzo, asociatividad y el apoyo del Ministerio del Medio Ambiente. El proyecto \u201cQuebrada Rukawe: una Microreserva de la Biodiversidad para la [&hellip;]<\/p>\n","protected":false},"author":2,"featured_media":31904,"comment_status":"open","ping_status":"open","sticky":false,"template":"","format":"standard","meta":{"_acf_changed":false,"_exactmetrics_skip_tracking":false,"_exactmetrics_sitenote_active":false,"_exactmetrics_sitenote_note":"","_exactmetrics_sitenote_category":0,"footnotes":"","_links_to":"","_links_to_target":""},"categories":[4],"tags":[],"class_list":["post-31903","post","type-post","status-publish","format-standard","has-post-thumbnail","hentry","category-noticias"],"acf":[],"yoast_head":"<!-- This site is optimized with the Yoast SEO plugin v26.7 - https:\/\/yoast.com\/wordpress\/plugins\/seo\/ -->\n<title>Recuperan Quebrada Rukawe en San Vicente - O&#039;Higgins<\/title>\n<meta name=\"robots\" content=\"index, follow, max-snippet:-1, max-image-preview:large, max-video-preview:-1\" \/>\n<link rel=\"canonical\" href=\"https:\/\/dev.explora.cl\/ohiggins\/quebrada\/\" class=\"yoast-seo-meta-tag\" \/>\n<meta property=\"og:locale\" content=\"es_ES\" class=\"yoast-seo-meta-tag\" \/>\n<meta property=\"og:type\" content=\"article\" class=\"yoast-seo-meta-tag\" \/>\n<meta property=\"og:title\" content=\"Recuperan Quebrada Rukawe en San Vicente - O&#039;Higgins\" class=\"yoast-seo-meta-tag\" \/>\n<meta property=\"og:description\" content=\"Transformar un basural en una Microreserva de la Biodiversidad es la tarea que el grupo de Acci\u00f3n Ecol\u00f3gica y de Conservaci\u00f3n A\u00f1a\u00f1uca de San Vicente logr\u00f3 concretar durante el a\u00f1o 2014 gracias a su esfuerzo, asociatividad y el apoyo del Ministerio del Medio Ambiente. El proyecto \u201cQuebrada Rukawe: una Microreserva de la Biodiversidad para la [&hellip;]\" class=\"yoast-seo-meta-tag\" \/>\n<meta property=\"og:url\" content=\"https:\/\/dev.explora.cl\/ohiggins\/quebrada\/\" class=\"yoast-seo-meta-tag\" \/>\n<meta property=\"og:site_name\" content=\"O&#039;Higgins\" class=\"yoast-seo-meta-tag\" \/>\n<meta property=\"article:published_time\" content=\"2014-11-27T04:00:00+00:00\" class=\"yoast-seo-meta-tag\" \/>\n<meta property=\"article:modified_time\" content=\"2019-05-20T18:03:32+00:00\" class=\"yoast-seo-meta-tag\" \/>\n<meta property=\"og:image\" content=\"https:\/\/dev.explora.cl\/ohiggins\/wp-content\/uploads\/sites\/8\/2018\/06\/1483d5fc21b6efae347a9bf42df7466b.jpg\" class=\"yoast-seo-meta-tag\" \/>\n\t<meta property=\"og:image:width\" content=\"1024\" class=\"yoast-seo-meta-tag\" \/>\n\t<meta property=\"og:image:height\" content=\"724\" class=\"yoast-seo-meta-tag\" \/>\n\t<meta property=\"og:image:type\" content=\"image\/jpeg\" class=\"yoast-seo-meta-tag\" \/>\n<meta name=\"author\" content=\"webman\" class=\"yoast-seo-meta-tag\" \/>\n<meta name=\"twitter:card\" content=\"summary_large_image\" class=\"yoast-seo-meta-tag\" \/>\n<meta name=\"twitter:label1\" content=\"Escrito por\" class=\"yoast-seo-meta-tag\" \/>\n\t<meta name=\"twitter:data1\" content=\"webman\" class=\"yoast-seo-meta-tag\" \/>\n\t<meta name=\"twitter:label2\" content=\"Tiempo estimado de lectura\" class=\"yoast-seo-meta-tag\" \/>\n\t<meta name=\"twitter:data2\" content=\"1 minuto\" class=\"yoast-seo-meta-tag\" \/>\n<script type=\"application\/ld+json\" class=\"yoast-schema-graph\">{\"@context\":\"https:\/\/schema.org\",\"@graph\":[{\"@type\":\"Article\",\"@id\":\"https:\/\/dev.explora.cl\/ohiggins\/quebrada\/#article\",\"isPartOf\":{\"@id\":\"https:\/\/dev.explora.cl\/ohiggins\/quebrada\/\"},\"author\":{\"name\":\"webman\",\"@id\":\"https:\/\/dev.explora.cl\/ohiggins\/#\/schema\/person\/cb8349c13ea2d324080adf8480d7ba5d\"},\"headline\":\"Recuperan Quebrada Rukawe en San Vicente\",\"datePublished\":\"2014-11-27T04:00:00+00:00\",\"dateModified\":\"2019-05-20T18:03:32+00:00\",\"mainEntityOfPage\":{\"@id\":\"https:\/\/dev.explora.cl\/ohiggins\/quebrada\/\"},\"wordCount\":282,\"commentCount\":4,\"image\":{\"@id\":\"https:\/\/dev.explora.cl\/ohiggins\/quebrada\/#primaryimage\"},\"thumbnailUrl\":\"https:\/\/dev.explora.cl\/ohiggins\/wp-content\/uploads\/sites\/8\/2018\/06\/1483d5fc21b6efae347a9bf42df7466b.jpg\",\"articleSection\":[\"Noticias\"],\"inLanguage\":\"es-CL\",\"potentialAction\":[{\"@type\":\"CommentAction\",\"name\":\"Comment\",\"target\":[\"https:\/\/dev.explora.cl\/ohiggins\/quebrada\/#respond\"]}]},{\"@type\":\"WebPage\",\"@id\":\"https:\/\/dev.explora.cl\/ohiggins\/quebrada\/\",\"url\":\"https:\/\/dev.explora.cl\/ohiggins\/quebrada\/\",\"name\":\"Recuperan Quebrada Rukawe en San Vicente - O&#039;Higgins\",\"isPartOf\":{\"@id\":\"https:\/\/dev.explora.cl\/ohiggins\/#website\"},\"primaryImageOfPage\":{\"@id\":\"https:\/\/dev.explora.cl\/ohiggins\/quebrada\/#primaryimage\"},\"image\":{\"@id\":\"https:\/\/dev.explora.cl\/ohiggins\/quebrada\/#primaryimage\"},\"thumbnailUrl\":\"https:\/\/dev.explora.cl\/ohiggins\/wp-content\/uploads\/sites\/8\/2018\/06\/1483d5fc21b6efae347a9bf42df7466b.jpg\",\"datePublished\":\"2014-11-27T04:00:00+00:00\",\"dateModified\":\"2019-05-20T18:03:32+00:00\",\"author\":{\"@id\":\"https:\/\/dev.explora.cl\/ohiggins\/#\/schema\/person\/cb8349c13ea2d324080adf8480d7ba5d\"},\"breadcrumb\":{\"@id\":\"https:\/\/dev.explora.cl\/ohiggins\/quebrada\/#breadcrumb\"},\"inLanguage\":\"es-CL\",\"potentialAction\":[{\"@type\":\"ReadAction\",\"target\":[\"https:\/\/dev.explora.cl\/ohiggins\/quebrada\/\"]}]},{\"@type\":\"ImageObject\",\"inLanguage\":\"es-CL\",\"@id\":\"https:\/\/dev.explora.cl\/ohiggins\/quebrada\/#primaryimage\",\"url\":\"https:\/\/dev.explora.cl\/ohiggins\/wp-content\/uploads\/sites\/8\/2018\/06\/1483d5fc21b6efae347a9bf42df7466b.jpg\",\"contentUrl\":\"https:\/\/dev.explora.cl\/ohiggins\/wp-content\/uploads\/sites\/8\/2018\/06\/1483d5fc21b6efae347a9bf42df7466b.jpg\",\"width\":1024,\"height\":724},{\"@type\":\"BreadcrumbList\",\"@id\":\"https:\/\/dev.explora.cl\/ohiggins\/quebrada\/#breadcrumb\",\"itemListElement\":[{\"@type\":\"ListItem\",\"position\":1,\"name\":\"Portada\",\"item\":\"https:\/\/dev.explora.cl\/ohiggins\/\"},{\"@type\":\"ListItem\",\"position\":2,\"name\":\"Recuperan Quebrada Rukawe en San Vicente\"}]},{\"@type\":\"WebSite\",\"@id\":\"https:\/\/dev.explora.cl\/ohiggins\/#website\",\"url\":\"https:\/\/dev.explora.cl\/ohiggins\/\",\"name\":\"O&#039;Higgins\",\"description\":\"Otro sitio m\u00e1s de dev.explora.cl\",\"potentialAction\":[{\"@type\":\"SearchAction\",\"target\":{\"@type\":\"EntryPoint\",\"urlTemplate\":\"https:\/\/dev.explora.cl\/ohiggins\/?s={search_term_string}\"},\"query-input\":{\"@type\":\"PropertyValueSpecification\",\"valueRequired\":true,\"valueName\":\"search_term_string\"}}],\"inLanguage\":\"es-CL\"},{\"@type\":\"Person\",\"@id\":\"https:\/\/dev.explora.cl\/ohiggins\/#\/schema\/person\/cb8349c13ea2d324080adf8480d7ba5d\",\"name\":\"webman\",\"image\":{\"@type\":\"ImageObject\",\"inLanguage\":\"es-CL\",\"@id\":\"https:\/\/dev.explora.cl\/ohiggins\/#\/schema\/person\/image\/\",\"url\":\"https:\/\/secure.gravatar.com\/avatar\/eeff3c82f2c02f7177d13663b7e6f890e9a6a0647ce9bb29cae02dcb094c7312?s=96&d=mm&r=g\",\"contentUrl\":\"https:\/\/secure.gravatar.com\/avatar\/eeff3c82f2c02f7177d13663b7e6f890e9a6a0647ce9bb29cae02dcb094c7312?s=96&d=mm&r=g\",\"caption\":\"webman\"},\"url\":\"https:\/\/dev.explora.cl\/ohiggins\/author\/webman\/\"}]}<\/script>\n<!-- \/ Yoast SEO plugin. -->","yoast_head_json":{"title":"Recuperan Quebrada Rukawe en San Vicente - O&#039;Higgins","robots":{"index":"index","follow":"follow","max-snippet":"max-snippet:-1","max-image-preview":"max-image-preview:large","max-video-preview":"max-video-preview:-1"},"canonical":"https:\/\/dev.explora.cl\/ohiggins\/quebrada\/","og_locale":"es_ES","og_type":"article","og_title":"Recuperan Quebrada Rukawe en San Vicente - O&#039;Higgins","og_description":"Transformar un basural en una Microreserva de la Biodiversidad es la tarea que el grupo de Acci\u00f3n Ecol\u00f3gica y de Conservaci\u00f3n A\u00f1a\u00f1uca de San Vicente logr\u00f3 concretar durante el a\u00f1o 2014 gracias a su esfuerzo, asociatividad y el apoyo del Ministerio del Medio Ambiente. El proyecto \u201cQuebrada Rukawe: una Microreserva de la Biodiversidad para la [&hellip;]","og_url":"https:\/\/dev.explora.cl\/ohiggins\/quebrada\/","og_site_name":"O&#039;Higgins","article_published_time":"2014-11-27T04:00:00+00:00","article_modified_time":"2019-05-20T18:03:32+00:00","og_image":[{"width":1024,"height":724,"url":"https:\/\/dev.explora.cl\/ohiggins\/wp-content\/uploads\/sites\/8\/2018\/06\/1483d5fc21b6efae347a9bf42df7466b.jpg","type":"image\/jpeg"}],"author":"webman","twitter_card":"summary_large_image","twitter_misc":{"Escrito por":"webman","Tiempo estimado de lectura":"1 minuto"},"schema":{"@context":"https:\/\/schema.org","@graph":[{"@type":"Article","@id":"https:\/\/dev.explora.cl\/ohiggins\/quebrada\/#article","isPartOf":{"@id":"https:\/\/dev.explora.cl\/ohiggins\/quebrada\/"},"author":{"name":"webman","@id":"https:\/\/dev.explora.cl\/ohiggins\/#\/schema\/person\/cb8349c13ea2d324080adf8480d7ba5d"},"headline":"Recuperan Quebrada Rukawe en San Vicente","datePublished":"2014-11-27T04:00:00+00:00","dateModified":"2019-05-20T18:03:32+00:00","mainEntityOfPage":{"@id":"https:\/\/dev.explora.cl\/ohiggins\/quebrada\/"},"wordCount":282,"commentCount":4,"image":{"@id":"https:\/\/dev.explora.cl\/ohiggins\/quebrada\/#primaryimage"},"thumbnailUrl":"https:\/\/dev.explora.cl\/ohiggins\/wp-content\/uploads\/sites\/8\/2018\/06\/1483d5fc21b6efae347a9bf42df7466b.jpg","articleSection":["Noticias"],"inLanguage":"es-CL","potentialAction":[{"@type":"CommentAction","name":"Comment","target":["https:\/\/dev.explora.cl\/ohiggins\/quebrada\/#respond"]}]},{"@type":"WebPage","@id":"https:\/\/dev.explora.cl\/ohiggins\/quebrada\/","url":"https:\/\/dev.explora.cl\/ohiggins\/quebrada\/","name":"Recuperan Quebrada Rukawe en San Vicente - O&#039;Higgins","isPartOf":{"@id":"https:\/\/dev.explora.cl\/ohiggins\/#website"},"primaryImageOfPage":{"@id":"https:\/\/dev.explora.cl\/ohiggins\/quebrada\/#primaryimage"},"image":{"@id":"https:\/\/dev.explora.cl\/ohiggins\/quebrada\/#primaryimage"},"thumbnailUrl":"https:\/\/dev.explora.cl\/ohiggins\/wp-content\/uploads\/sites\/8\/2018\/06\/1483d5fc21b6efae347a9bf42df7466b.jpg","datePublished":"2014-11-27T04:00:00+00:00","dateModified":"2019-05-20T18:03:32+00:00","author":{"@id":"https:\/\/dev.explora.cl\/ohiggins\/#\/schema\/person\/cb8349c13ea2d324080adf8480d7ba5d"},"breadcrumb":{"@id":"https:\/\/dev.explora.cl\/ohiggins\/quebrada\/#breadcrumb"},"inLanguage":"es-CL","potentialAction":[{"@type":"ReadAction","target":["https:\/\/dev.explora.cl\/ohiggins\/quebrada\/"]}]},{"@type":"ImageObject","inLanguage":"es-CL","@id":"https:\/\/dev.explora.cl\/ohiggins\/quebrada\/#primaryimage","url":"https:\/\/dev.explora.cl\/ohiggins\/wp-content\/uploads\/sites\/8\/2018\/06\/1483d5fc21b6efae347a9bf42df7466b.jpg","contentUrl":"https:\/\/dev.explora.cl\/ohiggins\/wp-content\/uploads\/sites\/8\/2018\/06\/1483d5fc21b6efae347a9bf42df7466b.jpg","width":1024,"height":724},{"@type":"BreadcrumbList","@id":"https:\/\/dev.explora.cl\/ohiggins\/quebrada\/#breadcrumb","itemListElement":[{"@type":"ListItem","position":1,"name":"Portada","item":"https:\/\/dev.explora.cl\/ohiggins\/"},{"@type":"ListItem","position":2,"name":"Recuperan Quebrada Rukawe en San Vicente"}]},{"@type":"WebSite","@id":"https:\/\/dev.explora.cl\/ohiggins\/#website","url":"https:\/\/dev.explora.cl\/ohiggins\/","name":"O&#039;Higgins","description":"Otro sitio m\u00e1s de dev.explora.cl","potentialAction":[{"@type":"SearchAction","target":{"@type":"EntryPoint","urlTemplate":"https:\/\/dev.explora.cl\/ohiggins\/?s={search_term_string}"},"query-input":{"@type":"PropertyValueSpecification","valueRequired":true,"valueName":"search_term_string"}}],"inLanguage":"es-CL"},{"@type":"Person","@id":"https:\/\/dev.explora.cl\/ohiggins\/#\/schema\/person\/cb8349c13ea2d324080adf8480d7ba5d","name":"webman","image":{"@type":"ImageObject","inLanguage":"es-CL","@id":"https:\/\/dev.explora.cl\/ohiggins\/#\/schema\/person\/image\/","url":"https:\/\/secure.gravatar.com\/avatar\/eeff3c82f2c02f7177d13663b7e6f890e9a6a0647ce9bb29cae02dcb094c7312?s=96&d=mm&r=g","contentUrl":"https:\/\/secure.gravatar.com\/avatar\/eeff3c82f2c02f7177d13663b7e6f890e9a6a0647ce9bb29cae02dcb094c7312?s=96&d=mm&r=g","caption":"webman"},"url":"https:\/\/dev.explora.cl\/ohiggins\/author\/webman\/"}]}},"_links":{"self":[{"href":"https:\/\/dev.explora.cl\/ohiggins\/wp-json\/wp\/v2\/posts\/31903","targetHints":{"allow":["GET"]}}],"collection":[{"href":"https:\/\/dev.explora.cl\/ohiggins\/wp-json\/wp\/v2\/posts"}],"about":[{"href":"https:\/\/dev.explora.cl\/ohiggins\/wp-json\/wp\/v2\/types\/post"}],"author":[{"embeddable":true,"href":"https:\/\/dev.explora.cl\/ohiggins\/wp-json\/wp\/v2\/users\/2"}],"replies":[{"embeddable":true,"href":"https:\/\/dev.explora.cl\/ohiggins\/wp-json\/wp\/v2\/comments?post=31903"}],"version-history":[{"count":1,"href":"https:\/\/dev.explora.cl\/ohiggins\/wp-json\/wp\/v2\/posts\/31903\/revisions"}],"predecessor-version":[{"id":37858,"href":"https:\/\/dev.explora.cl\/ohiggins\/wp-json\/wp\/v2\/posts\/31903\/revisions\/37858"}],"wp:featuredmedia":[{"embeddable":true,"href":"https:\/\/dev.explora.cl\/ohiggins\/wp-json\/wp\/v2\/media\/31904"}],"wp:attachment":[{"href":"https:\/\/dev.explora.cl\/ohiggins\/wp-json\/wp\/v2\/media?parent=31903"}],"wp:term":[{"taxonomy":"category","embeddable":true,"href":"https:\/\/dev.explora.cl\/ohiggins\/wp-json\/wp\/v2\/categories?post=31903"},{"taxonomy":"post_tag","embeddable":true,"href":"https:\/\/dev.explora.cl\/ohiggins\/wp-json\/wp\/v2\/tags?post=31903"}],"curies":[{"name":"wp","href":"https:\/\/api.w.org\/{rel}","templated":true}]}}