{"id":31901,"date":"2014-12-01T00:00:00","date_gmt":"2014-12-01T04:00:00","guid":{"rendered":"https:\/\/dev.explora.cl\/ohiggins\/blog\/2014\/12\/01\/region-de-o-higgins-nuevamente-obtiene-reconocimientos-en-congreso-nacional-de-cyt\/"},"modified":"2019-05-20T18:03:31","modified_gmt":"2019-05-20T18:03:31","slug":"region-de-o-higgins-nuevamente-obtiene-reconocimientos-en-congreso-nacional-de-cyt","status":"publish","type":"post","link":"https:\/\/dev.explora.cl\/ohiggins\/region-de-o-higgins-nuevamente-obtiene-reconocimientos-en-congreso-nacional-de-cyt\/","title":{"rendered":"Regi\u00f3n de O\u2019Higgins nuevamente obtiene reconocimientos en Congreso Nacional de CyT"},"content":{"rendered":"<p><img loading=\"lazy\" decoding=\"async\" class=\" size-full wp-image-7652\" src=\"http:\/\/ec2-34-218-253-251.us-west-2.compute.amazonaws.com\/wp-content\/uploads\/2014\/12\/1782d57f8f6fade16ce284a7ed691a9f.jpg\" alt=\"\" width=\"960\" height=\"640\" \/><\/p>\n<p style=\"text-align: justify\"><span style=\"color: #000000;font-family: Calibri;font-size: medium\">Dos galardones fue la cosecha que los estudiantes de Educaci\u00f3n B\u00e1sica de la Escuela Agr\u00edcola Las Garzas obtuvieron en el Congreso Nacional Escolar de Ciencia y Tecnolog\u00eda (CyT) EXPLORA CONICYT: los premios al \u201cMejor Stand\u201d y el \u201cEsp\u00edritu EXPLORA\u201d, este \u00faltimo otorgado por los dem\u00e1s escolares que estuvieron en el certamen.<\/span><\/p>\n<p style=\"text-align: justify\"><span style=\"font-family: Calibri\"><span style=\"color: #000000;font-size: medium\">La actividad cont\u00f3 con casi 50 proyectos provenientes de estudiantes de todo el<\/span><span style=\"color: #000000;font-size: medium\">\u00a0 <\/span><span style=\"color: #000000;font-size: medium\">pa\u00eds, adem\u00e1s de tres delegaciones mexicanas; y se realiz\u00f3 en Santiago entre del 25 al 27 de noviembre, en diversos puntos de la capital, as\u00ed el 25 expusieron sus trabajos en la Plaza de la Constituci\u00f3n, el 26 fue el turno de la defensa oral de sus proyectos, para el 27 cerrar con la ceremonia de premiaci\u00f3n, en un conocido hotel de esa ciudad.<\/span><\/span><\/p>\n<p style=\"text-align: justify\"><span style=\"color: #000000;font-family: Calibri;font-size: medium\">Como se recordar\u00e1 el a\u00f1o 2013, el Club Las Garzas gan\u00f3 el congreso nacional de CyT en B\u00e1sica; este a\u00f1o, el colegio\u00a0de Chimbarongo\u00a0gan\u00f3 el Congreso Regional Escolar de CyT en b\u00e1sica y media, quienes representaron a la regi\u00f3n a nivel nacional.En Media, el proyecto fue \u201cMejoramiento del agua para regad\u00edo usando algas filamentosas, con Benjam\u00edn Quilaqueo y Nicol\u00e1s L\u00f3pez; en B\u00e1sica, fue la iniciativa \u201cEfecto fungicida de aceites esenciales de Quillay, Litre y Peumo , con Lucas Pe\u00f1a y Juan Pablo Aliaga, junto a su profesor asesor, Fernando Aguilar.<\/span><\/p>\n<p style=\"text-align: justify\"><span style=\"color: #000000;font-family: Calibri;font-size: medium\">Para Juan Pablo, fue una experiencia \u201cgenial\u201d, pues pudo compartir sus experiencias con otros estudiantes del pa\u00eds; por su parte Lucas, coment\u00f3 que su proyecto consist\u00eda en saber si estos \u00e1rboles nativos pod\u00edan ser usados para combatir los hongos, principalmente en las uvas; finalmente el m\u00e1s efectivo fue el litre. Sus proyecciones a futuro consisten en aislar los componentes qu\u00edmicos de estos aceites y reproducirlos artificialmente.<\/span><\/p>\n<p style=\"text-align: justify\"><span style=\"color: #000000;font-family: Calibri;font-size: medium\">Los ganadores del Congreso Nacional de CyT, fueron estudiantes de Valdivia, Temuco, Puerto Ays\u00e9n y Antofagasta, quienes obtuvieron diversos premios, principalmente pasant\u00edas para representar a Chile en ferias cient\u00edficas de Per\u00fa, M\u00e9xico, Estados Unidos, y visitar laboratorios en diversos puntos extremos del pa\u00eds. <\/span><\/p>\n","protected":false},"excerpt":{"rendered":"<p>Dos galardones fue la cosecha que los estudiantes de Educaci\u00f3n B\u00e1sica de la Escuela Agr\u00edcola Las Garzas obtuvieron en el Congreso Nacional Escolar de Ciencia y Tecnolog\u00eda (CyT) EXPLORA CONICYT: los premios al \u201cMejor Stand\u201d y el \u201cEsp\u00edritu EXPLORA\u201d, este \u00faltimo otorgado por los dem\u00e1s escolares que estuvieron en el certamen. La actividad cont\u00f3 con [&hellip;]<\/p>\n","protected":false},"author":2,"featured_media":31902,"comment_status":"open","ping_status":"open","sticky":false,"template":"","format":"standard","meta":{"_acf_changed":false,"_exactmetrics_skip_tracking":false,"_exactmetrics_sitenote_active":false,"_exactmetrics_sitenote_note":"","_exactmetrics_sitenote_category":0,"footnotes":"","_links_to":"","_links_to_target":""},"categories":[4],"tags":[102],"class_list":["post-31901","post","type-post","status-publish","format-standard","has-post-thumbnail","hentry","category-noticias","tag-feria-cientifica"],"acf":[],"yoast_head":"<!-- This site is optimized with the Yoast SEO plugin v26.7 - https:\/\/yoast.com\/wordpress\/plugins\/seo\/ -->\n<title>Regi\u00f3n de O\u2019Higgins nuevamente obtiene reconocimientos en Congreso Nacional de CyT - O&#039;Higgins<\/title>\n<meta name=\"robots\" content=\"index, follow, max-snippet:-1, max-image-preview:large, max-video-preview:-1\" \/>\n<link rel=\"canonical\" href=\"https:\/\/dev.explora.cl\/ohiggins\/region-de-o-higgins-nuevamente-obtiene-reconocimientos-en-congreso-nacional-de-cyt\/\" class=\"yoast-seo-meta-tag\" \/>\n<meta property=\"og:locale\" content=\"es_ES\" class=\"yoast-seo-meta-tag\" \/>\n<meta property=\"og:type\" content=\"article\" class=\"yoast-seo-meta-tag\" \/>\n<meta property=\"og:title\" content=\"Regi\u00f3n de O\u2019Higgins nuevamente obtiene reconocimientos en Congreso Nacional de CyT - O&#039;Higgins\" class=\"yoast-seo-meta-tag\" \/>\n<meta property=\"og:description\" content=\"Dos galardones fue la cosecha que los estudiantes de Educaci\u00f3n B\u00e1sica de la Escuela Agr\u00edcola Las Garzas obtuvieron en el Congreso Nacional Escolar de Ciencia y Tecnolog\u00eda (CyT) EXPLORA CONICYT: los premios al \u201cMejor Stand\u201d y el \u201cEsp\u00edritu EXPLORA\u201d, este \u00faltimo otorgado por los dem\u00e1s escolares que estuvieron en el certamen. La actividad cont\u00f3 con [&hellip;]\" class=\"yoast-seo-meta-tag\" \/>\n<meta property=\"og:url\" content=\"https:\/\/dev.explora.cl\/ohiggins\/region-de-o-higgins-nuevamente-obtiene-reconocimientos-en-congreso-nacional-de-cyt\/\" class=\"yoast-seo-meta-tag\" \/>\n<meta property=\"og:site_name\" content=\"O&#039;Higgins\" class=\"yoast-seo-meta-tag\" \/>\n<meta property=\"article:published_time\" content=\"2014-12-01T04:00:00+00:00\" class=\"yoast-seo-meta-tag\" \/>\n<meta property=\"article:modified_time\" content=\"2019-05-20T18:03:31+00:00\" class=\"yoast-seo-meta-tag\" \/>\n<meta property=\"og:image\" content=\"https:\/\/dev.explora.cl\/ohiggins\/wp-content\/uploads\/sites\/8\/2018\/06\/1782d57f8f6fade16ce284a7ed691a9f.jpg\" class=\"yoast-seo-meta-tag\" \/>\n\t<meta property=\"og:image:width\" content=\"960\" class=\"yoast-seo-meta-tag\" \/>\n\t<meta property=\"og:image:height\" content=\"640\" class=\"yoast-seo-meta-tag\" \/>\n\t<meta property=\"og:image:type\" content=\"image\/jpeg\" class=\"yoast-seo-meta-tag\" \/>\n<meta name=\"author\" content=\"webman\" class=\"yoast-seo-meta-tag\" \/>\n<meta name=\"twitter:card\" content=\"summary_large_image\" class=\"yoast-seo-meta-tag\" \/>\n<meta name=\"twitter:label1\" content=\"Escrito por\" class=\"yoast-seo-meta-tag\" \/>\n\t<meta name=\"twitter:data1\" content=\"webman\" class=\"yoast-seo-meta-tag\" \/>\n\t<meta name=\"twitter:label2\" content=\"Tiempo estimado de lectura\" class=\"yoast-seo-meta-tag\" \/>\n\t<meta name=\"twitter:data2\" content=\"2 minutos\" class=\"yoast-seo-meta-tag\" \/>\n<script type=\"application\/ld+json\" class=\"yoast-schema-graph\">{\"@context\":\"https:\/\/schema.org\",\"@graph\":[{\"@type\":\"Article\",\"@id\":\"https:\/\/dev.explora.cl\/ohiggins\/region-de-o-higgins-nuevamente-obtiene-reconocimientos-en-congreso-nacional-de-cyt\/#article\",\"isPartOf\":{\"@id\":\"https:\/\/dev.explora.cl\/ohiggins\/region-de-o-higgins-nuevamente-obtiene-reconocimientos-en-congreso-nacional-de-cyt\/\"},\"author\":{\"name\":\"webman\",\"@id\":\"https:\/\/dev.explora.cl\/ohiggins\/#\/schema\/person\/cb8349c13ea2d324080adf8480d7ba5d\"},\"headline\":\"Regi\u00f3n de O\u2019Higgins nuevamente obtiene reconocimientos en Congreso Nacional de CyT\",\"datePublished\":\"2014-12-01T04:00:00+00:00\",\"dateModified\":\"2019-05-20T18:03:31+00:00\",\"mainEntityOfPage\":{\"@id\":\"https:\/\/dev.explora.cl\/ohiggins\/region-de-o-higgins-nuevamente-obtiene-reconocimientos-en-congreso-nacional-de-cyt\/\"},\"wordCount\":365,\"commentCount\":0,\"image\":{\"@id\":\"https:\/\/dev.explora.cl\/ohiggins\/region-de-o-higgins-nuevamente-obtiene-reconocimientos-en-congreso-nacional-de-cyt\/#primaryimage\"},\"thumbnailUrl\":\"https:\/\/dev.explora.cl\/ohiggins\/wp-content\/uploads\/sites\/8\/2018\/06\/1782d57f8f6fade16ce284a7ed691a9f.jpg\",\"keywords\":[\"Feria Cient\u00edfica\"],\"articleSection\":[\"Noticias\"],\"inLanguage\":\"es-CL\",\"potentialAction\":[{\"@type\":\"CommentAction\",\"name\":\"Comment\",\"target\":[\"https:\/\/dev.explora.cl\/ohiggins\/region-de-o-higgins-nuevamente-obtiene-reconocimientos-en-congreso-nacional-de-cyt\/#respond\"]}]},{\"@type\":\"WebPage\",\"@id\":\"https:\/\/dev.explora.cl\/ohiggins\/region-de-o-higgins-nuevamente-obtiene-reconocimientos-en-congreso-nacional-de-cyt\/\",\"url\":\"https:\/\/dev.explora.cl\/ohiggins\/region-de-o-higgins-nuevamente-obtiene-reconocimientos-en-congreso-nacional-de-cyt\/\",\"name\":\"Regi\u00f3n de O\u2019Higgins nuevamente obtiene reconocimientos en Congreso Nacional de CyT - O&#039;Higgins\",\"isPartOf\":{\"@id\":\"https:\/\/dev.explora.cl\/ohiggins\/#website\"},\"primaryImageOfPage\":{\"@id\":\"https:\/\/dev.explora.cl\/ohiggins\/region-de-o-higgins-nuevamente-obtiene-reconocimientos-en-congreso-nacional-de-cyt\/#primaryimage\"},\"image\":{\"@id\":\"https:\/\/dev.explora.cl\/ohiggins\/region-de-o-higgins-nuevamente-obtiene-reconocimientos-en-congreso-nacional-de-cyt\/#primaryimage\"},\"thumbnailUrl\":\"https:\/\/dev.explora.cl\/ohiggins\/wp-content\/uploads\/sites\/8\/2018\/06\/1782d57f8f6fade16ce284a7ed691a9f.jpg\",\"datePublished\":\"2014-12-01T04:00:00+00:00\",\"dateModified\":\"2019-05-20T18:03:31+00:00\",\"author\":{\"@id\":\"https:\/\/dev.explora.cl\/ohiggins\/#\/schema\/person\/cb8349c13ea2d324080adf8480d7ba5d\"},\"breadcrumb\":{\"@id\":\"https:\/\/dev.explora.cl\/ohiggins\/region-de-o-higgins-nuevamente-obtiene-reconocimientos-en-congreso-nacional-de-cyt\/#breadcrumb\"},\"inLanguage\":\"es-CL\",\"potentialAction\":[{\"@type\":\"ReadAction\",\"target\":[\"https:\/\/dev.explora.cl\/ohiggins\/region-de-o-higgins-nuevamente-obtiene-reconocimientos-en-congreso-nacional-de-cyt\/\"]}]},{\"@type\":\"ImageObject\",\"inLanguage\":\"es-CL\",\"@id\":\"https:\/\/dev.explora.cl\/ohiggins\/region-de-o-higgins-nuevamente-obtiene-reconocimientos-en-congreso-nacional-de-cyt\/#primaryimage\",\"url\":\"https:\/\/dev.explora.cl\/ohiggins\/wp-content\/uploads\/sites\/8\/2018\/06\/1782d57f8f6fade16ce284a7ed691a9f.jpg\",\"contentUrl\":\"https:\/\/dev.explora.cl\/ohiggins\/wp-content\/uploads\/sites\/8\/2018\/06\/1782d57f8f6fade16ce284a7ed691a9f.jpg\",\"width\":960,\"height\":640},{\"@type\":\"BreadcrumbList\",\"@id\":\"https:\/\/dev.explora.cl\/ohiggins\/region-de-o-higgins-nuevamente-obtiene-reconocimientos-en-congreso-nacional-de-cyt\/#breadcrumb\",\"itemListElement\":[{\"@type\":\"ListItem\",\"position\":1,\"name\":\"Portada\",\"item\":\"https:\/\/dev.explora.cl\/ohiggins\/\"},{\"@type\":\"ListItem\",\"position\":2,\"name\":\"Regi\u00f3n de O\u2019Higgins nuevamente obtiene reconocimientos en Congreso Nacional de CyT\"}]},{\"@type\":\"WebSite\",\"@id\":\"https:\/\/dev.explora.cl\/ohiggins\/#website\",\"url\":\"https:\/\/dev.explora.cl\/ohiggins\/\",\"name\":\"O&#039;Higgins\",\"description\":\"Otro sitio m\u00e1s de dev.explora.cl\",\"potentialAction\":[{\"@type\":\"SearchAction\",\"target\":{\"@type\":\"EntryPoint\",\"urlTemplate\":\"https:\/\/dev.explora.cl\/ohiggins\/?s={search_term_string}\"},\"query-input\":{\"@type\":\"PropertyValueSpecification\",\"valueRequired\":true,\"valueName\":\"search_term_string\"}}],\"inLanguage\":\"es-CL\"},{\"@type\":\"Person\",\"@id\":\"https:\/\/dev.explora.cl\/ohiggins\/#\/schema\/person\/cb8349c13ea2d324080adf8480d7ba5d\",\"name\":\"webman\",\"image\":{\"@type\":\"ImageObject\",\"inLanguage\":\"es-CL\",\"@id\":\"https:\/\/dev.explora.cl\/ohiggins\/#\/schema\/person\/image\/\",\"url\":\"https:\/\/secure.gravatar.com\/avatar\/eeff3c82f2c02f7177d13663b7e6f890e9a6a0647ce9bb29cae02dcb094c7312?s=96&d=mm&r=g\",\"contentUrl\":\"https:\/\/secure.gravatar.com\/avatar\/eeff3c82f2c02f7177d13663b7e6f890e9a6a0647ce9bb29cae02dcb094c7312?s=96&d=mm&r=g\",\"caption\":\"webman\"},\"url\":\"https:\/\/dev.explora.cl\/ohiggins\/author\/webman\/\"}]}<\/script>\n<!-- \/ Yoast SEO plugin. -->","yoast_head_json":{"title":"Regi\u00f3n de O\u2019Higgins nuevamente obtiene reconocimientos en Congreso Nacional de CyT - O&#039;Higgins","robots":{"index":"index","follow":"follow","max-snippet":"max-snippet:-1","max-image-preview":"max-image-preview:large","max-video-preview":"max-video-preview:-1"},"canonical":"https:\/\/dev.explora.cl\/ohiggins\/region-de-o-higgins-nuevamente-obtiene-reconocimientos-en-congreso-nacional-de-cyt\/","og_locale":"es_ES","og_type":"article","og_title":"Regi\u00f3n de O\u2019Higgins nuevamente obtiene reconocimientos en Congreso Nacional de CyT - O&#039;Higgins","og_description":"Dos galardones fue la cosecha que los estudiantes de Educaci\u00f3n B\u00e1sica de la Escuela Agr\u00edcola Las Garzas obtuvieron en el Congreso Nacional Escolar de Ciencia y Tecnolog\u00eda (CyT) EXPLORA CONICYT: los premios al \u201cMejor Stand\u201d y el \u201cEsp\u00edritu EXPLORA\u201d, este \u00faltimo otorgado por los dem\u00e1s escolares que estuvieron en el certamen. La actividad cont\u00f3 con [&hellip;]","og_url":"https:\/\/dev.explora.cl\/ohiggins\/region-de-o-higgins-nuevamente-obtiene-reconocimientos-en-congreso-nacional-de-cyt\/","og_site_name":"O&#039;Higgins","article_published_time":"2014-12-01T04:00:00+00:00","article_modified_time":"2019-05-20T18:03:31+00:00","og_image":[{"width":960,"height":640,"url":"https:\/\/dev.explora.cl\/ohiggins\/wp-content\/uploads\/sites\/8\/2018\/06\/1782d57f8f6fade16ce284a7ed691a9f.jpg","type":"image\/jpeg"}],"author":"webman","twitter_card":"summary_large_image","twitter_misc":{"Escrito por":"webman","Tiempo estimado de lectura":"2 minutos"},"schema":{"@context":"https:\/\/schema.org","@graph":[{"@type":"Article","@id":"https:\/\/dev.explora.cl\/ohiggins\/region-de-o-higgins-nuevamente-obtiene-reconocimientos-en-congreso-nacional-de-cyt\/#article","isPartOf":{"@id":"https:\/\/dev.explora.cl\/ohiggins\/region-de-o-higgins-nuevamente-obtiene-reconocimientos-en-congreso-nacional-de-cyt\/"},"author":{"name":"webman","@id":"https:\/\/dev.explora.cl\/ohiggins\/#\/schema\/person\/cb8349c13ea2d324080adf8480d7ba5d"},"headline":"Regi\u00f3n de O\u2019Higgins nuevamente obtiene reconocimientos en Congreso Nacional de CyT","datePublished":"2014-12-01T04:00:00+00:00","dateModified":"2019-05-20T18:03:31+00:00","mainEntityOfPage":{"@id":"https:\/\/dev.explora.cl\/ohiggins\/region-de-o-higgins-nuevamente-obtiene-reconocimientos-en-congreso-nacional-de-cyt\/"},"wordCount":365,"commentCount":0,"image":{"@id":"https:\/\/dev.explora.cl\/ohiggins\/region-de-o-higgins-nuevamente-obtiene-reconocimientos-en-congreso-nacional-de-cyt\/#primaryimage"},"thumbnailUrl":"https:\/\/dev.explora.cl\/ohiggins\/wp-content\/uploads\/sites\/8\/2018\/06\/1782d57f8f6fade16ce284a7ed691a9f.jpg","keywords":["Feria Cient\u00edfica"],"articleSection":["Noticias"],"inLanguage":"es-CL","potentialAction":[{"@type":"CommentAction","name":"Comment","target":["https:\/\/dev.explora.cl\/ohiggins\/region-de-o-higgins-nuevamente-obtiene-reconocimientos-en-congreso-nacional-de-cyt\/#respond"]}]},{"@type":"WebPage","@id":"https:\/\/dev.explora.cl\/ohiggins\/region-de-o-higgins-nuevamente-obtiene-reconocimientos-en-congreso-nacional-de-cyt\/","url":"https:\/\/dev.explora.cl\/ohiggins\/region-de-o-higgins-nuevamente-obtiene-reconocimientos-en-congreso-nacional-de-cyt\/","name":"Regi\u00f3n de O\u2019Higgins nuevamente obtiene reconocimientos en Congreso Nacional de CyT - O&#039;Higgins","isPartOf":{"@id":"https:\/\/dev.explora.cl\/ohiggins\/#website"},"primaryImageOfPage":{"@id":"https:\/\/dev.explora.cl\/ohiggins\/region-de-o-higgins-nuevamente-obtiene-reconocimientos-en-congreso-nacional-de-cyt\/#primaryimage"},"image":{"@id":"https:\/\/dev.explora.cl\/ohiggins\/region-de-o-higgins-nuevamente-obtiene-reconocimientos-en-congreso-nacional-de-cyt\/#primaryimage"},"thumbnailUrl":"https:\/\/dev.explora.cl\/ohiggins\/wp-content\/uploads\/sites\/8\/2018\/06\/1782d57f8f6fade16ce284a7ed691a9f.jpg","datePublished":"2014-12-01T04:00:00+00:00","dateModified":"2019-05-20T18:03:31+00:00","author":{"@id":"https:\/\/dev.explora.cl\/ohiggins\/#\/schema\/person\/cb8349c13ea2d324080adf8480d7ba5d"},"breadcrumb":{"@id":"https:\/\/dev.explora.cl\/ohiggins\/region-de-o-higgins-nuevamente-obtiene-reconocimientos-en-congreso-nacional-de-cyt\/#breadcrumb"},"inLanguage":"es-CL","potentialAction":[{"@type":"ReadAction","target":["https:\/\/dev.explora.cl\/ohiggins\/region-de-o-higgins-nuevamente-obtiene-reconocimientos-en-congreso-nacional-de-cyt\/"]}]},{"@type":"ImageObject","inLanguage":"es-CL","@id":"https:\/\/dev.explora.cl\/ohiggins\/region-de-o-higgins-nuevamente-obtiene-reconocimientos-en-congreso-nacional-de-cyt\/#primaryimage","url":"https:\/\/dev.explora.cl\/ohiggins\/wp-content\/uploads\/sites\/8\/2018\/06\/1782d57f8f6fade16ce284a7ed691a9f.jpg","contentUrl":"https:\/\/dev.explora.cl\/ohiggins\/wp-content\/uploads\/sites\/8\/2018\/06\/1782d57f8f6fade16ce284a7ed691a9f.jpg","width":960,"height":640},{"@type":"BreadcrumbList","@id":"https:\/\/dev.explora.cl\/ohiggins\/region-de-o-higgins-nuevamente-obtiene-reconocimientos-en-congreso-nacional-de-cyt\/#breadcrumb","itemListElement":[{"@type":"ListItem","position":1,"name":"Portada","item":"https:\/\/dev.explora.cl\/ohiggins\/"},{"@type":"ListItem","position":2,"name":"Regi\u00f3n de O\u2019Higgins nuevamente obtiene reconocimientos en Congreso Nacional de CyT"}]},{"@type":"WebSite","@id":"https:\/\/dev.explora.cl\/ohiggins\/#website","url":"https:\/\/dev.explora.cl\/ohiggins\/","name":"O&#039;Higgins","description":"Otro sitio m\u00e1s de dev.explora.cl","potentialAction":[{"@type":"SearchAction","target":{"@type":"EntryPoint","urlTemplate":"https:\/\/dev.explora.cl\/ohiggins\/?s={search_term_string}"},"query-input":{"@type":"PropertyValueSpecification","valueRequired":true,"valueName":"search_term_string"}}],"inLanguage":"es-CL"},{"@type":"Person","@id":"https:\/\/dev.explora.cl\/ohiggins\/#\/schema\/person\/cb8349c13ea2d324080adf8480d7ba5d","name":"webman","image":{"@type":"ImageObject","inLanguage":"es-CL","@id":"https:\/\/dev.explora.cl\/ohiggins\/#\/schema\/person\/image\/","url":"https:\/\/secure.gravatar.com\/avatar\/eeff3c82f2c02f7177d13663b7e6f890e9a6a0647ce9bb29cae02dcb094c7312?s=96&d=mm&r=g","contentUrl":"https:\/\/secure.gravatar.com\/avatar\/eeff3c82f2c02f7177d13663b7e6f890e9a6a0647ce9bb29cae02dcb094c7312?s=96&d=mm&r=g","caption":"webman"},"url":"https:\/\/dev.explora.cl\/ohiggins\/author\/webman\/"}]}},"_links":{"self":[{"href":"https:\/\/dev.explora.cl\/ohiggins\/wp-json\/wp\/v2\/posts\/31901","targetHints":{"allow":["GET"]}}],"collection":[{"href":"https:\/\/dev.explora.cl\/ohiggins\/wp-json\/wp\/v2\/posts"}],"about":[{"href":"https:\/\/dev.explora.cl\/ohiggins\/wp-json\/wp\/v2\/types\/post"}],"author":[{"embeddable":true,"href":"https:\/\/dev.explora.cl\/ohiggins\/wp-json\/wp\/v2\/users\/2"}],"replies":[{"embeddable":true,"href":"https:\/\/dev.explora.cl\/ohiggins\/wp-json\/wp\/v2\/comments?post=31901"}],"version-history":[{"count":1,"href":"https:\/\/dev.explora.cl\/ohiggins\/wp-json\/wp\/v2\/posts\/31901\/revisions"}],"predecessor-version":[{"id":37856,"href":"https:\/\/dev.explora.cl\/ohiggins\/wp-json\/wp\/v2\/posts\/31901\/revisions\/37856"}],"wp:featuredmedia":[{"embeddable":true,"href":"https:\/\/dev.explora.cl\/ohiggins\/wp-json\/wp\/v2\/media\/31902"}],"wp:attachment":[{"href":"https:\/\/dev.explora.cl\/ohiggins\/wp-json\/wp\/v2\/media?parent=31901"}],"wp:term":[{"taxonomy":"category","embeddable":true,"href":"https:\/\/dev.explora.cl\/ohiggins\/wp-json\/wp\/v2\/categories?post=31901"},{"taxonomy":"post_tag","embeddable":true,"href":"https:\/\/dev.explora.cl\/ohiggins\/wp-json\/wp\/v2\/tags?post=31901"}],"curies":[{"name":"wp","href":"https:\/\/api.w.org\/{rel}","templated":true}]}}