{"id":31894,"date":"2014-11-24T00:00:00","date_gmt":"2014-11-24T04:00:00","guid":{"rendered":"https:\/\/dev.explora.cl\/ohiggins\/blog\/2014\/11\/24\/estacion-meteorologica\/"},"modified":"2019-05-20T18:03:32","modified_gmt":"2019-05-20T18:03:32","slug":"estacion-meteorologica","status":"publish","type":"post","link":"https:\/\/dev.explora.cl\/ohiggins\/estacion-meteorologica\/","title":{"rendered":"PAR EXPLORA O\u2019Higgins capacita a docentes en uso de estaci\u00f3n meteorol\u00f3gica"},"content":{"rendered":"<p><img loading=\"lazy\" decoding=\"async\" class=\" size-full wp-image-7500\" src=\"http:\/\/ec2-34-218-253-251.us-west-2.compute.amazonaws.com\/wp-content\/uploads\/2014\/11\/6da4961fc61d08e9b5f80c8ea30d8ffc.jpg\" alt=\"\" width=\"1000\" height=\"750\" \/><\/p>\n<p style=\"text-align: justify\">Recientemente docentes del colegio Villa Centinela de San Fernando fueron capacitados en el uso y recolecci\u00f3n de datos de la estaci\u00f3n meterol\u00f3gica que poseen por PAR EXPLORA O\u2019HIggins, con el objetivo de trabajar en conjunto con los estudiantes y aplicar diversas materias.<\/p>\n<p style=\"text-align: justify\">El establecimiento pose\u00eda una estaci\u00f3n, pero por diferentes motivos no hab\u00edan podido instalarla; de esta manera, el Ingeniero Forestal, Jaime Araya, quien es experto en el tema, les instal\u00f3 el aparato tecnol\u00f3gico, y capacit\u00f3 a profesores, educadoras y asistentes que est\u00e1n directamente involucrados.<\/p>\n<p style=\"text-align: justify\">As\u00ed, los estudiantes de preb\u00e1sica y b\u00e1sica, podr\u00e1n llevar el registro de temperatura, pluviometr\u00eda, direcci\u00f3n e intensidad del viento; adem\u00e1s de poder realizar an\u00e1lisis de datos en per\u00edodos de tiempo determinados, o incluso postular a nuevos proyectos.<\/p>\n","protected":false},"excerpt":{"rendered":"<p>Recientemente docentes del colegio Villa Centinela de San Fernando fueron capacitados en el uso y recolecci\u00f3n de datos de la estaci\u00f3n meterol\u00f3gica que poseen por PAR EXPLORA O\u2019HIggins, con el objetivo de trabajar en conjunto con los estudiantes y aplicar diversas materias. El establecimiento pose\u00eda una estaci\u00f3n, pero por diferentes motivos no hab\u00edan podido instalarla; [&hellip;]<\/p>\n","protected":false},"author":2,"featured_media":31895,"comment_status":"open","ping_status":"open","sticky":false,"template":"","format":"standard","meta":{"_acf_changed":false,"_exactmetrics_skip_tracking":false,"_exactmetrics_sitenote_active":false,"_exactmetrics_sitenote_note":"","_exactmetrics_sitenote_category":0,"footnotes":"","_links_to":"","_links_to_target":""},"categories":[4],"tags":[],"class_list":["post-31894","post","type-post","status-publish","format-standard","has-post-thumbnail","hentry","category-noticias"],"acf":[],"yoast_head":"<!-- This site is optimized with the Yoast SEO plugin v26.7 - https:\/\/yoast.com\/wordpress\/plugins\/seo\/ -->\n<title>PAR EXPLORA O\u2019Higgins capacita a docentes en uso de estaci\u00f3n meteorol\u00f3gica - O&#039;Higgins<\/title>\n<meta name=\"robots\" content=\"index, follow, max-snippet:-1, max-image-preview:large, max-video-preview:-1\" \/>\n<link rel=\"canonical\" href=\"https:\/\/dev.explora.cl\/ohiggins\/estacion-meteorologica\/\" class=\"yoast-seo-meta-tag\" \/>\n<meta property=\"og:locale\" content=\"es_ES\" class=\"yoast-seo-meta-tag\" \/>\n<meta property=\"og:type\" content=\"article\" class=\"yoast-seo-meta-tag\" \/>\n<meta property=\"og:title\" content=\"PAR EXPLORA O\u2019Higgins capacita a docentes en uso de estaci\u00f3n meteorol\u00f3gica - O&#039;Higgins\" class=\"yoast-seo-meta-tag\" \/>\n<meta property=\"og:description\" content=\"Recientemente docentes del colegio Villa Centinela de San Fernando fueron capacitados en el uso y recolecci\u00f3n de datos de la estaci\u00f3n meterol\u00f3gica que poseen por PAR EXPLORA O\u2019HIggins, con el objetivo de trabajar en conjunto con los estudiantes y aplicar diversas materias. El establecimiento pose\u00eda una estaci\u00f3n, pero por diferentes motivos no hab\u00edan podido instalarla; [&hellip;]\" class=\"yoast-seo-meta-tag\" \/>\n<meta property=\"og:url\" content=\"https:\/\/dev.explora.cl\/ohiggins\/estacion-meteorologica\/\" class=\"yoast-seo-meta-tag\" \/>\n<meta property=\"og:site_name\" content=\"O&#039;Higgins\" class=\"yoast-seo-meta-tag\" \/>\n<meta property=\"article:published_time\" content=\"2014-11-24T04:00:00+00:00\" class=\"yoast-seo-meta-tag\" \/>\n<meta property=\"article:modified_time\" content=\"2019-05-20T18:03:32+00:00\" class=\"yoast-seo-meta-tag\" \/>\n<meta property=\"og:image\" content=\"https:\/\/dev.explora.cl\/ohiggins\/wp-content\/uploads\/sites\/8\/2018\/06\/6da4961fc61d08e9b5f80c8ea30d8ffc.jpg\" class=\"yoast-seo-meta-tag\" \/>\n\t<meta property=\"og:image:width\" content=\"1000\" class=\"yoast-seo-meta-tag\" \/>\n\t<meta property=\"og:image:height\" content=\"750\" class=\"yoast-seo-meta-tag\" \/>\n\t<meta property=\"og:image:type\" content=\"image\/jpeg\" class=\"yoast-seo-meta-tag\" \/>\n<meta name=\"author\" content=\"webman\" class=\"yoast-seo-meta-tag\" \/>\n<meta name=\"twitter:card\" content=\"summary_large_image\" class=\"yoast-seo-meta-tag\" \/>\n<meta name=\"twitter:label1\" content=\"Escrito por\" class=\"yoast-seo-meta-tag\" \/>\n\t<meta name=\"twitter:data1\" content=\"webman\" class=\"yoast-seo-meta-tag\" \/>\n\t<meta name=\"twitter:label2\" content=\"Tiempo estimado de lectura\" class=\"yoast-seo-meta-tag\" \/>\n\t<meta name=\"twitter:data2\" content=\"1 minuto\" class=\"yoast-seo-meta-tag\" \/>\n<script type=\"application\/ld+json\" class=\"yoast-schema-graph\">{\"@context\":\"https:\/\/schema.org\",\"@graph\":[{\"@type\":\"Article\",\"@id\":\"https:\/\/dev.explora.cl\/ohiggins\/estacion-meteorologica\/#article\",\"isPartOf\":{\"@id\":\"https:\/\/dev.explora.cl\/ohiggins\/estacion-meteorologica\/\"},\"author\":{\"name\":\"webman\",\"@id\":\"https:\/\/dev.explora.cl\/ohiggins\/#\/schema\/person\/cb8349c13ea2d324080adf8480d7ba5d\"},\"headline\":\"PAR EXPLORA O\u2019Higgins capacita a docentes en uso de estaci\u00f3n meteorol\u00f3gica\",\"datePublished\":\"2014-11-24T04:00:00+00:00\",\"dateModified\":\"2019-05-20T18:03:32+00:00\",\"mainEntityOfPage\":{\"@id\":\"https:\/\/dev.explora.cl\/ohiggins\/estacion-meteorologica\/\"},\"wordCount\":153,\"commentCount\":0,\"image\":{\"@id\":\"https:\/\/dev.explora.cl\/ohiggins\/estacion-meteorologica\/#primaryimage\"},\"thumbnailUrl\":\"https:\/\/dev.explora.cl\/ohiggins\/wp-content\/uploads\/sites\/8\/2018\/06\/6da4961fc61d08e9b5f80c8ea30d8ffc.jpg\",\"articleSection\":[\"Noticias\"],\"inLanguage\":\"es-CL\",\"potentialAction\":[{\"@type\":\"CommentAction\",\"name\":\"Comment\",\"target\":[\"https:\/\/dev.explora.cl\/ohiggins\/estacion-meteorologica\/#respond\"]}]},{\"@type\":\"WebPage\",\"@id\":\"https:\/\/dev.explora.cl\/ohiggins\/estacion-meteorologica\/\",\"url\":\"https:\/\/dev.explora.cl\/ohiggins\/estacion-meteorologica\/\",\"name\":\"PAR EXPLORA O\u2019Higgins capacita a docentes en uso de estaci\u00f3n meteorol\u00f3gica - O&#039;Higgins\",\"isPartOf\":{\"@id\":\"https:\/\/dev.explora.cl\/ohiggins\/#website\"},\"primaryImageOfPage\":{\"@id\":\"https:\/\/dev.explora.cl\/ohiggins\/estacion-meteorologica\/#primaryimage\"},\"image\":{\"@id\":\"https:\/\/dev.explora.cl\/ohiggins\/estacion-meteorologica\/#primaryimage\"},\"thumbnailUrl\":\"https:\/\/dev.explora.cl\/ohiggins\/wp-content\/uploads\/sites\/8\/2018\/06\/6da4961fc61d08e9b5f80c8ea30d8ffc.jpg\",\"datePublished\":\"2014-11-24T04:00:00+00:00\",\"dateModified\":\"2019-05-20T18:03:32+00:00\",\"author\":{\"@id\":\"https:\/\/dev.explora.cl\/ohiggins\/#\/schema\/person\/cb8349c13ea2d324080adf8480d7ba5d\"},\"breadcrumb\":{\"@id\":\"https:\/\/dev.explora.cl\/ohiggins\/estacion-meteorologica\/#breadcrumb\"},\"inLanguage\":\"es-CL\",\"potentialAction\":[{\"@type\":\"ReadAction\",\"target\":[\"https:\/\/dev.explora.cl\/ohiggins\/estacion-meteorologica\/\"]}]},{\"@type\":\"ImageObject\",\"inLanguage\":\"es-CL\",\"@id\":\"https:\/\/dev.explora.cl\/ohiggins\/estacion-meteorologica\/#primaryimage\",\"url\":\"https:\/\/dev.explora.cl\/ohiggins\/wp-content\/uploads\/sites\/8\/2018\/06\/6da4961fc61d08e9b5f80c8ea30d8ffc.jpg\",\"contentUrl\":\"https:\/\/dev.explora.cl\/ohiggins\/wp-content\/uploads\/sites\/8\/2018\/06\/6da4961fc61d08e9b5f80c8ea30d8ffc.jpg\",\"width\":1000,\"height\":750},{\"@type\":\"BreadcrumbList\",\"@id\":\"https:\/\/dev.explora.cl\/ohiggins\/estacion-meteorologica\/#breadcrumb\",\"itemListElement\":[{\"@type\":\"ListItem\",\"position\":1,\"name\":\"Portada\",\"item\":\"https:\/\/dev.explora.cl\/ohiggins\/\"},{\"@type\":\"ListItem\",\"position\":2,\"name\":\"PAR EXPLORA O\u2019Higgins capacita a docentes en uso de estaci\u00f3n meteorol\u00f3gica\"}]},{\"@type\":\"WebSite\",\"@id\":\"https:\/\/dev.explora.cl\/ohiggins\/#website\",\"url\":\"https:\/\/dev.explora.cl\/ohiggins\/\",\"name\":\"O&#039;Higgins\",\"description\":\"Otro sitio m\u00e1s de dev.explora.cl\",\"potentialAction\":[{\"@type\":\"SearchAction\",\"target\":{\"@type\":\"EntryPoint\",\"urlTemplate\":\"https:\/\/dev.explora.cl\/ohiggins\/?s={search_term_string}\"},\"query-input\":{\"@type\":\"PropertyValueSpecification\",\"valueRequired\":true,\"valueName\":\"search_term_string\"}}],\"inLanguage\":\"es-CL\"},{\"@type\":\"Person\",\"@id\":\"https:\/\/dev.explora.cl\/ohiggins\/#\/schema\/person\/cb8349c13ea2d324080adf8480d7ba5d\",\"name\":\"webman\",\"image\":{\"@type\":\"ImageObject\",\"inLanguage\":\"es-CL\",\"@id\":\"https:\/\/dev.explora.cl\/ohiggins\/#\/schema\/person\/image\/\",\"url\":\"https:\/\/secure.gravatar.com\/avatar\/eeff3c82f2c02f7177d13663b7e6f890e9a6a0647ce9bb29cae02dcb094c7312?s=96&d=mm&r=g\",\"contentUrl\":\"https:\/\/secure.gravatar.com\/avatar\/eeff3c82f2c02f7177d13663b7e6f890e9a6a0647ce9bb29cae02dcb094c7312?s=96&d=mm&r=g\",\"caption\":\"webman\"},\"url\":\"https:\/\/dev.explora.cl\/ohiggins\/author\/webman\/\"}]}<\/script>\n<!-- \/ Yoast SEO plugin. -->","yoast_head_json":{"title":"PAR EXPLORA O\u2019Higgins capacita a docentes en uso de estaci\u00f3n meteorol\u00f3gica - O&#039;Higgins","robots":{"index":"index","follow":"follow","max-snippet":"max-snippet:-1","max-image-preview":"max-image-preview:large","max-video-preview":"max-video-preview:-1"},"canonical":"https:\/\/dev.explora.cl\/ohiggins\/estacion-meteorologica\/","og_locale":"es_ES","og_type":"article","og_title":"PAR EXPLORA O\u2019Higgins capacita a docentes en uso de estaci\u00f3n meteorol\u00f3gica - O&#039;Higgins","og_description":"Recientemente docentes del colegio Villa Centinela de San Fernando fueron capacitados en el uso y recolecci\u00f3n de datos de la estaci\u00f3n meterol\u00f3gica que poseen por PAR EXPLORA O\u2019HIggins, con el objetivo de trabajar en conjunto con los estudiantes y aplicar diversas materias. El establecimiento pose\u00eda una estaci\u00f3n, pero por diferentes motivos no hab\u00edan podido instalarla; [&hellip;]","og_url":"https:\/\/dev.explora.cl\/ohiggins\/estacion-meteorologica\/","og_site_name":"O&#039;Higgins","article_published_time":"2014-11-24T04:00:00+00:00","article_modified_time":"2019-05-20T18:03:32+00:00","og_image":[{"width":1000,"height":750,"url":"https:\/\/dev.explora.cl\/ohiggins\/wp-content\/uploads\/sites\/8\/2018\/06\/6da4961fc61d08e9b5f80c8ea30d8ffc.jpg","type":"image\/jpeg"}],"author":"webman","twitter_card":"summary_large_image","twitter_misc":{"Escrito por":"webman","Tiempo estimado de lectura":"1 minuto"},"schema":{"@context":"https:\/\/schema.org","@graph":[{"@type":"Article","@id":"https:\/\/dev.explora.cl\/ohiggins\/estacion-meteorologica\/#article","isPartOf":{"@id":"https:\/\/dev.explora.cl\/ohiggins\/estacion-meteorologica\/"},"author":{"name":"webman","@id":"https:\/\/dev.explora.cl\/ohiggins\/#\/schema\/person\/cb8349c13ea2d324080adf8480d7ba5d"},"headline":"PAR EXPLORA O\u2019Higgins capacita a docentes en uso de estaci\u00f3n meteorol\u00f3gica","datePublished":"2014-11-24T04:00:00+00:00","dateModified":"2019-05-20T18:03:32+00:00","mainEntityOfPage":{"@id":"https:\/\/dev.explora.cl\/ohiggins\/estacion-meteorologica\/"},"wordCount":153,"commentCount":0,"image":{"@id":"https:\/\/dev.explora.cl\/ohiggins\/estacion-meteorologica\/#primaryimage"},"thumbnailUrl":"https:\/\/dev.explora.cl\/ohiggins\/wp-content\/uploads\/sites\/8\/2018\/06\/6da4961fc61d08e9b5f80c8ea30d8ffc.jpg","articleSection":["Noticias"],"inLanguage":"es-CL","potentialAction":[{"@type":"CommentAction","name":"Comment","target":["https:\/\/dev.explora.cl\/ohiggins\/estacion-meteorologica\/#respond"]}]},{"@type":"WebPage","@id":"https:\/\/dev.explora.cl\/ohiggins\/estacion-meteorologica\/","url":"https:\/\/dev.explora.cl\/ohiggins\/estacion-meteorologica\/","name":"PAR EXPLORA O\u2019Higgins capacita a docentes en uso de estaci\u00f3n meteorol\u00f3gica - O&#039;Higgins","isPartOf":{"@id":"https:\/\/dev.explora.cl\/ohiggins\/#website"},"primaryImageOfPage":{"@id":"https:\/\/dev.explora.cl\/ohiggins\/estacion-meteorologica\/#primaryimage"},"image":{"@id":"https:\/\/dev.explora.cl\/ohiggins\/estacion-meteorologica\/#primaryimage"},"thumbnailUrl":"https:\/\/dev.explora.cl\/ohiggins\/wp-content\/uploads\/sites\/8\/2018\/06\/6da4961fc61d08e9b5f80c8ea30d8ffc.jpg","datePublished":"2014-11-24T04:00:00+00:00","dateModified":"2019-05-20T18:03:32+00:00","author":{"@id":"https:\/\/dev.explora.cl\/ohiggins\/#\/schema\/person\/cb8349c13ea2d324080adf8480d7ba5d"},"breadcrumb":{"@id":"https:\/\/dev.explora.cl\/ohiggins\/estacion-meteorologica\/#breadcrumb"},"inLanguage":"es-CL","potentialAction":[{"@type":"ReadAction","target":["https:\/\/dev.explora.cl\/ohiggins\/estacion-meteorologica\/"]}]},{"@type":"ImageObject","inLanguage":"es-CL","@id":"https:\/\/dev.explora.cl\/ohiggins\/estacion-meteorologica\/#primaryimage","url":"https:\/\/dev.explora.cl\/ohiggins\/wp-content\/uploads\/sites\/8\/2018\/06\/6da4961fc61d08e9b5f80c8ea30d8ffc.jpg","contentUrl":"https:\/\/dev.explora.cl\/ohiggins\/wp-content\/uploads\/sites\/8\/2018\/06\/6da4961fc61d08e9b5f80c8ea30d8ffc.jpg","width":1000,"height":750},{"@type":"BreadcrumbList","@id":"https:\/\/dev.explora.cl\/ohiggins\/estacion-meteorologica\/#breadcrumb","itemListElement":[{"@type":"ListItem","position":1,"name":"Portada","item":"https:\/\/dev.explora.cl\/ohiggins\/"},{"@type":"ListItem","position":2,"name":"PAR EXPLORA O\u2019Higgins capacita a docentes en uso de estaci\u00f3n meteorol\u00f3gica"}]},{"@type":"WebSite","@id":"https:\/\/dev.explora.cl\/ohiggins\/#website","url":"https:\/\/dev.explora.cl\/ohiggins\/","name":"O&#039;Higgins","description":"Otro sitio m\u00e1s de dev.explora.cl","potentialAction":[{"@type":"SearchAction","target":{"@type":"EntryPoint","urlTemplate":"https:\/\/dev.explora.cl\/ohiggins\/?s={search_term_string}"},"query-input":{"@type":"PropertyValueSpecification","valueRequired":true,"valueName":"search_term_string"}}],"inLanguage":"es-CL"},{"@type":"Person","@id":"https:\/\/dev.explora.cl\/ohiggins\/#\/schema\/person\/cb8349c13ea2d324080adf8480d7ba5d","name":"webman","image":{"@type":"ImageObject","inLanguage":"es-CL","@id":"https:\/\/dev.explora.cl\/ohiggins\/#\/schema\/person\/image\/","url":"https:\/\/secure.gravatar.com\/avatar\/eeff3c82f2c02f7177d13663b7e6f890e9a6a0647ce9bb29cae02dcb094c7312?s=96&d=mm&r=g","contentUrl":"https:\/\/secure.gravatar.com\/avatar\/eeff3c82f2c02f7177d13663b7e6f890e9a6a0647ce9bb29cae02dcb094c7312?s=96&d=mm&r=g","caption":"webman"},"url":"https:\/\/dev.explora.cl\/ohiggins\/author\/webman\/"}]}},"_links":{"self":[{"href":"https:\/\/dev.explora.cl\/ohiggins\/wp-json\/wp\/v2\/posts\/31894","targetHints":{"allow":["GET"]}}],"collection":[{"href":"https:\/\/dev.explora.cl\/ohiggins\/wp-json\/wp\/v2\/posts"}],"about":[{"href":"https:\/\/dev.explora.cl\/ohiggins\/wp-json\/wp\/v2\/types\/post"}],"author":[{"embeddable":true,"href":"https:\/\/dev.explora.cl\/ohiggins\/wp-json\/wp\/v2\/users\/2"}],"replies":[{"embeddable":true,"href":"https:\/\/dev.explora.cl\/ohiggins\/wp-json\/wp\/v2\/comments?post=31894"}],"version-history":[{"count":1,"href":"https:\/\/dev.explora.cl\/ohiggins\/wp-json\/wp\/v2\/posts\/31894\/revisions"}],"predecessor-version":[{"id":37859,"href":"https:\/\/dev.explora.cl\/ohiggins\/wp-json\/wp\/v2\/posts\/31894\/revisions\/37859"}],"wp:featuredmedia":[{"embeddable":true,"href":"https:\/\/dev.explora.cl\/ohiggins\/wp-json\/wp\/v2\/media\/31895"}],"wp:attachment":[{"href":"https:\/\/dev.explora.cl\/ohiggins\/wp-json\/wp\/v2\/media?parent=31894"}],"wp:term":[{"taxonomy":"category","embeddable":true,"href":"https:\/\/dev.explora.cl\/ohiggins\/wp-json\/wp\/v2\/categories?post=31894"},{"taxonomy":"post_tag","embeddable":true,"href":"https:\/\/dev.explora.cl\/ohiggins\/wp-json\/wp\/v2\/tags?post=31894"}],"curies":[{"name":"wp","href":"https:\/\/api.w.org\/{rel}","templated":true}]}}