{"id":31892,"date":"2014-11-21T00:00:00","date_gmt":"2014-11-21T04:00:00","guid":{"rendered":"https:\/\/dev.explora.cl\/ohiggins\/blog\/2014\/11\/21\/dia-antartica-1\/"},"modified":"2019-05-20T18:03:37","modified_gmt":"2019-05-20T18:03:37","slug":"dia-antartica-1","status":"publish","type":"post","link":"https:\/\/dev.explora.cl\/ohiggins\/dia-antartica-1\/","title":{"rendered":"Estudiantes de Colchagua celebran D\u00eda de la Ant\u00e1rtica Chilena"},"content":{"rendered":"<p><img loading=\"lazy\" decoding=\"async\" class=\" size-full wp-image-7464\" src=\"http:\/\/ec2-34-218-253-251.us-west-2.compute.amazonaws.com\/wp-content\/uploads\/2014\/11\/52436fbdfde019ceb073eef702c11f48.jpg\" alt=\"\" width=\"1000\" height=\"667\" \/><\/p>\n<p style=\"text-align: justify\"><span style=\"line-height: 1.3em\">M\u00e1s de un centenar de estudiantes de la provincia de Colchagua pudieron aprender m\u00e1s de la Ant\u00e1rtica chilena, gracias a la charla organizada por PAR EXPLORA O\u2019Higgins, dentro del marco del proyecto de Divulgaci\u00f3n y Valoraci\u00f3n de la XI Feria Ant\u00e1rtica Escolar 2014 de INACh (Instituto Ant\u00e1rtico Chileno).<\/span><\/p>\n<p style=\"text-align: justify\">La actividad se realiz\u00f3 en el Centro Cultural de San Fernando, en donde el Doctor en Ecolog\u00eda y Biolog\u00eda Evolutiva, Claudio Gonz\u00e1lez, dict\u00f3 la clase magistral &#8220;Evoluci\u00f3n en Fr\u00edo: Biogeograf\u00eda del G\u00e9nero de Lapas Nacella (Mollusca: Patellogastropoda) en el Oc\u00e9ano Austral\u201d a escolares de los colegios: Escuela San Hern\u00e1n, Liceo Neandro Schilling, Hans Christian Andersen, Liceo Gregorio Argomedo, Liceo Eduardo Charme y el Liceo Juan Pablo II de Nancagua.<\/p>\n<p style=\"text-align: justify\">En la oportunidad el cient\u00edfico convers\u00f3 respecto de diferentes t\u00f3picos respecto del g\u00e9nero de lapas (moluscos) marinas Nacella, que \u00a0se distribuye en distintas provincias del Oc\u00e9ano Austral (Sudam\u00e9rica, Ant\u00e1rtica e islas sub-Ant\u00e1rticas); en la actividad se explicar\u00e1 la evoluci\u00f3n de esta especie y su v\u00ednculo con los cambios clim\u00e1ticos y oceanogr\u00e1ficos de los \u00faltimos 14 millones de a\u00f1os.<\/p>\n<p style=\"text-align: justify\">Seg\u00fan explic\u00f3 el cient\u00edfico: \u201cel objetivo es dar a conocer a la comunidad cu\u00e1l es el quehacer de los investigadores nacionales sobre el tema ant\u00e1rtico, especialmente la conectividad entre la Ant\u00e1rtica y Sudam\u00e9rica\u201d.<\/p>\n<p style=\"text-align: justify\">Dentro de los temas que m\u00e1s llamaron la atenci\u00f3n a los estudiantes, fue que si bien la vida sobre la Ant\u00e1rtica est\u00e1 muy reducida, bajo la superficie del\u00a0mar\u00a0del continente helado; \u00a0\u201cla diversidad de grupos y la abundancia de organismos es enorme, comparable a algunas zonas de los tr\u00f3picos, que son las de mayor biodiversidad del planeta\u201d, coment\u00f3 Gonz\u00e1lez.<\/p>\n<p style=\"text-align: justify\">Agregando que algunos grupos de ellos muestran una clara evidencia \u00a0de gigantismo (especies de mayor tama\u00f1o al normal), su longevidad; y el hecho de que sean incubantes (es decir que los organismos no se dispersan durante la fecundaci\u00f3n, lo que favorece la endogamia).<\/p>\n<p style=\"text-align: justify\">La charla correspondi\u00f3 al cierre de la actividad que PAR EXPLORA O\u2019Higgins, junto a la Red de Profesores de Ciencias de Colchagua, hicieron itinerar por diversos establecimientos de la regi\u00f3n una muestra relativa a la Ant\u00e1rtica chilena.\u00a0<\/p>\n","protected":false},"excerpt":{"rendered":"<p>M\u00e1s de un centenar de estudiantes de la provincia de Colchagua pudieron aprender m\u00e1s de la Ant\u00e1rtica chilena, gracias a la charla organizada por PAR EXPLORA O\u2019Higgins, dentro del marco del proyecto de Divulgaci\u00f3n y Valoraci\u00f3n de la XI Feria Ant\u00e1rtica Escolar 2014 de INACh (Instituto Ant\u00e1rtico Chileno). La actividad se realiz\u00f3 en el Centro [&hellip;]<\/p>\n","protected":false},"author":2,"featured_media":31893,"comment_status":"open","ping_status":"open","sticky":false,"template":"","format":"standard","meta":{"_acf_changed":false,"_exactmetrics_skip_tracking":false,"_exactmetrics_sitenote_active":false,"_exactmetrics_sitenote_note":"","_exactmetrics_sitenote_category":0,"footnotes":"","_links_to":"","_links_to_target":""},"categories":[4],"tags":[],"class_list":["post-31892","post","type-post","status-publish","format-standard","has-post-thumbnail","hentry","category-noticias"],"acf":[],"yoast_head":"<!-- This site is optimized with the Yoast SEO plugin v26.7 - https:\/\/yoast.com\/wordpress\/plugins\/seo\/ -->\n<title>Estudiantes de Colchagua celebran D\u00eda de la Ant\u00e1rtica Chilena - O&#039;Higgins<\/title>\n<meta name=\"robots\" content=\"index, follow, max-snippet:-1, max-image-preview:large, max-video-preview:-1\" \/>\n<link rel=\"canonical\" href=\"https:\/\/dev.explora.cl\/ohiggins\/dia-antartica-1\/\" class=\"yoast-seo-meta-tag\" \/>\n<meta property=\"og:locale\" content=\"es_ES\" class=\"yoast-seo-meta-tag\" \/>\n<meta property=\"og:type\" content=\"article\" class=\"yoast-seo-meta-tag\" \/>\n<meta property=\"og:title\" content=\"Estudiantes de Colchagua celebran D\u00eda de la Ant\u00e1rtica Chilena - O&#039;Higgins\" class=\"yoast-seo-meta-tag\" \/>\n<meta property=\"og:description\" content=\"M\u00e1s de un centenar de estudiantes de la provincia de Colchagua pudieron aprender m\u00e1s de la Ant\u00e1rtica chilena, gracias a la charla organizada por PAR EXPLORA O\u2019Higgins, dentro del marco del proyecto de Divulgaci\u00f3n y Valoraci\u00f3n de la XI Feria Ant\u00e1rtica Escolar 2014 de INACh (Instituto Ant\u00e1rtico Chileno). La actividad se realiz\u00f3 en el Centro [&hellip;]\" class=\"yoast-seo-meta-tag\" \/>\n<meta property=\"og:url\" content=\"https:\/\/dev.explora.cl\/ohiggins\/dia-antartica-1\/\" class=\"yoast-seo-meta-tag\" \/>\n<meta property=\"og:site_name\" content=\"O&#039;Higgins\" class=\"yoast-seo-meta-tag\" \/>\n<meta property=\"article:published_time\" content=\"2014-11-21T04:00:00+00:00\" class=\"yoast-seo-meta-tag\" \/>\n<meta property=\"article:modified_time\" content=\"2019-05-20T18:03:37+00:00\" class=\"yoast-seo-meta-tag\" \/>\n<meta property=\"og:image\" content=\"https:\/\/dev.explora.cl\/ohiggins\/wp-content\/uploads\/sites\/8\/2018\/06\/52436fbdfde019ceb073eef702c11f48.jpg\" class=\"yoast-seo-meta-tag\" \/>\n\t<meta property=\"og:image:width\" content=\"1000\" class=\"yoast-seo-meta-tag\" \/>\n\t<meta property=\"og:image:height\" content=\"667\" class=\"yoast-seo-meta-tag\" \/>\n\t<meta property=\"og:image:type\" content=\"image\/jpeg\" class=\"yoast-seo-meta-tag\" \/>\n<meta name=\"author\" content=\"webman\" class=\"yoast-seo-meta-tag\" \/>\n<meta name=\"twitter:card\" content=\"summary_large_image\" class=\"yoast-seo-meta-tag\" \/>\n<meta name=\"twitter:label1\" content=\"Escrito por\" class=\"yoast-seo-meta-tag\" \/>\n\t<meta name=\"twitter:data1\" content=\"webman\" class=\"yoast-seo-meta-tag\" \/>\n\t<meta name=\"twitter:label2\" content=\"Tiempo estimado de lectura\" class=\"yoast-seo-meta-tag\" \/>\n\t<meta name=\"twitter:data2\" content=\"2 minutos\" class=\"yoast-seo-meta-tag\" \/>\n<script type=\"application\/ld+json\" class=\"yoast-schema-graph\">{\"@context\":\"https:\/\/schema.org\",\"@graph\":[{\"@type\":\"Article\",\"@id\":\"https:\/\/dev.explora.cl\/ohiggins\/dia-antartica-1\/#article\",\"isPartOf\":{\"@id\":\"https:\/\/dev.explora.cl\/ohiggins\/dia-antartica-1\/\"},\"author\":{\"name\":\"webman\",\"@id\":\"https:\/\/dev.explora.cl\/ohiggins\/#\/schema\/person\/cb8349c13ea2d324080adf8480d7ba5d\"},\"headline\":\"Estudiantes de Colchagua celebran D\u00eda de la Ant\u00e1rtica Chilena\",\"datePublished\":\"2014-11-21T04:00:00+00:00\",\"dateModified\":\"2019-05-20T18:03:37+00:00\",\"mainEntityOfPage\":{\"@id\":\"https:\/\/dev.explora.cl\/ohiggins\/dia-antartica-1\/\"},\"wordCount\":402,\"commentCount\":0,\"image\":{\"@id\":\"https:\/\/dev.explora.cl\/ohiggins\/dia-antartica-1\/#primaryimage\"},\"thumbnailUrl\":\"https:\/\/dev.explora.cl\/ohiggins\/wp-content\/uploads\/sites\/8\/2018\/06\/52436fbdfde019ceb073eef702c11f48.jpg\",\"articleSection\":[\"Noticias\"],\"inLanguage\":\"es-CL\",\"potentialAction\":[{\"@type\":\"CommentAction\",\"name\":\"Comment\",\"target\":[\"https:\/\/dev.explora.cl\/ohiggins\/dia-antartica-1\/#respond\"]}]},{\"@type\":\"WebPage\",\"@id\":\"https:\/\/dev.explora.cl\/ohiggins\/dia-antartica-1\/\",\"url\":\"https:\/\/dev.explora.cl\/ohiggins\/dia-antartica-1\/\",\"name\":\"Estudiantes de Colchagua celebran D\u00eda de la Ant\u00e1rtica Chilena - O&#039;Higgins\",\"isPartOf\":{\"@id\":\"https:\/\/dev.explora.cl\/ohiggins\/#website\"},\"primaryImageOfPage\":{\"@id\":\"https:\/\/dev.explora.cl\/ohiggins\/dia-antartica-1\/#primaryimage\"},\"image\":{\"@id\":\"https:\/\/dev.explora.cl\/ohiggins\/dia-antartica-1\/#primaryimage\"},\"thumbnailUrl\":\"https:\/\/dev.explora.cl\/ohiggins\/wp-content\/uploads\/sites\/8\/2018\/06\/52436fbdfde019ceb073eef702c11f48.jpg\",\"datePublished\":\"2014-11-21T04:00:00+00:00\",\"dateModified\":\"2019-05-20T18:03:37+00:00\",\"author\":{\"@id\":\"https:\/\/dev.explora.cl\/ohiggins\/#\/schema\/person\/cb8349c13ea2d324080adf8480d7ba5d\"},\"breadcrumb\":{\"@id\":\"https:\/\/dev.explora.cl\/ohiggins\/dia-antartica-1\/#breadcrumb\"},\"inLanguage\":\"es-CL\",\"potentialAction\":[{\"@type\":\"ReadAction\",\"target\":[\"https:\/\/dev.explora.cl\/ohiggins\/dia-antartica-1\/\"]}]},{\"@type\":\"ImageObject\",\"inLanguage\":\"es-CL\",\"@id\":\"https:\/\/dev.explora.cl\/ohiggins\/dia-antartica-1\/#primaryimage\",\"url\":\"https:\/\/dev.explora.cl\/ohiggins\/wp-content\/uploads\/sites\/8\/2018\/06\/52436fbdfde019ceb073eef702c11f48.jpg\",\"contentUrl\":\"https:\/\/dev.explora.cl\/ohiggins\/wp-content\/uploads\/sites\/8\/2018\/06\/52436fbdfde019ceb073eef702c11f48.jpg\",\"width\":1000,\"height\":667},{\"@type\":\"BreadcrumbList\",\"@id\":\"https:\/\/dev.explora.cl\/ohiggins\/dia-antartica-1\/#breadcrumb\",\"itemListElement\":[{\"@type\":\"ListItem\",\"position\":1,\"name\":\"Portada\",\"item\":\"https:\/\/dev.explora.cl\/ohiggins\/\"},{\"@type\":\"ListItem\",\"position\":2,\"name\":\"Estudiantes de Colchagua celebran D\u00eda de la Ant\u00e1rtica Chilena\"}]},{\"@type\":\"WebSite\",\"@id\":\"https:\/\/dev.explora.cl\/ohiggins\/#website\",\"url\":\"https:\/\/dev.explora.cl\/ohiggins\/\",\"name\":\"O&#039;Higgins\",\"description\":\"Otro sitio m\u00e1s de dev.explora.cl\",\"potentialAction\":[{\"@type\":\"SearchAction\",\"target\":{\"@type\":\"EntryPoint\",\"urlTemplate\":\"https:\/\/dev.explora.cl\/ohiggins\/?s={search_term_string}\"},\"query-input\":{\"@type\":\"PropertyValueSpecification\",\"valueRequired\":true,\"valueName\":\"search_term_string\"}}],\"inLanguage\":\"es-CL\"},{\"@type\":\"Person\",\"@id\":\"https:\/\/dev.explora.cl\/ohiggins\/#\/schema\/person\/cb8349c13ea2d324080adf8480d7ba5d\",\"name\":\"webman\",\"image\":{\"@type\":\"ImageObject\",\"inLanguage\":\"es-CL\",\"@id\":\"https:\/\/dev.explora.cl\/ohiggins\/#\/schema\/person\/image\/\",\"url\":\"https:\/\/secure.gravatar.com\/avatar\/eeff3c82f2c02f7177d13663b7e6f890e9a6a0647ce9bb29cae02dcb094c7312?s=96&d=mm&r=g\",\"contentUrl\":\"https:\/\/secure.gravatar.com\/avatar\/eeff3c82f2c02f7177d13663b7e6f890e9a6a0647ce9bb29cae02dcb094c7312?s=96&d=mm&r=g\",\"caption\":\"webman\"},\"url\":\"https:\/\/dev.explora.cl\/ohiggins\/author\/webman\/\"}]}<\/script>\n<!-- \/ Yoast SEO plugin. -->","yoast_head_json":{"title":"Estudiantes de Colchagua celebran D\u00eda de la Ant\u00e1rtica Chilena - O&#039;Higgins","robots":{"index":"index","follow":"follow","max-snippet":"max-snippet:-1","max-image-preview":"max-image-preview:large","max-video-preview":"max-video-preview:-1"},"canonical":"https:\/\/dev.explora.cl\/ohiggins\/dia-antartica-1\/","og_locale":"es_ES","og_type":"article","og_title":"Estudiantes de Colchagua celebran D\u00eda de la Ant\u00e1rtica Chilena - O&#039;Higgins","og_description":"M\u00e1s de un centenar de estudiantes de la provincia de Colchagua pudieron aprender m\u00e1s de la Ant\u00e1rtica chilena, gracias a la charla organizada por PAR EXPLORA O\u2019Higgins, dentro del marco del proyecto de Divulgaci\u00f3n y Valoraci\u00f3n de la XI Feria Ant\u00e1rtica Escolar 2014 de INACh (Instituto Ant\u00e1rtico Chileno). La actividad se realiz\u00f3 en el Centro [&hellip;]","og_url":"https:\/\/dev.explora.cl\/ohiggins\/dia-antartica-1\/","og_site_name":"O&#039;Higgins","article_published_time":"2014-11-21T04:00:00+00:00","article_modified_time":"2019-05-20T18:03:37+00:00","og_image":[{"width":1000,"height":667,"url":"https:\/\/dev.explora.cl\/ohiggins\/wp-content\/uploads\/sites\/8\/2018\/06\/52436fbdfde019ceb073eef702c11f48.jpg","type":"image\/jpeg"}],"author":"webman","twitter_card":"summary_large_image","twitter_misc":{"Escrito por":"webman","Tiempo estimado de lectura":"2 minutos"},"schema":{"@context":"https:\/\/schema.org","@graph":[{"@type":"Article","@id":"https:\/\/dev.explora.cl\/ohiggins\/dia-antartica-1\/#article","isPartOf":{"@id":"https:\/\/dev.explora.cl\/ohiggins\/dia-antartica-1\/"},"author":{"name":"webman","@id":"https:\/\/dev.explora.cl\/ohiggins\/#\/schema\/person\/cb8349c13ea2d324080adf8480d7ba5d"},"headline":"Estudiantes de Colchagua celebran D\u00eda de la Ant\u00e1rtica Chilena","datePublished":"2014-11-21T04:00:00+00:00","dateModified":"2019-05-20T18:03:37+00:00","mainEntityOfPage":{"@id":"https:\/\/dev.explora.cl\/ohiggins\/dia-antartica-1\/"},"wordCount":402,"commentCount":0,"image":{"@id":"https:\/\/dev.explora.cl\/ohiggins\/dia-antartica-1\/#primaryimage"},"thumbnailUrl":"https:\/\/dev.explora.cl\/ohiggins\/wp-content\/uploads\/sites\/8\/2018\/06\/52436fbdfde019ceb073eef702c11f48.jpg","articleSection":["Noticias"],"inLanguage":"es-CL","potentialAction":[{"@type":"CommentAction","name":"Comment","target":["https:\/\/dev.explora.cl\/ohiggins\/dia-antartica-1\/#respond"]}]},{"@type":"WebPage","@id":"https:\/\/dev.explora.cl\/ohiggins\/dia-antartica-1\/","url":"https:\/\/dev.explora.cl\/ohiggins\/dia-antartica-1\/","name":"Estudiantes de Colchagua celebran D\u00eda de la Ant\u00e1rtica Chilena - O&#039;Higgins","isPartOf":{"@id":"https:\/\/dev.explora.cl\/ohiggins\/#website"},"primaryImageOfPage":{"@id":"https:\/\/dev.explora.cl\/ohiggins\/dia-antartica-1\/#primaryimage"},"image":{"@id":"https:\/\/dev.explora.cl\/ohiggins\/dia-antartica-1\/#primaryimage"},"thumbnailUrl":"https:\/\/dev.explora.cl\/ohiggins\/wp-content\/uploads\/sites\/8\/2018\/06\/52436fbdfde019ceb073eef702c11f48.jpg","datePublished":"2014-11-21T04:00:00+00:00","dateModified":"2019-05-20T18:03:37+00:00","author":{"@id":"https:\/\/dev.explora.cl\/ohiggins\/#\/schema\/person\/cb8349c13ea2d324080adf8480d7ba5d"},"breadcrumb":{"@id":"https:\/\/dev.explora.cl\/ohiggins\/dia-antartica-1\/#breadcrumb"},"inLanguage":"es-CL","potentialAction":[{"@type":"ReadAction","target":["https:\/\/dev.explora.cl\/ohiggins\/dia-antartica-1\/"]}]},{"@type":"ImageObject","inLanguage":"es-CL","@id":"https:\/\/dev.explora.cl\/ohiggins\/dia-antartica-1\/#primaryimage","url":"https:\/\/dev.explora.cl\/ohiggins\/wp-content\/uploads\/sites\/8\/2018\/06\/52436fbdfde019ceb073eef702c11f48.jpg","contentUrl":"https:\/\/dev.explora.cl\/ohiggins\/wp-content\/uploads\/sites\/8\/2018\/06\/52436fbdfde019ceb073eef702c11f48.jpg","width":1000,"height":667},{"@type":"BreadcrumbList","@id":"https:\/\/dev.explora.cl\/ohiggins\/dia-antartica-1\/#breadcrumb","itemListElement":[{"@type":"ListItem","position":1,"name":"Portada","item":"https:\/\/dev.explora.cl\/ohiggins\/"},{"@type":"ListItem","position":2,"name":"Estudiantes de Colchagua celebran D\u00eda de la Ant\u00e1rtica Chilena"}]},{"@type":"WebSite","@id":"https:\/\/dev.explora.cl\/ohiggins\/#website","url":"https:\/\/dev.explora.cl\/ohiggins\/","name":"O&#039;Higgins","description":"Otro sitio m\u00e1s de dev.explora.cl","potentialAction":[{"@type":"SearchAction","target":{"@type":"EntryPoint","urlTemplate":"https:\/\/dev.explora.cl\/ohiggins\/?s={search_term_string}"},"query-input":{"@type":"PropertyValueSpecification","valueRequired":true,"valueName":"search_term_string"}}],"inLanguage":"es-CL"},{"@type":"Person","@id":"https:\/\/dev.explora.cl\/ohiggins\/#\/schema\/person\/cb8349c13ea2d324080adf8480d7ba5d","name":"webman","image":{"@type":"ImageObject","inLanguage":"es-CL","@id":"https:\/\/dev.explora.cl\/ohiggins\/#\/schema\/person\/image\/","url":"https:\/\/secure.gravatar.com\/avatar\/eeff3c82f2c02f7177d13663b7e6f890e9a6a0647ce9bb29cae02dcb094c7312?s=96&d=mm&r=g","contentUrl":"https:\/\/secure.gravatar.com\/avatar\/eeff3c82f2c02f7177d13663b7e6f890e9a6a0647ce9bb29cae02dcb094c7312?s=96&d=mm&r=g","caption":"webman"},"url":"https:\/\/dev.explora.cl\/ohiggins\/author\/webman\/"}]}},"_links":{"self":[{"href":"https:\/\/dev.explora.cl\/ohiggins\/wp-json\/wp\/v2\/posts\/31892","targetHints":{"allow":["GET"]}}],"collection":[{"href":"https:\/\/dev.explora.cl\/ohiggins\/wp-json\/wp\/v2\/posts"}],"about":[{"href":"https:\/\/dev.explora.cl\/ohiggins\/wp-json\/wp\/v2\/types\/post"}],"author":[{"embeddable":true,"href":"https:\/\/dev.explora.cl\/ohiggins\/wp-json\/wp\/v2\/users\/2"}],"replies":[{"embeddable":true,"href":"https:\/\/dev.explora.cl\/ohiggins\/wp-json\/wp\/v2\/comments?post=31892"}],"version-history":[{"count":1,"href":"https:\/\/dev.explora.cl\/ohiggins\/wp-json\/wp\/v2\/posts\/31892\/revisions"}],"predecessor-version":[{"id":37863,"href":"https:\/\/dev.explora.cl\/ohiggins\/wp-json\/wp\/v2\/posts\/31892\/revisions\/37863"}],"wp:featuredmedia":[{"embeddable":true,"href":"https:\/\/dev.explora.cl\/ohiggins\/wp-json\/wp\/v2\/media\/31893"}],"wp:attachment":[{"href":"https:\/\/dev.explora.cl\/ohiggins\/wp-json\/wp\/v2\/media?parent=31892"}],"wp:term":[{"taxonomy":"category","embeddable":true,"href":"https:\/\/dev.explora.cl\/ohiggins\/wp-json\/wp\/v2\/categories?post=31892"},{"taxonomy":"post_tag","embeddable":true,"href":"https:\/\/dev.explora.cl\/ohiggins\/wp-json\/wp\/v2\/tags?post=31892"}],"curies":[{"name":"wp","href":"https:\/\/api.w.org\/{rel}","templated":true}]}}