{"id":31885,"date":"2014-12-17T00:00:00","date_gmt":"2014-12-17T04:00:00","guid":{"rendered":"https:\/\/dev.explora.cl\/ohiggins\/blog\/2014\/12\/17\/planetario-pichilemu\/"},"modified":"2019-05-20T18:03:29","modified_gmt":"2019-05-20T18:03:29","slug":"planetario-pichilemu","status":"publish","type":"post","link":"https:\/\/dev.explora.cl\/ohiggins\/planetario-pichilemu\/","title":{"rendered":"Pichilemu: Planetario M\u00f3vil en enero"},"content":{"rendered":"<p><img loading=\"lazy\" decoding=\"async\" class=\" size-full wp-image-7346\" src=\"http:\/\/ec2-34-218-253-251.us-west-2.compute.amazonaws.com\/wp-content\/uploads\/2014\/12\/8190821423b6ae5349e76b06feb28cec.jpg\" alt=\"\" width=\"1000\" height=\"667\" \/><\/p>\n<p style=\"text-align: justify\">Porque siempre hay tiempo para la ciencia, PAR EXPLORA O\u2019Higgins, ejecutado por UC del Maule, est\u00e1 planificando actividades para este verano 2015; es as\u00ed como el Observatorio y Planetario M\u00f3vil Tagua Tagua estar\u00e1 presente de manera gratuita en Pichilemu desde el 9 al 11 de enero.<\/p>\n<p style=\"text-align: justify\">En la oportunidad, se instalar\u00e1 el domo del observatorio en uno de los principales centros tur\u00edsticos de la regi\u00f3n, en donde ni\u00f1os, j\u00f3venes y adultos, podr\u00e1n disfrutar de manera gratuita las \u201cMaravillas del Universo\u201d.<\/p>\n<p style=\"text-align: justify\">Dentro de las atractivos con los que contaremos, est\u00e1n: el observatorio m\u00f3vil con domo giratorio y potente telescopio rob\u00f3tico, telescopio solar para observar las manchas del Sol, cine espacial 3D, planetario m\u00f3vil Discovery, gafas solares para ver el sol a simple vista, adem\u00e1s se podr\u00e1 observar la colecci\u00f3n de meteoritos.\u00a0<span style=\"font: 15px\/normal Calibri, sans-serif;color: #1f497d;text-transform: none;text-indent: 0px;letter-spacing: normal;float: none;background-color: #ffffff\"><span class=\"Apple-converted-space\">\u00a0<\/span><\/span><\/p>\n<p style=\"text-align: justify\">La iniciativa tiene por objetivo generar espacios de participaci\u00f3n para la comunidad a trav\u00e9s de la vinculaci\u00f3n de diferentes actores de la sociedad y el desarrollo de actividades que releven la presencia de la ciencia y la tecnolog\u00eda en el mundo actual.<\/p>\n","protected":false},"excerpt":{"rendered":"<p>Porque siempre hay tiempo para la ciencia, PAR EXPLORA O\u2019Higgins, ejecutado por UC del Maule, est\u00e1 planificando actividades para este verano 2015; es as\u00ed como el Observatorio y Planetario M\u00f3vil Tagua Tagua estar\u00e1 presente de manera gratuita en Pichilemu desde el 9 al 11 de enero. En la oportunidad, se instalar\u00e1 el domo del observatorio [&hellip;]<\/p>\n","protected":false},"author":2,"featured_media":31886,"comment_status":"open","ping_status":"open","sticky":false,"template":"","format":"standard","meta":{"_acf_changed":false,"_exactmetrics_skip_tracking":false,"_exactmetrics_sitenote_active":false,"_exactmetrics_sitenote_note":"","_exactmetrics_sitenote_category":0,"footnotes":"","_links_to":"","_links_to_target":""},"categories":[4],"tags":[157,158,159,160,161],"class_list":["post-31885","post","type-post","status-publish","format-standard","has-post-thumbnail","hentry","category-noticias","tag-astronomia","tag-estrellas","tag-observatorio","tag-planetas","tag-telescopios"],"acf":[],"yoast_head":"<!-- This site is optimized with the Yoast SEO plugin v26.7 - https:\/\/yoast.com\/wordpress\/plugins\/seo\/ -->\n<title>Pichilemu: Planetario M\u00f3vil en enero - O&#039;Higgins<\/title>\n<meta name=\"robots\" content=\"index, follow, max-snippet:-1, max-image-preview:large, max-video-preview:-1\" \/>\n<link rel=\"canonical\" href=\"https:\/\/dev.explora.cl\/ohiggins\/planetario-pichilemu\/\" class=\"yoast-seo-meta-tag\" \/>\n<meta property=\"og:locale\" content=\"es_ES\" class=\"yoast-seo-meta-tag\" \/>\n<meta property=\"og:type\" content=\"article\" class=\"yoast-seo-meta-tag\" \/>\n<meta property=\"og:title\" content=\"Pichilemu: Planetario M\u00f3vil en enero - O&#039;Higgins\" class=\"yoast-seo-meta-tag\" \/>\n<meta property=\"og:description\" content=\"Porque siempre hay tiempo para la ciencia, PAR EXPLORA O\u2019Higgins, ejecutado por UC del Maule, est\u00e1 planificando actividades para este verano 2015; es as\u00ed como el Observatorio y Planetario M\u00f3vil Tagua Tagua estar\u00e1 presente de manera gratuita en Pichilemu desde el 9 al 11 de enero. En la oportunidad, se instalar\u00e1 el domo del observatorio [&hellip;]\" class=\"yoast-seo-meta-tag\" \/>\n<meta property=\"og:url\" content=\"https:\/\/dev.explora.cl\/ohiggins\/planetario-pichilemu\/\" class=\"yoast-seo-meta-tag\" \/>\n<meta property=\"og:site_name\" content=\"O&#039;Higgins\" class=\"yoast-seo-meta-tag\" \/>\n<meta property=\"article:published_time\" content=\"2014-12-17T04:00:00+00:00\" class=\"yoast-seo-meta-tag\" \/>\n<meta property=\"article:modified_time\" content=\"2019-05-20T18:03:29+00:00\" class=\"yoast-seo-meta-tag\" \/>\n<meta property=\"og:image\" content=\"https:\/\/dev.explora.cl\/ohiggins\/wp-content\/uploads\/sites\/8\/2018\/06\/8190821423b6ae5349e76b06feb28cec.jpg\" class=\"yoast-seo-meta-tag\" \/>\n\t<meta property=\"og:image:width\" content=\"1000\" class=\"yoast-seo-meta-tag\" \/>\n\t<meta property=\"og:image:height\" content=\"667\" class=\"yoast-seo-meta-tag\" \/>\n\t<meta property=\"og:image:type\" content=\"image\/jpeg\" class=\"yoast-seo-meta-tag\" \/>\n<meta name=\"author\" content=\"webman\" class=\"yoast-seo-meta-tag\" \/>\n<meta name=\"twitter:card\" content=\"summary_large_image\" class=\"yoast-seo-meta-tag\" \/>\n<meta name=\"twitter:label1\" content=\"Escrito por\" class=\"yoast-seo-meta-tag\" \/>\n\t<meta name=\"twitter:data1\" content=\"webman\" class=\"yoast-seo-meta-tag\" \/>\n\t<meta name=\"twitter:label2\" content=\"Tiempo estimado de lectura\" class=\"yoast-seo-meta-tag\" \/>\n\t<meta name=\"twitter:data2\" content=\"1 minuto\" class=\"yoast-seo-meta-tag\" \/>\n<script type=\"application\/ld+json\" class=\"yoast-schema-graph\">{\"@context\":\"https:\/\/schema.org\",\"@graph\":[{\"@type\":\"Article\",\"@id\":\"https:\/\/dev.explora.cl\/ohiggins\/planetario-pichilemu\/#article\",\"isPartOf\":{\"@id\":\"https:\/\/dev.explora.cl\/ohiggins\/planetario-pichilemu\/\"},\"author\":{\"name\":\"webman\",\"@id\":\"https:\/\/dev.explora.cl\/ohiggins\/#\/schema\/person\/cb8349c13ea2d324080adf8480d7ba5d\"},\"headline\":\"Pichilemu: Planetario M\u00f3vil en enero\",\"datePublished\":\"2014-12-17T04:00:00+00:00\",\"dateModified\":\"2019-05-20T18:03:29+00:00\",\"mainEntityOfPage\":{\"@id\":\"https:\/\/dev.explora.cl\/ohiggins\/planetario-pichilemu\/\"},\"wordCount\":192,\"commentCount\":0,\"image\":{\"@id\":\"https:\/\/dev.explora.cl\/ohiggins\/planetario-pichilemu\/#primaryimage\"},\"thumbnailUrl\":\"https:\/\/dev.explora.cl\/ohiggins\/wp-content\/uploads\/sites\/8\/2018\/06\/8190821423b6ae5349e76b06feb28cec.jpg\",\"keywords\":[\"astronom\u00eda\",\"estrellas\",\"observatorio\",\"planetas\",\"telescopios\"],\"articleSection\":[\"Noticias\"],\"inLanguage\":\"es-CL\",\"potentialAction\":[{\"@type\":\"CommentAction\",\"name\":\"Comment\",\"target\":[\"https:\/\/dev.explora.cl\/ohiggins\/planetario-pichilemu\/#respond\"]}]},{\"@type\":\"WebPage\",\"@id\":\"https:\/\/dev.explora.cl\/ohiggins\/planetario-pichilemu\/\",\"url\":\"https:\/\/dev.explora.cl\/ohiggins\/planetario-pichilemu\/\",\"name\":\"Pichilemu: Planetario M\u00f3vil en enero - O&#039;Higgins\",\"isPartOf\":{\"@id\":\"https:\/\/dev.explora.cl\/ohiggins\/#website\"},\"primaryImageOfPage\":{\"@id\":\"https:\/\/dev.explora.cl\/ohiggins\/planetario-pichilemu\/#primaryimage\"},\"image\":{\"@id\":\"https:\/\/dev.explora.cl\/ohiggins\/planetario-pichilemu\/#primaryimage\"},\"thumbnailUrl\":\"https:\/\/dev.explora.cl\/ohiggins\/wp-content\/uploads\/sites\/8\/2018\/06\/8190821423b6ae5349e76b06feb28cec.jpg\",\"datePublished\":\"2014-12-17T04:00:00+00:00\",\"dateModified\":\"2019-05-20T18:03:29+00:00\",\"author\":{\"@id\":\"https:\/\/dev.explora.cl\/ohiggins\/#\/schema\/person\/cb8349c13ea2d324080adf8480d7ba5d\"},\"breadcrumb\":{\"@id\":\"https:\/\/dev.explora.cl\/ohiggins\/planetario-pichilemu\/#breadcrumb\"},\"inLanguage\":\"es-CL\",\"potentialAction\":[{\"@type\":\"ReadAction\",\"target\":[\"https:\/\/dev.explora.cl\/ohiggins\/planetario-pichilemu\/\"]}]},{\"@type\":\"ImageObject\",\"inLanguage\":\"es-CL\",\"@id\":\"https:\/\/dev.explora.cl\/ohiggins\/planetario-pichilemu\/#primaryimage\",\"url\":\"https:\/\/dev.explora.cl\/ohiggins\/wp-content\/uploads\/sites\/8\/2018\/06\/8190821423b6ae5349e76b06feb28cec.jpg\",\"contentUrl\":\"https:\/\/dev.explora.cl\/ohiggins\/wp-content\/uploads\/sites\/8\/2018\/06\/8190821423b6ae5349e76b06feb28cec.jpg\",\"width\":1000,\"height\":667},{\"@type\":\"BreadcrumbList\",\"@id\":\"https:\/\/dev.explora.cl\/ohiggins\/planetario-pichilemu\/#breadcrumb\",\"itemListElement\":[{\"@type\":\"ListItem\",\"position\":1,\"name\":\"Portada\",\"item\":\"https:\/\/dev.explora.cl\/ohiggins\/\"},{\"@type\":\"ListItem\",\"position\":2,\"name\":\"Pichilemu: Planetario M\u00f3vil en enero\"}]},{\"@type\":\"WebSite\",\"@id\":\"https:\/\/dev.explora.cl\/ohiggins\/#website\",\"url\":\"https:\/\/dev.explora.cl\/ohiggins\/\",\"name\":\"O&#039;Higgins\",\"description\":\"Otro sitio m\u00e1s de dev.explora.cl\",\"potentialAction\":[{\"@type\":\"SearchAction\",\"target\":{\"@type\":\"EntryPoint\",\"urlTemplate\":\"https:\/\/dev.explora.cl\/ohiggins\/?s={search_term_string}\"},\"query-input\":{\"@type\":\"PropertyValueSpecification\",\"valueRequired\":true,\"valueName\":\"search_term_string\"}}],\"inLanguage\":\"es-CL\"},{\"@type\":\"Person\",\"@id\":\"https:\/\/dev.explora.cl\/ohiggins\/#\/schema\/person\/cb8349c13ea2d324080adf8480d7ba5d\",\"name\":\"webman\",\"image\":{\"@type\":\"ImageObject\",\"inLanguage\":\"es-CL\",\"@id\":\"https:\/\/dev.explora.cl\/ohiggins\/#\/schema\/person\/image\/\",\"url\":\"https:\/\/secure.gravatar.com\/avatar\/eeff3c82f2c02f7177d13663b7e6f890e9a6a0647ce9bb29cae02dcb094c7312?s=96&d=mm&r=g\",\"contentUrl\":\"https:\/\/secure.gravatar.com\/avatar\/eeff3c82f2c02f7177d13663b7e6f890e9a6a0647ce9bb29cae02dcb094c7312?s=96&d=mm&r=g\",\"caption\":\"webman\"},\"url\":\"https:\/\/dev.explora.cl\/ohiggins\/author\/webman\/\"}]}<\/script>\n<!-- \/ Yoast SEO plugin. -->","yoast_head_json":{"title":"Pichilemu: Planetario M\u00f3vil en enero - O&#039;Higgins","robots":{"index":"index","follow":"follow","max-snippet":"max-snippet:-1","max-image-preview":"max-image-preview:large","max-video-preview":"max-video-preview:-1"},"canonical":"https:\/\/dev.explora.cl\/ohiggins\/planetario-pichilemu\/","og_locale":"es_ES","og_type":"article","og_title":"Pichilemu: Planetario M\u00f3vil en enero - O&#039;Higgins","og_description":"Porque siempre hay tiempo para la ciencia, PAR EXPLORA O\u2019Higgins, ejecutado por UC del Maule, est\u00e1 planificando actividades para este verano 2015; es as\u00ed como el Observatorio y Planetario M\u00f3vil Tagua Tagua estar\u00e1 presente de manera gratuita en Pichilemu desde el 9 al 11 de enero. En la oportunidad, se instalar\u00e1 el domo del observatorio [&hellip;]","og_url":"https:\/\/dev.explora.cl\/ohiggins\/planetario-pichilemu\/","og_site_name":"O&#039;Higgins","article_published_time":"2014-12-17T04:00:00+00:00","article_modified_time":"2019-05-20T18:03:29+00:00","og_image":[{"width":1000,"height":667,"url":"https:\/\/dev.explora.cl\/ohiggins\/wp-content\/uploads\/sites\/8\/2018\/06\/8190821423b6ae5349e76b06feb28cec.jpg","type":"image\/jpeg"}],"author":"webman","twitter_card":"summary_large_image","twitter_misc":{"Escrito por":"webman","Tiempo estimado de lectura":"1 minuto"},"schema":{"@context":"https:\/\/schema.org","@graph":[{"@type":"Article","@id":"https:\/\/dev.explora.cl\/ohiggins\/planetario-pichilemu\/#article","isPartOf":{"@id":"https:\/\/dev.explora.cl\/ohiggins\/planetario-pichilemu\/"},"author":{"name":"webman","@id":"https:\/\/dev.explora.cl\/ohiggins\/#\/schema\/person\/cb8349c13ea2d324080adf8480d7ba5d"},"headline":"Pichilemu: Planetario M\u00f3vil en enero","datePublished":"2014-12-17T04:00:00+00:00","dateModified":"2019-05-20T18:03:29+00:00","mainEntityOfPage":{"@id":"https:\/\/dev.explora.cl\/ohiggins\/planetario-pichilemu\/"},"wordCount":192,"commentCount":0,"image":{"@id":"https:\/\/dev.explora.cl\/ohiggins\/planetario-pichilemu\/#primaryimage"},"thumbnailUrl":"https:\/\/dev.explora.cl\/ohiggins\/wp-content\/uploads\/sites\/8\/2018\/06\/8190821423b6ae5349e76b06feb28cec.jpg","keywords":["astronom\u00eda","estrellas","observatorio","planetas","telescopios"],"articleSection":["Noticias"],"inLanguage":"es-CL","potentialAction":[{"@type":"CommentAction","name":"Comment","target":["https:\/\/dev.explora.cl\/ohiggins\/planetario-pichilemu\/#respond"]}]},{"@type":"WebPage","@id":"https:\/\/dev.explora.cl\/ohiggins\/planetario-pichilemu\/","url":"https:\/\/dev.explora.cl\/ohiggins\/planetario-pichilemu\/","name":"Pichilemu: Planetario M\u00f3vil en enero - O&#039;Higgins","isPartOf":{"@id":"https:\/\/dev.explora.cl\/ohiggins\/#website"},"primaryImageOfPage":{"@id":"https:\/\/dev.explora.cl\/ohiggins\/planetario-pichilemu\/#primaryimage"},"image":{"@id":"https:\/\/dev.explora.cl\/ohiggins\/planetario-pichilemu\/#primaryimage"},"thumbnailUrl":"https:\/\/dev.explora.cl\/ohiggins\/wp-content\/uploads\/sites\/8\/2018\/06\/8190821423b6ae5349e76b06feb28cec.jpg","datePublished":"2014-12-17T04:00:00+00:00","dateModified":"2019-05-20T18:03:29+00:00","author":{"@id":"https:\/\/dev.explora.cl\/ohiggins\/#\/schema\/person\/cb8349c13ea2d324080adf8480d7ba5d"},"breadcrumb":{"@id":"https:\/\/dev.explora.cl\/ohiggins\/planetario-pichilemu\/#breadcrumb"},"inLanguage":"es-CL","potentialAction":[{"@type":"ReadAction","target":["https:\/\/dev.explora.cl\/ohiggins\/planetario-pichilemu\/"]}]},{"@type":"ImageObject","inLanguage":"es-CL","@id":"https:\/\/dev.explora.cl\/ohiggins\/planetario-pichilemu\/#primaryimage","url":"https:\/\/dev.explora.cl\/ohiggins\/wp-content\/uploads\/sites\/8\/2018\/06\/8190821423b6ae5349e76b06feb28cec.jpg","contentUrl":"https:\/\/dev.explora.cl\/ohiggins\/wp-content\/uploads\/sites\/8\/2018\/06\/8190821423b6ae5349e76b06feb28cec.jpg","width":1000,"height":667},{"@type":"BreadcrumbList","@id":"https:\/\/dev.explora.cl\/ohiggins\/planetario-pichilemu\/#breadcrumb","itemListElement":[{"@type":"ListItem","position":1,"name":"Portada","item":"https:\/\/dev.explora.cl\/ohiggins\/"},{"@type":"ListItem","position":2,"name":"Pichilemu: Planetario M\u00f3vil en enero"}]},{"@type":"WebSite","@id":"https:\/\/dev.explora.cl\/ohiggins\/#website","url":"https:\/\/dev.explora.cl\/ohiggins\/","name":"O&#039;Higgins","description":"Otro sitio m\u00e1s de dev.explora.cl","potentialAction":[{"@type":"SearchAction","target":{"@type":"EntryPoint","urlTemplate":"https:\/\/dev.explora.cl\/ohiggins\/?s={search_term_string}"},"query-input":{"@type":"PropertyValueSpecification","valueRequired":true,"valueName":"search_term_string"}}],"inLanguage":"es-CL"},{"@type":"Person","@id":"https:\/\/dev.explora.cl\/ohiggins\/#\/schema\/person\/cb8349c13ea2d324080adf8480d7ba5d","name":"webman","image":{"@type":"ImageObject","inLanguage":"es-CL","@id":"https:\/\/dev.explora.cl\/ohiggins\/#\/schema\/person\/image\/","url":"https:\/\/secure.gravatar.com\/avatar\/eeff3c82f2c02f7177d13663b7e6f890e9a6a0647ce9bb29cae02dcb094c7312?s=96&d=mm&r=g","contentUrl":"https:\/\/secure.gravatar.com\/avatar\/eeff3c82f2c02f7177d13663b7e6f890e9a6a0647ce9bb29cae02dcb094c7312?s=96&d=mm&r=g","caption":"webman"},"url":"https:\/\/dev.explora.cl\/ohiggins\/author\/webman\/"}]}},"_links":{"self":[{"href":"https:\/\/dev.explora.cl\/ohiggins\/wp-json\/wp\/v2\/posts\/31885","targetHints":{"allow":["GET"]}}],"collection":[{"href":"https:\/\/dev.explora.cl\/ohiggins\/wp-json\/wp\/v2\/posts"}],"about":[{"href":"https:\/\/dev.explora.cl\/ohiggins\/wp-json\/wp\/v2\/types\/post"}],"author":[{"embeddable":true,"href":"https:\/\/dev.explora.cl\/ohiggins\/wp-json\/wp\/v2\/users\/2"}],"replies":[{"embeddable":true,"href":"https:\/\/dev.explora.cl\/ohiggins\/wp-json\/wp\/v2\/comments?post=31885"}],"version-history":[{"count":1,"href":"https:\/\/dev.explora.cl\/ohiggins\/wp-json\/wp\/v2\/posts\/31885\/revisions"}],"predecessor-version":[{"id":37852,"href":"https:\/\/dev.explora.cl\/ohiggins\/wp-json\/wp\/v2\/posts\/31885\/revisions\/37852"}],"wp:featuredmedia":[{"embeddable":true,"href":"https:\/\/dev.explora.cl\/ohiggins\/wp-json\/wp\/v2\/media\/31886"}],"wp:attachment":[{"href":"https:\/\/dev.explora.cl\/ohiggins\/wp-json\/wp\/v2\/media?parent=31885"}],"wp:term":[{"taxonomy":"category","embeddable":true,"href":"https:\/\/dev.explora.cl\/ohiggins\/wp-json\/wp\/v2\/categories?post=31885"},{"taxonomy":"post_tag","embeddable":true,"href":"https:\/\/dev.explora.cl\/ohiggins\/wp-json\/wp\/v2\/tags?post=31885"}],"curies":[{"name":"wp","href":"https:\/\/api.w.org\/{rel}","templated":true}]}}