{"id":31879,"date":"2015-02-01T00:00:00","date_gmt":"2015-02-01T04:00:00","guid":{"rendered":"https:\/\/dev.explora.cl\/ohiggins\/blog\/2015\/02\/01\/feria-antartica\/"},"modified":"2019-05-20T18:03:04","modified_gmt":"2019-05-20T18:03:04","slug":"feria-antartica","status":"publish","type":"post","link":"https:\/\/dev.explora.cl\/ohiggins\/feria-antartica\/","title":{"rendered":"Estudiantes de Chimbarongo pr\u00f3ximas a partir a la Ant\u00e1rtica Chilena"},"content":{"rendered":"<p><img loading=\"lazy\" decoding=\"async\" class=\" size-full wp-image-7146\" src=\"http:\/\/ec2-34-218-253-251.us-west-2.compute.amazonaws.com\/wp-content\/uploads\/2015\/02\/615ee05a9c67e2ab13a0ad2c9eafa9f5.jpg\" alt=\"\" width=\"1000\" height=\"750\" \/><\/p>\n<p style=\"text-align: justify\"><span style=\"font-size: small\">Desde este martes 17\u00a0 y hasta el 25 de febrero,\u00a0 comenzar\u00e1 el tan esperado viaje a la Ant\u00e1rtica, que realizar\u00e1n tres estudiantes del Club de Ciencias del Complejo Educacional Chimbarongo, tras haber ganado el \u201cPremio al Esp\u00edritu Ant\u00e1rtico\u201d en la Feria Escolar Ant\u00e1rtica (FAE) desarrollada en Punta Arenas durante 2014.<\/span><\/p>\n<p style=\"text-align: justify\"><span style=\"font-size: small\">Se trata de las estudiantes Catalina Quilaqueo, Natalina Salinas y Bianca Inostroza quienes, junto a su profesor Francisco Urra, obtuvieron dicho reconocimiento con el proyecto \u201cEfectos de la radiaci\u00f3n UV-C sobre el crecimiento de Pisum sativum y Avena sativa\u201d, <\/span><span style=\"color: #333333;font-family: 'Calibri','sans-serif'\"><span style=\"font-size: medium\">por lo que podr\u00e1n formar parte de la expedici\u00f3n cient\u00edfica que realizar\u00e1 el Instituto Ant\u00e1rtico Chileno (INACH) al continente helado.<\/span><\/span><\/p>\n<p style=\"text-align: justify\">\u00a0<\/p>\n<p style=\"text-align: justify\"><span style=\"font-size: small\">Seg\u00fan explic\u00f3 el docente, \u201chemos sido seleccionados en tres oportunidades para asistir a la FAE, en esta ocasi\u00f3n, participamos con un proyecto experimental; sin embargo m\u00e1s que la iniciativa en s\u00ed, \u00a0se destac\u00f3 el taller de ciencias donde hemos trabajado en equipo y constantemente con los ni\u00f1os\u201d.<\/span><\/p>\n<p style=\"text-align: justify\"><span style=\"font-size: small\">Agreg\u00f3 que los j\u00f3venes que participan del club son muy esforzados, comentando por ejemplo, que van los s\u00e1bado a realizar sus investigaciones; \u201cen el fondo es un reconocimiento a la trayectoria, al esfuerzo, y tambi\u00e9n al trabajo docente\u201d, sostuvo.<\/span><\/p>\n<p style=\"text-align: justify\"><span style=\"font-size: small\">La FAE fue realizada a fines de 2014 su XI versi\u00f3n por el Instituto Ant\u00e1rtico Chileno (INACH), en donde 26 equipos de diferentes comunas del pa\u00eds, fueron seleccionados para competir en las categor\u00edas de de investigaci\u00f3n experimental y bibliogr\u00e1fica.<\/span><\/p>\n<p style=\"text-align: justify\"><span style=\"font-size: small\">Este reconocimiento, se sum\u00f3 al ya obtenido en la Feria Cient\u00edfico Tecnol\u00f3gica en 2014, realizado por la Universidad de Talca en Rancagua, en donde obtuvieron el 2\u00b0 lugar categor\u00eda Educaci\u00f3n Media, y a su destacada participaci\u00f3n en el Congreso Regional Escolar de CyT realizado por PAR EXPLORA O\u2019Higgins en San Fernando, en la sede UCM de esa ciudad.<\/span><\/p>\n","protected":false},"excerpt":{"rendered":"<p>Desde este martes 17\u00a0 y hasta el 25 de febrero,\u00a0 comenzar\u00e1 el tan esperado viaje a la Ant\u00e1rtica, que realizar\u00e1n tres estudiantes del Club de Ciencias del Complejo Educacional Chimbarongo, tras haber ganado el \u201cPremio al Esp\u00edritu Ant\u00e1rtico\u201d en la Feria Escolar Ant\u00e1rtica (FAE) desarrollada en Punta Arenas durante 2014. Se trata de las estudiantes [&hellip;]<\/p>\n","protected":false},"author":2,"featured_media":31880,"comment_status":"open","ping_status":"open","sticky":false,"template":"","format":"standard","meta":{"_acf_changed":false,"_exactmetrics_skip_tracking":false,"_exactmetrics_sitenote_active":false,"_exactmetrics_sitenote_note":"","_exactmetrics_sitenote_category":0,"footnotes":"","_links_to":"","_links_to_target":""},"categories":[4],"tags":[],"class_list":["post-31879","post","type-post","status-publish","format-standard","has-post-thumbnail","hentry","category-noticias"],"acf":[],"yoast_head":"<!-- This site is optimized with the Yoast SEO plugin v26.7 - https:\/\/yoast.com\/wordpress\/plugins\/seo\/ -->\n<title>Estudiantes de Chimbarongo pr\u00f3ximas a partir a la Ant\u00e1rtica Chilena - O&#039;Higgins<\/title>\n<meta name=\"robots\" content=\"index, follow, max-snippet:-1, max-image-preview:large, max-video-preview:-1\" \/>\n<link rel=\"canonical\" href=\"https:\/\/dev.explora.cl\/ohiggins\/feria-antartica\/\" class=\"yoast-seo-meta-tag\" \/>\n<meta property=\"og:locale\" content=\"es_ES\" class=\"yoast-seo-meta-tag\" \/>\n<meta property=\"og:type\" content=\"article\" class=\"yoast-seo-meta-tag\" \/>\n<meta property=\"og:title\" content=\"Estudiantes de Chimbarongo pr\u00f3ximas a partir a la Ant\u00e1rtica Chilena - O&#039;Higgins\" class=\"yoast-seo-meta-tag\" \/>\n<meta property=\"og:description\" content=\"Desde este martes 17\u00a0 y hasta el 25 de febrero,\u00a0 comenzar\u00e1 el tan esperado viaje a la Ant\u00e1rtica, que realizar\u00e1n tres estudiantes del Club de Ciencias del Complejo Educacional Chimbarongo, tras haber ganado el \u201cPremio al Esp\u00edritu Ant\u00e1rtico\u201d en la Feria Escolar Ant\u00e1rtica (FAE) desarrollada en Punta Arenas durante 2014. Se trata de las estudiantes [&hellip;]\" class=\"yoast-seo-meta-tag\" \/>\n<meta property=\"og:url\" content=\"https:\/\/dev.explora.cl\/ohiggins\/feria-antartica\/\" class=\"yoast-seo-meta-tag\" \/>\n<meta property=\"og:site_name\" content=\"O&#039;Higgins\" class=\"yoast-seo-meta-tag\" \/>\n<meta property=\"article:published_time\" content=\"2015-02-01T04:00:00+00:00\" class=\"yoast-seo-meta-tag\" \/>\n<meta property=\"article:modified_time\" content=\"2019-05-20T18:03:04+00:00\" class=\"yoast-seo-meta-tag\" \/>\n<meta property=\"og:image\" content=\"https:\/\/dev.explora.cl\/ohiggins\/wp-content\/uploads\/sites\/8\/2018\/06\/615ee05a9c67e2ab13a0ad2c9eafa9f5.jpg\" class=\"yoast-seo-meta-tag\" \/>\n\t<meta property=\"og:image:width\" content=\"1000\" class=\"yoast-seo-meta-tag\" \/>\n\t<meta property=\"og:image:height\" content=\"750\" class=\"yoast-seo-meta-tag\" \/>\n\t<meta property=\"og:image:type\" content=\"image\/jpeg\" class=\"yoast-seo-meta-tag\" \/>\n<meta name=\"author\" content=\"webman\" class=\"yoast-seo-meta-tag\" \/>\n<meta name=\"twitter:card\" content=\"summary_large_image\" class=\"yoast-seo-meta-tag\" \/>\n<meta name=\"twitter:label1\" content=\"Escrito por\" class=\"yoast-seo-meta-tag\" \/>\n\t<meta name=\"twitter:data1\" content=\"webman\" class=\"yoast-seo-meta-tag\" \/>\n\t<meta name=\"twitter:label2\" content=\"Tiempo estimado de lectura\" class=\"yoast-seo-meta-tag\" \/>\n\t<meta name=\"twitter:data2\" content=\"2 minutos\" class=\"yoast-seo-meta-tag\" \/>\n<script type=\"application\/ld+json\" class=\"yoast-schema-graph\">{\"@context\":\"https:\/\/schema.org\",\"@graph\":[{\"@type\":\"Article\",\"@id\":\"https:\/\/dev.explora.cl\/ohiggins\/feria-antartica\/#article\",\"isPartOf\":{\"@id\":\"https:\/\/dev.explora.cl\/ohiggins\/feria-antartica\/\"},\"author\":{\"name\":\"webman\",\"@id\":\"https:\/\/dev.explora.cl\/ohiggins\/#\/schema\/person\/cb8349c13ea2d324080adf8480d7ba5d\"},\"headline\":\"Estudiantes de Chimbarongo pr\u00f3ximas a partir a la Ant\u00e1rtica Chilena\",\"datePublished\":\"2015-02-01T04:00:00+00:00\",\"dateModified\":\"2019-05-20T18:03:04+00:00\",\"mainEntityOfPage\":{\"@id\":\"https:\/\/dev.explora.cl\/ohiggins\/feria-antartica\/\"},\"wordCount\":326,\"commentCount\":0,\"image\":{\"@id\":\"https:\/\/dev.explora.cl\/ohiggins\/feria-antartica\/#primaryimage\"},\"thumbnailUrl\":\"https:\/\/dev.explora.cl\/ohiggins\/wp-content\/uploads\/sites\/8\/2018\/06\/615ee05a9c67e2ab13a0ad2c9eafa9f5.jpg\",\"articleSection\":[\"Noticias\"],\"inLanguage\":\"es-CL\",\"potentialAction\":[{\"@type\":\"CommentAction\",\"name\":\"Comment\",\"target\":[\"https:\/\/dev.explora.cl\/ohiggins\/feria-antartica\/#respond\"]}]},{\"@type\":\"WebPage\",\"@id\":\"https:\/\/dev.explora.cl\/ohiggins\/feria-antartica\/\",\"url\":\"https:\/\/dev.explora.cl\/ohiggins\/feria-antartica\/\",\"name\":\"Estudiantes de Chimbarongo pr\u00f3ximas a partir a la Ant\u00e1rtica Chilena - O&#039;Higgins\",\"isPartOf\":{\"@id\":\"https:\/\/dev.explora.cl\/ohiggins\/#website\"},\"primaryImageOfPage\":{\"@id\":\"https:\/\/dev.explora.cl\/ohiggins\/feria-antartica\/#primaryimage\"},\"image\":{\"@id\":\"https:\/\/dev.explora.cl\/ohiggins\/feria-antartica\/#primaryimage\"},\"thumbnailUrl\":\"https:\/\/dev.explora.cl\/ohiggins\/wp-content\/uploads\/sites\/8\/2018\/06\/615ee05a9c67e2ab13a0ad2c9eafa9f5.jpg\",\"datePublished\":\"2015-02-01T04:00:00+00:00\",\"dateModified\":\"2019-05-20T18:03:04+00:00\",\"author\":{\"@id\":\"https:\/\/dev.explora.cl\/ohiggins\/#\/schema\/person\/cb8349c13ea2d324080adf8480d7ba5d\"},\"breadcrumb\":{\"@id\":\"https:\/\/dev.explora.cl\/ohiggins\/feria-antartica\/#breadcrumb\"},\"inLanguage\":\"es-CL\",\"potentialAction\":[{\"@type\":\"ReadAction\",\"target\":[\"https:\/\/dev.explora.cl\/ohiggins\/feria-antartica\/\"]}]},{\"@type\":\"ImageObject\",\"inLanguage\":\"es-CL\",\"@id\":\"https:\/\/dev.explora.cl\/ohiggins\/feria-antartica\/#primaryimage\",\"url\":\"https:\/\/dev.explora.cl\/ohiggins\/wp-content\/uploads\/sites\/8\/2018\/06\/615ee05a9c67e2ab13a0ad2c9eafa9f5.jpg\",\"contentUrl\":\"https:\/\/dev.explora.cl\/ohiggins\/wp-content\/uploads\/sites\/8\/2018\/06\/615ee05a9c67e2ab13a0ad2c9eafa9f5.jpg\",\"width\":1000,\"height\":750},{\"@type\":\"BreadcrumbList\",\"@id\":\"https:\/\/dev.explora.cl\/ohiggins\/feria-antartica\/#breadcrumb\",\"itemListElement\":[{\"@type\":\"ListItem\",\"position\":1,\"name\":\"Portada\",\"item\":\"https:\/\/dev.explora.cl\/ohiggins\/\"},{\"@type\":\"ListItem\",\"position\":2,\"name\":\"Estudiantes de Chimbarongo pr\u00f3ximas a partir a la Ant\u00e1rtica Chilena\"}]},{\"@type\":\"WebSite\",\"@id\":\"https:\/\/dev.explora.cl\/ohiggins\/#website\",\"url\":\"https:\/\/dev.explora.cl\/ohiggins\/\",\"name\":\"O&#039;Higgins\",\"description\":\"Otro sitio m\u00e1s de dev.explora.cl\",\"potentialAction\":[{\"@type\":\"SearchAction\",\"target\":{\"@type\":\"EntryPoint\",\"urlTemplate\":\"https:\/\/dev.explora.cl\/ohiggins\/?s={search_term_string}\"},\"query-input\":{\"@type\":\"PropertyValueSpecification\",\"valueRequired\":true,\"valueName\":\"search_term_string\"}}],\"inLanguage\":\"es-CL\"},{\"@type\":\"Person\",\"@id\":\"https:\/\/dev.explora.cl\/ohiggins\/#\/schema\/person\/cb8349c13ea2d324080adf8480d7ba5d\",\"name\":\"webman\",\"image\":{\"@type\":\"ImageObject\",\"inLanguage\":\"es-CL\",\"@id\":\"https:\/\/dev.explora.cl\/ohiggins\/#\/schema\/person\/image\/\",\"url\":\"https:\/\/secure.gravatar.com\/avatar\/eeff3c82f2c02f7177d13663b7e6f890e9a6a0647ce9bb29cae02dcb094c7312?s=96&d=mm&r=g\",\"contentUrl\":\"https:\/\/secure.gravatar.com\/avatar\/eeff3c82f2c02f7177d13663b7e6f890e9a6a0647ce9bb29cae02dcb094c7312?s=96&d=mm&r=g\",\"caption\":\"webman\"},\"url\":\"https:\/\/dev.explora.cl\/ohiggins\/author\/webman\/\"}]}<\/script>\n<!-- \/ Yoast SEO plugin. -->","yoast_head_json":{"title":"Estudiantes de Chimbarongo pr\u00f3ximas a partir a la Ant\u00e1rtica Chilena - O&#039;Higgins","robots":{"index":"index","follow":"follow","max-snippet":"max-snippet:-1","max-image-preview":"max-image-preview:large","max-video-preview":"max-video-preview:-1"},"canonical":"https:\/\/dev.explora.cl\/ohiggins\/feria-antartica\/","og_locale":"es_ES","og_type":"article","og_title":"Estudiantes de Chimbarongo pr\u00f3ximas a partir a la Ant\u00e1rtica Chilena - O&#039;Higgins","og_description":"Desde este martes 17\u00a0 y hasta el 25 de febrero,\u00a0 comenzar\u00e1 el tan esperado viaje a la Ant\u00e1rtica, que realizar\u00e1n tres estudiantes del Club de Ciencias del Complejo Educacional Chimbarongo, tras haber ganado el \u201cPremio al Esp\u00edritu Ant\u00e1rtico\u201d en la Feria Escolar Ant\u00e1rtica (FAE) desarrollada en Punta Arenas durante 2014. Se trata de las estudiantes [&hellip;]","og_url":"https:\/\/dev.explora.cl\/ohiggins\/feria-antartica\/","og_site_name":"O&#039;Higgins","article_published_time":"2015-02-01T04:00:00+00:00","article_modified_time":"2019-05-20T18:03:04+00:00","og_image":[{"width":1000,"height":750,"url":"https:\/\/dev.explora.cl\/ohiggins\/wp-content\/uploads\/sites\/8\/2018\/06\/615ee05a9c67e2ab13a0ad2c9eafa9f5.jpg","type":"image\/jpeg"}],"author":"webman","twitter_card":"summary_large_image","twitter_misc":{"Escrito por":"webman","Tiempo estimado de lectura":"2 minutos"},"schema":{"@context":"https:\/\/schema.org","@graph":[{"@type":"Article","@id":"https:\/\/dev.explora.cl\/ohiggins\/feria-antartica\/#article","isPartOf":{"@id":"https:\/\/dev.explora.cl\/ohiggins\/feria-antartica\/"},"author":{"name":"webman","@id":"https:\/\/dev.explora.cl\/ohiggins\/#\/schema\/person\/cb8349c13ea2d324080adf8480d7ba5d"},"headline":"Estudiantes de Chimbarongo pr\u00f3ximas a partir a la Ant\u00e1rtica Chilena","datePublished":"2015-02-01T04:00:00+00:00","dateModified":"2019-05-20T18:03:04+00:00","mainEntityOfPage":{"@id":"https:\/\/dev.explora.cl\/ohiggins\/feria-antartica\/"},"wordCount":326,"commentCount":0,"image":{"@id":"https:\/\/dev.explora.cl\/ohiggins\/feria-antartica\/#primaryimage"},"thumbnailUrl":"https:\/\/dev.explora.cl\/ohiggins\/wp-content\/uploads\/sites\/8\/2018\/06\/615ee05a9c67e2ab13a0ad2c9eafa9f5.jpg","articleSection":["Noticias"],"inLanguage":"es-CL","potentialAction":[{"@type":"CommentAction","name":"Comment","target":["https:\/\/dev.explora.cl\/ohiggins\/feria-antartica\/#respond"]}]},{"@type":"WebPage","@id":"https:\/\/dev.explora.cl\/ohiggins\/feria-antartica\/","url":"https:\/\/dev.explora.cl\/ohiggins\/feria-antartica\/","name":"Estudiantes de Chimbarongo pr\u00f3ximas a partir a la Ant\u00e1rtica Chilena - O&#039;Higgins","isPartOf":{"@id":"https:\/\/dev.explora.cl\/ohiggins\/#website"},"primaryImageOfPage":{"@id":"https:\/\/dev.explora.cl\/ohiggins\/feria-antartica\/#primaryimage"},"image":{"@id":"https:\/\/dev.explora.cl\/ohiggins\/feria-antartica\/#primaryimage"},"thumbnailUrl":"https:\/\/dev.explora.cl\/ohiggins\/wp-content\/uploads\/sites\/8\/2018\/06\/615ee05a9c67e2ab13a0ad2c9eafa9f5.jpg","datePublished":"2015-02-01T04:00:00+00:00","dateModified":"2019-05-20T18:03:04+00:00","author":{"@id":"https:\/\/dev.explora.cl\/ohiggins\/#\/schema\/person\/cb8349c13ea2d324080adf8480d7ba5d"},"breadcrumb":{"@id":"https:\/\/dev.explora.cl\/ohiggins\/feria-antartica\/#breadcrumb"},"inLanguage":"es-CL","potentialAction":[{"@type":"ReadAction","target":["https:\/\/dev.explora.cl\/ohiggins\/feria-antartica\/"]}]},{"@type":"ImageObject","inLanguage":"es-CL","@id":"https:\/\/dev.explora.cl\/ohiggins\/feria-antartica\/#primaryimage","url":"https:\/\/dev.explora.cl\/ohiggins\/wp-content\/uploads\/sites\/8\/2018\/06\/615ee05a9c67e2ab13a0ad2c9eafa9f5.jpg","contentUrl":"https:\/\/dev.explora.cl\/ohiggins\/wp-content\/uploads\/sites\/8\/2018\/06\/615ee05a9c67e2ab13a0ad2c9eafa9f5.jpg","width":1000,"height":750},{"@type":"BreadcrumbList","@id":"https:\/\/dev.explora.cl\/ohiggins\/feria-antartica\/#breadcrumb","itemListElement":[{"@type":"ListItem","position":1,"name":"Portada","item":"https:\/\/dev.explora.cl\/ohiggins\/"},{"@type":"ListItem","position":2,"name":"Estudiantes de Chimbarongo pr\u00f3ximas a partir a la Ant\u00e1rtica Chilena"}]},{"@type":"WebSite","@id":"https:\/\/dev.explora.cl\/ohiggins\/#website","url":"https:\/\/dev.explora.cl\/ohiggins\/","name":"O&#039;Higgins","description":"Otro sitio m\u00e1s de dev.explora.cl","potentialAction":[{"@type":"SearchAction","target":{"@type":"EntryPoint","urlTemplate":"https:\/\/dev.explora.cl\/ohiggins\/?s={search_term_string}"},"query-input":{"@type":"PropertyValueSpecification","valueRequired":true,"valueName":"search_term_string"}}],"inLanguage":"es-CL"},{"@type":"Person","@id":"https:\/\/dev.explora.cl\/ohiggins\/#\/schema\/person\/cb8349c13ea2d324080adf8480d7ba5d","name":"webman","image":{"@type":"ImageObject","inLanguage":"es-CL","@id":"https:\/\/dev.explora.cl\/ohiggins\/#\/schema\/person\/image\/","url":"https:\/\/secure.gravatar.com\/avatar\/eeff3c82f2c02f7177d13663b7e6f890e9a6a0647ce9bb29cae02dcb094c7312?s=96&d=mm&r=g","contentUrl":"https:\/\/secure.gravatar.com\/avatar\/eeff3c82f2c02f7177d13663b7e6f890e9a6a0647ce9bb29cae02dcb094c7312?s=96&d=mm&r=g","caption":"webman"},"url":"https:\/\/dev.explora.cl\/ohiggins\/author\/webman\/"}]}},"_links":{"self":[{"href":"https:\/\/dev.explora.cl\/ohiggins\/wp-json\/wp\/v2\/posts\/31879","targetHints":{"allow":["GET"]}}],"collection":[{"href":"https:\/\/dev.explora.cl\/ohiggins\/wp-json\/wp\/v2\/posts"}],"about":[{"href":"https:\/\/dev.explora.cl\/ohiggins\/wp-json\/wp\/v2\/types\/post"}],"author":[{"embeddable":true,"href":"https:\/\/dev.explora.cl\/ohiggins\/wp-json\/wp\/v2\/users\/2"}],"replies":[{"embeddable":true,"href":"https:\/\/dev.explora.cl\/ohiggins\/wp-json\/wp\/v2\/comments?post=31879"}],"version-history":[{"count":1,"href":"https:\/\/dev.explora.cl\/ohiggins\/wp-json\/wp\/v2\/posts\/31879\/revisions"}],"predecessor-version":[{"id":37841,"href":"https:\/\/dev.explora.cl\/ohiggins\/wp-json\/wp\/v2\/posts\/31879\/revisions\/37841"}],"wp:featuredmedia":[{"embeddable":true,"href":"https:\/\/dev.explora.cl\/ohiggins\/wp-json\/wp\/v2\/media\/31880"}],"wp:attachment":[{"href":"https:\/\/dev.explora.cl\/ohiggins\/wp-json\/wp\/v2\/media?parent=31879"}],"wp:term":[{"taxonomy":"category","embeddable":true,"href":"https:\/\/dev.explora.cl\/ohiggins\/wp-json\/wp\/v2\/categories?post=31879"},{"taxonomy":"post_tag","embeddable":true,"href":"https:\/\/dev.explora.cl\/ohiggins\/wp-json\/wp\/v2\/tags?post=31879"}],"curies":[{"name":"wp","href":"https:\/\/api.w.org\/{rel}","templated":true}]}}