{"id":31875,"date":"2014-11-07T00:00:00","date_gmt":"2014-11-07T04:00:00","guid":{"rendered":"https:\/\/dev.explora.cl\/ohiggins\/blog\/2014\/11\/07\/ciencia-rcgua\/"},"modified":"2019-05-20T18:03:42","modified_gmt":"2019-05-20T18:03:42","slug":"ciencia-rcgua","status":"publish","type":"post","link":"https:\/\/dev.explora.cl\/ohiggins\/ciencia-rcgua\/","title":{"rendered":"La ciencia, el arte y el conocimiento tuvieron su fiesta en Rancagua"},"content":{"rendered":"<p><img loading=\"lazy\" decoding=\"async\" class=\" size-full wp-image-7008\" src=\"http:\/\/ec2-34-218-253-251.us-west-2.compute.amazonaws.com\/wp-content\/uploads\/2014\/11\/fcd467d7b3349b271327a32de878da3c.jpg\" alt=\"\" width=\"1673\" height=\"1258\" \/><\/p>\n<p style=\"text-align: justify\"><span style=\"font-family: Calibri\"><span style=\"font-size: medium\"><span style=\"color: #000000\">Todo un \u00e9xito result\u00f3 la VII versi\u00f3n de la Feria de la Ciencia, el Arte y el Conocimiento, realizada este jueves en la plaza Los H\u00e9roes de Rancagua, por la Red de Profesores de Ciencias de la capital regional, con el apoyo de la Cormun; PAR EXPLORA O\u2019Higgins, ejecutado por la UC del Maule; \u00a0<\/span><\/span><span style=\"color: #000000;font-size: medium\">la Seremi de Educaci\u00f3n y el colegio Pablo Garrido.<\/span><\/span><\/p>\n<p style=\"text-align: justify\"><span style=\"font-family: Calibri\"><span style=\"font-size: medium\"><span style=\"color: #000000\">En la oportunidad participaron 47 proyectos en total,\u00a0 <\/span><\/span><span style=\"color: #000000;font-size: medium\">de establecimientos pertenecientes a Rancagua, Machal\u00ed y Rengo en diferentes \u00e1mbitos del saber; que fueron visitados por al menos 1500 personas.<\/span><\/span><\/p>\n<p style=\"text-align: justify\"><span style=\"color: #000000;font-family: Calibri;font-size: medium\">La coordinadora de la red y creadora de la feria, Adriana Salinas, indic\u00f3 que el objetivo de la feria es que \u201clos ni\u00f1os que han trabajado todo el a\u00f1o en sus iniciativas, puedan intercambiar experiencias y dar a conocer lo que han aprendido; destacando por supuesto el trabajo de los profesores\u201d.<\/span><\/p>\n<p style=\"text-align: justify\"><span style=\"color: #000000;font-family: Calibri;font-size: medium\">En la oportunidad, PAR EXPLORA O\u2019Higgins particip\u00f3 como jurado, junto a acad\u00e9micos de la UC del Maule; adem\u00e1s estuvo con su muestra itinerante de hongos: fungiciclo y el carnaval de la ciencia con m\u00fasica y figurines representativos de la fauna local. <\/span><\/p>\n<p style=\"text-align: justify\"><span style=\"font-family: Calibri\"><span style=\"font-size: medium\"><span style=\"color: #000000\">Los primeros lugares de la feria fueron: en categor\u00eda Ciencias: No al sedentarismo electr\u00f3nico del Colegio San Francisco de Machal\u00ed; en arte,\u00a0 <\/span><\/span><span style=\"color: #000000;font-size: medium\">\u201cMundo del Reciclaje\u201d del colegio Aurora de Chile; y en conocimiento,<\/span><span style=\"color: #000000;font-size: medium\">\u00a0 <\/span><span style=\"color: #000000;font-size: medium\">\u201cLa paleontolog\u00eda como m\u00e9todo de aprendizaje\u201d del colegio Interamericano de Rancagua.<\/span><\/span><\/p>\n<p style=\"text-align: justify\"><span style=\"font-family: Calibri\"><span style=\"font-size: medium\"><span style=\"color: #000000\">Como se recordar\u00e1, la feria fue creada en 2007, fecha en que la profesora Salinas, \u00a0<\/span><\/span><span style=\"color: #000000;font-size: medium\">organiz\u00f3 la actividad en el colegio Marcela Paz, luego se traslad\u00f3 al Colegio Eduardo de Geyter, para posteriormente realizarse en la plaza Los H\u00e9roes de Rancagua. En un principio s\u00f3lo era de Educaci\u00f3n b\u00e1sica pero, ahora se ha extendido a estudiantes de media.<\/span><\/span><\/p>\n<p style=\"text-align: justify\">\u00a0<\/p>\n<p>  <!--more-->  <\/p>\n<p>\u00a0<\/p>\n<p style=\"text-align: justify\">\u00a0<span style=\"color: #000000;font-family: Calibri;font-size: medium\">Proyectos ganadores:<\/span><\/p>\n<p style=\"text-align: justify\">\u00a0<span style=\"color: #000000;font-family: Calibri;font-size: medium\">Ciencia<\/span><\/p>\n<p style=\"text-align: justify\">\u00a0<\/p>\n<ol>\n<li>\n<p>Colegio San Francisco de Machal\u00ed: \u00a0\u201cNo al desperdicio electr\u00f3nico\u201d<\/p>\n<\/li>\n<li>\n<p>Colegio La Merced: \u201cEl lanza proyectiles\u201d<\/p>\n<\/li>\n<li>\n<p>Instituto O\u2019Higgins de Rancagua: \u00a0\u201c1\/n = pilas\u201d;<\/p>\n<\/li>\n<li>\n<p>Menci\u00f3n honrosa se la llev\u00f3 el Colegio Eduardo De Geyter con el \u201cAutoreciclaje\u201d.<\/p>\n<\/li>\n<\/ol>\n<p style=\"text-align: justify\">\u00a0<\/p>\n<p><span style=\"color: #000000;font-family: Calibri;font-size: medium\">Arte <\/span><\/p>\n<p style=\"text-align: justify\">\u00a0<\/p>\n<ol>\n<li>\n<p>Aurora de Chile: \u201cMundo de reciclaje\u201d.<\/p>\n<\/li>\n<li>\n<p>Colegio Edumaster: \u201cMandala, ojos de Dios\u201d<\/p>\n<\/li>\n<li>\n<p>Colegio Aurora de Chile: \u201cRecreaci\u00f3n art\u00edstica con plasticina\u201d<\/p>\n<\/li>\n<li>\n<p>Menci\u00f3n honrosa Colegio Gabriela Mistral : \u201cInstrumentos musicales mapuches\u201d.<\/p>\n<\/li>\n<\/ol>\n<p style=\"text-align: justify\">\u00a0<\/p>\n<p><span style=\"color: #000000;font-family: Calibri;font-size: medium\">Conocimiento<\/span><\/p>\n<p style=\"text-align: justify\">\u00a0<\/p>\n<ol>\n<li>\n<p>Colegio Interamericano: \u201cLa Paleontolog\u00eda como estrategia de aprendizaje\u201d.<\/p>\n<\/li>\n<li>\n<p>Colegio Pablo Garrido: \u201cImpacto de la Revoluci\u00f3n Industrial\u201d<\/p>\n<\/li>\n<li>\n<p>Colegio Mois\u00e9s Mussa con la \u201cAutopsia a un asesino\u201d.<\/p>\n<\/li>\n<\/ol>\n<p style=\"text-align: justify\"><span style=\"font-family: Calibri\"><span style=\"color: #000000;font-size: medium\">\u00a0<\/span><\/span><\/p>\n","protected":false},"excerpt":{"rendered":"<p>Todo un \u00e9xito result\u00f3 la VII versi\u00f3n de la Feria de la Ciencia, el Arte y el Conocimiento, realizada este jueves en la plaza Los H\u00e9roes de Rancagua, por la Red de Profesores de Ciencias de la capital regional, con el apoyo de la Cormun; PAR EXPLORA O\u2019Higgins, ejecutado por la UC del Maule; \u00a0la [&hellip;]<\/p>\n","protected":false},"author":2,"featured_media":31876,"comment_status":"open","ping_status":"open","sticky":false,"template":"","format":"standard","meta":{"_acf_changed":false,"_exactmetrics_skip_tracking":false,"_exactmetrics_sitenote_active":false,"_exactmetrics_sitenote_note":"","_exactmetrics_sitenote_category":0,"footnotes":"","_links_to":"","_links_to_target":""},"categories":[4],"tags":[],"class_list":["post-31875","post","type-post","status-publish","format-standard","has-post-thumbnail","hentry","category-noticias"],"acf":[],"yoast_head":"<!-- This site is optimized with the Yoast SEO plugin v26.7 - https:\/\/yoast.com\/wordpress\/plugins\/seo\/ -->\n<title>La ciencia, el arte y el conocimiento tuvieron su fiesta en Rancagua - O&#039;Higgins<\/title>\n<meta name=\"robots\" content=\"index, follow, max-snippet:-1, max-image-preview:large, max-video-preview:-1\" \/>\n<link rel=\"canonical\" href=\"https:\/\/dev.explora.cl\/ohiggins\/ciencia-rcgua\/\" class=\"yoast-seo-meta-tag\" \/>\n<meta property=\"og:locale\" content=\"es_ES\" class=\"yoast-seo-meta-tag\" \/>\n<meta property=\"og:type\" content=\"article\" class=\"yoast-seo-meta-tag\" \/>\n<meta property=\"og:title\" content=\"La ciencia, el arte y el conocimiento tuvieron su fiesta en Rancagua - O&#039;Higgins\" class=\"yoast-seo-meta-tag\" \/>\n<meta property=\"og:description\" content=\"Todo un \u00e9xito result\u00f3 la VII versi\u00f3n de la Feria de la Ciencia, el Arte y el Conocimiento, realizada este jueves en la plaza Los H\u00e9roes de Rancagua, por la Red de Profesores de Ciencias de la capital regional, con el apoyo de la Cormun; PAR EXPLORA O\u2019Higgins, ejecutado por la UC del Maule; \u00a0la [&hellip;]\" class=\"yoast-seo-meta-tag\" \/>\n<meta property=\"og:url\" content=\"https:\/\/dev.explora.cl\/ohiggins\/ciencia-rcgua\/\" class=\"yoast-seo-meta-tag\" \/>\n<meta property=\"og:site_name\" content=\"O&#039;Higgins\" class=\"yoast-seo-meta-tag\" \/>\n<meta property=\"article:published_time\" content=\"2014-11-07T04:00:00+00:00\" class=\"yoast-seo-meta-tag\" \/>\n<meta property=\"article:modified_time\" content=\"2019-05-20T18:03:42+00:00\" class=\"yoast-seo-meta-tag\" \/>\n<meta property=\"og:image\" content=\"https:\/\/dev.explora.cl\/ohiggins\/wp-content\/uploads\/sites\/8\/2018\/06\/fcd467d7b3349b271327a32de878da3c.jpg\" class=\"yoast-seo-meta-tag\" \/>\n\t<meta property=\"og:image:width\" content=\"1673\" class=\"yoast-seo-meta-tag\" \/>\n\t<meta property=\"og:image:height\" content=\"1258\" class=\"yoast-seo-meta-tag\" \/>\n\t<meta property=\"og:image:type\" content=\"image\/jpeg\" class=\"yoast-seo-meta-tag\" \/>\n<meta name=\"author\" content=\"webman\" class=\"yoast-seo-meta-tag\" \/>\n<meta name=\"twitter:card\" content=\"summary_large_image\" class=\"yoast-seo-meta-tag\" \/>\n<meta name=\"twitter:label1\" content=\"Escrito por\" class=\"yoast-seo-meta-tag\" \/>\n\t<meta name=\"twitter:data1\" content=\"webman\" class=\"yoast-seo-meta-tag\" \/>\n\t<meta name=\"twitter:label2\" content=\"Tiempo estimado de lectura\" class=\"yoast-seo-meta-tag\" \/>\n\t<meta name=\"twitter:data2\" content=\"2 minutos\" class=\"yoast-seo-meta-tag\" \/>\n<script type=\"application\/ld+json\" class=\"yoast-schema-graph\">{\"@context\":\"https:\/\/schema.org\",\"@graph\":[{\"@type\":\"Article\",\"@id\":\"https:\/\/dev.explora.cl\/ohiggins\/ciencia-rcgua\/#article\",\"isPartOf\":{\"@id\":\"https:\/\/dev.explora.cl\/ohiggins\/ciencia-rcgua\/\"},\"author\":{\"name\":\"webman\",\"@id\":\"https:\/\/dev.explora.cl\/ohiggins\/#\/schema\/person\/cb8349c13ea2d324080adf8480d7ba5d\"},\"headline\":\"La ciencia, el arte y el conocimiento tuvieron su fiesta en Rancagua\",\"datePublished\":\"2014-11-07T04:00:00+00:00\",\"dateModified\":\"2019-05-20T18:03:42+00:00\",\"mainEntityOfPage\":{\"@id\":\"https:\/\/dev.explora.cl\/ohiggins\/ciencia-rcgua\/\"},\"wordCount\":414,\"commentCount\":0,\"image\":{\"@id\":\"https:\/\/dev.explora.cl\/ohiggins\/ciencia-rcgua\/#primaryimage\"},\"thumbnailUrl\":\"https:\/\/dev.explora.cl\/ohiggins\/wp-content\/uploads\/sites\/8\/2018\/06\/fcd467d7b3349b271327a32de878da3c.jpg\",\"articleSection\":[\"Noticias\"],\"inLanguage\":\"es-CL\",\"potentialAction\":[{\"@type\":\"CommentAction\",\"name\":\"Comment\",\"target\":[\"https:\/\/dev.explora.cl\/ohiggins\/ciencia-rcgua\/#respond\"]}]},{\"@type\":\"WebPage\",\"@id\":\"https:\/\/dev.explora.cl\/ohiggins\/ciencia-rcgua\/\",\"url\":\"https:\/\/dev.explora.cl\/ohiggins\/ciencia-rcgua\/\",\"name\":\"La ciencia, el arte y el conocimiento tuvieron su fiesta en Rancagua - O&#039;Higgins\",\"isPartOf\":{\"@id\":\"https:\/\/dev.explora.cl\/ohiggins\/#website\"},\"primaryImageOfPage\":{\"@id\":\"https:\/\/dev.explora.cl\/ohiggins\/ciencia-rcgua\/#primaryimage\"},\"image\":{\"@id\":\"https:\/\/dev.explora.cl\/ohiggins\/ciencia-rcgua\/#primaryimage\"},\"thumbnailUrl\":\"https:\/\/dev.explora.cl\/ohiggins\/wp-content\/uploads\/sites\/8\/2018\/06\/fcd467d7b3349b271327a32de878da3c.jpg\",\"datePublished\":\"2014-11-07T04:00:00+00:00\",\"dateModified\":\"2019-05-20T18:03:42+00:00\",\"author\":{\"@id\":\"https:\/\/dev.explora.cl\/ohiggins\/#\/schema\/person\/cb8349c13ea2d324080adf8480d7ba5d\"},\"breadcrumb\":{\"@id\":\"https:\/\/dev.explora.cl\/ohiggins\/ciencia-rcgua\/#breadcrumb\"},\"inLanguage\":\"es-CL\",\"potentialAction\":[{\"@type\":\"ReadAction\",\"target\":[\"https:\/\/dev.explora.cl\/ohiggins\/ciencia-rcgua\/\"]}]},{\"@type\":\"ImageObject\",\"inLanguage\":\"es-CL\",\"@id\":\"https:\/\/dev.explora.cl\/ohiggins\/ciencia-rcgua\/#primaryimage\",\"url\":\"https:\/\/dev.explora.cl\/ohiggins\/wp-content\/uploads\/sites\/8\/2018\/06\/fcd467d7b3349b271327a32de878da3c.jpg\",\"contentUrl\":\"https:\/\/dev.explora.cl\/ohiggins\/wp-content\/uploads\/sites\/8\/2018\/06\/fcd467d7b3349b271327a32de878da3c.jpg\",\"width\":1673,\"height\":1258},{\"@type\":\"BreadcrumbList\",\"@id\":\"https:\/\/dev.explora.cl\/ohiggins\/ciencia-rcgua\/#breadcrumb\",\"itemListElement\":[{\"@type\":\"ListItem\",\"position\":1,\"name\":\"Portada\",\"item\":\"https:\/\/dev.explora.cl\/ohiggins\/\"},{\"@type\":\"ListItem\",\"position\":2,\"name\":\"La ciencia, el arte y el conocimiento tuvieron su fiesta en Rancagua\"}]},{\"@type\":\"WebSite\",\"@id\":\"https:\/\/dev.explora.cl\/ohiggins\/#website\",\"url\":\"https:\/\/dev.explora.cl\/ohiggins\/\",\"name\":\"O&#039;Higgins\",\"description\":\"Otro sitio m\u00e1s de dev.explora.cl\",\"potentialAction\":[{\"@type\":\"SearchAction\",\"target\":{\"@type\":\"EntryPoint\",\"urlTemplate\":\"https:\/\/dev.explora.cl\/ohiggins\/?s={search_term_string}\"},\"query-input\":{\"@type\":\"PropertyValueSpecification\",\"valueRequired\":true,\"valueName\":\"search_term_string\"}}],\"inLanguage\":\"es-CL\"},{\"@type\":\"Person\",\"@id\":\"https:\/\/dev.explora.cl\/ohiggins\/#\/schema\/person\/cb8349c13ea2d324080adf8480d7ba5d\",\"name\":\"webman\",\"image\":{\"@type\":\"ImageObject\",\"inLanguage\":\"es-CL\",\"@id\":\"https:\/\/dev.explora.cl\/ohiggins\/#\/schema\/person\/image\/\",\"url\":\"https:\/\/secure.gravatar.com\/avatar\/eeff3c82f2c02f7177d13663b7e6f890e9a6a0647ce9bb29cae02dcb094c7312?s=96&d=mm&r=g\",\"contentUrl\":\"https:\/\/secure.gravatar.com\/avatar\/eeff3c82f2c02f7177d13663b7e6f890e9a6a0647ce9bb29cae02dcb094c7312?s=96&d=mm&r=g\",\"caption\":\"webman\"},\"url\":\"https:\/\/dev.explora.cl\/ohiggins\/author\/webman\/\"}]}<\/script>\n<!-- \/ Yoast SEO plugin. -->","yoast_head_json":{"title":"La ciencia, el arte y el conocimiento tuvieron su fiesta en Rancagua - O&#039;Higgins","robots":{"index":"index","follow":"follow","max-snippet":"max-snippet:-1","max-image-preview":"max-image-preview:large","max-video-preview":"max-video-preview:-1"},"canonical":"https:\/\/dev.explora.cl\/ohiggins\/ciencia-rcgua\/","og_locale":"es_ES","og_type":"article","og_title":"La ciencia, el arte y el conocimiento tuvieron su fiesta en Rancagua - O&#039;Higgins","og_description":"Todo un \u00e9xito result\u00f3 la VII versi\u00f3n de la Feria de la Ciencia, el Arte y el Conocimiento, realizada este jueves en la plaza Los H\u00e9roes de Rancagua, por la Red de Profesores de Ciencias de la capital regional, con el apoyo de la Cormun; PAR EXPLORA O\u2019Higgins, ejecutado por la UC del Maule; \u00a0la [&hellip;]","og_url":"https:\/\/dev.explora.cl\/ohiggins\/ciencia-rcgua\/","og_site_name":"O&#039;Higgins","article_published_time":"2014-11-07T04:00:00+00:00","article_modified_time":"2019-05-20T18:03:42+00:00","og_image":[{"width":1673,"height":1258,"url":"https:\/\/dev.explora.cl\/ohiggins\/wp-content\/uploads\/sites\/8\/2018\/06\/fcd467d7b3349b271327a32de878da3c.jpg","type":"image\/jpeg"}],"author":"webman","twitter_card":"summary_large_image","twitter_misc":{"Escrito por":"webman","Tiempo estimado de lectura":"2 minutos"},"schema":{"@context":"https:\/\/schema.org","@graph":[{"@type":"Article","@id":"https:\/\/dev.explora.cl\/ohiggins\/ciencia-rcgua\/#article","isPartOf":{"@id":"https:\/\/dev.explora.cl\/ohiggins\/ciencia-rcgua\/"},"author":{"name":"webman","@id":"https:\/\/dev.explora.cl\/ohiggins\/#\/schema\/person\/cb8349c13ea2d324080adf8480d7ba5d"},"headline":"La ciencia, el arte y el conocimiento tuvieron su fiesta en Rancagua","datePublished":"2014-11-07T04:00:00+00:00","dateModified":"2019-05-20T18:03:42+00:00","mainEntityOfPage":{"@id":"https:\/\/dev.explora.cl\/ohiggins\/ciencia-rcgua\/"},"wordCount":414,"commentCount":0,"image":{"@id":"https:\/\/dev.explora.cl\/ohiggins\/ciencia-rcgua\/#primaryimage"},"thumbnailUrl":"https:\/\/dev.explora.cl\/ohiggins\/wp-content\/uploads\/sites\/8\/2018\/06\/fcd467d7b3349b271327a32de878da3c.jpg","articleSection":["Noticias"],"inLanguage":"es-CL","potentialAction":[{"@type":"CommentAction","name":"Comment","target":["https:\/\/dev.explora.cl\/ohiggins\/ciencia-rcgua\/#respond"]}]},{"@type":"WebPage","@id":"https:\/\/dev.explora.cl\/ohiggins\/ciencia-rcgua\/","url":"https:\/\/dev.explora.cl\/ohiggins\/ciencia-rcgua\/","name":"La ciencia, el arte y el conocimiento tuvieron su fiesta en Rancagua - O&#039;Higgins","isPartOf":{"@id":"https:\/\/dev.explora.cl\/ohiggins\/#website"},"primaryImageOfPage":{"@id":"https:\/\/dev.explora.cl\/ohiggins\/ciencia-rcgua\/#primaryimage"},"image":{"@id":"https:\/\/dev.explora.cl\/ohiggins\/ciencia-rcgua\/#primaryimage"},"thumbnailUrl":"https:\/\/dev.explora.cl\/ohiggins\/wp-content\/uploads\/sites\/8\/2018\/06\/fcd467d7b3349b271327a32de878da3c.jpg","datePublished":"2014-11-07T04:00:00+00:00","dateModified":"2019-05-20T18:03:42+00:00","author":{"@id":"https:\/\/dev.explora.cl\/ohiggins\/#\/schema\/person\/cb8349c13ea2d324080adf8480d7ba5d"},"breadcrumb":{"@id":"https:\/\/dev.explora.cl\/ohiggins\/ciencia-rcgua\/#breadcrumb"},"inLanguage":"es-CL","potentialAction":[{"@type":"ReadAction","target":["https:\/\/dev.explora.cl\/ohiggins\/ciencia-rcgua\/"]}]},{"@type":"ImageObject","inLanguage":"es-CL","@id":"https:\/\/dev.explora.cl\/ohiggins\/ciencia-rcgua\/#primaryimage","url":"https:\/\/dev.explora.cl\/ohiggins\/wp-content\/uploads\/sites\/8\/2018\/06\/fcd467d7b3349b271327a32de878da3c.jpg","contentUrl":"https:\/\/dev.explora.cl\/ohiggins\/wp-content\/uploads\/sites\/8\/2018\/06\/fcd467d7b3349b271327a32de878da3c.jpg","width":1673,"height":1258},{"@type":"BreadcrumbList","@id":"https:\/\/dev.explora.cl\/ohiggins\/ciencia-rcgua\/#breadcrumb","itemListElement":[{"@type":"ListItem","position":1,"name":"Portada","item":"https:\/\/dev.explora.cl\/ohiggins\/"},{"@type":"ListItem","position":2,"name":"La ciencia, el arte y el conocimiento tuvieron su fiesta en Rancagua"}]},{"@type":"WebSite","@id":"https:\/\/dev.explora.cl\/ohiggins\/#website","url":"https:\/\/dev.explora.cl\/ohiggins\/","name":"O&#039;Higgins","description":"Otro sitio m\u00e1s de dev.explora.cl","potentialAction":[{"@type":"SearchAction","target":{"@type":"EntryPoint","urlTemplate":"https:\/\/dev.explora.cl\/ohiggins\/?s={search_term_string}"},"query-input":{"@type":"PropertyValueSpecification","valueRequired":true,"valueName":"search_term_string"}}],"inLanguage":"es-CL"},{"@type":"Person","@id":"https:\/\/dev.explora.cl\/ohiggins\/#\/schema\/person\/cb8349c13ea2d324080adf8480d7ba5d","name":"webman","image":{"@type":"ImageObject","inLanguage":"es-CL","@id":"https:\/\/dev.explora.cl\/ohiggins\/#\/schema\/person\/image\/","url":"https:\/\/secure.gravatar.com\/avatar\/eeff3c82f2c02f7177d13663b7e6f890e9a6a0647ce9bb29cae02dcb094c7312?s=96&d=mm&r=g","contentUrl":"https:\/\/secure.gravatar.com\/avatar\/eeff3c82f2c02f7177d13663b7e6f890e9a6a0647ce9bb29cae02dcb094c7312?s=96&d=mm&r=g","caption":"webman"},"url":"https:\/\/dev.explora.cl\/ohiggins\/author\/webman\/"}]}},"_links":{"self":[{"href":"https:\/\/dev.explora.cl\/ohiggins\/wp-json\/wp\/v2\/posts\/31875","targetHints":{"allow":["GET"]}}],"collection":[{"href":"https:\/\/dev.explora.cl\/ohiggins\/wp-json\/wp\/v2\/posts"}],"about":[{"href":"https:\/\/dev.explora.cl\/ohiggins\/wp-json\/wp\/v2\/types\/post"}],"author":[{"embeddable":true,"href":"https:\/\/dev.explora.cl\/ohiggins\/wp-json\/wp\/v2\/users\/2"}],"replies":[{"embeddable":true,"href":"https:\/\/dev.explora.cl\/ohiggins\/wp-json\/wp\/v2\/comments?post=31875"}],"version-history":[{"count":1,"href":"https:\/\/dev.explora.cl\/ohiggins\/wp-json\/wp\/v2\/posts\/31875\/revisions"}],"predecessor-version":[{"id":37869,"href":"https:\/\/dev.explora.cl\/ohiggins\/wp-json\/wp\/v2\/posts\/31875\/revisions\/37869"}],"wp:featuredmedia":[{"embeddable":true,"href":"https:\/\/dev.explora.cl\/ohiggins\/wp-json\/wp\/v2\/media\/31876"}],"wp:attachment":[{"href":"https:\/\/dev.explora.cl\/ohiggins\/wp-json\/wp\/v2\/media?parent=31875"}],"wp:term":[{"taxonomy":"category","embeddable":true,"href":"https:\/\/dev.explora.cl\/ohiggins\/wp-json\/wp\/v2\/categories?post=31875"},{"taxonomy":"post_tag","embeddable":true,"href":"https:\/\/dev.explora.cl\/ohiggins\/wp-json\/wp\/v2\/tags?post=31875"}],"curies":[{"name":"wp","href":"https:\/\/api.w.org\/{rel}","templated":true}]}}