{"id":31868,"date":"2014-10-29T00:00:00","date_gmt":"2014-10-29T04:00:00","guid":{"rendered":"https:\/\/dev.explora.cl\/ohiggins\/blog\/2014\/10\/29\/ciencia-colegio\/"},"modified":"2019-05-20T18:03:44","modified_gmt":"2019-05-20T18:03:44","slug":"ciencia-colegio","status":"publish","type":"post","link":"https:\/\/dev.explora.cl\/ohiggins\/ciencia-colegio\/","title":{"rendered":"Con ferias cient\u00edficas se ha desarrollado \u201cD\u00eda de la Ciencia en Mi Colegio\u201d"},"content":{"rendered":"<p><img loading=\"lazy\" decoding=\"async\" class=\" size-full wp-image-6692\" src=\"http:\/\/ec2-34-218-253-251.us-west-2.compute.amazonaws.com\/wp-content\/uploads\/2014\/10\/3254b7378decead3f8056c6fff0983a9.jpg\" alt=\"\" width=\"1000\" height=\"667\" \/><\/p>\n<p style=\"text-align: justify\">Varios son los establecimientos educacionales que se han unido a la actividad \u201cD\u00eda de la Ciencia en Mi Colegio\u201d, principalmente a trav\u00e9s de ferias cient\u00edficas que han contado con el apoyo de PAR EXPLORA O\u2019Higgins.<\/p>\n<p style=\"text-align: justify\">Recientemente se sumaron tres establecimientos, dos de Rancagua y uno de San Fernando; el primero de ellos fue el Colegio La Rep\u00fablica, en que los estudiantes de 2\u00b0 b\u00e1sico a 4\u00b0 medio presentaron sus trabajos con el quehacer cient\u00edfico desarrollado durante el a\u00f1o, como por ejemplo, circuitos el\u00e9ctricos, cuidado de la salud, reciclaje, entre otros.<\/p>\n<p style=\"text-align: justify\"><img loading=\"lazy\" decoding=\"async\" class=\" size-full wp-image-6693\" src=\"http:\/\/ec2-34-218-253-251.us-west-2.compute.amazonaws.com\/wp-content\/uploads\/2014\/10\/collage-republica.jpg\" border=\"0\" alt=\"\" width=\"850\" height=\"200\" \/><\/p>\n<p style=\"text-align: justify\">Otro de los establecimientos es el Instituto Rancagua que desarroll\u00f3 por primera vez una Feria Cient\u00edfica, fueron los estudiantes de educaci\u00f3n Media los entusiastas mini cient\u00edficos que abordaron diferentes tem\u00e1ticas, como el tabaquismo, plantas, electricidad, salud, abejas y el mundo de las bacterias.<\/p>\n<p style=\"text-align: justify\">Dos de estos trabajos, representan al establecimiento en la Feria Cient\u00edfica que la Universidad de Talca realiza en Rancagua; correspondientes a los estudiantes, Mario Sep\u00falveda y Naldo Z\u00fa\u00f1iga con la extinci\u00f3n de las abejas; y Jos\u00e9 Espinoza e Ian Valencia con su estudio de bacterias extrem\u00f3filas (que viven en situaciones extremas).<\/p>\n<p style=\"text-align: justify\">\u00a0<img loading=\"lazy\" decoding=\"async\" class=\" size-full wp-image-6694\" src=\"http:\/\/ec2-34-218-253-251.us-west-2.compute.amazonaws.com\/wp-content\/uploads\/2014\/10\/collage-rancagua.jpg\" border=\"0\" alt=\"\" width=\"850\" height=\"200\" \/><\/p>\n<p style=\"text-align: justify\">En San Fernando, al igual que todos los a\u00f1os, el colegio San Fernando College realiz\u00f3 su d\u00eda de la ciencia, con premiaciones a los alumnos destacados, una feria cient\u00edfica, y una charla dada a la comunidad escolar por una de sus propios estudiantes; en esta ocasi\u00f3n el tema abordado fue el papiloma humano.<\/p>\n<p style=\"text-align: justify\"><img loading=\"lazy\" decoding=\"async\" class=\" size-full wp-image-6695\" src=\"http:\/\/ec2-34-218-253-251.us-west-2.compute.amazonaws.com\/wp-content\/uploads\/2014\/10\/collage-san-fernando-colage.jpg\" border=\"0\" alt=\"\" width=\"850\" height=\"200\" \/><\/p>\n<p style=\"text-align: justify\">Luis R\u00edos, coordinador ejecutivo de PAR EXPLORA, valor\u00f3 el trabajo realizado por el establecimiento, indicando que este mes se ha celebrado la ciencia y la tecnolog\u00eda con diferentes actividades, como la Semana de la Ciencia, el Congreso Regional Escolar de CyT, diversas ferias cient\u00edficas escolares; entre otras.<\/p>\n<p style=\"text-align: justify\">Estas actividades han contado con la muestra itinerante de los hongos, \u201cfungiciclo\u201d a cargo del doctor en microbiolog\u00eda, David Gonz\u00e1lez y del m\u00e9dico Carlos Gonz\u00e1lez; la que posee muestras de hongos en distintas etapas de crecimiento, y en diferentes sustratos, adem\u00e1s de dar a conocer el ciclo de los hongos, y su capacidad de biodegradaci\u00f3n.<\/p>\n<p style=\"text-align: justify\">Para m\u00e1s antecedentes se puede escribir a parexplora.ohiggins@ucm.cl<\/p>\n","protected":false},"excerpt":{"rendered":"<p>Varios son los establecimientos educacionales que se han unido a la actividad \u201cD\u00eda de la Ciencia en Mi Colegio\u201d, principalmente a trav\u00e9s de ferias cient\u00edficas que han contado con el apoyo de PAR EXPLORA O\u2019Higgins. Recientemente se sumaron tres establecimientos, dos de Rancagua y uno de San Fernando; el primero de ellos fue el Colegio [&hellip;]<\/p>\n","protected":false},"author":2,"featured_media":31869,"comment_status":"open","ping_status":"open","sticky":false,"template":"","format":"standard","meta":{"_acf_changed":false,"_exactmetrics_skip_tracking":false,"_exactmetrics_sitenote_active":false,"_exactmetrics_sitenote_note":"","_exactmetrics_sitenote_category":0,"footnotes":"","_links_to":"","_links_to_target":""},"categories":[4],"tags":[],"class_list":["post-31868","post","type-post","status-publish","format-standard","has-post-thumbnail","hentry","category-noticias"],"acf":[],"yoast_head":"<!-- This site is optimized with the Yoast SEO plugin v26.7 - https:\/\/yoast.com\/wordpress\/plugins\/seo\/ -->\n<title>Con ferias cient\u00edficas se ha desarrollado \u201cD\u00eda de la Ciencia en Mi Colegio\u201d - O&#039;Higgins<\/title>\n<meta name=\"robots\" content=\"index, follow, max-snippet:-1, max-image-preview:large, max-video-preview:-1\" \/>\n<link rel=\"canonical\" href=\"https:\/\/dev.explora.cl\/ohiggins\/ciencia-colegio\/\" class=\"yoast-seo-meta-tag\" \/>\n<meta property=\"og:locale\" content=\"es_ES\" class=\"yoast-seo-meta-tag\" \/>\n<meta property=\"og:type\" content=\"article\" class=\"yoast-seo-meta-tag\" \/>\n<meta property=\"og:title\" content=\"Con ferias cient\u00edficas se ha desarrollado \u201cD\u00eda de la Ciencia en Mi Colegio\u201d - O&#039;Higgins\" class=\"yoast-seo-meta-tag\" \/>\n<meta property=\"og:description\" content=\"Varios son los establecimientos educacionales que se han unido a la actividad \u201cD\u00eda de la Ciencia en Mi Colegio\u201d, principalmente a trav\u00e9s de ferias cient\u00edficas que han contado con el apoyo de PAR EXPLORA O\u2019Higgins. Recientemente se sumaron tres establecimientos, dos de Rancagua y uno de San Fernando; el primero de ellos fue el Colegio [&hellip;]\" class=\"yoast-seo-meta-tag\" \/>\n<meta property=\"og:url\" content=\"https:\/\/dev.explora.cl\/ohiggins\/ciencia-colegio\/\" class=\"yoast-seo-meta-tag\" \/>\n<meta property=\"og:site_name\" content=\"O&#039;Higgins\" class=\"yoast-seo-meta-tag\" \/>\n<meta property=\"article:published_time\" content=\"2014-10-29T04:00:00+00:00\" class=\"yoast-seo-meta-tag\" \/>\n<meta property=\"article:modified_time\" content=\"2019-05-20T18:03:44+00:00\" class=\"yoast-seo-meta-tag\" \/>\n<meta property=\"og:image\" content=\"https:\/\/dev.explora.cl\/ohiggins\/wp-content\/uploads\/sites\/8\/2018\/06\/3254b7378decead3f8056c6fff0983a9.jpg\" class=\"yoast-seo-meta-tag\" \/>\n\t<meta property=\"og:image:width\" content=\"1000\" class=\"yoast-seo-meta-tag\" \/>\n\t<meta property=\"og:image:height\" content=\"667\" class=\"yoast-seo-meta-tag\" \/>\n\t<meta property=\"og:image:type\" content=\"image\/jpeg\" class=\"yoast-seo-meta-tag\" \/>\n<meta name=\"author\" content=\"webman\" class=\"yoast-seo-meta-tag\" \/>\n<meta name=\"twitter:card\" content=\"summary_large_image\" class=\"yoast-seo-meta-tag\" \/>\n<meta name=\"twitter:label1\" content=\"Escrito por\" class=\"yoast-seo-meta-tag\" \/>\n\t<meta name=\"twitter:data1\" content=\"webman\" class=\"yoast-seo-meta-tag\" \/>\n\t<meta name=\"twitter:label2\" content=\"Tiempo estimado de lectura\" class=\"yoast-seo-meta-tag\" \/>\n\t<meta name=\"twitter:data2\" content=\"2 minutos\" class=\"yoast-seo-meta-tag\" \/>\n<script type=\"application\/ld+json\" class=\"yoast-schema-graph\">{\"@context\":\"https:\/\/schema.org\",\"@graph\":[{\"@type\":\"Article\",\"@id\":\"https:\/\/dev.explora.cl\/ohiggins\/ciencia-colegio\/#article\",\"isPartOf\":{\"@id\":\"https:\/\/dev.explora.cl\/ohiggins\/ciencia-colegio\/\"},\"author\":{\"name\":\"webman\",\"@id\":\"https:\/\/dev.explora.cl\/ohiggins\/#\/schema\/person\/cb8349c13ea2d324080adf8480d7ba5d\"},\"headline\":\"Con ferias cient\u00edficas se ha desarrollado \u201cD\u00eda de la Ciencia en Mi Colegio\u201d\",\"datePublished\":\"2014-10-29T04:00:00+00:00\",\"dateModified\":\"2019-05-20T18:03:44+00:00\",\"mainEntityOfPage\":{\"@id\":\"https:\/\/dev.explora.cl\/ohiggins\/ciencia-colegio\/\"},\"wordCount\":395,\"commentCount\":0,\"image\":{\"@id\":\"https:\/\/dev.explora.cl\/ohiggins\/ciencia-colegio\/#primaryimage\"},\"thumbnailUrl\":\"https:\/\/dev.explora.cl\/ohiggins\/wp-content\/uploads\/sites\/8\/2018\/06\/3254b7378decead3f8056c6fff0983a9.jpg\",\"articleSection\":[\"Noticias\"],\"inLanguage\":\"es-CL\",\"potentialAction\":[{\"@type\":\"CommentAction\",\"name\":\"Comment\",\"target\":[\"https:\/\/dev.explora.cl\/ohiggins\/ciencia-colegio\/#respond\"]}]},{\"@type\":\"WebPage\",\"@id\":\"https:\/\/dev.explora.cl\/ohiggins\/ciencia-colegio\/\",\"url\":\"https:\/\/dev.explora.cl\/ohiggins\/ciencia-colegio\/\",\"name\":\"Con ferias cient\u00edficas se ha desarrollado \u201cD\u00eda de la Ciencia en Mi Colegio\u201d - O&#039;Higgins\",\"isPartOf\":{\"@id\":\"https:\/\/dev.explora.cl\/ohiggins\/#website\"},\"primaryImageOfPage\":{\"@id\":\"https:\/\/dev.explora.cl\/ohiggins\/ciencia-colegio\/#primaryimage\"},\"image\":{\"@id\":\"https:\/\/dev.explora.cl\/ohiggins\/ciencia-colegio\/#primaryimage\"},\"thumbnailUrl\":\"https:\/\/dev.explora.cl\/ohiggins\/wp-content\/uploads\/sites\/8\/2018\/06\/3254b7378decead3f8056c6fff0983a9.jpg\",\"datePublished\":\"2014-10-29T04:00:00+00:00\",\"dateModified\":\"2019-05-20T18:03:44+00:00\",\"author\":{\"@id\":\"https:\/\/dev.explora.cl\/ohiggins\/#\/schema\/person\/cb8349c13ea2d324080adf8480d7ba5d\"},\"breadcrumb\":{\"@id\":\"https:\/\/dev.explora.cl\/ohiggins\/ciencia-colegio\/#breadcrumb\"},\"inLanguage\":\"es-CL\",\"potentialAction\":[{\"@type\":\"ReadAction\",\"target\":[\"https:\/\/dev.explora.cl\/ohiggins\/ciencia-colegio\/\"]}]},{\"@type\":\"ImageObject\",\"inLanguage\":\"es-CL\",\"@id\":\"https:\/\/dev.explora.cl\/ohiggins\/ciencia-colegio\/#primaryimage\",\"url\":\"https:\/\/dev.explora.cl\/ohiggins\/wp-content\/uploads\/sites\/8\/2018\/06\/3254b7378decead3f8056c6fff0983a9.jpg\",\"contentUrl\":\"https:\/\/dev.explora.cl\/ohiggins\/wp-content\/uploads\/sites\/8\/2018\/06\/3254b7378decead3f8056c6fff0983a9.jpg\",\"width\":1000,\"height\":667},{\"@type\":\"BreadcrumbList\",\"@id\":\"https:\/\/dev.explora.cl\/ohiggins\/ciencia-colegio\/#breadcrumb\",\"itemListElement\":[{\"@type\":\"ListItem\",\"position\":1,\"name\":\"Portada\",\"item\":\"https:\/\/dev.explora.cl\/ohiggins\/\"},{\"@type\":\"ListItem\",\"position\":2,\"name\":\"Con ferias cient\u00edficas se ha desarrollado \u201cD\u00eda de la Ciencia en Mi Colegio\u201d\"}]},{\"@type\":\"WebSite\",\"@id\":\"https:\/\/dev.explora.cl\/ohiggins\/#website\",\"url\":\"https:\/\/dev.explora.cl\/ohiggins\/\",\"name\":\"O&#039;Higgins\",\"description\":\"Otro sitio m\u00e1s de dev.explora.cl\",\"potentialAction\":[{\"@type\":\"SearchAction\",\"target\":{\"@type\":\"EntryPoint\",\"urlTemplate\":\"https:\/\/dev.explora.cl\/ohiggins\/?s={search_term_string}\"},\"query-input\":{\"@type\":\"PropertyValueSpecification\",\"valueRequired\":true,\"valueName\":\"search_term_string\"}}],\"inLanguage\":\"es-CL\"},{\"@type\":\"Person\",\"@id\":\"https:\/\/dev.explora.cl\/ohiggins\/#\/schema\/person\/cb8349c13ea2d324080adf8480d7ba5d\",\"name\":\"webman\",\"image\":{\"@type\":\"ImageObject\",\"inLanguage\":\"es-CL\",\"@id\":\"https:\/\/dev.explora.cl\/ohiggins\/#\/schema\/person\/image\/\",\"url\":\"https:\/\/secure.gravatar.com\/avatar\/eeff3c82f2c02f7177d13663b7e6f890e9a6a0647ce9bb29cae02dcb094c7312?s=96&d=mm&r=g\",\"contentUrl\":\"https:\/\/secure.gravatar.com\/avatar\/eeff3c82f2c02f7177d13663b7e6f890e9a6a0647ce9bb29cae02dcb094c7312?s=96&d=mm&r=g\",\"caption\":\"webman\"},\"url\":\"https:\/\/dev.explora.cl\/ohiggins\/author\/webman\/\"}]}<\/script>\n<!-- \/ Yoast SEO plugin. -->","yoast_head_json":{"title":"Con ferias cient\u00edficas se ha desarrollado \u201cD\u00eda de la Ciencia en Mi Colegio\u201d - O&#039;Higgins","robots":{"index":"index","follow":"follow","max-snippet":"max-snippet:-1","max-image-preview":"max-image-preview:large","max-video-preview":"max-video-preview:-1"},"canonical":"https:\/\/dev.explora.cl\/ohiggins\/ciencia-colegio\/","og_locale":"es_ES","og_type":"article","og_title":"Con ferias cient\u00edficas se ha desarrollado \u201cD\u00eda de la Ciencia en Mi Colegio\u201d - O&#039;Higgins","og_description":"Varios son los establecimientos educacionales que se han unido a la actividad \u201cD\u00eda de la Ciencia en Mi Colegio\u201d, principalmente a trav\u00e9s de ferias cient\u00edficas que han contado con el apoyo de PAR EXPLORA O\u2019Higgins. Recientemente se sumaron tres establecimientos, dos de Rancagua y uno de San Fernando; el primero de ellos fue el Colegio [&hellip;]","og_url":"https:\/\/dev.explora.cl\/ohiggins\/ciencia-colegio\/","og_site_name":"O&#039;Higgins","article_published_time":"2014-10-29T04:00:00+00:00","article_modified_time":"2019-05-20T18:03:44+00:00","og_image":[{"width":1000,"height":667,"url":"https:\/\/dev.explora.cl\/ohiggins\/wp-content\/uploads\/sites\/8\/2018\/06\/3254b7378decead3f8056c6fff0983a9.jpg","type":"image\/jpeg"}],"author":"webman","twitter_card":"summary_large_image","twitter_misc":{"Escrito por":"webman","Tiempo estimado de lectura":"2 minutos"},"schema":{"@context":"https:\/\/schema.org","@graph":[{"@type":"Article","@id":"https:\/\/dev.explora.cl\/ohiggins\/ciencia-colegio\/#article","isPartOf":{"@id":"https:\/\/dev.explora.cl\/ohiggins\/ciencia-colegio\/"},"author":{"name":"webman","@id":"https:\/\/dev.explora.cl\/ohiggins\/#\/schema\/person\/cb8349c13ea2d324080adf8480d7ba5d"},"headline":"Con ferias cient\u00edficas se ha desarrollado \u201cD\u00eda de la Ciencia en Mi Colegio\u201d","datePublished":"2014-10-29T04:00:00+00:00","dateModified":"2019-05-20T18:03:44+00:00","mainEntityOfPage":{"@id":"https:\/\/dev.explora.cl\/ohiggins\/ciencia-colegio\/"},"wordCount":395,"commentCount":0,"image":{"@id":"https:\/\/dev.explora.cl\/ohiggins\/ciencia-colegio\/#primaryimage"},"thumbnailUrl":"https:\/\/dev.explora.cl\/ohiggins\/wp-content\/uploads\/sites\/8\/2018\/06\/3254b7378decead3f8056c6fff0983a9.jpg","articleSection":["Noticias"],"inLanguage":"es-CL","potentialAction":[{"@type":"CommentAction","name":"Comment","target":["https:\/\/dev.explora.cl\/ohiggins\/ciencia-colegio\/#respond"]}]},{"@type":"WebPage","@id":"https:\/\/dev.explora.cl\/ohiggins\/ciencia-colegio\/","url":"https:\/\/dev.explora.cl\/ohiggins\/ciencia-colegio\/","name":"Con ferias cient\u00edficas se ha desarrollado \u201cD\u00eda de la Ciencia en Mi Colegio\u201d - O&#039;Higgins","isPartOf":{"@id":"https:\/\/dev.explora.cl\/ohiggins\/#website"},"primaryImageOfPage":{"@id":"https:\/\/dev.explora.cl\/ohiggins\/ciencia-colegio\/#primaryimage"},"image":{"@id":"https:\/\/dev.explora.cl\/ohiggins\/ciencia-colegio\/#primaryimage"},"thumbnailUrl":"https:\/\/dev.explora.cl\/ohiggins\/wp-content\/uploads\/sites\/8\/2018\/06\/3254b7378decead3f8056c6fff0983a9.jpg","datePublished":"2014-10-29T04:00:00+00:00","dateModified":"2019-05-20T18:03:44+00:00","author":{"@id":"https:\/\/dev.explora.cl\/ohiggins\/#\/schema\/person\/cb8349c13ea2d324080adf8480d7ba5d"},"breadcrumb":{"@id":"https:\/\/dev.explora.cl\/ohiggins\/ciencia-colegio\/#breadcrumb"},"inLanguage":"es-CL","potentialAction":[{"@type":"ReadAction","target":["https:\/\/dev.explora.cl\/ohiggins\/ciencia-colegio\/"]}]},{"@type":"ImageObject","inLanguage":"es-CL","@id":"https:\/\/dev.explora.cl\/ohiggins\/ciencia-colegio\/#primaryimage","url":"https:\/\/dev.explora.cl\/ohiggins\/wp-content\/uploads\/sites\/8\/2018\/06\/3254b7378decead3f8056c6fff0983a9.jpg","contentUrl":"https:\/\/dev.explora.cl\/ohiggins\/wp-content\/uploads\/sites\/8\/2018\/06\/3254b7378decead3f8056c6fff0983a9.jpg","width":1000,"height":667},{"@type":"BreadcrumbList","@id":"https:\/\/dev.explora.cl\/ohiggins\/ciencia-colegio\/#breadcrumb","itemListElement":[{"@type":"ListItem","position":1,"name":"Portada","item":"https:\/\/dev.explora.cl\/ohiggins\/"},{"@type":"ListItem","position":2,"name":"Con ferias cient\u00edficas se ha desarrollado \u201cD\u00eda de la Ciencia en Mi Colegio\u201d"}]},{"@type":"WebSite","@id":"https:\/\/dev.explora.cl\/ohiggins\/#website","url":"https:\/\/dev.explora.cl\/ohiggins\/","name":"O&#039;Higgins","description":"Otro sitio m\u00e1s de dev.explora.cl","potentialAction":[{"@type":"SearchAction","target":{"@type":"EntryPoint","urlTemplate":"https:\/\/dev.explora.cl\/ohiggins\/?s={search_term_string}"},"query-input":{"@type":"PropertyValueSpecification","valueRequired":true,"valueName":"search_term_string"}}],"inLanguage":"es-CL"},{"@type":"Person","@id":"https:\/\/dev.explora.cl\/ohiggins\/#\/schema\/person\/cb8349c13ea2d324080adf8480d7ba5d","name":"webman","image":{"@type":"ImageObject","inLanguage":"es-CL","@id":"https:\/\/dev.explora.cl\/ohiggins\/#\/schema\/person\/image\/","url":"https:\/\/secure.gravatar.com\/avatar\/eeff3c82f2c02f7177d13663b7e6f890e9a6a0647ce9bb29cae02dcb094c7312?s=96&d=mm&r=g","contentUrl":"https:\/\/secure.gravatar.com\/avatar\/eeff3c82f2c02f7177d13663b7e6f890e9a6a0647ce9bb29cae02dcb094c7312?s=96&d=mm&r=g","caption":"webman"},"url":"https:\/\/dev.explora.cl\/ohiggins\/author\/webman\/"}]}},"_links":{"self":[{"href":"https:\/\/dev.explora.cl\/ohiggins\/wp-json\/wp\/v2\/posts\/31868","targetHints":{"allow":["GET"]}}],"collection":[{"href":"https:\/\/dev.explora.cl\/ohiggins\/wp-json\/wp\/v2\/posts"}],"about":[{"href":"https:\/\/dev.explora.cl\/ohiggins\/wp-json\/wp\/v2\/types\/post"}],"author":[{"embeddable":true,"href":"https:\/\/dev.explora.cl\/ohiggins\/wp-json\/wp\/v2\/users\/2"}],"replies":[{"embeddable":true,"href":"https:\/\/dev.explora.cl\/ohiggins\/wp-json\/wp\/v2\/comments?post=31868"}],"version-history":[{"count":1,"href":"https:\/\/dev.explora.cl\/ohiggins\/wp-json\/wp\/v2\/posts\/31868\/revisions"}],"predecessor-version":[{"id":37873,"href":"https:\/\/dev.explora.cl\/ohiggins\/wp-json\/wp\/v2\/posts\/31868\/revisions\/37873"}],"wp:featuredmedia":[{"embeddable":true,"href":"https:\/\/dev.explora.cl\/ohiggins\/wp-json\/wp\/v2\/media\/31869"}],"wp:attachment":[{"href":"https:\/\/dev.explora.cl\/ohiggins\/wp-json\/wp\/v2\/media?parent=31868"}],"wp:term":[{"taxonomy":"category","embeddable":true,"href":"https:\/\/dev.explora.cl\/ohiggins\/wp-json\/wp\/v2\/categories?post=31868"},{"taxonomy":"post_tag","embeddable":true,"href":"https:\/\/dev.explora.cl\/ohiggins\/wp-json\/wp\/v2\/tags?post=31868"}],"curies":[{"name":"wp","href":"https:\/\/api.w.org\/{rel}","templated":true}]}}