{"id":31853,"date":"2014-10-22T00:00:00","date_gmt":"2014-10-22T04:00:00","guid":{"rendered":"https:\/\/dev.explora.cl\/ohiggins\/blog\/2014\/10\/22\/ganadores\/"},"modified":"2019-05-20T18:03:45","modified_gmt":"2019-05-20T18:03:45","slug":"ganadores","status":"publish","type":"post","link":"https:\/\/dev.explora.cl\/ohiggins\/ganadores\/","title":{"rendered":"Club de Escuela Agr\u00edcola Las Garzas va por el bicampeonato nacional"},"content":{"rendered":"<p><img loading=\"lazy\" decoding=\"async\" class=\" size-full wp-image-6450\" src=\"http:\/\/ec2-34-218-253-251.us-west-2.compute.amazonaws.com\/wp-content\/uploads\/2014\/10\/41bdba8e9d392e580486d746bdfbb73c.jpg\" alt=\"\" width=\"1773\" height=\"978\" \/><\/p>\n<p style=\"text-align: justify\"><span style=\"font-family: Calibri\"><span style=\"font-size: medium\"><span style=\"color: #000000\">Una sorpresa fueron los resultados del II Congreso Regional Escolar de CyT EXPLORA CONICYT, desarrollado este martes en dependencias de la sede de la UC del Maule; ya que \u00a0<\/span><\/span><span style=\"color: #000000;font-size: medium\">la Escuela Agr\u00edcola Las Garzas se llev\u00f3 el primer lugar en las categor\u00edas de Educaci\u00f3n Media y B\u00e1sica, en esta \u00faltima saca el bicampeonato en O\u2019Higgins, con<\/span><span style=\"color: #000000;font-size: medium\">\u00a0 <\/span><span style=\"color: #000000;font-size: medium\">lo que tendr\u00e1 la responsabilidad de representar a la regi\u00f3n en el Congreso Nacional de CyT.<\/span><\/span><\/p>\n<p style=\"text-align: justify\"><span style=\"font-family: Calibri\"><span style=\"font-size: medium\"><span style=\"color: #000000\">Nicol\u00e1s L\u00f3pez y Benjam\u00edn Quilaqueo en Media ganaron con el proyecto \u00a0<\/span><\/span><span style=\"color: #000000;font-size: medium\">\u201cMejoramiento del agua para regad\u00edo usando algas filamentosas; en tanto en B\u00e1sica fue la iniciativa \u201cEfecto fungicida de aceites senciales de Quillay, Litre y Peumo\u201c, desarrollada por los alumnos Lucas Pe\u00f1a y Juan Pablo Aliaga; ambas iniciativas bajo la gu\u00eda del profesor Fernando Aguilar.<\/span><\/span><\/p>\n<p style=\"text-align: justify\"><span style=\"font-family: Calibri\"><span style=\"font-size: medium\"><span style=\"color: #000000\">Como se recordar\u00e1 el a\u00f1o pasado este club present\u00f3 la investigaci\u00f3n \u201cEfecto fungist\u00e1tico de extracto de latex de Ficus C\u00e1rica sobre hongos filamentosos&#8221;, con los que gan\u00f3 el Congreso Nacional en \u00a0<\/span><\/span><span style=\"color: #000000;font-size: medium\">B\u00e1sica. <\/span><\/span><\/p>\n<p style=\"text-align: justify\"><span style=\"font-size: medium\"><span style=\"color: #000000\"><span style=\"font-family: Calibri\">18 fueron los proyectos que fueron seleccionados de las diversas comunas de la regi\u00f3n; ocho en la categor\u00eda de Educaci\u00f3n B\u00e1sica y diez en Media, en que mostraron diversos trabajos de investigaci\u00f3n cient\u00edfica, como bacterias, qu\u00edmica pura, ornitolog\u00eda, uso del agua, agricultura, entre otros. <\/span><\/span><\/span><\/p>\n<p style=\"text-align: justify\"><span style=\"font-family: Calibri\"><span style=\"font-size: medium\"><span style=\"color: #000000\">El Congreso, en palabras de Felipe Mar\u00edn, director del PAR EXPLORA O\u00b4Higgins, \u00a0<\/span><\/span><span style=\"color: #000000;font-size: medium\">\u201ces una instancia para compartir aprendizajes, ideas cient\u00edficas e ideales que nos comprometen humanamente con el anhelo de una sociedad m\u00e1s unida y solidaria\u201d. Felicitando tanto a los estudiantes como a los profesores por su participaci\u00f3n.<\/span><\/span><\/p>\n<p style=\"text-align: justify\"><span style=\"color: #000000;font-family: Calibri;font-size: medium\">Al respecto, Diego Dur\u00e1n, rector de la UC del Maule, organismo ejecutor de PAR EXPLORA, destac\u00f3 que los alumnos en la categor\u00eda b\u00e1sica hayan ganado nuevamente, \u201clo que es un indicio de que en Las Garzas se est\u00e1 trabajando bien en ciencias, y nos est\u00e1 mostrando algo que puede ser significativo en la regi\u00f3n\u201d.<\/span><\/p>\n","protected":false},"excerpt":{"rendered":"<p>Una sorpresa fueron los resultados del II Congreso Regional Escolar de CyT EXPLORA CONICYT, desarrollado este martes en dependencias de la sede de la UC del Maule; ya que \u00a0la Escuela Agr\u00edcola Las Garzas se llev\u00f3 el primer lugar en las categor\u00edas de Educaci\u00f3n Media y B\u00e1sica, en esta \u00faltima saca el bicampeonato en O\u2019Higgins, [&hellip;]<\/p>\n","protected":false},"author":2,"featured_media":31854,"comment_status":"open","ping_status":"open","sticky":false,"template":"","format":"standard","meta":{"_acf_changed":false,"_exactmetrics_skip_tracking":false,"_exactmetrics_sitenote_active":false,"_exactmetrics_sitenote_note":"","_exactmetrics_sitenote_category":0,"footnotes":"","_links_to":"","_links_to_target":""},"categories":[4],"tags":[],"class_list":["post-31853","post","type-post","status-publish","format-standard","has-post-thumbnail","hentry","category-noticias"],"acf":[],"yoast_head":"<!-- This site is optimized with the Yoast SEO plugin v26.7 - https:\/\/yoast.com\/wordpress\/plugins\/seo\/ -->\n<title>Club de Escuela Agr\u00edcola Las Garzas va por el bicampeonato nacional - O&#039;Higgins<\/title>\n<meta name=\"robots\" content=\"index, follow, max-snippet:-1, max-image-preview:large, max-video-preview:-1\" \/>\n<link rel=\"canonical\" href=\"https:\/\/dev.explora.cl\/ohiggins\/ganadores\/\" class=\"yoast-seo-meta-tag\" \/>\n<meta property=\"og:locale\" content=\"es_ES\" class=\"yoast-seo-meta-tag\" \/>\n<meta property=\"og:type\" content=\"article\" class=\"yoast-seo-meta-tag\" \/>\n<meta property=\"og:title\" content=\"Club de Escuela Agr\u00edcola Las Garzas va por el bicampeonato nacional - O&#039;Higgins\" class=\"yoast-seo-meta-tag\" \/>\n<meta property=\"og:description\" content=\"Una sorpresa fueron los resultados del II Congreso Regional Escolar de CyT EXPLORA CONICYT, desarrollado este martes en dependencias de la sede de la UC del Maule; ya que \u00a0la Escuela Agr\u00edcola Las Garzas se llev\u00f3 el primer lugar en las categor\u00edas de Educaci\u00f3n Media y B\u00e1sica, en esta \u00faltima saca el bicampeonato en O\u2019Higgins, [&hellip;]\" class=\"yoast-seo-meta-tag\" \/>\n<meta property=\"og:url\" content=\"https:\/\/dev.explora.cl\/ohiggins\/ganadores\/\" class=\"yoast-seo-meta-tag\" \/>\n<meta property=\"og:site_name\" content=\"O&#039;Higgins\" class=\"yoast-seo-meta-tag\" \/>\n<meta property=\"article:published_time\" content=\"2014-10-22T04:00:00+00:00\" class=\"yoast-seo-meta-tag\" \/>\n<meta property=\"article:modified_time\" content=\"2019-05-20T18:03:45+00:00\" class=\"yoast-seo-meta-tag\" \/>\n<meta property=\"og:image\" content=\"https:\/\/dev.explora.cl\/ohiggins\/wp-content\/uploads\/sites\/8\/2018\/06\/41bdba8e9d392e580486d746bdfbb73c.jpg\" class=\"yoast-seo-meta-tag\" \/>\n\t<meta property=\"og:image:width\" content=\"1773\" class=\"yoast-seo-meta-tag\" \/>\n\t<meta property=\"og:image:height\" content=\"978\" class=\"yoast-seo-meta-tag\" \/>\n\t<meta property=\"og:image:type\" content=\"image\/jpeg\" class=\"yoast-seo-meta-tag\" \/>\n<meta name=\"author\" content=\"webman\" class=\"yoast-seo-meta-tag\" \/>\n<meta name=\"twitter:card\" content=\"summary_large_image\" class=\"yoast-seo-meta-tag\" \/>\n<meta name=\"twitter:label1\" content=\"Escrito por\" class=\"yoast-seo-meta-tag\" \/>\n\t<meta name=\"twitter:data1\" content=\"webman\" class=\"yoast-seo-meta-tag\" \/>\n\t<meta name=\"twitter:label2\" content=\"Tiempo estimado de lectura\" class=\"yoast-seo-meta-tag\" \/>\n\t<meta name=\"twitter:data2\" content=\"2 minutos\" class=\"yoast-seo-meta-tag\" \/>\n<script type=\"application\/ld+json\" class=\"yoast-schema-graph\">{\"@context\":\"https:\/\/schema.org\",\"@graph\":[{\"@type\":\"Article\",\"@id\":\"https:\/\/dev.explora.cl\/ohiggins\/ganadores\/#article\",\"isPartOf\":{\"@id\":\"https:\/\/dev.explora.cl\/ohiggins\/ganadores\/\"},\"author\":{\"name\":\"webman\",\"@id\":\"https:\/\/dev.explora.cl\/ohiggins\/#\/schema\/person\/cb8349c13ea2d324080adf8480d7ba5d\"},\"headline\":\"Club de Escuela Agr\u00edcola Las Garzas va por el bicampeonato nacional\",\"datePublished\":\"2014-10-22T04:00:00+00:00\",\"dateModified\":\"2019-05-20T18:03:45+00:00\",\"mainEntityOfPage\":{\"@id\":\"https:\/\/dev.explora.cl\/ohiggins\/ganadores\/\"},\"wordCount\":351,\"commentCount\":0,\"image\":{\"@id\":\"https:\/\/dev.explora.cl\/ohiggins\/ganadores\/#primaryimage\"},\"thumbnailUrl\":\"https:\/\/dev.explora.cl\/ohiggins\/wp-content\/uploads\/sites\/8\/2018\/06\/41bdba8e9d392e580486d746bdfbb73c.jpg\",\"articleSection\":[\"Noticias\"],\"inLanguage\":\"es-CL\",\"potentialAction\":[{\"@type\":\"CommentAction\",\"name\":\"Comment\",\"target\":[\"https:\/\/dev.explora.cl\/ohiggins\/ganadores\/#respond\"]}]},{\"@type\":\"WebPage\",\"@id\":\"https:\/\/dev.explora.cl\/ohiggins\/ganadores\/\",\"url\":\"https:\/\/dev.explora.cl\/ohiggins\/ganadores\/\",\"name\":\"Club de Escuela Agr\u00edcola Las Garzas va por el bicampeonato nacional - O&#039;Higgins\",\"isPartOf\":{\"@id\":\"https:\/\/dev.explora.cl\/ohiggins\/#website\"},\"primaryImageOfPage\":{\"@id\":\"https:\/\/dev.explora.cl\/ohiggins\/ganadores\/#primaryimage\"},\"image\":{\"@id\":\"https:\/\/dev.explora.cl\/ohiggins\/ganadores\/#primaryimage\"},\"thumbnailUrl\":\"https:\/\/dev.explora.cl\/ohiggins\/wp-content\/uploads\/sites\/8\/2018\/06\/41bdba8e9d392e580486d746bdfbb73c.jpg\",\"datePublished\":\"2014-10-22T04:00:00+00:00\",\"dateModified\":\"2019-05-20T18:03:45+00:00\",\"author\":{\"@id\":\"https:\/\/dev.explora.cl\/ohiggins\/#\/schema\/person\/cb8349c13ea2d324080adf8480d7ba5d\"},\"breadcrumb\":{\"@id\":\"https:\/\/dev.explora.cl\/ohiggins\/ganadores\/#breadcrumb\"},\"inLanguage\":\"es-CL\",\"potentialAction\":[{\"@type\":\"ReadAction\",\"target\":[\"https:\/\/dev.explora.cl\/ohiggins\/ganadores\/\"]}]},{\"@type\":\"ImageObject\",\"inLanguage\":\"es-CL\",\"@id\":\"https:\/\/dev.explora.cl\/ohiggins\/ganadores\/#primaryimage\",\"url\":\"https:\/\/dev.explora.cl\/ohiggins\/wp-content\/uploads\/sites\/8\/2018\/06\/41bdba8e9d392e580486d746bdfbb73c.jpg\",\"contentUrl\":\"https:\/\/dev.explora.cl\/ohiggins\/wp-content\/uploads\/sites\/8\/2018\/06\/41bdba8e9d392e580486d746bdfbb73c.jpg\",\"width\":1773,\"height\":978},{\"@type\":\"BreadcrumbList\",\"@id\":\"https:\/\/dev.explora.cl\/ohiggins\/ganadores\/#breadcrumb\",\"itemListElement\":[{\"@type\":\"ListItem\",\"position\":1,\"name\":\"Portada\",\"item\":\"https:\/\/dev.explora.cl\/ohiggins\/\"},{\"@type\":\"ListItem\",\"position\":2,\"name\":\"Club de Escuela Agr\u00edcola Las Garzas va por el bicampeonato nacional\"}]},{\"@type\":\"WebSite\",\"@id\":\"https:\/\/dev.explora.cl\/ohiggins\/#website\",\"url\":\"https:\/\/dev.explora.cl\/ohiggins\/\",\"name\":\"O&#039;Higgins\",\"description\":\"Otro sitio m\u00e1s de dev.explora.cl\",\"potentialAction\":[{\"@type\":\"SearchAction\",\"target\":{\"@type\":\"EntryPoint\",\"urlTemplate\":\"https:\/\/dev.explora.cl\/ohiggins\/?s={search_term_string}\"},\"query-input\":{\"@type\":\"PropertyValueSpecification\",\"valueRequired\":true,\"valueName\":\"search_term_string\"}}],\"inLanguage\":\"es-CL\"},{\"@type\":\"Person\",\"@id\":\"https:\/\/dev.explora.cl\/ohiggins\/#\/schema\/person\/cb8349c13ea2d324080adf8480d7ba5d\",\"name\":\"webman\",\"image\":{\"@type\":\"ImageObject\",\"inLanguage\":\"es-CL\",\"@id\":\"https:\/\/dev.explora.cl\/ohiggins\/#\/schema\/person\/image\/\",\"url\":\"https:\/\/secure.gravatar.com\/avatar\/eeff3c82f2c02f7177d13663b7e6f890e9a6a0647ce9bb29cae02dcb094c7312?s=96&d=mm&r=g\",\"contentUrl\":\"https:\/\/secure.gravatar.com\/avatar\/eeff3c82f2c02f7177d13663b7e6f890e9a6a0647ce9bb29cae02dcb094c7312?s=96&d=mm&r=g\",\"caption\":\"webman\"},\"url\":\"https:\/\/dev.explora.cl\/ohiggins\/author\/webman\/\"}]}<\/script>\n<!-- \/ Yoast SEO plugin. -->","yoast_head_json":{"title":"Club de Escuela Agr\u00edcola Las Garzas va por el bicampeonato nacional - O&#039;Higgins","robots":{"index":"index","follow":"follow","max-snippet":"max-snippet:-1","max-image-preview":"max-image-preview:large","max-video-preview":"max-video-preview:-1"},"canonical":"https:\/\/dev.explora.cl\/ohiggins\/ganadores\/","og_locale":"es_ES","og_type":"article","og_title":"Club de Escuela Agr\u00edcola Las Garzas va por el bicampeonato nacional - O&#039;Higgins","og_description":"Una sorpresa fueron los resultados del II Congreso Regional Escolar de CyT EXPLORA CONICYT, desarrollado este martes en dependencias de la sede de la UC del Maule; ya que \u00a0la Escuela Agr\u00edcola Las Garzas se llev\u00f3 el primer lugar en las categor\u00edas de Educaci\u00f3n Media y B\u00e1sica, en esta \u00faltima saca el bicampeonato en O\u2019Higgins, [&hellip;]","og_url":"https:\/\/dev.explora.cl\/ohiggins\/ganadores\/","og_site_name":"O&#039;Higgins","article_published_time":"2014-10-22T04:00:00+00:00","article_modified_time":"2019-05-20T18:03:45+00:00","og_image":[{"width":1773,"height":978,"url":"https:\/\/dev.explora.cl\/ohiggins\/wp-content\/uploads\/sites\/8\/2018\/06\/41bdba8e9d392e580486d746bdfbb73c.jpg","type":"image\/jpeg"}],"author":"webman","twitter_card":"summary_large_image","twitter_misc":{"Escrito por":"webman","Tiempo estimado de lectura":"2 minutos"},"schema":{"@context":"https:\/\/schema.org","@graph":[{"@type":"Article","@id":"https:\/\/dev.explora.cl\/ohiggins\/ganadores\/#article","isPartOf":{"@id":"https:\/\/dev.explora.cl\/ohiggins\/ganadores\/"},"author":{"name":"webman","@id":"https:\/\/dev.explora.cl\/ohiggins\/#\/schema\/person\/cb8349c13ea2d324080adf8480d7ba5d"},"headline":"Club de Escuela Agr\u00edcola Las Garzas va por el bicampeonato nacional","datePublished":"2014-10-22T04:00:00+00:00","dateModified":"2019-05-20T18:03:45+00:00","mainEntityOfPage":{"@id":"https:\/\/dev.explora.cl\/ohiggins\/ganadores\/"},"wordCount":351,"commentCount":0,"image":{"@id":"https:\/\/dev.explora.cl\/ohiggins\/ganadores\/#primaryimage"},"thumbnailUrl":"https:\/\/dev.explora.cl\/ohiggins\/wp-content\/uploads\/sites\/8\/2018\/06\/41bdba8e9d392e580486d746bdfbb73c.jpg","articleSection":["Noticias"],"inLanguage":"es-CL","potentialAction":[{"@type":"CommentAction","name":"Comment","target":["https:\/\/dev.explora.cl\/ohiggins\/ganadores\/#respond"]}]},{"@type":"WebPage","@id":"https:\/\/dev.explora.cl\/ohiggins\/ganadores\/","url":"https:\/\/dev.explora.cl\/ohiggins\/ganadores\/","name":"Club de Escuela Agr\u00edcola Las Garzas va por el bicampeonato nacional - O&#039;Higgins","isPartOf":{"@id":"https:\/\/dev.explora.cl\/ohiggins\/#website"},"primaryImageOfPage":{"@id":"https:\/\/dev.explora.cl\/ohiggins\/ganadores\/#primaryimage"},"image":{"@id":"https:\/\/dev.explora.cl\/ohiggins\/ganadores\/#primaryimage"},"thumbnailUrl":"https:\/\/dev.explora.cl\/ohiggins\/wp-content\/uploads\/sites\/8\/2018\/06\/41bdba8e9d392e580486d746bdfbb73c.jpg","datePublished":"2014-10-22T04:00:00+00:00","dateModified":"2019-05-20T18:03:45+00:00","author":{"@id":"https:\/\/dev.explora.cl\/ohiggins\/#\/schema\/person\/cb8349c13ea2d324080adf8480d7ba5d"},"breadcrumb":{"@id":"https:\/\/dev.explora.cl\/ohiggins\/ganadores\/#breadcrumb"},"inLanguage":"es-CL","potentialAction":[{"@type":"ReadAction","target":["https:\/\/dev.explora.cl\/ohiggins\/ganadores\/"]}]},{"@type":"ImageObject","inLanguage":"es-CL","@id":"https:\/\/dev.explora.cl\/ohiggins\/ganadores\/#primaryimage","url":"https:\/\/dev.explora.cl\/ohiggins\/wp-content\/uploads\/sites\/8\/2018\/06\/41bdba8e9d392e580486d746bdfbb73c.jpg","contentUrl":"https:\/\/dev.explora.cl\/ohiggins\/wp-content\/uploads\/sites\/8\/2018\/06\/41bdba8e9d392e580486d746bdfbb73c.jpg","width":1773,"height":978},{"@type":"BreadcrumbList","@id":"https:\/\/dev.explora.cl\/ohiggins\/ganadores\/#breadcrumb","itemListElement":[{"@type":"ListItem","position":1,"name":"Portada","item":"https:\/\/dev.explora.cl\/ohiggins\/"},{"@type":"ListItem","position":2,"name":"Club de Escuela Agr\u00edcola Las Garzas va por el bicampeonato nacional"}]},{"@type":"WebSite","@id":"https:\/\/dev.explora.cl\/ohiggins\/#website","url":"https:\/\/dev.explora.cl\/ohiggins\/","name":"O&#039;Higgins","description":"Otro sitio m\u00e1s de dev.explora.cl","potentialAction":[{"@type":"SearchAction","target":{"@type":"EntryPoint","urlTemplate":"https:\/\/dev.explora.cl\/ohiggins\/?s={search_term_string}"},"query-input":{"@type":"PropertyValueSpecification","valueRequired":true,"valueName":"search_term_string"}}],"inLanguage":"es-CL"},{"@type":"Person","@id":"https:\/\/dev.explora.cl\/ohiggins\/#\/schema\/person\/cb8349c13ea2d324080adf8480d7ba5d","name":"webman","image":{"@type":"ImageObject","inLanguage":"es-CL","@id":"https:\/\/dev.explora.cl\/ohiggins\/#\/schema\/person\/image\/","url":"https:\/\/secure.gravatar.com\/avatar\/eeff3c82f2c02f7177d13663b7e6f890e9a6a0647ce9bb29cae02dcb094c7312?s=96&d=mm&r=g","contentUrl":"https:\/\/secure.gravatar.com\/avatar\/eeff3c82f2c02f7177d13663b7e6f890e9a6a0647ce9bb29cae02dcb094c7312?s=96&d=mm&r=g","caption":"webman"},"url":"https:\/\/dev.explora.cl\/ohiggins\/author\/webman\/"}]}},"_links":{"self":[{"href":"https:\/\/dev.explora.cl\/ohiggins\/wp-json\/wp\/v2\/posts\/31853","targetHints":{"allow":["GET"]}}],"collection":[{"href":"https:\/\/dev.explora.cl\/ohiggins\/wp-json\/wp\/v2\/posts"}],"about":[{"href":"https:\/\/dev.explora.cl\/ohiggins\/wp-json\/wp\/v2\/types\/post"}],"author":[{"embeddable":true,"href":"https:\/\/dev.explora.cl\/ohiggins\/wp-json\/wp\/v2\/users\/2"}],"replies":[{"embeddable":true,"href":"https:\/\/dev.explora.cl\/ohiggins\/wp-json\/wp\/v2\/comments?post=31853"}],"version-history":[{"count":1,"href":"https:\/\/dev.explora.cl\/ohiggins\/wp-json\/wp\/v2\/posts\/31853\/revisions"}],"predecessor-version":[{"id":37875,"href":"https:\/\/dev.explora.cl\/ohiggins\/wp-json\/wp\/v2\/posts\/31853\/revisions\/37875"}],"wp:featuredmedia":[{"embeddable":true,"href":"https:\/\/dev.explora.cl\/ohiggins\/wp-json\/wp\/v2\/media\/31854"}],"wp:attachment":[{"href":"https:\/\/dev.explora.cl\/ohiggins\/wp-json\/wp\/v2\/media?parent=31853"}],"wp:term":[{"taxonomy":"category","embeddable":true,"href":"https:\/\/dev.explora.cl\/ohiggins\/wp-json\/wp\/v2\/categories?post=31853"},{"taxonomy":"post_tag","embeddable":true,"href":"https:\/\/dev.explora.cl\/ohiggins\/wp-json\/wp\/v2\/tags?post=31853"}],"curies":[{"name":"wp","href":"https:\/\/api.w.org\/{rel}","templated":true}]}}