{"id":31841,"date":"2014-10-15T00:00:00","date_gmt":"2014-10-15T04:00:00","guid":{"rendered":"https:\/\/dev.explora.cl\/ohiggins\/blog\/2014\/10\/15\/proyectos-congreso\/"},"modified":"2019-05-20T18:03:47","modified_gmt":"2019-05-20T18:03:47","slug":"proyectos-congreso","status":"publish","type":"post","link":"https:\/\/dev.explora.cl\/ohiggins\/proyectos-congreso\/","title":{"rendered":"22 proyectos seleccionados para concursar en el Congreso de CyT"},"content":{"rendered":"<p><img loading=\"lazy\" decoding=\"async\" class=\" size-full wp-image-6223\" src=\"http:\/\/ec2-34-218-253-251.us-west-2.compute.amazonaws.com\/wp-content\/uploads\/2014\/10\/ede36c0c0668adb972e7a4fd9edd6ad1.jpg\" alt=\"\" width=\"1000\" height=\"824\" \/><\/p>\n<p style=\"text-align: justify\"><span style=\"color: #000000;font-family: Calibri;font-size: medium\">PAR EXPLORA O\u2019Higgins anunci\u00f3 los proyectos seleccionados para participar del II Congreso Regional Escolar de Ciencia y Tecnolog\u00eda que se realizar\u00e1 el 21 de octubre, contemplando 22 iniciativas en total, 10 de Educaci\u00f3n B\u00e1sica y 12 de Educaci\u00f3n Media.<\/span><\/p>\n<p style=\"text-align: justify\"><span style=\"font-family: Calibri\"><span style=\"font-size: medium\"><span style=\"color: #000000\">En la actividad, se mostrar\u00e1n las innovaciones o investigaciones cient\u00edficas realizadas por estudiantes de diversas comunas de la regi\u00f3n; tales como Navidad, Las Cabras, Rancagua, San Fernando, Chimbarongo, San Vicente de Tagua Tagua, por mencionar algunas.\u00a0 <\/span><\/span><span style=\"color: #000000;font-size: medium\">Menci\u00f3n especial a la comuna de Machal\u00ed que participa con once proyectos.<\/span><\/span><\/p>\n<p style=\"text-align: justify\"><span style=\"color: #000000;font-family: Calibri;font-size: medium\">Realizamos una invitaci\u00f3n cordial a toda la comunidad, para visitar, aprender y maravillarse con la ciencia y la tecnolog\u00eda, a trav\u00e9s de los trabajos que expondr\u00e1n los escolares en el Congreso, desde las 10 A.M. hasta las 17.00 horas del pr\u00f3ximo martes, en dependencias de la sede San Fernando de la UC del Maule (Ruta 90 Km 3, camino Santa Cruz).<\/span><\/p>\n<p style=\"text-align: justify\"><span style=\"color: #000000;font-family: Calibri;font-size: medium\">Los proyectos ganadores representar\u00e1n a la regi\u00f3n, en el Congreso Nacional Escolar de CyT que el programa EXPLORA CONICYT realizar\u00e1 en noviembre.<\/span><\/p>\n<p style=\"text-align: justify\"><span style=\"color: #000000;font-family: Calibri;font-size: medium\">Para ver los proyectos seleccionados haz clic ac\u00e1.<\/span><\/p>\n<p style=\"text-align: justify\">\u00a0<\/p>\n","protected":false},"excerpt":{"rendered":"<p>PAR EXPLORA O\u2019Higgins anunci\u00f3 los proyectos seleccionados para participar del II Congreso Regional Escolar de Ciencia y Tecnolog\u00eda que se realizar\u00e1 el 21 de octubre, contemplando 22 iniciativas en total, 10 de Educaci\u00f3n B\u00e1sica y 12 de Educaci\u00f3n Media. En la actividad, se mostrar\u00e1n las innovaciones o investigaciones cient\u00edficas realizadas por estudiantes de diversas comunas [&hellip;]<\/p>\n","protected":false},"author":2,"featured_media":31842,"comment_status":"open","ping_status":"open","sticky":false,"template":"","format":"standard","meta":{"_acf_changed":false,"_exactmetrics_skip_tracking":false,"_exactmetrics_sitenote_active":false,"_exactmetrics_sitenote_note":"","_exactmetrics_sitenote_category":0,"footnotes":"","_links_to":"","_links_to_target":""},"categories":[4],"tags":[],"class_list":["post-31841","post","type-post","status-publish","format-standard","has-post-thumbnail","hentry","category-noticias"],"acf":[],"yoast_head":"<!-- This site is optimized with the Yoast SEO plugin v26.7 - https:\/\/yoast.com\/wordpress\/plugins\/seo\/ -->\n<title>22 proyectos seleccionados para concursar en el Congreso de CyT - O&#039;Higgins<\/title>\n<meta name=\"robots\" content=\"index, follow, max-snippet:-1, max-image-preview:large, max-video-preview:-1\" \/>\n<link rel=\"canonical\" href=\"https:\/\/dev.explora.cl\/ohiggins\/proyectos-congreso\/\" class=\"yoast-seo-meta-tag\" \/>\n<meta property=\"og:locale\" content=\"es_ES\" class=\"yoast-seo-meta-tag\" \/>\n<meta property=\"og:type\" content=\"article\" class=\"yoast-seo-meta-tag\" \/>\n<meta property=\"og:title\" content=\"22 proyectos seleccionados para concursar en el Congreso de CyT - O&#039;Higgins\" class=\"yoast-seo-meta-tag\" \/>\n<meta property=\"og:description\" content=\"PAR EXPLORA O\u2019Higgins anunci\u00f3 los proyectos seleccionados para participar del II Congreso Regional Escolar de Ciencia y Tecnolog\u00eda que se realizar\u00e1 el 21 de octubre, contemplando 22 iniciativas en total, 10 de Educaci\u00f3n B\u00e1sica y 12 de Educaci\u00f3n Media. En la actividad, se mostrar\u00e1n las innovaciones o investigaciones cient\u00edficas realizadas por estudiantes de diversas comunas [&hellip;]\" class=\"yoast-seo-meta-tag\" \/>\n<meta property=\"og:url\" content=\"https:\/\/dev.explora.cl\/ohiggins\/proyectos-congreso\/\" class=\"yoast-seo-meta-tag\" \/>\n<meta property=\"og:site_name\" content=\"O&#039;Higgins\" class=\"yoast-seo-meta-tag\" \/>\n<meta property=\"article:published_time\" content=\"2014-10-15T04:00:00+00:00\" class=\"yoast-seo-meta-tag\" \/>\n<meta property=\"article:modified_time\" content=\"2019-05-20T18:03:47+00:00\" class=\"yoast-seo-meta-tag\" \/>\n<meta property=\"og:image\" content=\"https:\/\/dev.explora.cl\/ohiggins\/wp-content\/uploads\/sites\/8\/2018\/06\/ede36c0c0668adb972e7a4fd9edd6ad1.jpg\" class=\"yoast-seo-meta-tag\" \/>\n\t<meta property=\"og:image:width\" content=\"1000\" class=\"yoast-seo-meta-tag\" \/>\n\t<meta property=\"og:image:height\" content=\"824\" class=\"yoast-seo-meta-tag\" \/>\n\t<meta property=\"og:image:type\" content=\"image\/jpeg\" class=\"yoast-seo-meta-tag\" \/>\n<meta name=\"author\" content=\"webman\" class=\"yoast-seo-meta-tag\" \/>\n<meta name=\"twitter:card\" content=\"summary_large_image\" class=\"yoast-seo-meta-tag\" \/>\n<meta name=\"twitter:label1\" content=\"Escrito por\" class=\"yoast-seo-meta-tag\" \/>\n\t<meta name=\"twitter:data1\" content=\"webman\" class=\"yoast-seo-meta-tag\" \/>\n\t<meta name=\"twitter:label2\" content=\"Tiempo estimado de lectura\" class=\"yoast-seo-meta-tag\" \/>\n\t<meta name=\"twitter:data2\" content=\"1 minuto\" class=\"yoast-seo-meta-tag\" \/>\n<script type=\"application\/ld+json\" class=\"yoast-schema-graph\">{\"@context\":\"https:\/\/schema.org\",\"@graph\":[{\"@type\":\"Article\",\"@id\":\"https:\/\/dev.explora.cl\/ohiggins\/proyectos-congreso\/#article\",\"isPartOf\":{\"@id\":\"https:\/\/dev.explora.cl\/ohiggins\/proyectos-congreso\/\"},\"author\":{\"name\":\"webman\",\"@id\":\"https:\/\/dev.explora.cl\/ohiggins\/#\/schema\/person\/cb8349c13ea2d324080adf8480d7ba5d\"},\"headline\":\"22 proyectos seleccionados para concursar en el Congreso de CyT\",\"datePublished\":\"2014-10-15T04:00:00+00:00\",\"dateModified\":\"2019-05-20T18:03:47+00:00\",\"mainEntityOfPage\":{\"@id\":\"https:\/\/dev.explora.cl\/ohiggins\/proyectos-congreso\/\"},\"wordCount\":196,\"commentCount\":0,\"image\":{\"@id\":\"https:\/\/dev.explora.cl\/ohiggins\/proyectos-congreso\/#primaryimage\"},\"thumbnailUrl\":\"https:\/\/dev.explora.cl\/ohiggins\/wp-content\/uploads\/sites\/8\/2018\/06\/ede36c0c0668adb972e7a4fd9edd6ad1.jpg\",\"articleSection\":[\"Noticias\"],\"inLanguage\":\"es-CL\",\"potentialAction\":[{\"@type\":\"CommentAction\",\"name\":\"Comment\",\"target\":[\"https:\/\/dev.explora.cl\/ohiggins\/proyectos-congreso\/#respond\"]}]},{\"@type\":\"WebPage\",\"@id\":\"https:\/\/dev.explora.cl\/ohiggins\/proyectos-congreso\/\",\"url\":\"https:\/\/dev.explora.cl\/ohiggins\/proyectos-congreso\/\",\"name\":\"22 proyectos seleccionados para concursar en el Congreso de CyT - O&#039;Higgins\",\"isPartOf\":{\"@id\":\"https:\/\/dev.explora.cl\/ohiggins\/#website\"},\"primaryImageOfPage\":{\"@id\":\"https:\/\/dev.explora.cl\/ohiggins\/proyectos-congreso\/#primaryimage\"},\"image\":{\"@id\":\"https:\/\/dev.explora.cl\/ohiggins\/proyectos-congreso\/#primaryimage\"},\"thumbnailUrl\":\"https:\/\/dev.explora.cl\/ohiggins\/wp-content\/uploads\/sites\/8\/2018\/06\/ede36c0c0668adb972e7a4fd9edd6ad1.jpg\",\"datePublished\":\"2014-10-15T04:00:00+00:00\",\"dateModified\":\"2019-05-20T18:03:47+00:00\",\"author\":{\"@id\":\"https:\/\/dev.explora.cl\/ohiggins\/#\/schema\/person\/cb8349c13ea2d324080adf8480d7ba5d\"},\"breadcrumb\":{\"@id\":\"https:\/\/dev.explora.cl\/ohiggins\/proyectos-congreso\/#breadcrumb\"},\"inLanguage\":\"es-CL\",\"potentialAction\":[{\"@type\":\"ReadAction\",\"target\":[\"https:\/\/dev.explora.cl\/ohiggins\/proyectos-congreso\/\"]}]},{\"@type\":\"ImageObject\",\"inLanguage\":\"es-CL\",\"@id\":\"https:\/\/dev.explora.cl\/ohiggins\/proyectos-congreso\/#primaryimage\",\"url\":\"https:\/\/dev.explora.cl\/ohiggins\/wp-content\/uploads\/sites\/8\/2018\/06\/ede36c0c0668adb972e7a4fd9edd6ad1.jpg\",\"contentUrl\":\"https:\/\/dev.explora.cl\/ohiggins\/wp-content\/uploads\/sites\/8\/2018\/06\/ede36c0c0668adb972e7a4fd9edd6ad1.jpg\",\"width\":1000,\"height\":824},{\"@type\":\"BreadcrumbList\",\"@id\":\"https:\/\/dev.explora.cl\/ohiggins\/proyectos-congreso\/#breadcrumb\",\"itemListElement\":[{\"@type\":\"ListItem\",\"position\":1,\"name\":\"Portada\",\"item\":\"https:\/\/dev.explora.cl\/ohiggins\/\"},{\"@type\":\"ListItem\",\"position\":2,\"name\":\"22 proyectos seleccionados para concursar en el Congreso de CyT\"}]},{\"@type\":\"WebSite\",\"@id\":\"https:\/\/dev.explora.cl\/ohiggins\/#website\",\"url\":\"https:\/\/dev.explora.cl\/ohiggins\/\",\"name\":\"O&#039;Higgins\",\"description\":\"Otro sitio m\u00e1s de dev.explora.cl\",\"potentialAction\":[{\"@type\":\"SearchAction\",\"target\":{\"@type\":\"EntryPoint\",\"urlTemplate\":\"https:\/\/dev.explora.cl\/ohiggins\/?s={search_term_string}\"},\"query-input\":{\"@type\":\"PropertyValueSpecification\",\"valueRequired\":true,\"valueName\":\"search_term_string\"}}],\"inLanguage\":\"es-CL\"},{\"@type\":\"Person\",\"@id\":\"https:\/\/dev.explora.cl\/ohiggins\/#\/schema\/person\/cb8349c13ea2d324080adf8480d7ba5d\",\"name\":\"webman\",\"image\":{\"@type\":\"ImageObject\",\"inLanguage\":\"es-CL\",\"@id\":\"https:\/\/dev.explora.cl\/ohiggins\/#\/schema\/person\/image\/\",\"url\":\"https:\/\/secure.gravatar.com\/avatar\/eeff3c82f2c02f7177d13663b7e6f890e9a6a0647ce9bb29cae02dcb094c7312?s=96&d=mm&r=g\",\"contentUrl\":\"https:\/\/secure.gravatar.com\/avatar\/eeff3c82f2c02f7177d13663b7e6f890e9a6a0647ce9bb29cae02dcb094c7312?s=96&d=mm&r=g\",\"caption\":\"webman\"},\"url\":\"https:\/\/dev.explora.cl\/ohiggins\/author\/webman\/\"}]}<\/script>\n<!-- \/ Yoast SEO plugin. -->","yoast_head_json":{"title":"22 proyectos seleccionados para concursar en el Congreso de CyT - O&#039;Higgins","robots":{"index":"index","follow":"follow","max-snippet":"max-snippet:-1","max-image-preview":"max-image-preview:large","max-video-preview":"max-video-preview:-1"},"canonical":"https:\/\/dev.explora.cl\/ohiggins\/proyectos-congreso\/","og_locale":"es_ES","og_type":"article","og_title":"22 proyectos seleccionados para concursar en el Congreso de CyT - O&#039;Higgins","og_description":"PAR EXPLORA O\u2019Higgins anunci\u00f3 los proyectos seleccionados para participar del II Congreso Regional Escolar de Ciencia y Tecnolog\u00eda que se realizar\u00e1 el 21 de octubre, contemplando 22 iniciativas en total, 10 de Educaci\u00f3n B\u00e1sica y 12 de Educaci\u00f3n Media. En la actividad, se mostrar\u00e1n las innovaciones o investigaciones cient\u00edficas realizadas por estudiantes de diversas comunas [&hellip;]","og_url":"https:\/\/dev.explora.cl\/ohiggins\/proyectos-congreso\/","og_site_name":"O&#039;Higgins","article_published_time":"2014-10-15T04:00:00+00:00","article_modified_time":"2019-05-20T18:03:47+00:00","og_image":[{"width":1000,"height":824,"url":"https:\/\/dev.explora.cl\/ohiggins\/wp-content\/uploads\/sites\/8\/2018\/06\/ede36c0c0668adb972e7a4fd9edd6ad1.jpg","type":"image\/jpeg"}],"author":"webman","twitter_card":"summary_large_image","twitter_misc":{"Escrito por":"webman","Tiempo estimado de lectura":"1 minuto"},"schema":{"@context":"https:\/\/schema.org","@graph":[{"@type":"Article","@id":"https:\/\/dev.explora.cl\/ohiggins\/proyectos-congreso\/#article","isPartOf":{"@id":"https:\/\/dev.explora.cl\/ohiggins\/proyectos-congreso\/"},"author":{"name":"webman","@id":"https:\/\/dev.explora.cl\/ohiggins\/#\/schema\/person\/cb8349c13ea2d324080adf8480d7ba5d"},"headline":"22 proyectos seleccionados para concursar en el Congreso de CyT","datePublished":"2014-10-15T04:00:00+00:00","dateModified":"2019-05-20T18:03:47+00:00","mainEntityOfPage":{"@id":"https:\/\/dev.explora.cl\/ohiggins\/proyectos-congreso\/"},"wordCount":196,"commentCount":0,"image":{"@id":"https:\/\/dev.explora.cl\/ohiggins\/proyectos-congreso\/#primaryimage"},"thumbnailUrl":"https:\/\/dev.explora.cl\/ohiggins\/wp-content\/uploads\/sites\/8\/2018\/06\/ede36c0c0668adb972e7a4fd9edd6ad1.jpg","articleSection":["Noticias"],"inLanguage":"es-CL","potentialAction":[{"@type":"CommentAction","name":"Comment","target":["https:\/\/dev.explora.cl\/ohiggins\/proyectos-congreso\/#respond"]}]},{"@type":"WebPage","@id":"https:\/\/dev.explora.cl\/ohiggins\/proyectos-congreso\/","url":"https:\/\/dev.explora.cl\/ohiggins\/proyectos-congreso\/","name":"22 proyectos seleccionados para concursar en el Congreso de CyT - O&#039;Higgins","isPartOf":{"@id":"https:\/\/dev.explora.cl\/ohiggins\/#website"},"primaryImageOfPage":{"@id":"https:\/\/dev.explora.cl\/ohiggins\/proyectos-congreso\/#primaryimage"},"image":{"@id":"https:\/\/dev.explora.cl\/ohiggins\/proyectos-congreso\/#primaryimage"},"thumbnailUrl":"https:\/\/dev.explora.cl\/ohiggins\/wp-content\/uploads\/sites\/8\/2018\/06\/ede36c0c0668adb972e7a4fd9edd6ad1.jpg","datePublished":"2014-10-15T04:00:00+00:00","dateModified":"2019-05-20T18:03:47+00:00","author":{"@id":"https:\/\/dev.explora.cl\/ohiggins\/#\/schema\/person\/cb8349c13ea2d324080adf8480d7ba5d"},"breadcrumb":{"@id":"https:\/\/dev.explora.cl\/ohiggins\/proyectos-congreso\/#breadcrumb"},"inLanguage":"es-CL","potentialAction":[{"@type":"ReadAction","target":["https:\/\/dev.explora.cl\/ohiggins\/proyectos-congreso\/"]}]},{"@type":"ImageObject","inLanguage":"es-CL","@id":"https:\/\/dev.explora.cl\/ohiggins\/proyectos-congreso\/#primaryimage","url":"https:\/\/dev.explora.cl\/ohiggins\/wp-content\/uploads\/sites\/8\/2018\/06\/ede36c0c0668adb972e7a4fd9edd6ad1.jpg","contentUrl":"https:\/\/dev.explora.cl\/ohiggins\/wp-content\/uploads\/sites\/8\/2018\/06\/ede36c0c0668adb972e7a4fd9edd6ad1.jpg","width":1000,"height":824},{"@type":"BreadcrumbList","@id":"https:\/\/dev.explora.cl\/ohiggins\/proyectos-congreso\/#breadcrumb","itemListElement":[{"@type":"ListItem","position":1,"name":"Portada","item":"https:\/\/dev.explora.cl\/ohiggins\/"},{"@type":"ListItem","position":2,"name":"22 proyectos seleccionados para concursar en el Congreso de CyT"}]},{"@type":"WebSite","@id":"https:\/\/dev.explora.cl\/ohiggins\/#website","url":"https:\/\/dev.explora.cl\/ohiggins\/","name":"O&#039;Higgins","description":"Otro sitio m\u00e1s de dev.explora.cl","potentialAction":[{"@type":"SearchAction","target":{"@type":"EntryPoint","urlTemplate":"https:\/\/dev.explora.cl\/ohiggins\/?s={search_term_string}"},"query-input":{"@type":"PropertyValueSpecification","valueRequired":true,"valueName":"search_term_string"}}],"inLanguage":"es-CL"},{"@type":"Person","@id":"https:\/\/dev.explora.cl\/ohiggins\/#\/schema\/person\/cb8349c13ea2d324080adf8480d7ba5d","name":"webman","image":{"@type":"ImageObject","inLanguage":"es-CL","@id":"https:\/\/dev.explora.cl\/ohiggins\/#\/schema\/person\/image\/","url":"https:\/\/secure.gravatar.com\/avatar\/eeff3c82f2c02f7177d13663b7e6f890e9a6a0647ce9bb29cae02dcb094c7312?s=96&d=mm&r=g","contentUrl":"https:\/\/secure.gravatar.com\/avatar\/eeff3c82f2c02f7177d13663b7e6f890e9a6a0647ce9bb29cae02dcb094c7312?s=96&d=mm&r=g","caption":"webman"},"url":"https:\/\/dev.explora.cl\/ohiggins\/author\/webman\/"}]}},"_links":{"self":[{"href":"https:\/\/dev.explora.cl\/ohiggins\/wp-json\/wp\/v2\/posts\/31841","targetHints":{"allow":["GET"]}}],"collection":[{"href":"https:\/\/dev.explora.cl\/ohiggins\/wp-json\/wp\/v2\/posts"}],"about":[{"href":"https:\/\/dev.explora.cl\/ohiggins\/wp-json\/wp\/v2\/types\/post"}],"author":[{"embeddable":true,"href":"https:\/\/dev.explora.cl\/ohiggins\/wp-json\/wp\/v2\/users\/2"}],"replies":[{"embeddable":true,"href":"https:\/\/dev.explora.cl\/ohiggins\/wp-json\/wp\/v2\/comments?post=31841"}],"version-history":[{"count":1,"href":"https:\/\/dev.explora.cl\/ohiggins\/wp-json\/wp\/v2\/posts\/31841\/revisions"}],"predecessor-version":[{"id":37879,"href":"https:\/\/dev.explora.cl\/ohiggins\/wp-json\/wp\/v2\/posts\/31841\/revisions\/37879"}],"wp:featuredmedia":[{"embeddable":true,"href":"https:\/\/dev.explora.cl\/ohiggins\/wp-json\/wp\/v2\/media\/31842"}],"wp:attachment":[{"href":"https:\/\/dev.explora.cl\/ohiggins\/wp-json\/wp\/v2\/media?parent=31841"}],"wp:term":[{"taxonomy":"category","embeddable":true,"href":"https:\/\/dev.explora.cl\/ohiggins\/wp-json\/wp\/v2\/categories?post=31841"},{"taxonomy":"post_tag","embeddable":true,"href":"https:\/\/dev.explora.cl\/ohiggins\/wp-json\/wp\/v2\/tags?post=31841"}],"curies":[{"name":"wp","href":"https:\/\/api.w.org\/{rel}","templated":true}]}}