{"id":31838,"date":"2014-10-11T00:00:00","date_gmt":"2014-10-11T04:00:00","guid":{"rendered":"https:\/\/dev.explora.cl\/ohiggins\/blog\/2014\/10\/11\/inia\/"},"modified":"2019-05-20T18:03:50","modified_gmt":"2019-05-20T18:03:50","slug":"inia","status":"publish","type":"post","link":"https:\/\/dev.explora.cl\/ohiggins\/inia\/","title":{"rendered":"Estudiantes de San Fernando visitan INIA y CEAF a trav\u00e9s de PAR EXPLORA  O\u2019Higgins"},"content":{"rendered":"<p><img loading=\"lazy\" decoding=\"async\" class=\" size-full wp-image-6218\" src=\"http:\/\/ec2-34-218-253-251.us-west-2.compute.amazonaws.com\/wp-content\/uploads\/2014\/10\/f2d330db2c1d302715223f7cd15cd5fa.jpg\" alt=\"\" width=\"1000\" height=\"644\" \/><\/p>\n<p style=\"text-align: justify\">En el marco de las celebraciones de la XX Semana Nacional de la Ciencia y la Tecnolog\u00eda<\/p>\n<p style=\"text-align: justify\">El PAR Explora O\u2019Higgins, en conjunto con diversas entidades de la regi\u00f3n, celebraron recientemente la XX Semana Nacional de la Ciencia y la Tecnolog\u00eda, en el marco de estas actividades un grupo de doce estudiantes del Colegio Villa Centinela de San Fernando, visit\u00f3 el Instituto de Investigaciones Agropecuarias INIA y el Centro de Estudios Avanzados en Fruticultura, CEAF, ubicados en la localidad de Choapinos, Rengo.<\/p>\n<p style=\"text-align: justify\">El encargado de recibir a la delegaci\u00f3n de estudiantes, fue el Investigador y Dr. Boris Sagredo, quien se desarrolla en la l\u00ednea de Gen\u00f3mica del Centro de investigaci\u00f3n y adem\u00e1s es Director Alterno de la instituci\u00f3n: \u201cPara nosotros como INIA y en este caso como CEAF, es muy gratificante recibir j\u00f3venes y ni\u00f1os que se interesen en nuestro trabajo, en particular estos ni\u00f1os de sexto y s\u00e9ptimo b\u00e1sico que mostraron bastante conocimiento frente a la investigaci\u00f3n y manifestaron gran inter\u00e9s en los trabajos de investigaci\u00f3n que el CEAF desarrolla en nuestra regi\u00f3n. Es muy importante que los j\u00f3venes y futuros profesionales conozcan lo que se est\u00e1 haciendo en investigaci\u00f3n dentro de la regi\u00f3n\u201d<\/p>\n<p style=\"text-align: justify\">En la oportunidad los estudiantes recorrieron las instalaciones y laboratorios de estos centros y realizaron adem\u00e1s una visita a terreno de la Plataforma de Investigaci\u00f3n de Portainjertos de Cerezo perteneciente al CEAF, en la que se estudia el crecimiento de ra\u00edces en diferentes tipos de suelo representativos de la regi\u00f3n de O\u2019Higgins. Para este estudio, CEAF cuenta con macetas equipadas con tubos transparentes para la toma de fotograf\u00edas de las ra\u00edces que son escaneadas y luego analizadas para obtener la informaci\u00f3n requerida.<\/p>\n<p style=\"text-align: justify\">Por su parte, el coordinador ejecutivo de PAR EXPLORA O\u00b4Higgins, Luis R\u00edos, valor\u00f3 el apoyo de INIA y CEAF en el desarrollo de esta actividad, as\u00ed como en las otras iniciativas que se han desarrollado en la regi\u00f3n: &#8220;destacamos a esta instituci\u00f3n, no s\u00f3lo por su capacidad de investigaci\u00f3n e innovaci\u00f3n, sino tambi\u00e9n por la acogida que ha tenido con los estudiantes que desean conocer sus instalaciones y el apoyo de estas entidades, motivando as\u00ed a los j\u00f3venes con el quehacer cient\u00edfico&#8221;.<\/p>\n<p style=\"text-align: justify\">Cabe recordar que tanto INIA como CEAF, forman parte de la Red de gesti\u00f3n Tecnol\u00f3gica para el Agro, RGTA, proyecto financiado a trav\u00e9s del Fondo de Innovaci\u00f3n para la Competitividad, FIC, del Gobierno Regional de O\u2019Higgins y su Consejo Regional, enmarcado en la Estrategia Regional de Innovaci\u00f3n. Este proyecto, que integra adem\u00e1s de INIA y CEAF al Centro del Agua para la Agricultura, CAA y el Centro del Vino de Colchagua, CVC, nace como una forma de integrar el trabajo de los principales Centros de Investigaci\u00f3n de la regi\u00f3n y busca entre otras cosas &#8211; acortar los tiempos de adopci\u00f3n de nuevas tecnolog\u00edas, conocimientos o procesos en el sector agropecuario regional.<\/p>\n<p style=\"text-align: justify\"><img loading=\"lazy\" decoding=\"async\" class=\" size-full wp-image-6219\" src=\"http:\/\/ec2-34-218-253-251.us-west-2.compute.amazonaws.com\/wp-content\/uploads\/2014\/10\/para-nota-ceaf2.jpg\" border=\"0\" alt=\"\" width=\"900\" height=\"500\" \/><\/p>\n","protected":false},"excerpt":{"rendered":"<p>En el marco de las celebraciones de la XX Semana Nacional de la Ciencia y la Tecnolog\u00eda El PAR Explora O\u2019Higgins, en conjunto con diversas entidades de la regi\u00f3n, celebraron recientemente la XX Semana Nacional de la Ciencia y la Tecnolog\u00eda, en el marco de estas actividades un grupo de doce estudiantes del Colegio Villa [&hellip;]<\/p>\n","protected":false},"author":2,"featured_media":31839,"comment_status":"open","ping_status":"open","sticky":false,"template":"","format":"standard","meta":{"_acf_changed":false,"_exactmetrics_skip_tracking":false,"_exactmetrics_sitenote_active":false,"_exactmetrics_sitenote_note":"","_exactmetrics_sitenote_category":0,"footnotes":"","_links_to":"","_links_to_target":""},"categories":[4],"tags":[],"class_list":["post-31838","post","type-post","status-publish","format-standard","has-post-thumbnail","hentry","category-noticias"],"acf":[],"yoast_head":"<!-- This site is optimized with the Yoast SEO plugin v26.7 - https:\/\/yoast.com\/wordpress\/plugins\/seo\/ -->\n<title>Estudiantes de San Fernando visitan INIA y CEAF a trav\u00e9s de PAR EXPLORA O\u2019Higgins - O&#039;Higgins<\/title>\n<meta name=\"robots\" content=\"index, follow, max-snippet:-1, max-image-preview:large, max-video-preview:-1\" \/>\n<link rel=\"canonical\" href=\"https:\/\/dev.explora.cl\/ohiggins\/inia\/\" class=\"yoast-seo-meta-tag\" \/>\n<meta property=\"og:locale\" content=\"es_ES\" class=\"yoast-seo-meta-tag\" \/>\n<meta property=\"og:type\" content=\"article\" class=\"yoast-seo-meta-tag\" \/>\n<meta property=\"og:title\" content=\"Estudiantes de San Fernando visitan INIA y CEAF a trav\u00e9s de PAR EXPLORA O\u2019Higgins - O&#039;Higgins\" class=\"yoast-seo-meta-tag\" \/>\n<meta property=\"og:description\" content=\"En el marco de las celebraciones de la XX Semana Nacional de la Ciencia y la Tecnolog\u00eda El PAR Explora O\u2019Higgins, en conjunto con diversas entidades de la regi\u00f3n, celebraron recientemente la XX Semana Nacional de la Ciencia y la Tecnolog\u00eda, en el marco de estas actividades un grupo de doce estudiantes del Colegio Villa [&hellip;]\" class=\"yoast-seo-meta-tag\" \/>\n<meta property=\"og:url\" content=\"https:\/\/dev.explora.cl\/ohiggins\/inia\/\" class=\"yoast-seo-meta-tag\" \/>\n<meta property=\"og:site_name\" content=\"O&#039;Higgins\" class=\"yoast-seo-meta-tag\" \/>\n<meta property=\"article:published_time\" content=\"2014-10-11T04:00:00+00:00\" class=\"yoast-seo-meta-tag\" \/>\n<meta property=\"article:modified_time\" content=\"2019-05-20T18:03:50+00:00\" class=\"yoast-seo-meta-tag\" \/>\n<meta property=\"og:image\" content=\"https:\/\/dev.explora.cl\/ohiggins\/wp-content\/uploads\/sites\/8\/2018\/06\/f2d330db2c1d302715223f7cd15cd5fa.jpg\" class=\"yoast-seo-meta-tag\" \/>\n\t<meta property=\"og:image:width\" content=\"1000\" class=\"yoast-seo-meta-tag\" \/>\n\t<meta property=\"og:image:height\" content=\"644\" class=\"yoast-seo-meta-tag\" \/>\n\t<meta property=\"og:image:type\" content=\"image\/jpeg\" class=\"yoast-seo-meta-tag\" \/>\n<meta name=\"author\" content=\"webman\" class=\"yoast-seo-meta-tag\" \/>\n<meta name=\"twitter:card\" content=\"summary_large_image\" class=\"yoast-seo-meta-tag\" \/>\n<meta name=\"twitter:label1\" content=\"Escrito por\" class=\"yoast-seo-meta-tag\" \/>\n\t<meta name=\"twitter:data1\" content=\"webman\" class=\"yoast-seo-meta-tag\" \/>\n\t<meta name=\"twitter:label2\" content=\"Tiempo estimado de lectura\" class=\"yoast-seo-meta-tag\" \/>\n\t<meta name=\"twitter:data2\" content=\"3 minutos\" class=\"yoast-seo-meta-tag\" \/>\n<script type=\"application\/ld+json\" class=\"yoast-schema-graph\">{\"@context\":\"https:\/\/schema.org\",\"@graph\":[{\"@type\":\"Article\",\"@id\":\"https:\/\/dev.explora.cl\/ohiggins\/inia\/#article\",\"isPartOf\":{\"@id\":\"https:\/\/dev.explora.cl\/ohiggins\/inia\/\"},\"author\":{\"name\":\"webman\",\"@id\":\"https:\/\/dev.explora.cl\/ohiggins\/#\/schema\/person\/cb8349c13ea2d324080adf8480d7ba5d\"},\"headline\":\"Estudiantes de San Fernando visitan INIA y CEAF a trav\u00e9s de PAR EXPLORA O\u2019Higgins\",\"datePublished\":\"2014-10-11T04:00:00+00:00\",\"dateModified\":\"2019-05-20T18:03:50+00:00\",\"mainEntityOfPage\":{\"@id\":\"https:\/\/dev.explora.cl\/ohiggins\/inia\/\"},\"wordCount\":537,\"commentCount\":5,\"image\":{\"@id\":\"https:\/\/dev.explora.cl\/ohiggins\/inia\/#primaryimage\"},\"thumbnailUrl\":\"https:\/\/dev.explora.cl\/ohiggins\/wp-content\/uploads\/sites\/8\/2018\/06\/f2d330db2c1d302715223f7cd15cd5fa.jpg\",\"articleSection\":[\"Noticias\"],\"inLanguage\":\"es-CL\",\"potentialAction\":[{\"@type\":\"CommentAction\",\"name\":\"Comment\",\"target\":[\"https:\/\/dev.explora.cl\/ohiggins\/inia\/#respond\"]}]},{\"@type\":\"WebPage\",\"@id\":\"https:\/\/dev.explora.cl\/ohiggins\/inia\/\",\"url\":\"https:\/\/dev.explora.cl\/ohiggins\/inia\/\",\"name\":\"Estudiantes de San Fernando visitan INIA y CEAF a trav\u00e9s de PAR EXPLORA O\u2019Higgins - O&#039;Higgins\",\"isPartOf\":{\"@id\":\"https:\/\/dev.explora.cl\/ohiggins\/#website\"},\"primaryImageOfPage\":{\"@id\":\"https:\/\/dev.explora.cl\/ohiggins\/inia\/#primaryimage\"},\"image\":{\"@id\":\"https:\/\/dev.explora.cl\/ohiggins\/inia\/#primaryimage\"},\"thumbnailUrl\":\"https:\/\/dev.explora.cl\/ohiggins\/wp-content\/uploads\/sites\/8\/2018\/06\/f2d330db2c1d302715223f7cd15cd5fa.jpg\",\"datePublished\":\"2014-10-11T04:00:00+00:00\",\"dateModified\":\"2019-05-20T18:03:50+00:00\",\"author\":{\"@id\":\"https:\/\/dev.explora.cl\/ohiggins\/#\/schema\/person\/cb8349c13ea2d324080adf8480d7ba5d\"},\"breadcrumb\":{\"@id\":\"https:\/\/dev.explora.cl\/ohiggins\/inia\/#breadcrumb\"},\"inLanguage\":\"es-CL\",\"potentialAction\":[{\"@type\":\"ReadAction\",\"target\":[\"https:\/\/dev.explora.cl\/ohiggins\/inia\/\"]}]},{\"@type\":\"ImageObject\",\"inLanguage\":\"es-CL\",\"@id\":\"https:\/\/dev.explora.cl\/ohiggins\/inia\/#primaryimage\",\"url\":\"https:\/\/dev.explora.cl\/ohiggins\/wp-content\/uploads\/sites\/8\/2018\/06\/f2d330db2c1d302715223f7cd15cd5fa.jpg\",\"contentUrl\":\"https:\/\/dev.explora.cl\/ohiggins\/wp-content\/uploads\/sites\/8\/2018\/06\/f2d330db2c1d302715223f7cd15cd5fa.jpg\",\"width\":1000,\"height\":644},{\"@type\":\"BreadcrumbList\",\"@id\":\"https:\/\/dev.explora.cl\/ohiggins\/inia\/#breadcrumb\",\"itemListElement\":[{\"@type\":\"ListItem\",\"position\":1,\"name\":\"Portada\",\"item\":\"https:\/\/dev.explora.cl\/ohiggins\/\"},{\"@type\":\"ListItem\",\"position\":2,\"name\":\"Estudiantes de San Fernando visitan INIA y CEAF a trav\u00e9s de PAR EXPLORA O\u2019Higgins\"}]},{\"@type\":\"WebSite\",\"@id\":\"https:\/\/dev.explora.cl\/ohiggins\/#website\",\"url\":\"https:\/\/dev.explora.cl\/ohiggins\/\",\"name\":\"O&#039;Higgins\",\"description\":\"Otro sitio m\u00e1s de dev.explora.cl\",\"potentialAction\":[{\"@type\":\"SearchAction\",\"target\":{\"@type\":\"EntryPoint\",\"urlTemplate\":\"https:\/\/dev.explora.cl\/ohiggins\/?s={search_term_string}\"},\"query-input\":{\"@type\":\"PropertyValueSpecification\",\"valueRequired\":true,\"valueName\":\"search_term_string\"}}],\"inLanguage\":\"es-CL\"},{\"@type\":\"Person\",\"@id\":\"https:\/\/dev.explora.cl\/ohiggins\/#\/schema\/person\/cb8349c13ea2d324080adf8480d7ba5d\",\"name\":\"webman\",\"image\":{\"@type\":\"ImageObject\",\"inLanguage\":\"es-CL\",\"@id\":\"https:\/\/dev.explora.cl\/ohiggins\/#\/schema\/person\/image\/\",\"url\":\"https:\/\/secure.gravatar.com\/avatar\/eeff3c82f2c02f7177d13663b7e6f890e9a6a0647ce9bb29cae02dcb094c7312?s=96&d=mm&r=g\",\"contentUrl\":\"https:\/\/secure.gravatar.com\/avatar\/eeff3c82f2c02f7177d13663b7e6f890e9a6a0647ce9bb29cae02dcb094c7312?s=96&d=mm&r=g\",\"caption\":\"webman\"},\"url\":\"https:\/\/dev.explora.cl\/ohiggins\/author\/webman\/\"}]}<\/script>\n<!-- \/ Yoast SEO plugin. -->","yoast_head_json":{"title":"Estudiantes de San Fernando visitan INIA y CEAF a trav\u00e9s de PAR EXPLORA O\u2019Higgins - O&#039;Higgins","robots":{"index":"index","follow":"follow","max-snippet":"max-snippet:-1","max-image-preview":"max-image-preview:large","max-video-preview":"max-video-preview:-1"},"canonical":"https:\/\/dev.explora.cl\/ohiggins\/inia\/","og_locale":"es_ES","og_type":"article","og_title":"Estudiantes de San Fernando visitan INIA y CEAF a trav\u00e9s de PAR EXPLORA O\u2019Higgins - O&#039;Higgins","og_description":"En el marco de las celebraciones de la XX Semana Nacional de la Ciencia y la Tecnolog\u00eda El PAR Explora O\u2019Higgins, en conjunto con diversas entidades de la regi\u00f3n, celebraron recientemente la XX Semana Nacional de la Ciencia y la Tecnolog\u00eda, en el marco de estas actividades un grupo de doce estudiantes del Colegio Villa [&hellip;]","og_url":"https:\/\/dev.explora.cl\/ohiggins\/inia\/","og_site_name":"O&#039;Higgins","article_published_time":"2014-10-11T04:00:00+00:00","article_modified_time":"2019-05-20T18:03:50+00:00","og_image":[{"width":1000,"height":644,"url":"https:\/\/dev.explora.cl\/ohiggins\/wp-content\/uploads\/sites\/8\/2018\/06\/f2d330db2c1d302715223f7cd15cd5fa.jpg","type":"image\/jpeg"}],"author":"webman","twitter_card":"summary_large_image","twitter_misc":{"Escrito por":"webman","Tiempo estimado de lectura":"3 minutos"},"schema":{"@context":"https:\/\/schema.org","@graph":[{"@type":"Article","@id":"https:\/\/dev.explora.cl\/ohiggins\/inia\/#article","isPartOf":{"@id":"https:\/\/dev.explora.cl\/ohiggins\/inia\/"},"author":{"name":"webman","@id":"https:\/\/dev.explora.cl\/ohiggins\/#\/schema\/person\/cb8349c13ea2d324080adf8480d7ba5d"},"headline":"Estudiantes de San Fernando visitan INIA y CEAF a trav\u00e9s de PAR EXPLORA O\u2019Higgins","datePublished":"2014-10-11T04:00:00+00:00","dateModified":"2019-05-20T18:03:50+00:00","mainEntityOfPage":{"@id":"https:\/\/dev.explora.cl\/ohiggins\/inia\/"},"wordCount":537,"commentCount":5,"image":{"@id":"https:\/\/dev.explora.cl\/ohiggins\/inia\/#primaryimage"},"thumbnailUrl":"https:\/\/dev.explora.cl\/ohiggins\/wp-content\/uploads\/sites\/8\/2018\/06\/f2d330db2c1d302715223f7cd15cd5fa.jpg","articleSection":["Noticias"],"inLanguage":"es-CL","potentialAction":[{"@type":"CommentAction","name":"Comment","target":["https:\/\/dev.explora.cl\/ohiggins\/inia\/#respond"]}]},{"@type":"WebPage","@id":"https:\/\/dev.explora.cl\/ohiggins\/inia\/","url":"https:\/\/dev.explora.cl\/ohiggins\/inia\/","name":"Estudiantes de San Fernando visitan INIA y CEAF a trav\u00e9s de PAR EXPLORA O\u2019Higgins - O&#039;Higgins","isPartOf":{"@id":"https:\/\/dev.explora.cl\/ohiggins\/#website"},"primaryImageOfPage":{"@id":"https:\/\/dev.explora.cl\/ohiggins\/inia\/#primaryimage"},"image":{"@id":"https:\/\/dev.explora.cl\/ohiggins\/inia\/#primaryimage"},"thumbnailUrl":"https:\/\/dev.explora.cl\/ohiggins\/wp-content\/uploads\/sites\/8\/2018\/06\/f2d330db2c1d302715223f7cd15cd5fa.jpg","datePublished":"2014-10-11T04:00:00+00:00","dateModified":"2019-05-20T18:03:50+00:00","author":{"@id":"https:\/\/dev.explora.cl\/ohiggins\/#\/schema\/person\/cb8349c13ea2d324080adf8480d7ba5d"},"breadcrumb":{"@id":"https:\/\/dev.explora.cl\/ohiggins\/inia\/#breadcrumb"},"inLanguage":"es-CL","potentialAction":[{"@type":"ReadAction","target":["https:\/\/dev.explora.cl\/ohiggins\/inia\/"]}]},{"@type":"ImageObject","inLanguage":"es-CL","@id":"https:\/\/dev.explora.cl\/ohiggins\/inia\/#primaryimage","url":"https:\/\/dev.explora.cl\/ohiggins\/wp-content\/uploads\/sites\/8\/2018\/06\/f2d330db2c1d302715223f7cd15cd5fa.jpg","contentUrl":"https:\/\/dev.explora.cl\/ohiggins\/wp-content\/uploads\/sites\/8\/2018\/06\/f2d330db2c1d302715223f7cd15cd5fa.jpg","width":1000,"height":644},{"@type":"BreadcrumbList","@id":"https:\/\/dev.explora.cl\/ohiggins\/inia\/#breadcrumb","itemListElement":[{"@type":"ListItem","position":1,"name":"Portada","item":"https:\/\/dev.explora.cl\/ohiggins\/"},{"@type":"ListItem","position":2,"name":"Estudiantes de San Fernando visitan INIA y CEAF a trav\u00e9s de PAR EXPLORA O\u2019Higgins"}]},{"@type":"WebSite","@id":"https:\/\/dev.explora.cl\/ohiggins\/#website","url":"https:\/\/dev.explora.cl\/ohiggins\/","name":"O&#039;Higgins","description":"Otro sitio m\u00e1s de dev.explora.cl","potentialAction":[{"@type":"SearchAction","target":{"@type":"EntryPoint","urlTemplate":"https:\/\/dev.explora.cl\/ohiggins\/?s={search_term_string}"},"query-input":{"@type":"PropertyValueSpecification","valueRequired":true,"valueName":"search_term_string"}}],"inLanguage":"es-CL"},{"@type":"Person","@id":"https:\/\/dev.explora.cl\/ohiggins\/#\/schema\/person\/cb8349c13ea2d324080adf8480d7ba5d","name":"webman","image":{"@type":"ImageObject","inLanguage":"es-CL","@id":"https:\/\/dev.explora.cl\/ohiggins\/#\/schema\/person\/image\/","url":"https:\/\/secure.gravatar.com\/avatar\/eeff3c82f2c02f7177d13663b7e6f890e9a6a0647ce9bb29cae02dcb094c7312?s=96&d=mm&r=g","contentUrl":"https:\/\/secure.gravatar.com\/avatar\/eeff3c82f2c02f7177d13663b7e6f890e9a6a0647ce9bb29cae02dcb094c7312?s=96&d=mm&r=g","caption":"webman"},"url":"https:\/\/dev.explora.cl\/ohiggins\/author\/webman\/"}]}},"_links":{"self":[{"href":"https:\/\/dev.explora.cl\/ohiggins\/wp-json\/wp\/v2\/posts\/31838","targetHints":{"allow":["GET"]}}],"collection":[{"href":"https:\/\/dev.explora.cl\/ohiggins\/wp-json\/wp\/v2\/posts"}],"about":[{"href":"https:\/\/dev.explora.cl\/ohiggins\/wp-json\/wp\/v2\/types\/post"}],"author":[{"embeddable":true,"href":"https:\/\/dev.explora.cl\/ohiggins\/wp-json\/wp\/v2\/users\/2"}],"replies":[{"embeddable":true,"href":"https:\/\/dev.explora.cl\/ohiggins\/wp-json\/wp\/v2\/comments?post=31838"}],"version-history":[{"count":1,"href":"https:\/\/dev.explora.cl\/ohiggins\/wp-json\/wp\/v2\/posts\/31838\/revisions"}],"predecessor-version":[{"id":37884,"href":"https:\/\/dev.explora.cl\/ohiggins\/wp-json\/wp\/v2\/posts\/31838\/revisions\/37884"}],"wp:featuredmedia":[{"embeddable":true,"href":"https:\/\/dev.explora.cl\/ohiggins\/wp-json\/wp\/v2\/media\/31839"}],"wp:attachment":[{"href":"https:\/\/dev.explora.cl\/ohiggins\/wp-json\/wp\/v2\/media?parent=31838"}],"wp:term":[{"taxonomy":"category","embeddable":true,"href":"https:\/\/dev.explora.cl\/ohiggins\/wp-json\/wp\/v2\/categories?post=31838"},{"taxonomy":"post_tag","embeddable":true,"href":"https:\/\/dev.explora.cl\/ohiggins\/wp-json\/wp\/v2\/tags?post=31838"}],"curies":[{"name":"wp","href":"https:\/\/api.w.org\/{rel}","templated":true}]}}