{"id":31830,"date":"2014-10-13T00:00:00","date_gmt":"2014-10-13T04:00:00","guid":{"rendered":"https:\/\/dev.explora.cl\/ohiggins\/blog\/2014\/10\/13\/sigue-fiesta\/"},"modified":"2019-05-20T18:03:49","modified_gmt":"2019-05-20T18:03:49","slug":"sigue-fiesta","status":"publish","type":"post","link":"https:\/\/dev.explora.cl\/ohiggins\/sigue-fiesta\/","title":{"rendered":"La ciencia estuvo de fiesta en O\u2019Higgins"},"content":{"rendered":"<p><img loading=\"lazy\" decoding=\"async\" class=\" size-full wp-image-6108\" src=\"http:\/\/ec2-34-218-253-251.us-west-2.compute.amazonaws.com\/wp-content\/uploads\/2014\/10\/98e0cdd4e0bdb1a2d8e1cded7f0b007c.jpg\" alt=\"\" width=\"1000\" height=\"667\" \/><\/p>\n<p style=\"text-align: justify\">Muy exitosa result\u00f3 la celebraci\u00f3n de la XX Semana Nacional de la CyT; ya que durante octubre PAR EXPLORA O\u2019Higgins,\u00a0realiz\u00f3 varias iniciativas; tales como D\u00eda de la Ciencia en Mi Colegio, 1000 cient\u00edficos 1000 aulas, Laboratorios y Museos Abiertos, entre otras.<\/p>\n<p style=\"text-align: justify\"><strong>CARNAVAL DE LA CIENCIA<\/strong><\/p>\n<p style=\"text-align: justify\">La celebraci\u00f3n de la Semana de la Ciencia se desarroll\u00f3 con \u00e9xito entre el 6 y el 12 de este mes. Este lunes se realiz\u00f3 el lanzamiento en Rancagua con una feria cient\u00edfica de los Clubes EXPLORA, una muestra de biodiversidad y el planetario m\u00f3vil Tagua Tagua.<\/p>\n<p style=\"text-align: justify\"><img loading=\"lazy\" decoding=\"async\" class=\" size-full wp-image-6109\" src=\"http:\/\/ec2-34-218-253-251.us-west-2.compute.amazonaws.com\/wp-content\/uploads\/2014\/10\/feria-planetario.jpg\" border=\"0\" alt=\"\" width=\"900\" height=\"200\" \/><\/p>\n<p style=\"text-align: justify\">Se realizaron visitas gratuitas y guiadas al Museo de Rancagua (se puede escribir a karlarabi@dibam.cl); ferias cient\u00edficas en colegios de Machal\u00ed, Las Cabras, la capital regional, por mencionar algunas comunas.<\/p>\n<p style=\"text-align: justify\"><img loading=\"lazy\" decoding=\"async\" class=\" size-full wp-image-6110\" src=\"http:\/\/ec2-34-218-253-251.us-west-2.compute.amazonaws.com\/wp-content\/uploads\/2014\/10\/feria-museo.jpg\" border=\"0\" alt=\"\" width=\"900\" height=\"200\" \/><\/p>\n<p style=\"text-align: justify\">Adem\u00e1s, la Corporaci\u00f3n Nacional Forestal (CONAF) abri\u00f3 sus puertas a una delegaci\u00f3n que visit\u00f3 la Reserva Nacional R\u00edo Cipreses en Machal\u00ed; la Escuela Agr\u00edcola San Vicente de Paul de Colatuco, mostr\u00f3 sus instalaciones y su sendero ecol\u00f3gico; INIA Rayentu\u00e9 dio a conocer sus laboratorios, entre otras actividades.<\/p>\n<p style=\"text-align: justify\">\u00a0<img loading=\"lazy\" decoding=\"async\" class=\" size-full wp-image-6111\" src=\"http:\/\/ec2-34-218-253-251.us-west-2.compute.amazonaws.com\/wp-content\/uploads\/2014\/10\/inia-cipreses.jpg\" border=\"0\" alt=\"\" width=\"900\" height=\"200\" \/><\/p>\n<p style=\"text-align: justify\">El Liceo Francisco Encina de Las Cabras, realiz\u00f3 un encuentro con estudiantes universitarios de ciencias de la UC del Maule, en donde compartieron sus intereses y les comentaron respecto de sus experiencias. En Machal\u00ed, el colegio San Alberto realiz\u00f3 un Encuentro de Mujeres con la Ciencia con escolares de educaci\u00f3n media; pr\u00f3ximamente se realizar\u00e1 un encuentro semejante en el colegio san Fernando College.<\/p>\n<p style=\"text-align: justify\"><img loading=\"lazy\" decoding=\"async\" class=\" size-full wp-image-6112\" src=\"http:\/\/ec2-34-218-253-251.us-west-2.compute.amazonaws.com\/wp-content\/uploads\/2014\/10\/estudiantes-mujeres.jpg\" border=\"0\" alt=\"\" width=\"900\" height=\"200\" \/><\/p>\n<p style=\"text-align: justify\">Para m\u00e1s informaciones se puede escribir a parexplora.ohiggins@ucm.cl.<\/p>\n","protected":false},"excerpt":{"rendered":"<p>Muy exitosa result\u00f3 la celebraci\u00f3n de la XX Semana Nacional de la CyT; ya que durante octubre PAR EXPLORA O\u2019Higgins,\u00a0realiz\u00f3 varias iniciativas; tales como D\u00eda de la Ciencia en Mi Colegio, 1000 cient\u00edficos 1000 aulas, Laboratorios y Museos Abiertos, entre otras. CARNAVAL DE LA CIENCIA La celebraci\u00f3n de la Semana de la Ciencia se desarroll\u00f3 [&hellip;]<\/p>\n","protected":false},"author":2,"featured_media":31831,"comment_status":"open","ping_status":"open","sticky":false,"template":"","format":"standard","meta":{"_acf_changed":false,"_exactmetrics_skip_tracking":false,"_exactmetrics_sitenote_active":false,"_exactmetrics_sitenote_note":"","_exactmetrics_sitenote_category":0,"footnotes":"","_links_to":"","_links_to_target":""},"categories":[4],"tags":[],"class_list":["post-31830","post","type-post","status-publish","format-standard","has-post-thumbnail","hentry","category-noticias"],"acf":[],"yoast_head":"<!-- This site is optimized with the Yoast SEO plugin v26.7 - https:\/\/yoast.com\/wordpress\/plugins\/seo\/ -->\n<title>La ciencia estuvo de fiesta en O\u2019Higgins - O&#039;Higgins<\/title>\n<meta name=\"robots\" content=\"index, follow, max-snippet:-1, max-image-preview:large, max-video-preview:-1\" \/>\n<link rel=\"canonical\" href=\"https:\/\/dev.explora.cl\/ohiggins\/sigue-fiesta\/\" class=\"yoast-seo-meta-tag\" \/>\n<meta property=\"og:locale\" content=\"es_ES\" class=\"yoast-seo-meta-tag\" \/>\n<meta property=\"og:type\" content=\"article\" class=\"yoast-seo-meta-tag\" \/>\n<meta property=\"og:title\" content=\"La ciencia estuvo de fiesta en O\u2019Higgins - O&#039;Higgins\" class=\"yoast-seo-meta-tag\" \/>\n<meta property=\"og:description\" content=\"Muy exitosa result\u00f3 la celebraci\u00f3n de la XX Semana Nacional de la CyT; ya que durante octubre PAR EXPLORA O\u2019Higgins,\u00a0realiz\u00f3 varias iniciativas; tales como D\u00eda de la Ciencia en Mi Colegio, 1000 cient\u00edficos 1000 aulas, Laboratorios y Museos Abiertos, entre otras. CARNAVAL DE LA CIENCIA La celebraci\u00f3n de la Semana de la Ciencia se desarroll\u00f3 [&hellip;]\" class=\"yoast-seo-meta-tag\" \/>\n<meta property=\"og:url\" content=\"https:\/\/dev.explora.cl\/ohiggins\/sigue-fiesta\/\" class=\"yoast-seo-meta-tag\" \/>\n<meta property=\"og:site_name\" content=\"O&#039;Higgins\" class=\"yoast-seo-meta-tag\" \/>\n<meta property=\"article:published_time\" content=\"2014-10-13T04:00:00+00:00\" class=\"yoast-seo-meta-tag\" \/>\n<meta property=\"article:modified_time\" content=\"2019-05-20T18:03:49+00:00\" class=\"yoast-seo-meta-tag\" \/>\n<meta property=\"og:image\" content=\"https:\/\/dev.explora.cl\/ohiggins\/wp-content\/uploads\/sites\/8\/2018\/06\/98e0cdd4e0bdb1a2d8e1cded7f0b007c.jpg\" class=\"yoast-seo-meta-tag\" \/>\n\t<meta property=\"og:image:width\" content=\"1000\" class=\"yoast-seo-meta-tag\" \/>\n\t<meta property=\"og:image:height\" content=\"667\" class=\"yoast-seo-meta-tag\" \/>\n\t<meta property=\"og:image:type\" content=\"image\/jpeg\" class=\"yoast-seo-meta-tag\" \/>\n<meta name=\"author\" content=\"webman\" class=\"yoast-seo-meta-tag\" \/>\n<meta name=\"twitter:card\" content=\"summary_large_image\" class=\"yoast-seo-meta-tag\" \/>\n<meta name=\"twitter:label1\" content=\"Escrito por\" class=\"yoast-seo-meta-tag\" \/>\n\t<meta name=\"twitter:data1\" content=\"webman\" class=\"yoast-seo-meta-tag\" \/>\n\t<meta name=\"twitter:label2\" content=\"Tiempo estimado de lectura\" class=\"yoast-seo-meta-tag\" \/>\n\t<meta name=\"twitter:data2\" content=\"1 minuto\" class=\"yoast-seo-meta-tag\" \/>\n<script type=\"application\/ld+json\" class=\"yoast-schema-graph\">{\"@context\":\"https:\/\/schema.org\",\"@graph\":[{\"@type\":\"Article\",\"@id\":\"https:\/\/dev.explora.cl\/ohiggins\/sigue-fiesta\/#article\",\"isPartOf\":{\"@id\":\"https:\/\/dev.explora.cl\/ohiggins\/sigue-fiesta\/\"},\"author\":{\"name\":\"webman\",\"@id\":\"https:\/\/dev.explora.cl\/ohiggins\/#\/schema\/person\/cb8349c13ea2d324080adf8480d7ba5d\"},\"headline\":\"La ciencia estuvo de fiesta en O\u2019Higgins\",\"datePublished\":\"2014-10-13T04:00:00+00:00\",\"dateModified\":\"2019-05-20T18:03:49+00:00\",\"mainEntityOfPage\":{\"@id\":\"https:\/\/dev.explora.cl\/ohiggins\/sigue-fiesta\/\"},\"wordCount\":267,\"commentCount\":0,\"image\":{\"@id\":\"https:\/\/dev.explora.cl\/ohiggins\/sigue-fiesta\/#primaryimage\"},\"thumbnailUrl\":\"https:\/\/dev.explora.cl\/ohiggins\/wp-content\/uploads\/sites\/8\/2018\/06\/98e0cdd4e0bdb1a2d8e1cded7f0b007c.jpg\",\"articleSection\":[\"Noticias\"],\"inLanguage\":\"es-CL\",\"potentialAction\":[{\"@type\":\"CommentAction\",\"name\":\"Comment\",\"target\":[\"https:\/\/dev.explora.cl\/ohiggins\/sigue-fiesta\/#respond\"]}]},{\"@type\":\"WebPage\",\"@id\":\"https:\/\/dev.explora.cl\/ohiggins\/sigue-fiesta\/\",\"url\":\"https:\/\/dev.explora.cl\/ohiggins\/sigue-fiesta\/\",\"name\":\"La ciencia estuvo de fiesta en O\u2019Higgins - O&#039;Higgins\",\"isPartOf\":{\"@id\":\"https:\/\/dev.explora.cl\/ohiggins\/#website\"},\"primaryImageOfPage\":{\"@id\":\"https:\/\/dev.explora.cl\/ohiggins\/sigue-fiesta\/#primaryimage\"},\"image\":{\"@id\":\"https:\/\/dev.explora.cl\/ohiggins\/sigue-fiesta\/#primaryimage\"},\"thumbnailUrl\":\"https:\/\/dev.explora.cl\/ohiggins\/wp-content\/uploads\/sites\/8\/2018\/06\/98e0cdd4e0bdb1a2d8e1cded7f0b007c.jpg\",\"datePublished\":\"2014-10-13T04:00:00+00:00\",\"dateModified\":\"2019-05-20T18:03:49+00:00\",\"author\":{\"@id\":\"https:\/\/dev.explora.cl\/ohiggins\/#\/schema\/person\/cb8349c13ea2d324080adf8480d7ba5d\"},\"breadcrumb\":{\"@id\":\"https:\/\/dev.explora.cl\/ohiggins\/sigue-fiesta\/#breadcrumb\"},\"inLanguage\":\"es-CL\",\"potentialAction\":[{\"@type\":\"ReadAction\",\"target\":[\"https:\/\/dev.explora.cl\/ohiggins\/sigue-fiesta\/\"]}]},{\"@type\":\"ImageObject\",\"inLanguage\":\"es-CL\",\"@id\":\"https:\/\/dev.explora.cl\/ohiggins\/sigue-fiesta\/#primaryimage\",\"url\":\"https:\/\/dev.explora.cl\/ohiggins\/wp-content\/uploads\/sites\/8\/2018\/06\/98e0cdd4e0bdb1a2d8e1cded7f0b007c.jpg\",\"contentUrl\":\"https:\/\/dev.explora.cl\/ohiggins\/wp-content\/uploads\/sites\/8\/2018\/06\/98e0cdd4e0bdb1a2d8e1cded7f0b007c.jpg\",\"width\":1000,\"height\":667},{\"@type\":\"BreadcrumbList\",\"@id\":\"https:\/\/dev.explora.cl\/ohiggins\/sigue-fiesta\/#breadcrumb\",\"itemListElement\":[{\"@type\":\"ListItem\",\"position\":1,\"name\":\"Portada\",\"item\":\"https:\/\/dev.explora.cl\/ohiggins\/\"},{\"@type\":\"ListItem\",\"position\":2,\"name\":\"La ciencia estuvo de fiesta en O\u2019Higgins\"}]},{\"@type\":\"WebSite\",\"@id\":\"https:\/\/dev.explora.cl\/ohiggins\/#website\",\"url\":\"https:\/\/dev.explora.cl\/ohiggins\/\",\"name\":\"O&#039;Higgins\",\"description\":\"Otro sitio m\u00e1s de dev.explora.cl\",\"potentialAction\":[{\"@type\":\"SearchAction\",\"target\":{\"@type\":\"EntryPoint\",\"urlTemplate\":\"https:\/\/dev.explora.cl\/ohiggins\/?s={search_term_string}\"},\"query-input\":{\"@type\":\"PropertyValueSpecification\",\"valueRequired\":true,\"valueName\":\"search_term_string\"}}],\"inLanguage\":\"es-CL\"},{\"@type\":\"Person\",\"@id\":\"https:\/\/dev.explora.cl\/ohiggins\/#\/schema\/person\/cb8349c13ea2d324080adf8480d7ba5d\",\"name\":\"webman\",\"image\":{\"@type\":\"ImageObject\",\"inLanguage\":\"es-CL\",\"@id\":\"https:\/\/dev.explora.cl\/ohiggins\/#\/schema\/person\/image\/\",\"url\":\"https:\/\/secure.gravatar.com\/avatar\/eeff3c82f2c02f7177d13663b7e6f890e9a6a0647ce9bb29cae02dcb094c7312?s=96&d=mm&r=g\",\"contentUrl\":\"https:\/\/secure.gravatar.com\/avatar\/eeff3c82f2c02f7177d13663b7e6f890e9a6a0647ce9bb29cae02dcb094c7312?s=96&d=mm&r=g\",\"caption\":\"webman\"},\"url\":\"https:\/\/dev.explora.cl\/ohiggins\/author\/webman\/\"}]}<\/script>\n<!-- \/ Yoast SEO plugin. -->","yoast_head_json":{"title":"La ciencia estuvo de fiesta en O\u2019Higgins - O&#039;Higgins","robots":{"index":"index","follow":"follow","max-snippet":"max-snippet:-1","max-image-preview":"max-image-preview:large","max-video-preview":"max-video-preview:-1"},"canonical":"https:\/\/dev.explora.cl\/ohiggins\/sigue-fiesta\/","og_locale":"es_ES","og_type":"article","og_title":"La ciencia estuvo de fiesta en O\u2019Higgins - O&#039;Higgins","og_description":"Muy exitosa result\u00f3 la celebraci\u00f3n de la XX Semana Nacional de la CyT; ya que durante octubre PAR EXPLORA O\u2019Higgins,\u00a0realiz\u00f3 varias iniciativas; tales como D\u00eda de la Ciencia en Mi Colegio, 1000 cient\u00edficos 1000 aulas, Laboratorios y Museos Abiertos, entre otras. CARNAVAL DE LA CIENCIA La celebraci\u00f3n de la Semana de la Ciencia se desarroll\u00f3 [&hellip;]","og_url":"https:\/\/dev.explora.cl\/ohiggins\/sigue-fiesta\/","og_site_name":"O&#039;Higgins","article_published_time":"2014-10-13T04:00:00+00:00","article_modified_time":"2019-05-20T18:03:49+00:00","og_image":[{"width":1000,"height":667,"url":"https:\/\/dev.explora.cl\/ohiggins\/wp-content\/uploads\/sites\/8\/2018\/06\/98e0cdd4e0bdb1a2d8e1cded7f0b007c.jpg","type":"image\/jpeg"}],"author":"webman","twitter_card":"summary_large_image","twitter_misc":{"Escrito por":"webman","Tiempo estimado de lectura":"1 minuto"},"schema":{"@context":"https:\/\/schema.org","@graph":[{"@type":"Article","@id":"https:\/\/dev.explora.cl\/ohiggins\/sigue-fiesta\/#article","isPartOf":{"@id":"https:\/\/dev.explora.cl\/ohiggins\/sigue-fiesta\/"},"author":{"name":"webman","@id":"https:\/\/dev.explora.cl\/ohiggins\/#\/schema\/person\/cb8349c13ea2d324080adf8480d7ba5d"},"headline":"La ciencia estuvo de fiesta en O\u2019Higgins","datePublished":"2014-10-13T04:00:00+00:00","dateModified":"2019-05-20T18:03:49+00:00","mainEntityOfPage":{"@id":"https:\/\/dev.explora.cl\/ohiggins\/sigue-fiesta\/"},"wordCount":267,"commentCount":0,"image":{"@id":"https:\/\/dev.explora.cl\/ohiggins\/sigue-fiesta\/#primaryimage"},"thumbnailUrl":"https:\/\/dev.explora.cl\/ohiggins\/wp-content\/uploads\/sites\/8\/2018\/06\/98e0cdd4e0bdb1a2d8e1cded7f0b007c.jpg","articleSection":["Noticias"],"inLanguage":"es-CL","potentialAction":[{"@type":"CommentAction","name":"Comment","target":["https:\/\/dev.explora.cl\/ohiggins\/sigue-fiesta\/#respond"]}]},{"@type":"WebPage","@id":"https:\/\/dev.explora.cl\/ohiggins\/sigue-fiesta\/","url":"https:\/\/dev.explora.cl\/ohiggins\/sigue-fiesta\/","name":"La ciencia estuvo de fiesta en O\u2019Higgins - O&#039;Higgins","isPartOf":{"@id":"https:\/\/dev.explora.cl\/ohiggins\/#website"},"primaryImageOfPage":{"@id":"https:\/\/dev.explora.cl\/ohiggins\/sigue-fiesta\/#primaryimage"},"image":{"@id":"https:\/\/dev.explora.cl\/ohiggins\/sigue-fiesta\/#primaryimage"},"thumbnailUrl":"https:\/\/dev.explora.cl\/ohiggins\/wp-content\/uploads\/sites\/8\/2018\/06\/98e0cdd4e0bdb1a2d8e1cded7f0b007c.jpg","datePublished":"2014-10-13T04:00:00+00:00","dateModified":"2019-05-20T18:03:49+00:00","author":{"@id":"https:\/\/dev.explora.cl\/ohiggins\/#\/schema\/person\/cb8349c13ea2d324080adf8480d7ba5d"},"breadcrumb":{"@id":"https:\/\/dev.explora.cl\/ohiggins\/sigue-fiesta\/#breadcrumb"},"inLanguage":"es-CL","potentialAction":[{"@type":"ReadAction","target":["https:\/\/dev.explora.cl\/ohiggins\/sigue-fiesta\/"]}]},{"@type":"ImageObject","inLanguage":"es-CL","@id":"https:\/\/dev.explora.cl\/ohiggins\/sigue-fiesta\/#primaryimage","url":"https:\/\/dev.explora.cl\/ohiggins\/wp-content\/uploads\/sites\/8\/2018\/06\/98e0cdd4e0bdb1a2d8e1cded7f0b007c.jpg","contentUrl":"https:\/\/dev.explora.cl\/ohiggins\/wp-content\/uploads\/sites\/8\/2018\/06\/98e0cdd4e0bdb1a2d8e1cded7f0b007c.jpg","width":1000,"height":667},{"@type":"BreadcrumbList","@id":"https:\/\/dev.explora.cl\/ohiggins\/sigue-fiesta\/#breadcrumb","itemListElement":[{"@type":"ListItem","position":1,"name":"Portada","item":"https:\/\/dev.explora.cl\/ohiggins\/"},{"@type":"ListItem","position":2,"name":"La ciencia estuvo de fiesta en O\u2019Higgins"}]},{"@type":"WebSite","@id":"https:\/\/dev.explora.cl\/ohiggins\/#website","url":"https:\/\/dev.explora.cl\/ohiggins\/","name":"O&#039;Higgins","description":"Otro sitio m\u00e1s de dev.explora.cl","potentialAction":[{"@type":"SearchAction","target":{"@type":"EntryPoint","urlTemplate":"https:\/\/dev.explora.cl\/ohiggins\/?s={search_term_string}"},"query-input":{"@type":"PropertyValueSpecification","valueRequired":true,"valueName":"search_term_string"}}],"inLanguage":"es-CL"},{"@type":"Person","@id":"https:\/\/dev.explora.cl\/ohiggins\/#\/schema\/person\/cb8349c13ea2d324080adf8480d7ba5d","name":"webman","image":{"@type":"ImageObject","inLanguage":"es-CL","@id":"https:\/\/dev.explora.cl\/ohiggins\/#\/schema\/person\/image\/","url":"https:\/\/secure.gravatar.com\/avatar\/eeff3c82f2c02f7177d13663b7e6f890e9a6a0647ce9bb29cae02dcb094c7312?s=96&d=mm&r=g","contentUrl":"https:\/\/secure.gravatar.com\/avatar\/eeff3c82f2c02f7177d13663b7e6f890e9a6a0647ce9bb29cae02dcb094c7312?s=96&d=mm&r=g","caption":"webman"},"url":"https:\/\/dev.explora.cl\/ohiggins\/author\/webman\/"}]}},"_links":{"self":[{"href":"https:\/\/dev.explora.cl\/ohiggins\/wp-json\/wp\/v2\/posts\/31830","targetHints":{"allow":["GET"]}}],"collection":[{"href":"https:\/\/dev.explora.cl\/ohiggins\/wp-json\/wp\/v2\/posts"}],"about":[{"href":"https:\/\/dev.explora.cl\/ohiggins\/wp-json\/wp\/v2\/types\/post"}],"author":[{"embeddable":true,"href":"https:\/\/dev.explora.cl\/ohiggins\/wp-json\/wp\/v2\/users\/2"}],"replies":[{"embeddable":true,"href":"https:\/\/dev.explora.cl\/ohiggins\/wp-json\/wp\/v2\/comments?post=31830"}],"version-history":[{"count":1,"href":"https:\/\/dev.explora.cl\/ohiggins\/wp-json\/wp\/v2\/posts\/31830\/revisions"}],"predecessor-version":[{"id":37883,"href":"https:\/\/dev.explora.cl\/ohiggins\/wp-json\/wp\/v2\/posts\/31830\/revisions\/37883"}],"wp:featuredmedia":[{"embeddable":true,"href":"https:\/\/dev.explora.cl\/ohiggins\/wp-json\/wp\/v2\/media\/31831"}],"wp:attachment":[{"href":"https:\/\/dev.explora.cl\/ohiggins\/wp-json\/wp\/v2\/media?parent=31830"}],"wp:term":[{"taxonomy":"category","embeddable":true,"href":"https:\/\/dev.explora.cl\/ohiggins\/wp-json\/wp\/v2\/categories?post=31830"},{"taxonomy":"post_tag","embeddable":true,"href":"https:\/\/dev.explora.cl\/ohiggins\/wp-json\/wp\/v2\/tags?post=31830"}],"curies":[{"name":"wp","href":"https:\/\/api.w.org\/{rel}","templated":true}]}}