{"id":31828,"date":"2014-10-13T00:00:00","date_gmt":"2014-10-13T04:00:00","guid":{"rendered":"https:\/\/dev.explora.cl\/ohiggins\/blog\/2014\/10\/13\/escuela-ambiental\/"},"modified":"2019-05-20T18:03:49","modified_gmt":"2019-05-20T18:03:49","slug":"escuela-ambiental","status":"publish","type":"post","link":"https:\/\/dev.explora.cl\/ohiggins\/escuela-ambiental\/","title":{"rendered":"Estudiantes de San Vicente se comprometieron con el cuidado del patrimonio y el medioambiente"},"content":{"rendered":"<p><img loading=\"lazy\" decoding=\"async\" class=\" size-full wp-image-6106\" src=\"http:\/\/ec2-34-218-253-251.us-west-2.compute.amazonaws.com\/wp-content\/uploads\/2014\/10\/8fbb0968bd0c2a321a1bbb050e3eaac1.jpg\" alt=\"\" width=\"1000\" height=\"667\" \/><\/p>\n<p style=\"text-align: justify\">Con el compromiso de difundir y promover el cuidado del medioambiente y el patrimonio en sus establecimientos educacionales, treinta estudiantes de la comuna de San Vicente de Tagua Tagua, recibieron este viernes su certificaci\u00f3n al finalizar la Escuela Ambiental en su quinta versi\u00f3n.<\/p>\n<p style=\"text-align: justify\">La iniciativa, corresponde a una actividad de la XX Semana Nacional de la C y T, que se ha desarrollado con diversas actividades en toda la regi\u00f3n de O\u2019Higgins y el pa\u00eds, para difundir el quehacer cient\u00edfico a la comunidad en general. Fue realizada por el Grupo de Acci\u00f3n Ecologica y Conservaci\u00f3n A\u00f1a\u00f1uca en conjunto con el PAR EXPLORA O\u2019Higgins y la municipalidad de la comuna.<\/p>\n<p style=\"text-align: justify\">Ignacio Celis, uno de los directores de A\u00f1a\u00f1uca, valor\u00f3 lo realizado en estos cinco a\u00f1os, \u201cpudimos realizar esta versi\u00f3n gracias al apoyo de la Corporaci\u00f3n y la Municipalidad de San Vicente, el auspicio de PAR EXPLORA O\u2019Higgins, adem\u00e1s contamos con destacados profesionales, permacultores, arque\u00f3logos, profesores, que pasaron sus conocimientos a los j\u00f3venes presentes\u201d.<\/p>\n<p style=\"text-align: justify\">Los talleres se realizaron desde el 6 al 12 de octubre, en que se capacitaron en historia natural local, cuidado del medioambiente; visitaron puntos arqueol\u00f3gicos y de biodiversidad importantes; adem\u00e1s de aprender de liderazgo.<\/p>\n<p style=\"text-align: justify\">Carla Morales Vallejos<br \/>Periodista PAR EXPLORA O&#8217;Higgins<\/p>\n","protected":false},"excerpt":{"rendered":"<p>Con el compromiso de difundir y promover el cuidado del medioambiente y el patrimonio en sus establecimientos educacionales, treinta estudiantes de la comuna de San Vicente de Tagua Tagua, recibieron este viernes su certificaci\u00f3n al finalizar la Escuela Ambiental en su quinta versi\u00f3n. La iniciativa, corresponde a una actividad de la XX Semana Nacional de [&hellip;]<\/p>\n","protected":false},"author":2,"featured_media":31829,"comment_status":"open","ping_status":"open","sticky":false,"template":"","format":"standard","meta":{"_acf_changed":false,"_exactmetrics_skip_tracking":false,"_exactmetrics_sitenote_active":false,"_exactmetrics_sitenote_note":"","_exactmetrics_sitenote_category":0,"footnotes":"","_links_to":"","_links_to_target":""},"categories":[4],"tags":[],"class_list":["post-31828","post","type-post","status-publish","format-standard","has-post-thumbnail","hentry","category-noticias"],"acf":[],"yoast_head":"<!-- This site is optimized with the Yoast SEO plugin v26.7 - https:\/\/yoast.com\/wordpress\/plugins\/seo\/ -->\n<title>Estudiantes de San Vicente se comprometieron con el cuidado del patrimonio y el medioambiente - O&#039;Higgins<\/title>\n<meta name=\"robots\" content=\"index, follow, max-snippet:-1, max-image-preview:large, max-video-preview:-1\" \/>\n<link rel=\"canonical\" href=\"https:\/\/dev.explora.cl\/ohiggins\/escuela-ambiental\/\" class=\"yoast-seo-meta-tag\" \/>\n<meta property=\"og:locale\" content=\"es_ES\" class=\"yoast-seo-meta-tag\" \/>\n<meta property=\"og:type\" content=\"article\" class=\"yoast-seo-meta-tag\" \/>\n<meta property=\"og:title\" content=\"Estudiantes de San Vicente se comprometieron con el cuidado del patrimonio y el medioambiente - O&#039;Higgins\" class=\"yoast-seo-meta-tag\" \/>\n<meta property=\"og:description\" content=\"Con el compromiso de difundir y promover el cuidado del medioambiente y el patrimonio en sus establecimientos educacionales, treinta estudiantes de la comuna de San Vicente de Tagua Tagua, recibieron este viernes su certificaci\u00f3n al finalizar la Escuela Ambiental en su quinta versi\u00f3n. La iniciativa, corresponde a una actividad de la XX Semana Nacional de [&hellip;]\" class=\"yoast-seo-meta-tag\" \/>\n<meta property=\"og:url\" content=\"https:\/\/dev.explora.cl\/ohiggins\/escuela-ambiental\/\" class=\"yoast-seo-meta-tag\" \/>\n<meta property=\"og:site_name\" content=\"O&#039;Higgins\" class=\"yoast-seo-meta-tag\" \/>\n<meta property=\"article:published_time\" content=\"2014-10-13T04:00:00+00:00\" class=\"yoast-seo-meta-tag\" \/>\n<meta property=\"article:modified_time\" content=\"2019-05-20T18:03:49+00:00\" class=\"yoast-seo-meta-tag\" \/>\n<meta property=\"og:image\" content=\"https:\/\/dev.explora.cl\/ohiggins\/wp-content\/uploads\/sites\/8\/2018\/06\/8fbb0968bd0c2a321a1bbb050e3eaac1.jpg\" class=\"yoast-seo-meta-tag\" \/>\n\t<meta property=\"og:image:width\" content=\"1000\" class=\"yoast-seo-meta-tag\" \/>\n\t<meta property=\"og:image:height\" content=\"667\" class=\"yoast-seo-meta-tag\" \/>\n\t<meta property=\"og:image:type\" content=\"image\/jpeg\" class=\"yoast-seo-meta-tag\" \/>\n<meta name=\"author\" content=\"webman\" class=\"yoast-seo-meta-tag\" \/>\n<meta name=\"twitter:card\" content=\"summary_large_image\" class=\"yoast-seo-meta-tag\" \/>\n<meta name=\"twitter:label1\" content=\"Escrito por\" class=\"yoast-seo-meta-tag\" \/>\n\t<meta name=\"twitter:data1\" content=\"webman\" class=\"yoast-seo-meta-tag\" \/>\n\t<meta name=\"twitter:label2\" content=\"Tiempo estimado de lectura\" class=\"yoast-seo-meta-tag\" \/>\n\t<meta name=\"twitter:data2\" content=\"1 minuto\" class=\"yoast-seo-meta-tag\" \/>\n<script type=\"application\/ld+json\" class=\"yoast-schema-graph\">{\"@context\":\"https:\/\/schema.org\",\"@graph\":[{\"@type\":\"Article\",\"@id\":\"https:\/\/dev.explora.cl\/ohiggins\/escuela-ambiental\/#article\",\"isPartOf\":{\"@id\":\"https:\/\/dev.explora.cl\/ohiggins\/escuela-ambiental\/\"},\"author\":{\"name\":\"webman\",\"@id\":\"https:\/\/dev.explora.cl\/ohiggins\/#\/schema\/person\/cb8349c13ea2d324080adf8480d7ba5d\"},\"headline\":\"Estudiantes de San Vicente se comprometieron con el cuidado del patrimonio y el medioambiente\",\"datePublished\":\"2014-10-13T04:00:00+00:00\",\"dateModified\":\"2019-05-20T18:03:49+00:00\",\"mainEntityOfPage\":{\"@id\":\"https:\/\/dev.explora.cl\/ohiggins\/escuela-ambiental\/\"},\"wordCount\":237,\"commentCount\":0,\"image\":{\"@id\":\"https:\/\/dev.explora.cl\/ohiggins\/escuela-ambiental\/#primaryimage\"},\"thumbnailUrl\":\"https:\/\/dev.explora.cl\/ohiggins\/wp-content\/uploads\/sites\/8\/2018\/06\/8fbb0968bd0c2a321a1bbb050e3eaac1.jpg\",\"articleSection\":[\"Noticias\"],\"inLanguage\":\"es-CL\",\"potentialAction\":[{\"@type\":\"CommentAction\",\"name\":\"Comment\",\"target\":[\"https:\/\/dev.explora.cl\/ohiggins\/escuela-ambiental\/#respond\"]}]},{\"@type\":\"WebPage\",\"@id\":\"https:\/\/dev.explora.cl\/ohiggins\/escuela-ambiental\/\",\"url\":\"https:\/\/dev.explora.cl\/ohiggins\/escuela-ambiental\/\",\"name\":\"Estudiantes de San Vicente se comprometieron con el cuidado del patrimonio y el medioambiente - O&#039;Higgins\",\"isPartOf\":{\"@id\":\"https:\/\/dev.explora.cl\/ohiggins\/#website\"},\"primaryImageOfPage\":{\"@id\":\"https:\/\/dev.explora.cl\/ohiggins\/escuela-ambiental\/#primaryimage\"},\"image\":{\"@id\":\"https:\/\/dev.explora.cl\/ohiggins\/escuela-ambiental\/#primaryimage\"},\"thumbnailUrl\":\"https:\/\/dev.explora.cl\/ohiggins\/wp-content\/uploads\/sites\/8\/2018\/06\/8fbb0968bd0c2a321a1bbb050e3eaac1.jpg\",\"datePublished\":\"2014-10-13T04:00:00+00:00\",\"dateModified\":\"2019-05-20T18:03:49+00:00\",\"author\":{\"@id\":\"https:\/\/dev.explora.cl\/ohiggins\/#\/schema\/person\/cb8349c13ea2d324080adf8480d7ba5d\"},\"breadcrumb\":{\"@id\":\"https:\/\/dev.explora.cl\/ohiggins\/escuela-ambiental\/#breadcrumb\"},\"inLanguage\":\"es-CL\",\"potentialAction\":[{\"@type\":\"ReadAction\",\"target\":[\"https:\/\/dev.explora.cl\/ohiggins\/escuela-ambiental\/\"]}]},{\"@type\":\"ImageObject\",\"inLanguage\":\"es-CL\",\"@id\":\"https:\/\/dev.explora.cl\/ohiggins\/escuela-ambiental\/#primaryimage\",\"url\":\"https:\/\/dev.explora.cl\/ohiggins\/wp-content\/uploads\/sites\/8\/2018\/06\/8fbb0968bd0c2a321a1bbb050e3eaac1.jpg\",\"contentUrl\":\"https:\/\/dev.explora.cl\/ohiggins\/wp-content\/uploads\/sites\/8\/2018\/06\/8fbb0968bd0c2a321a1bbb050e3eaac1.jpg\",\"width\":1000,\"height\":667},{\"@type\":\"BreadcrumbList\",\"@id\":\"https:\/\/dev.explora.cl\/ohiggins\/escuela-ambiental\/#breadcrumb\",\"itemListElement\":[{\"@type\":\"ListItem\",\"position\":1,\"name\":\"Portada\",\"item\":\"https:\/\/dev.explora.cl\/ohiggins\/\"},{\"@type\":\"ListItem\",\"position\":2,\"name\":\"Estudiantes de San Vicente se comprometieron con el cuidado del patrimonio y el medioambiente\"}]},{\"@type\":\"WebSite\",\"@id\":\"https:\/\/dev.explora.cl\/ohiggins\/#website\",\"url\":\"https:\/\/dev.explora.cl\/ohiggins\/\",\"name\":\"O&#039;Higgins\",\"description\":\"Otro sitio m\u00e1s de dev.explora.cl\",\"potentialAction\":[{\"@type\":\"SearchAction\",\"target\":{\"@type\":\"EntryPoint\",\"urlTemplate\":\"https:\/\/dev.explora.cl\/ohiggins\/?s={search_term_string}\"},\"query-input\":{\"@type\":\"PropertyValueSpecification\",\"valueRequired\":true,\"valueName\":\"search_term_string\"}}],\"inLanguage\":\"es-CL\"},{\"@type\":\"Person\",\"@id\":\"https:\/\/dev.explora.cl\/ohiggins\/#\/schema\/person\/cb8349c13ea2d324080adf8480d7ba5d\",\"name\":\"webman\",\"image\":{\"@type\":\"ImageObject\",\"inLanguage\":\"es-CL\",\"@id\":\"https:\/\/dev.explora.cl\/ohiggins\/#\/schema\/person\/image\/\",\"url\":\"https:\/\/secure.gravatar.com\/avatar\/eeff3c82f2c02f7177d13663b7e6f890e9a6a0647ce9bb29cae02dcb094c7312?s=96&d=mm&r=g\",\"contentUrl\":\"https:\/\/secure.gravatar.com\/avatar\/eeff3c82f2c02f7177d13663b7e6f890e9a6a0647ce9bb29cae02dcb094c7312?s=96&d=mm&r=g\",\"caption\":\"webman\"},\"url\":\"https:\/\/dev.explora.cl\/ohiggins\/author\/webman\/\"}]}<\/script>\n<!-- \/ Yoast SEO plugin. -->","yoast_head_json":{"title":"Estudiantes de San Vicente se comprometieron con el cuidado del patrimonio y el medioambiente - O&#039;Higgins","robots":{"index":"index","follow":"follow","max-snippet":"max-snippet:-1","max-image-preview":"max-image-preview:large","max-video-preview":"max-video-preview:-1"},"canonical":"https:\/\/dev.explora.cl\/ohiggins\/escuela-ambiental\/","og_locale":"es_ES","og_type":"article","og_title":"Estudiantes de San Vicente se comprometieron con el cuidado del patrimonio y el medioambiente - O&#039;Higgins","og_description":"Con el compromiso de difundir y promover el cuidado del medioambiente y el patrimonio en sus establecimientos educacionales, treinta estudiantes de la comuna de San Vicente de Tagua Tagua, recibieron este viernes su certificaci\u00f3n al finalizar la Escuela Ambiental en su quinta versi\u00f3n. La iniciativa, corresponde a una actividad de la XX Semana Nacional de [&hellip;]","og_url":"https:\/\/dev.explora.cl\/ohiggins\/escuela-ambiental\/","og_site_name":"O&#039;Higgins","article_published_time":"2014-10-13T04:00:00+00:00","article_modified_time":"2019-05-20T18:03:49+00:00","og_image":[{"width":1000,"height":667,"url":"https:\/\/dev.explora.cl\/ohiggins\/wp-content\/uploads\/sites\/8\/2018\/06\/8fbb0968bd0c2a321a1bbb050e3eaac1.jpg","type":"image\/jpeg"}],"author":"webman","twitter_card":"summary_large_image","twitter_misc":{"Escrito por":"webman","Tiempo estimado de lectura":"1 minuto"},"schema":{"@context":"https:\/\/schema.org","@graph":[{"@type":"Article","@id":"https:\/\/dev.explora.cl\/ohiggins\/escuela-ambiental\/#article","isPartOf":{"@id":"https:\/\/dev.explora.cl\/ohiggins\/escuela-ambiental\/"},"author":{"name":"webman","@id":"https:\/\/dev.explora.cl\/ohiggins\/#\/schema\/person\/cb8349c13ea2d324080adf8480d7ba5d"},"headline":"Estudiantes de San Vicente se comprometieron con el cuidado del patrimonio y el medioambiente","datePublished":"2014-10-13T04:00:00+00:00","dateModified":"2019-05-20T18:03:49+00:00","mainEntityOfPage":{"@id":"https:\/\/dev.explora.cl\/ohiggins\/escuela-ambiental\/"},"wordCount":237,"commentCount":0,"image":{"@id":"https:\/\/dev.explora.cl\/ohiggins\/escuela-ambiental\/#primaryimage"},"thumbnailUrl":"https:\/\/dev.explora.cl\/ohiggins\/wp-content\/uploads\/sites\/8\/2018\/06\/8fbb0968bd0c2a321a1bbb050e3eaac1.jpg","articleSection":["Noticias"],"inLanguage":"es-CL","potentialAction":[{"@type":"CommentAction","name":"Comment","target":["https:\/\/dev.explora.cl\/ohiggins\/escuela-ambiental\/#respond"]}]},{"@type":"WebPage","@id":"https:\/\/dev.explora.cl\/ohiggins\/escuela-ambiental\/","url":"https:\/\/dev.explora.cl\/ohiggins\/escuela-ambiental\/","name":"Estudiantes de San Vicente se comprometieron con el cuidado del patrimonio y el medioambiente - O&#039;Higgins","isPartOf":{"@id":"https:\/\/dev.explora.cl\/ohiggins\/#website"},"primaryImageOfPage":{"@id":"https:\/\/dev.explora.cl\/ohiggins\/escuela-ambiental\/#primaryimage"},"image":{"@id":"https:\/\/dev.explora.cl\/ohiggins\/escuela-ambiental\/#primaryimage"},"thumbnailUrl":"https:\/\/dev.explora.cl\/ohiggins\/wp-content\/uploads\/sites\/8\/2018\/06\/8fbb0968bd0c2a321a1bbb050e3eaac1.jpg","datePublished":"2014-10-13T04:00:00+00:00","dateModified":"2019-05-20T18:03:49+00:00","author":{"@id":"https:\/\/dev.explora.cl\/ohiggins\/#\/schema\/person\/cb8349c13ea2d324080adf8480d7ba5d"},"breadcrumb":{"@id":"https:\/\/dev.explora.cl\/ohiggins\/escuela-ambiental\/#breadcrumb"},"inLanguage":"es-CL","potentialAction":[{"@type":"ReadAction","target":["https:\/\/dev.explora.cl\/ohiggins\/escuela-ambiental\/"]}]},{"@type":"ImageObject","inLanguage":"es-CL","@id":"https:\/\/dev.explora.cl\/ohiggins\/escuela-ambiental\/#primaryimage","url":"https:\/\/dev.explora.cl\/ohiggins\/wp-content\/uploads\/sites\/8\/2018\/06\/8fbb0968bd0c2a321a1bbb050e3eaac1.jpg","contentUrl":"https:\/\/dev.explora.cl\/ohiggins\/wp-content\/uploads\/sites\/8\/2018\/06\/8fbb0968bd0c2a321a1bbb050e3eaac1.jpg","width":1000,"height":667},{"@type":"BreadcrumbList","@id":"https:\/\/dev.explora.cl\/ohiggins\/escuela-ambiental\/#breadcrumb","itemListElement":[{"@type":"ListItem","position":1,"name":"Portada","item":"https:\/\/dev.explora.cl\/ohiggins\/"},{"@type":"ListItem","position":2,"name":"Estudiantes de San Vicente se comprometieron con el cuidado del patrimonio y el medioambiente"}]},{"@type":"WebSite","@id":"https:\/\/dev.explora.cl\/ohiggins\/#website","url":"https:\/\/dev.explora.cl\/ohiggins\/","name":"O&#039;Higgins","description":"Otro sitio m\u00e1s de dev.explora.cl","potentialAction":[{"@type":"SearchAction","target":{"@type":"EntryPoint","urlTemplate":"https:\/\/dev.explora.cl\/ohiggins\/?s={search_term_string}"},"query-input":{"@type":"PropertyValueSpecification","valueRequired":true,"valueName":"search_term_string"}}],"inLanguage":"es-CL"},{"@type":"Person","@id":"https:\/\/dev.explora.cl\/ohiggins\/#\/schema\/person\/cb8349c13ea2d324080adf8480d7ba5d","name":"webman","image":{"@type":"ImageObject","inLanguage":"es-CL","@id":"https:\/\/dev.explora.cl\/ohiggins\/#\/schema\/person\/image\/","url":"https:\/\/secure.gravatar.com\/avatar\/eeff3c82f2c02f7177d13663b7e6f890e9a6a0647ce9bb29cae02dcb094c7312?s=96&d=mm&r=g","contentUrl":"https:\/\/secure.gravatar.com\/avatar\/eeff3c82f2c02f7177d13663b7e6f890e9a6a0647ce9bb29cae02dcb094c7312?s=96&d=mm&r=g","caption":"webman"},"url":"https:\/\/dev.explora.cl\/ohiggins\/author\/webman\/"}]}},"_links":{"self":[{"href":"https:\/\/dev.explora.cl\/ohiggins\/wp-json\/wp\/v2\/posts\/31828","targetHints":{"allow":["GET"]}}],"collection":[{"href":"https:\/\/dev.explora.cl\/ohiggins\/wp-json\/wp\/v2\/posts"}],"about":[{"href":"https:\/\/dev.explora.cl\/ohiggins\/wp-json\/wp\/v2\/types\/post"}],"author":[{"embeddable":true,"href":"https:\/\/dev.explora.cl\/ohiggins\/wp-json\/wp\/v2\/users\/2"}],"replies":[{"embeddable":true,"href":"https:\/\/dev.explora.cl\/ohiggins\/wp-json\/wp\/v2\/comments?post=31828"}],"version-history":[{"count":1,"href":"https:\/\/dev.explora.cl\/ohiggins\/wp-json\/wp\/v2\/posts\/31828\/revisions"}],"predecessor-version":[{"id":37882,"href":"https:\/\/dev.explora.cl\/ohiggins\/wp-json\/wp\/v2\/posts\/31828\/revisions\/37882"}],"wp:featuredmedia":[{"embeddable":true,"href":"https:\/\/dev.explora.cl\/ohiggins\/wp-json\/wp\/v2\/media\/31829"}],"wp:attachment":[{"href":"https:\/\/dev.explora.cl\/ohiggins\/wp-json\/wp\/v2\/media?parent=31828"}],"wp:term":[{"taxonomy":"category","embeddable":true,"href":"https:\/\/dev.explora.cl\/ohiggins\/wp-json\/wp\/v2\/categories?post=31828"},{"taxonomy":"post_tag","embeddable":true,"href":"https:\/\/dev.explora.cl\/ohiggins\/wp-json\/wp\/v2\/tags?post=31828"}],"curies":[{"name":"wp","href":"https:\/\/api.w.org\/{rel}","templated":true}]}}