{"id":31824,"date":"2014-10-09T00:00:00","date_gmt":"2014-10-09T04:00:00","guid":{"rendered":"https:\/\/dev.explora.cl\/ohiggins\/blog\/2014\/10\/09\/museos-abiertos\/"},"modified":"2019-05-20T18:03:50","modified_gmt":"2019-05-20T18:03:50","slug":"museos-abiertos","status":"publish","type":"post","link":"https:\/\/dev.explora.cl\/ohiggins\/museos-abiertos\/","title":{"rendered":"Estudiantes visitan laboratorios y museos abiertos de la regi\u00f3n"},"content":{"rendered":"<p><img loading=\"lazy\" decoding=\"async\" class=\" size-full wp-image-6008\" src=\"http:\/\/ec2-34-218-253-251.us-west-2.compute.amazonaws.com\/wp-content\/uploads\/2014\/10\/87f9b7a0e220ce7e8d7355ffedb40745.jpg\" alt=\"\" width=\"1000\" height=\"667\" \/><\/p>\n<p style=\"text-align: justify\">Laboratorios, museos y universidades abiertos es la actividad principal que se desarroll\u00f3 este mi\u00e9rcoles con motivo de las celebraciones de la XX Semana Nacional de la Ciencia y la Tecnolog\u00eda (C y T). Iniciativa realizada por el PAR EXPLORA O\u2019Higgins, en conjunto con diversas entidades de la regi\u00f3n.<br \/>El Museo regional de Rancagua, INIA Rayentu\u00e9 y la Escuela Agr\u00edcola San Vicente de Paul, de Coltauco se sumaron a la iniciativa durante esta jornada. Adem\u00e1s la Escuela Agr\u00edcola Las Garzas y la Universidad Santo Tom\u00e1s tambi\u00e9n recibir\u00e1n a escolares que quieran conocer sus laboratorios y dependencias.<\/p>\n<p style=\"text-align: justify\">Como se recordar\u00e1 PAR EXPLORA O\u2019Higgins, ejecutado por UC del Maule, se sum\u00f3 a la iniciativa que el programa EXPLORA CONICYT desarrolla a nivel nacional todos los a\u00f1os desde 1995, Con el objetivo de difundir la ciencia y la tecnolog\u00eda a la comunidad en general.<\/p>\n<p style=\"text-align: justify\">Durante la semana, en forma paralela el grupo de Acci\u00f3n Ecol\u00f3gica y Conservaci\u00f3n A\u00d1A\u00d1UCA est\u00e1 realizando la Escuela Ambiental en San Vicente de Tagua Tagua; en Machal\u00ed habr\u00e1 un \u201cEncuentro de Mujeres con la Ciencia\u201d, en Las Cabras; un encuentro con estudiantes universitarios de cienciasy una feria cient\u00edfica en el Liceo Francisco Encina; una feria cient\u00edfica en el Colegio Interamericano de Rancagua; adem\u00e1s de otras iniciativas que puedes visitar en nuestro calendario (haz clic ac\u00e1).<\/p>\n<p style=\"text-align: justify\"><strong>MUSEO REGIONAL RANCAGUA<\/strong><\/p>\n<p style=\"text-align: justify\">El Museo Regional de Rancagua se sum\u00f3 a las celebraciones de la Semana de la C y T, recibiendo a casi un centenar de estudiantes con el taller \u201cSer un ni\u00f1o en la colonia\u201d, de los colegios: Marcela Paz, Mois\u00e9s Mussa y Manso de Velasco.<\/p>\n<p style=\"text-align: justify\">La profesora Karla Rabi, encargada del \u00e1rea educativa de la entidad les explic\u00f3 a los escolares, que la vida de los peque\u00f1os en la \u00e9poca colonial no vari\u00f3 mucho hasta bien entrado el siglo XX, dada las condiciones de la \u00e9poca, adem\u00e1s de mostrarles juegos t\u00edpicos, oficios y costumbres de la \u00e9poca.<\/p>\n<p style=\"text-align: justify\">Rabi destac\u00f3 la actividad desarrollada por PAR EXPLORA, ya que la idea es reencantar a la gente con el museo, pues se encuentra reabriendo sus puertas desde que fuera reparado tras los da\u00f1os del terremoto de 2010. Invitando adem\u00e1s a los profesores y estudiantes a que participen de los talleres que ofrecen; tales como Arqueolog\u00eda Para Ni\u00f1os y Visitas Guiadas y Juegos Tradicionales.<\/p>\n<p style=\"text-align: justify\"><img loading=\"lazy\" decoding=\"async\" class=\" size-full wp-image-6009\" src=\"http:\/\/ec2-34-218-253-251.us-west-2.compute.amazonaws.com\/wp-content\/uploads\/2014\/10\/patra-nota-museo.jpg\" border=\"0\" alt=\"\" width=\"900\" height=\"600\" \/><\/p>\n<p style=\"text-align: justify\">Para m\u00e1s informaciones se puede escribir a: karla.rabi@museosdibam.cl<\/p>\n<p style=\"text-align: justify\"><strong>INIA Y ESCUELA AGRICOLA SAN VICENTE DE PAUL<\/strong><\/p>\n<p style=\"text-align: justify\">La Escuela Agr\u00edcola San Vicente de Paul, de Coltauco, recibi\u00f3 a una delegaci\u00f3n de estudiantes del Colegio Ema Escobar de Lagos de Rengo, en donde los escolares pudieron apreciar uno de los dos senderos ecol\u00f3gicos que tiene la entidad, en el fundo Quim\u00e1vida, donde se encuentra.<\/p>\n<p style=\"text-align: justify\">Adem\u00e1s conocieron otras instalaciones como sus huertos, viveros, crianza de animales, planta productora de biog\u00e1s, entre otras iniciativas medioambientales.<\/p>\n<p style=\"text-align: justify\">Tambi\u00e9n recibi\u00f3 a una delegaci\u00f3n INIA RAYENTU\u00c9, en que 30 estudiantes conocieron los laboratorios de esta entidad encargada de investigaciones agr\u00edcolas, y recibieron una charla cient\u00edfica.<\/p>\n<p style=\"text-align: justify\"><img loading=\"lazy\" decoding=\"async\" class=\" size-full wp-image-6010\" src=\"http:\/\/ec2-34-218-253-251.us-west-2.compute.amazonaws.com\/wp-content\/uploads\/2014\/10\/para-nota-inia.jpg\" border=\"0\" alt=\"\" width=\"900\" height=\"700\" \/><\/p>\n<p style=\"text-align: justify\">Para m\u00e1s informaciones visita nuestra p\u00e1gina web <a href=\"ohiggins\">dev.explora.cl\/ohiggins<\/a>, o escribe a parexplora.ohiggins@ucm.cl<\/p>\n","protected":false},"excerpt":{"rendered":"<p>Laboratorios, museos y universidades abiertos es la actividad principal que se desarroll\u00f3 este mi\u00e9rcoles con motivo de las celebraciones de la XX Semana Nacional de la Ciencia y la Tecnolog\u00eda (C y T). Iniciativa realizada por el PAR EXPLORA O\u2019Higgins, en conjunto con diversas entidades de la regi\u00f3n.El Museo regional de Rancagua, INIA Rayentu\u00e9 y [&hellip;]<\/p>\n","protected":false},"author":2,"featured_media":31825,"comment_status":"open","ping_status":"open","sticky":false,"template":"","format":"standard","meta":{"_acf_changed":false,"_exactmetrics_skip_tracking":false,"_exactmetrics_sitenote_active":false,"_exactmetrics_sitenote_note":"","_exactmetrics_sitenote_category":0,"footnotes":"","_links_to":"","_links_to_target":""},"categories":[4],"tags":[],"class_list":["post-31824","post","type-post","status-publish","format-standard","has-post-thumbnail","hentry","category-noticias"],"acf":[],"yoast_head":"<!-- This site is optimized with the Yoast SEO plugin v26.7 - https:\/\/yoast.com\/wordpress\/plugins\/seo\/ -->\n<title>Estudiantes visitan laboratorios y museos abiertos de la regi\u00f3n - O&#039;Higgins<\/title>\n<meta name=\"robots\" content=\"index, follow, max-snippet:-1, max-image-preview:large, max-video-preview:-1\" \/>\n<link rel=\"canonical\" href=\"https:\/\/dev.explora.cl\/ohiggins\/museos-abiertos\/\" class=\"yoast-seo-meta-tag\" \/>\n<meta property=\"og:locale\" content=\"es_ES\" class=\"yoast-seo-meta-tag\" \/>\n<meta property=\"og:type\" content=\"article\" class=\"yoast-seo-meta-tag\" \/>\n<meta property=\"og:title\" content=\"Estudiantes visitan laboratorios y museos abiertos de la regi\u00f3n - O&#039;Higgins\" class=\"yoast-seo-meta-tag\" \/>\n<meta property=\"og:description\" content=\"Laboratorios, museos y universidades abiertos es la actividad principal que se desarroll\u00f3 este mi\u00e9rcoles con motivo de las celebraciones de la XX Semana Nacional de la Ciencia y la Tecnolog\u00eda (C y T). Iniciativa realizada por el PAR EXPLORA O\u2019Higgins, en conjunto con diversas entidades de la regi\u00f3n.El Museo regional de Rancagua, INIA Rayentu\u00e9 y [&hellip;]\" class=\"yoast-seo-meta-tag\" \/>\n<meta property=\"og:url\" content=\"https:\/\/dev.explora.cl\/ohiggins\/museos-abiertos\/\" class=\"yoast-seo-meta-tag\" \/>\n<meta property=\"og:site_name\" content=\"O&#039;Higgins\" class=\"yoast-seo-meta-tag\" \/>\n<meta property=\"article:published_time\" content=\"2014-10-09T04:00:00+00:00\" class=\"yoast-seo-meta-tag\" \/>\n<meta property=\"article:modified_time\" content=\"2019-05-20T18:03:50+00:00\" class=\"yoast-seo-meta-tag\" \/>\n<meta property=\"og:image\" content=\"https:\/\/dev.explora.cl\/ohiggins\/wp-content\/uploads\/sites\/8\/2018\/06\/87f9b7a0e220ce7e8d7355ffedb40745.jpg\" class=\"yoast-seo-meta-tag\" \/>\n\t<meta property=\"og:image:width\" content=\"1000\" class=\"yoast-seo-meta-tag\" \/>\n\t<meta property=\"og:image:height\" content=\"667\" class=\"yoast-seo-meta-tag\" \/>\n\t<meta property=\"og:image:type\" content=\"image\/jpeg\" class=\"yoast-seo-meta-tag\" \/>\n<meta name=\"author\" content=\"webman\" class=\"yoast-seo-meta-tag\" \/>\n<meta name=\"twitter:card\" content=\"summary_large_image\" class=\"yoast-seo-meta-tag\" \/>\n<meta name=\"twitter:label1\" content=\"Escrito por\" class=\"yoast-seo-meta-tag\" \/>\n\t<meta name=\"twitter:data1\" content=\"webman\" class=\"yoast-seo-meta-tag\" \/>\n\t<meta name=\"twitter:label2\" content=\"Tiempo estimado de lectura\" class=\"yoast-seo-meta-tag\" \/>\n\t<meta name=\"twitter:data2\" content=\"3 minutos\" class=\"yoast-seo-meta-tag\" \/>\n<script type=\"application\/ld+json\" class=\"yoast-schema-graph\">{\"@context\":\"https:\/\/schema.org\",\"@graph\":[{\"@type\":\"Article\",\"@id\":\"https:\/\/dev.explora.cl\/ohiggins\/museos-abiertos\/#article\",\"isPartOf\":{\"@id\":\"https:\/\/dev.explora.cl\/ohiggins\/museos-abiertos\/\"},\"author\":{\"name\":\"webman\",\"@id\":\"https:\/\/dev.explora.cl\/ohiggins\/#\/schema\/person\/cb8349c13ea2d324080adf8480d7ba5d\"},\"headline\":\"Estudiantes visitan laboratorios y museos abiertos de la regi\u00f3n\",\"datePublished\":\"2014-10-09T04:00:00+00:00\",\"dateModified\":\"2019-05-20T18:03:50+00:00\",\"mainEntityOfPage\":{\"@id\":\"https:\/\/dev.explora.cl\/ohiggins\/museos-abiertos\/\"},\"wordCount\":556,\"commentCount\":0,\"image\":{\"@id\":\"https:\/\/dev.explora.cl\/ohiggins\/museos-abiertos\/#primaryimage\"},\"thumbnailUrl\":\"https:\/\/dev.explora.cl\/ohiggins\/wp-content\/uploads\/sites\/8\/2018\/06\/87f9b7a0e220ce7e8d7355ffedb40745.jpg\",\"articleSection\":[\"Noticias\"],\"inLanguage\":\"es-CL\",\"potentialAction\":[{\"@type\":\"CommentAction\",\"name\":\"Comment\",\"target\":[\"https:\/\/dev.explora.cl\/ohiggins\/museos-abiertos\/#respond\"]}]},{\"@type\":\"WebPage\",\"@id\":\"https:\/\/dev.explora.cl\/ohiggins\/museos-abiertos\/\",\"url\":\"https:\/\/dev.explora.cl\/ohiggins\/museos-abiertos\/\",\"name\":\"Estudiantes visitan laboratorios y museos abiertos de la regi\u00f3n - O&#039;Higgins\",\"isPartOf\":{\"@id\":\"https:\/\/dev.explora.cl\/ohiggins\/#website\"},\"primaryImageOfPage\":{\"@id\":\"https:\/\/dev.explora.cl\/ohiggins\/museos-abiertos\/#primaryimage\"},\"image\":{\"@id\":\"https:\/\/dev.explora.cl\/ohiggins\/museos-abiertos\/#primaryimage\"},\"thumbnailUrl\":\"https:\/\/dev.explora.cl\/ohiggins\/wp-content\/uploads\/sites\/8\/2018\/06\/87f9b7a0e220ce7e8d7355ffedb40745.jpg\",\"datePublished\":\"2014-10-09T04:00:00+00:00\",\"dateModified\":\"2019-05-20T18:03:50+00:00\",\"author\":{\"@id\":\"https:\/\/dev.explora.cl\/ohiggins\/#\/schema\/person\/cb8349c13ea2d324080adf8480d7ba5d\"},\"breadcrumb\":{\"@id\":\"https:\/\/dev.explora.cl\/ohiggins\/museos-abiertos\/#breadcrumb\"},\"inLanguage\":\"es-CL\",\"potentialAction\":[{\"@type\":\"ReadAction\",\"target\":[\"https:\/\/dev.explora.cl\/ohiggins\/museos-abiertos\/\"]}]},{\"@type\":\"ImageObject\",\"inLanguage\":\"es-CL\",\"@id\":\"https:\/\/dev.explora.cl\/ohiggins\/museos-abiertos\/#primaryimage\",\"url\":\"https:\/\/dev.explora.cl\/ohiggins\/wp-content\/uploads\/sites\/8\/2018\/06\/87f9b7a0e220ce7e8d7355ffedb40745.jpg\",\"contentUrl\":\"https:\/\/dev.explora.cl\/ohiggins\/wp-content\/uploads\/sites\/8\/2018\/06\/87f9b7a0e220ce7e8d7355ffedb40745.jpg\",\"width\":1000,\"height\":667},{\"@type\":\"BreadcrumbList\",\"@id\":\"https:\/\/dev.explora.cl\/ohiggins\/museos-abiertos\/#breadcrumb\",\"itemListElement\":[{\"@type\":\"ListItem\",\"position\":1,\"name\":\"Portada\",\"item\":\"https:\/\/dev.explora.cl\/ohiggins\/\"},{\"@type\":\"ListItem\",\"position\":2,\"name\":\"Estudiantes visitan laboratorios y museos abiertos de la regi\u00f3n\"}]},{\"@type\":\"WebSite\",\"@id\":\"https:\/\/dev.explora.cl\/ohiggins\/#website\",\"url\":\"https:\/\/dev.explora.cl\/ohiggins\/\",\"name\":\"O&#039;Higgins\",\"description\":\"Otro sitio m\u00e1s de dev.explora.cl\",\"potentialAction\":[{\"@type\":\"SearchAction\",\"target\":{\"@type\":\"EntryPoint\",\"urlTemplate\":\"https:\/\/dev.explora.cl\/ohiggins\/?s={search_term_string}\"},\"query-input\":{\"@type\":\"PropertyValueSpecification\",\"valueRequired\":true,\"valueName\":\"search_term_string\"}}],\"inLanguage\":\"es-CL\"},{\"@type\":\"Person\",\"@id\":\"https:\/\/dev.explora.cl\/ohiggins\/#\/schema\/person\/cb8349c13ea2d324080adf8480d7ba5d\",\"name\":\"webman\",\"image\":{\"@type\":\"ImageObject\",\"inLanguage\":\"es-CL\",\"@id\":\"https:\/\/dev.explora.cl\/ohiggins\/#\/schema\/person\/image\/\",\"url\":\"https:\/\/secure.gravatar.com\/avatar\/eeff3c82f2c02f7177d13663b7e6f890e9a6a0647ce9bb29cae02dcb094c7312?s=96&d=mm&r=g\",\"contentUrl\":\"https:\/\/secure.gravatar.com\/avatar\/eeff3c82f2c02f7177d13663b7e6f890e9a6a0647ce9bb29cae02dcb094c7312?s=96&d=mm&r=g\",\"caption\":\"webman\"},\"url\":\"https:\/\/dev.explora.cl\/ohiggins\/author\/webman\/\"}]}<\/script>\n<!-- \/ Yoast SEO plugin. -->","yoast_head_json":{"title":"Estudiantes visitan laboratorios y museos abiertos de la regi\u00f3n - O&#039;Higgins","robots":{"index":"index","follow":"follow","max-snippet":"max-snippet:-1","max-image-preview":"max-image-preview:large","max-video-preview":"max-video-preview:-1"},"canonical":"https:\/\/dev.explora.cl\/ohiggins\/museos-abiertos\/","og_locale":"es_ES","og_type":"article","og_title":"Estudiantes visitan laboratorios y museos abiertos de la regi\u00f3n - O&#039;Higgins","og_description":"Laboratorios, museos y universidades abiertos es la actividad principal que se desarroll\u00f3 este mi\u00e9rcoles con motivo de las celebraciones de la XX Semana Nacional de la Ciencia y la Tecnolog\u00eda (C y T). Iniciativa realizada por el PAR EXPLORA O\u2019Higgins, en conjunto con diversas entidades de la regi\u00f3n.El Museo regional de Rancagua, INIA Rayentu\u00e9 y [&hellip;]","og_url":"https:\/\/dev.explora.cl\/ohiggins\/museos-abiertos\/","og_site_name":"O&#039;Higgins","article_published_time":"2014-10-09T04:00:00+00:00","article_modified_time":"2019-05-20T18:03:50+00:00","og_image":[{"width":1000,"height":667,"url":"https:\/\/dev.explora.cl\/ohiggins\/wp-content\/uploads\/sites\/8\/2018\/06\/87f9b7a0e220ce7e8d7355ffedb40745.jpg","type":"image\/jpeg"}],"author":"webman","twitter_card":"summary_large_image","twitter_misc":{"Escrito por":"webman","Tiempo estimado de lectura":"3 minutos"},"schema":{"@context":"https:\/\/schema.org","@graph":[{"@type":"Article","@id":"https:\/\/dev.explora.cl\/ohiggins\/museos-abiertos\/#article","isPartOf":{"@id":"https:\/\/dev.explora.cl\/ohiggins\/museos-abiertos\/"},"author":{"name":"webman","@id":"https:\/\/dev.explora.cl\/ohiggins\/#\/schema\/person\/cb8349c13ea2d324080adf8480d7ba5d"},"headline":"Estudiantes visitan laboratorios y museos abiertos de la regi\u00f3n","datePublished":"2014-10-09T04:00:00+00:00","dateModified":"2019-05-20T18:03:50+00:00","mainEntityOfPage":{"@id":"https:\/\/dev.explora.cl\/ohiggins\/museos-abiertos\/"},"wordCount":556,"commentCount":0,"image":{"@id":"https:\/\/dev.explora.cl\/ohiggins\/museos-abiertos\/#primaryimage"},"thumbnailUrl":"https:\/\/dev.explora.cl\/ohiggins\/wp-content\/uploads\/sites\/8\/2018\/06\/87f9b7a0e220ce7e8d7355ffedb40745.jpg","articleSection":["Noticias"],"inLanguage":"es-CL","potentialAction":[{"@type":"CommentAction","name":"Comment","target":["https:\/\/dev.explora.cl\/ohiggins\/museos-abiertos\/#respond"]}]},{"@type":"WebPage","@id":"https:\/\/dev.explora.cl\/ohiggins\/museos-abiertos\/","url":"https:\/\/dev.explora.cl\/ohiggins\/museos-abiertos\/","name":"Estudiantes visitan laboratorios y museos abiertos de la regi\u00f3n - O&#039;Higgins","isPartOf":{"@id":"https:\/\/dev.explora.cl\/ohiggins\/#website"},"primaryImageOfPage":{"@id":"https:\/\/dev.explora.cl\/ohiggins\/museos-abiertos\/#primaryimage"},"image":{"@id":"https:\/\/dev.explora.cl\/ohiggins\/museos-abiertos\/#primaryimage"},"thumbnailUrl":"https:\/\/dev.explora.cl\/ohiggins\/wp-content\/uploads\/sites\/8\/2018\/06\/87f9b7a0e220ce7e8d7355ffedb40745.jpg","datePublished":"2014-10-09T04:00:00+00:00","dateModified":"2019-05-20T18:03:50+00:00","author":{"@id":"https:\/\/dev.explora.cl\/ohiggins\/#\/schema\/person\/cb8349c13ea2d324080adf8480d7ba5d"},"breadcrumb":{"@id":"https:\/\/dev.explora.cl\/ohiggins\/museos-abiertos\/#breadcrumb"},"inLanguage":"es-CL","potentialAction":[{"@type":"ReadAction","target":["https:\/\/dev.explora.cl\/ohiggins\/museos-abiertos\/"]}]},{"@type":"ImageObject","inLanguage":"es-CL","@id":"https:\/\/dev.explora.cl\/ohiggins\/museos-abiertos\/#primaryimage","url":"https:\/\/dev.explora.cl\/ohiggins\/wp-content\/uploads\/sites\/8\/2018\/06\/87f9b7a0e220ce7e8d7355ffedb40745.jpg","contentUrl":"https:\/\/dev.explora.cl\/ohiggins\/wp-content\/uploads\/sites\/8\/2018\/06\/87f9b7a0e220ce7e8d7355ffedb40745.jpg","width":1000,"height":667},{"@type":"BreadcrumbList","@id":"https:\/\/dev.explora.cl\/ohiggins\/museos-abiertos\/#breadcrumb","itemListElement":[{"@type":"ListItem","position":1,"name":"Portada","item":"https:\/\/dev.explora.cl\/ohiggins\/"},{"@type":"ListItem","position":2,"name":"Estudiantes visitan laboratorios y museos abiertos de la regi\u00f3n"}]},{"@type":"WebSite","@id":"https:\/\/dev.explora.cl\/ohiggins\/#website","url":"https:\/\/dev.explora.cl\/ohiggins\/","name":"O&#039;Higgins","description":"Otro sitio m\u00e1s de dev.explora.cl","potentialAction":[{"@type":"SearchAction","target":{"@type":"EntryPoint","urlTemplate":"https:\/\/dev.explora.cl\/ohiggins\/?s={search_term_string}"},"query-input":{"@type":"PropertyValueSpecification","valueRequired":true,"valueName":"search_term_string"}}],"inLanguage":"es-CL"},{"@type":"Person","@id":"https:\/\/dev.explora.cl\/ohiggins\/#\/schema\/person\/cb8349c13ea2d324080adf8480d7ba5d","name":"webman","image":{"@type":"ImageObject","inLanguage":"es-CL","@id":"https:\/\/dev.explora.cl\/ohiggins\/#\/schema\/person\/image\/","url":"https:\/\/secure.gravatar.com\/avatar\/eeff3c82f2c02f7177d13663b7e6f890e9a6a0647ce9bb29cae02dcb094c7312?s=96&d=mm&r=g","contentUrl":"https:\/\/secure.gravatar.com\/avatar\/eeff3c82f2c02f7177d13663b7e6f890e9a6a0647ce9bb29cae02dcb094c7312?s=96&d=mm&r=g","caption":"webman"},"url":"https:\/\/dev.explora.cl\/ohiggins\/author\/webman\/"}]}},"_links":{"self":[{"href":"https:\/\/dev.explora.cl\/ohiggins\/wp-json\/wp\/v2\/posts\/31824","targetHints":{"allow":["GET"]}}],"collection":[{"href":"https:\/\/dev.explora.cl\/ohiggins\/wp-json\/wp\/v2\/posts"}],"about":[{"href":"https:\/\/dev.explora.cl\/ohiggins\/wp-json\/wp\/v2\/types\/post"}],"author":[{"embeddable":true,"href":"https:\/\/dev.explora.cl\/ohiggins\/wp-json\/wp\/v2\/users\/2"}],"replies":[{"embeddable":true,"href":"https:\/\/dev.explora.cl\/ohiggins\/wp-json\/wp\/v2\/comments?post=31824"}],"version-history":[{"count":1,"href":"https:\/\/dev.explora.cl\/ohiggins\/wp-json\/wp\/v2\/posts\/31824\/revisions"}],"predecessor-version":[{"id":37885,"href":"https:\/\/dev.explora.cl\/ohiggins\/wp-json\/wp\/v2\/posts\/31824\/revisions\/37885"}],"wp:featuredmedia":[{"embeddable":true,"href":"https:\/\/dev.explora.cl\/ohiggins\/wp-json\/wp\/v2\/media\/31825"}],"wp:attachment":[{"href":"https:\/\/dev.explora.cl\/ohiggins\/wp-json\/wp\/v2\/media?parent=31824"}],"wp:term":[{"taxonomy":"category","embeddable":true,"href":"https:\/\/dev.explora.cl\/ohiggins\/wp-json\/wp\/v2\/categories?post=31824"},{"taxonomy":"post_tag","embeddable":true,"href":"https:\/\/dev.explora.cl\/ohiggins\/wp-json\/wp\/v2\/tags?post=31824"}],"curies":[{"name":"wp","href":"https:\/\/api.w.org\/{rel}","templated":true}]}}