{"id":31822,"date":"2014-10-06T00:00:00","date_gmt":"2014-10-06T04:00:00","guid":{"rendered":"https:\/\/dev.explora.cl\/ohiggins\/blog\/2014\/10\/06\/lanzamiento-semana\/"},"modified":"2019-05-20T18:03:51","modified_gmt":"2019-05-20T18:03:51","slug":"lanzamiento-semana","status":"publish","type":"post","link":"https:\/\/dev.explora.cl\/ohiggins\/lanzamiento-semana\/","title":{"rendered":"Iniciamos la XX Semana Nacional de la CyT"},"content":{"rendered":"<p><img loading=\"lazy\" decoding=\"async\" class=\" size-full wp-image-5870\" src=\"http:\/\/ec2-34-218-253-251.us-west-2.compute.amazonaws.com\/wp-content\/uploads\/2014\/10\/c5a85806ade29373c6dcf52919855e7e.jpg\" alt=\"\" width=\"1000\" height=\"667\" \/><\/p>\n<p style=\"text-align: justify\">M\u00e1s de un centenar de ni\u00f1os, ni\u00f1as y j\u00f3venes participaron del lanzamiento de la XX Semana Nacional de la Ciencia y la Tecnolog\u00eda, desarrollado por PAR EXPLORA O\u2019Higgins, este lunes en la plaza Los H\u00e9roes de Rancagua.<\/p>\n<p style=\"text-align: justify\">En la oportunidad los escolares y p\u00fablico en general pudieron disfrutar de una variada gama de atracciones, como del Observatorio y Planetario M\u00f3vil Tagua Tagua; Feria Cient\u00edfica Escolar, en donde Clubes de Ciencias de EXPLORA expusieron sus trabajos; Carnaval de la Ciencia, con representaciones art\u00edsticas de la fauna local; y una muestra de Biodiversidad.<\/p>\n<p style=\"text-align: justify\">Felipe Mar\u00edn, director de PAR EXPLORA agradeci\u00f3 la colaboraci\u00f3n y la formaci\u00f3n de redes que se han sumado el proyecto; en tanto Alyson Hadaad, seremi de Educaci\u00f3n, valor\u00f3 la innovaci\u00f3n y el hecho de fomentar el quehacer cient\u00edfico desde una temprana edad.<\/p>\n<p style=\"text-align: justify\">De esta manera PAR EXPLORA O\u2019Higgins, se suma a la iniciativa que el Programa EXPLORA CONICYT realiza en todo el pa\u00eds desde el 6 al 12 de octubre; y que en nuestra regi\u00f3n contempla diversas actividades, gratuitas para que el p\u00fablico en general pueda apreciar la ciencia y la tecnolog\u00eda; tales como ferias cient\u00edficas, charlas, 1000 c 1000 a, D\u00eda de la Ciencia en Mi Colegio, por mencionar algunas.<\/p>\n<p style=\"text-align: justify\">Revisa nuestra galer\u00eda de im\u00e1genes <a href=\"https:\/\/www.facebook.com\/media\/set\/?set=a.862623903769930.1073741850.777863892245932&amp;type=3\" target=\"_blank\" rel=\"noopener noreferrer\">ac\u00e1<\/a><\/p>\n<p style=\"text-align: justify\">Carla Morales Vallejos<br \/>Periodista PAR EXPLORA O&#8217;Higgins<\/p>\n","protected":false},"excerpt":{"rendered":"<p>M\u00e1s de un centenar de ni\u00f1os, ni\u00f1as y j\u00f3venes participaron del lanzamiento de la XX Semana Nacional de la Ciencia y la Tecnolog\u00eda, desarrollado por PAR EXPLORA O\u2019Higgins, este lunes en la plaza Los H\u00e9roes de Rancagua. En la oportunidad los escolares y p\u00fablico en general pudieron disfrutar de una variada gama de atracciones, como [&hellip;]<\/p>\n","protected":false},"author":2,"featured_media":31823,"comment_status":"open","ping_status":"open","sticky":false,"template":"","format":"standard","meta":{"_acf_changed":false,"_exactmetrics_skip_tracking":false,"_exactmetrics_sitenote_active":false,"_exactmetrics_sitenote_note":"","_exactmetrics_sitenote_category":0,"footnotes":"","_links_to":"","_links_to_target":""},"categories":[4],"tags":[],"class_list":["post-31822","post","type-post","status-publish","format-standard","has-post-thumbnail","hentry","category-noticias"],"acf":[],"yoast_head":"<!-- This site is optimized with the Yoast SEO plugin v26.7 - https:\/\/yoast.com\/wordpress\/plugins\/seo\/ -->\n<title>Iniciamos la XX Semana Nacional de la CyT - O&#039;Higgins<\/title>\n<meta name=\"robots\" content=\"index, follow, max-snippet:-1, max-image-preview:large, max-video-preview:-1\" \/>\n<link rel=\"canonical\" href=\"https:\/\/dev.explora.cl\/ohiggins\/lanzamiento-semana\/\" class=\"yoast-seo-meta-tag\" \/>\n<meta property=\"og:locale\" content=\"es_ES\" class=\"yoast-seo-meta-tag\" \/>\n<meta property=\"og:type\" content=\"article\" class=\"yoast-seo-meta-tag\" \/>\n<meta property=\"og:title\" content=\"Iniciamos la XX Semana Nacional de la CyT - O&#039;Higgins\" class=\"yoast-seo-meta-tag\" \/>\n<meta property=\"og:description\" content=\"M\u00e1s de un centenar de ni\u00f1os, ni\u00f1as y j\u00f3venes participaron del lanzamiento de la XX Semana Nacional de la Ciencia y la Tecnolog\u00eda, desarrollado por PAR EXPLORA O\u2019Higgins, este lunes en la plaza Los H\u00e9roes de Rancagua. En la oportunidad los escolares y p\u00fablico en general pudieron disfrutar de una variada gama de atracciones, como [&hellip;]\" class=\"yoast-seo-meta-tag\" \/>\n<meta property=\"og:url\" content=\"https:\/\/dev.explora.cl\/ohiggins\/lanzamiento-semana\/\" class=\"yoast-seo-meta-tag\" \/>\n<meta property=\"og:site_name\" content=\"O&#039;Higgins\" class=\"yoast-seo-meta-tag\" \/>\n<meta property=\"article:published_time\" content=\"2014-10-06T04:00:00+00:00\" class=\"yoast-seo-meta-tag\" \/>\n<meta property=\"article:modified_time\" content=\"2019-05-20T18:03:51+00:00\" class=\"yoast-seo-meta-tag\" \/>\n<meta property=\"og:image\" content=\"https:\/\/dev.explora.cl\/ohiggins\/wp-content\/uploads\/sites\/8\/2018\/06\/c5a85806ade29373c6dcf52919855e7e.jpg\" class=\"yoast-seo-meta-tag\" \/>\n\t<meta property=\"og:image:width\" content=\"1000\" class=\"yoast-seo-meta-tag\" \/>\n\t<meta property=\"og:image:height\" content=\"667\" class=\"yoast-seo-meta-tag\" \/>\n\t<meta property=\"og:image:type\" content=\"image\/jpeg\" class=\"yoast-seo-meta-tag\" \/>\n<meta name=\"author\" content=\"webman\" class=\"yoast-seo-meta-tag\" \/>\n<meta name=\"twitter:card\" content=\"summary_large_image\" class=\"yoast-seo-meta-tag\" \/>\n<meta name=\"twitter:label1\" content=\"Escrito por\" class=\"yoast-seo-meta-tag\" \/>\n\t<meta name=\"twitter:data1\" content=\"webman\" class=\"yoast-seo-meta-tag\" \/>\n\t<meta name=\"twitter:label2\" content=\"Tiempo estimado de lectura\" class=\"yoast-seo-meta-tag\" \/>\n\t<meta name=\"twitter:data2\" content=\"1 minuto\" class=\"yoast-seo-meta-tag\" \/>\n<script type=\"application\/ld+json\" class=\"yoast-schema-graph\">{\"@context\":\"https:\/\/schema.org\",\"@graph\":[{\"@type\":\"Article\",\"@id\":\"https:\/\/dev.explora.cl\/ohiggins\/lanzamiento-semana\/#article\",\"isPartOf\":{\"@id\":\"https:\/\/dev.explora.cl\/ohiggins\/lanzamiento-semana\/\"},\"author\":{\"name\":\"webman\",\"@id\":\"https:\/\/dev.explora.cl\/ohiggins\/#\/schema\/person\/cb8349c13ea2d324080adf8480d7ba5d\"},\"headline\":\"Iniciamos la XX Semana Nacional de la CyT\",\"datePublished\":\"2014-10-06T04:00:00+00:00\",\"dateModified\":\"2019-05-20T18:03:51+00:00\",\"mainEntityOfPage\":{\"@id\":\"https:\/\/dev.explora.cl\/ohiggins\/lanzamiento-semana\/\"},\"wordCount\":245,\"commentCount\":0,\"image\":{\"@id\":\"https:\/\/dev.explora.cl\/ohiggins\/lanzamiento-semana\/#primaryimage\"},\"thumbnailUrl\":\"https:\/\/dev.explora.cl\/ohiggins\/wp-content\/uploads\/sites\/8\/2018\/06\/c5a85806ade29373c6dcf52919855e7e.jpg\",\"articleSection\":[\"Noticias\"],\"inLanguage\":\"es-CL\",\"potentialAction\":[{\"@type\":\"CommentAction\",\"name\":\"Comment\",\"target\":[\"https:\/\/dev.explora.cl\/ohiggins\/lanzamiento-semana\/#respond\"]}]},{\"@type\":\"WebPage\",\"@id\":\"https:\/\/dev.explora.cl\/ohiggins\/lanzamiento-semana\/\",\"url\":\"https:\/\/dev.explora.cl\/ohiggins\/lanzamiento-semana\/\",\"name\":\"Iniciamos la XX Semana Nacional de la CyT - O&#039;Higgins\",\"isPartOf\":{\"@id\":\"https:\/\/dev.explora.cl\/ohiggins\/#website\"},\"primaryImageOfPage\":{\"@id\":\"https:\/\/dev.explora.cl\/ohiggins\/lanzamiento-semana\/#primaryimage\"},\"image\":{\"@id\":\"https:\/\/dev.explora.cl\/ohiggins\/lanzamiento-semana\/#primaryimage\"},\"thumbnailUrl\":\"https:\/\/dev.explora.cl\/ohiggins\/wp-content\/uploads\/sites\/8\/2018\/06\/c5a85806ade29373c6dcf52919855e7e.jpg\",\"datePublished\":\"2014-10-06T04:00:00+00:00\",\"dateModified\":\"2019-05-20T18:03:51+00:00\",\"author\":{\"@id\":\"https:\/\/dev.explora.cl\/ohiggins\/#\/schema\/person\/cb8349c13ea2d324080adf8480d7ba5d\"},\"breadcrumb\":{\"@id\":\"https:\/\/dev.explora.cl\/ohiggins\/lanzamiento-semana\/#breadcrumb\"},\"inLanguage\":\"es-CL\",\"potentialAction\":[{\"@type\":\"ReadAction\",\"target\":[\"https:\/\/dev.explora.cl\/ohiggins\/lanzamiento-semana\/\"]}]},{\"@type\":\"ImageObject\",\"inLanguage\":\"es-CL\",\"@id\":\"https:\/\/dev.explora.cl\/ohiggins\/lanzamiento-semana\/#primaryimage\",\"url\":\"https:\/\/dev.explora.cl\/ohiggins\/wp-content\/uploads\/sites\/8\/2018\/06\/c5a85806ade29373c6dcf52919855e7e.jpg\",\"contentUrl\":\"https:\/\/dev.explora.cl\/ohiggins\/wp-content\/uploads\/sites\/8\/2018\/06\/c5a85806ade29373c6dcf52919855e7e.jpg\",\"width\":1000,\"height\":667},{\"@type\":\"BreadcrumbList\",\"@id\":\"https:\/\/dev.explora.cl\/ohiggins\/lanzamiento-semana\/#breadcrumb\",\"itemListElement\":[{\"@type\":\"ListItem\",\"position\":1,\"name\":\"Portada\",\"item\":\"https:\/\/dev.explora.cl\/ohiggins\/\"},{\"@type\":\"ListItem\",\"position\":2,\"name\":\"Iniciamos la XX Semana Nacional de la CyT\"}]},{\"@type\":\"WebSite\",\"@id\":\"https:\/\/dev.explora.cl\/ohiggins\/#website\",\"url\":\"https:\/\/dev.explora.cl\/ohiggins\/\",\"name\":\"O&#039;Higgins\",\"description\":\"Otro sitio m\u00e1s de dev.explora.cl\",\"potentialAction\":[{\"@type\":\"SearchAction\",\"target\":{\"@type\":\"EntryPoint\",\"urlTemplate\":\"https:\/\/dev.explora.cl\/ohiggins\/?s={search_term_string}\"},\"query-input\":{\"@type\":\"PropertyValueSpecification\",\"valueRequired\":true,\"valueName\":\"search_term_string\"}}],\"inLanguage\":\"es-CL\"},{\"@type\":\"Person\",\"@id\":\"https:\/\/dev.explora.cl\/ohiggins\/#\/schema\/person\/cb8349c13ea2d324080adf8480d7ba5d\",\"name\":\"webman\",\"image\":{\"@type\":\"ImageObject\",\"inLanguage\":\"es-CL\",\"@id\":\"https:\/\/dev.explora.cl\/ohiggins\/#\/schema\/person\/image\/\",\"url\":\"https:\/\/secure.gravatar.com\/avatar\/eeff3c82f2c02f7177d13663b7e6f890e9a6a0647ce9bb29cae02dcb094c7312?s=96&d=mm&r=g\",\"contentUrl\":\"https:\/\/secure.gravatar.com\/avatar\/eeff3c82f2c02f7177d13663b7e6f890e9a6a0647ce9bb29cae02dcb094c7312?s=96&d=mm&r=g\",\"caption\":\"webman\"},\"url\":\"https:\/\/dev.explora.cl\/ohiggins\/author\/webman\/\"}]}<\/script>\n<!-- \/ Yoast SEO plugin. -->","yoast_head_json":{"title":"Iniciamos la XX Semana Nacional de la CyT - O&#039;Higgins","robots":{"index":"index","follow":"follow","max-snippet":"max-snippet:-1","max-image-preview":"max-image-preview:large","max-video-preview":"max-video-preview:-1"},"canonical":"https:\/\/dev.explora.cl\/ohiggins\/lanzamiento-semana\/","og_locale":"es_ES","og_type":"article","og_title":"Iniciamos la XX Semana Nacional de la CyT - O&#039;Higgins","og_description":"M\u00e1s de un centenar de ni\u00f1os, ni\u00f1as y j\u00f3venes participaron del lanzamiento de la XX Semana Nacional de la Ciencia y la Tecnolog\u00eda, desarrollado por PAR EXPLORA O\u2019Higgins, este lunes en la plaza Los H\u00e9roes de Rancagua. En la oportunidad los escolares y p\u00fablico en general pudieron disfrutar de una variada gama de atracciones, como [&hellip;]","og_url":"https:\/\/dev.explora.cl\/ohiggins\/lanzamiento-semana\/","og_site_name":"O&#039;Higgins","article_published_time":"2014-10-06T04:00:00+00:00","article_modified_time":"2019-05-20T18:03:51+00:00","og_image":[{"width":1000,"height":667,"url":"https:\/\/dev.explora.cl\/ohiggins\/wp-content\/uploads\/sites\/8\/2018\/06\/c5a85806ade29373c6dcf52919855e7e.jpg","type":"image\/jpeg"}],"author":"webman","twitter_card":"summary_large_image","twitter_misc":{"Escrito por":"webman","Tiempo estimado de lectura":"1 minuto"},"schema":{"@context":"https:\/\/schema.org","@graph":[{"@type":"Article","@id":"https:\/\/dev.explora.cl\/ohiggins\/lanzamiento-semana\/#article","isPartOf":{"@id":"https:\/\/dev.explora.cl\/ohiggins\/lanzamiento-semana\/"},"author":{"name":"webman","@id":"https:\/\/dev.explora.cl\/ohiggins\/#\/schema\/person\/cb8349c13ea2d324080adf8480d7ba5d"},"headline":"Iniciamos la XX Semana Nacional de la CyT","datePublished":"2014-10-06T04:00:00+00:00","dateModified":"2019-05-20T18:03:51+00:00","mainEntityOfPage":{"@id":"https:\/\/dev.explora.cl\/ohiggins\/lanzamiento-semana\/"},"wordCount":245,"commentCount":0,"image":{"@id":"https:\/\/dev.explora.cl\/ohiggins\/lanzamiento-semana\/#primaryimage"},"thumbnailUrl":"https:\/\/dev.explora.cl\/ohiggins\/wp-content\/uploads\/sites\/8\/2018\/06\/c5a85806ade29373c6dcf52919855e7e.jpg","articleSection":["Noticias"],"inLanguage":"es-CL","potentialAction":[{"@type":"CommentAction","name":"Comment","target":["https:\/\/dev.explora.cl\/ohiggins\/lanzamiento-semana\/#respond"]}]},{"@type":"WebPage","@id":"https:\/\/dev.explora.cl\/ohiggins\/lanzamiento-semana\/","url":"https:\/\/dev.explora.cl\/ohiggins\/lanzamiento-semana\/","name":"Iniciamos la XX Semana Nacional de la CyT - O&#039;Higgins","isPartOf":{"@id":"https:\/\/dev.explora.cl\/ohiggins\/#website"},"primaryImageOfPage":{"@id":"https:\/\/dev.explora.cl\/ohiggins\/lanzamiento-semana\/#primaryimage"},"image":{"@id":"https:\/\/dev.explora.cl\/ohiggins\/lanzamiento-semana\/#primaryimage"},"thumbnailUrl":"https:\/\/dev.explora.cl\/ohiggins\/wp-content\/uploads\/sites\/8\/2018\/06\/c5a85806ade29373c6dcf52919855e7e.jpg","datePublished":"2014-10-06T04:00:00+00:00","dateModified":"2019-05-20T18:03:51+00:00","author":{"@id":"https:\/\/dev.explora.cl\/ohiggins\/#\/schema\/person\/cb8349c13ea2d324080adf8480d7ba5d"},"breadcrumb":{"@id":"https:\/\/dev.explora.cl\/ohiggins\/lanzamiento-semana\/#breadcrumb"},"inLanguage":"es-CL","potentialAction":[{"@type":"ReadAction","target":["https:\/\/dev.explora.cl\/ohiggins\/lanzamiento-semana\/"]}]},{"@type":"ImageObject","inLanguage":"es-CL","@id":"https:\/\/dev.explora.cl\/ohiggins\/lanzamiento-semana\/#primaryimage","url":"https:\/\/dev.explora.cl\/ohiggins\/wp-content\/uploads\/sites\/8\/2018\/06\/c5a85806ade29373c6dcf52919855e7e.jpg","contentUrl":"https:\/\/dev.explora.cl\/ohiggins\/wp-content\/uploads\/sites\/8\/2018\/06\/c5a85806ade29373c6dcf52919855e7e.jpg","width":1000,"height":667},{"@type":"BreadcrumbList","@id":"https:\/\/dev.explora.cl\/ohiggins\/lanzamiento-semana\/#breadcrumb","itemListElement":[{"@type":"ListItem","position":1,"name":"Portada","item":"https:\/\/dev.explora.cl\/ohiggins\/"},{"@type":"ListItem","position":2,"name":"Iniciamos la XX Semana Nacional de la CyT"}]},{"@type":"WebSite","@id":"https:\/\/dev.explora.cl\/ohiggins\/#website","url":"https:\/\/dev.explora.cl\/ohiggins\/","name":"O&#039;Higgins","description":"Otro sitio m\u00e1s de dev.explora.cl","potentialAction":[{"@type":"SearchAction","target":{"@type":"EntryPoint","urlTemplate":"https:\/\/dev.explora.cl\/ohiggins\/?s={search_term_string}"},"query-input":{"@type":"PropertyValueSpecification","valueRequired":true,"valueName":"search_term_string"}}],"inLanguage":"es-CL"},{"@type":"Person","@id":"https:\/\/dev.explora.cl\/ohiggins\/#\/schema\/person\/cb8349c13ea2d324080adf8480d7ba5d","name":"webman","image":{"@type":"ImageObject","inLanguage":"es-CL","@id":"https:\/\/dev.explora.cl\/ohiggins\/#\/schema\/person\/image\/","url":"https:\/\/secure.gravatar.com\/avatar\/eeff3c82f2c02f7177d13663b7e6f890e9a6a0647ce9bb29cae02dcb094c7312?s=96&d=mm&r=g","contentUrl":"https:\/\/secure.gravatar.com\/avatar\/eeff3c82f2c02f7177d13663b7e6f890e9a6a0647ce9bb29cae02dcb094c7312?s=96&d=mm&r=g","caption":"webman"},"url":"https:\/\/dev.explora.cl\/ohiggins\/author\/webman\/"}]}},"_links":{"self":[{"href":"https:\/\/dev.explora.cl\/ohiggins\/wp-json\/wp\/v2\/posts\/31822","targetHints":{"allow":["GET"]}}],"collection":[{"href":"https:\/\/dev.explora.cl\/ohiggins\/wp-json\/wp\/v2\/posts"}],"about":[{"href":"https:\/\/dev.explora.cl\/ohiggins\/wp-json\/wp\/v2\/types\/post"}],"author":[{"embeddable":true,"href":"https:\/\/dev.explora.cl\/ohiggins\/wp-json\/wp\/v2\/users\/2"}],"replies":[{"embeddable":true,"href":"https:\/\/dev.explora.cl\/ohiggins\/wp-json\/wp\/v2\/comments?post=31822"}],"version-history":[{"count":1,"href":"https:\/\/dev.explora.cl\/ohiggins\/wp-json\/wp\/v2\/posts\/31822\/revisions"}],"predecessor-version":[{"id":37886,"href":"https:\/\/dev.explora.cl\/ohiggins\/wp-json\/wp\/v2\/posts\/31822\/revisions\/37886"}],"wp:featuredmedia":[{"embeddable":true,"href":"https:\/\/dev.explora.cl\/ohiggins\/wp-json\/wp\/v2\/media\/31823"}],"wp:attachment":[{"href":"https:\/\/dev.explora.cl\/ohiggins\/wp-json\/wp\/v2\/media?parent=31822"}],"wp:term":[{"taxonomy":"category","embeddable":true,"href":"https:\/\/dev.explora.cl\/ohiggins\/wp-json\/wp\/v2\/categories?post=31822"},{"taxonomy":"post_tag","embeddable":true,"href":"https:\/\/dev.explora.cl\/ohiggins\/wp-json\/wp\/v2\/tags?post=31822"}],"curies":[{"name":"wp","href":"https:\/\/api.w.org\/{rel}","templated":true}]}}