{"id":31785,"date":"2014-08-08T00:00:00","date_gmt":"2014-08-08T04:00:00","guid":{"rendered":"https:\/\/dev.explora.cl\/ohiggins\/blog\/2014\/08\/08\/convenio-ip-lagos\/"},"modified":"2019-05-20T18:04:12","modified_gmt":"2019-05-20T18:04:12","slug":"convenio-ip-lagos","status":"publish","type":"post","link":"https:\/\/dev.explora.cl\/ohiggins\/convenio-ip-lagos\/","title":{"rendered":"Instituto Profesional Los Lagos y PAR EXPLORA O\u2019Higgins firman convenio de cooperaci\u00f3n"},"content":{"rendered":"<p><img loading=\"lazy\" decoding=\"async\" class=\" size-full wp-image-5015\" src=\"http:\/\/ec2-34-218-253-251.us-west-2.compute.amazonaws.com\/wp-content\/uploads\/2014\/08\/43c68c4dfc1cf29f78205f42ad9d79f7.jpg\" alt=\"\" width=\"1000\" height=\"641\" \/><\/p>\n<p style=\"text-align: justify\">Recientemente, el Instituto Profesional (IP) Los Lagos, de la Universidad de los Lagos, y el Proyecto Asociativo Regional (PAR) EXPLORA O\u2019Higgins, ejecutado por UC del Maule;\u00a0 firmaron un convenio de mutua cooperaci\u00f3n, con el objetivo de generar alianzas para\u00a0 optimizar y fortalecer el servicio a la comunidad, en lo que se refiere a la difusi\u00f3n de la ciencia y la tecnolog\u00eda.<\/p>\n<p>Seg\u00fan explic\u00f3 Cristian Le\u00f3n, director de la sede regional de la mencionada casa de estudios, se trata de: \u201cUna colaboraci\u00f3n mutua en \u00e1mbitos de extensi\u00f3n, capacitaci\u00f3n, docencia y apoyo institucional en aquellas materias de su competencia y alcance de cada instituci\u00f3n, tales como; seminarios, charlas, talleres y todo tipo de actividades que permitan alcanzar los objetivos que PAR Explora O\u2019Higgins est\u00e1 promoviendo\u201d.<\/p>\n<p>El docente agreg\u00f3 que: \u201cEs as\u00ed como el instituto ha colocado a disposici\u00f3n del proyecto sus dependencias, equipos y apoyo docente para colaborar con las actividades que se realicen, as\u00ed como el apoyo en su difusi\u00f3n\u201d.<\/p>\n<p>Felipe Mar\u00edn, director del PAR EXPLORA O\u2019Higgins, valor\u00f3 la acogida que IP Los Lagos ha tendido con esta iniciativa que promueve el saber cient\u00edfico de la regi\u00f3n: \u201cagradecemos la buena disposici\u00f3n que el instituto ha tenido con nosotros y esperamos que este convenio se proyecte a futuro en varias actividades que sean de inter\u00e9s, tanto para la comunidad educativa, como el p\u00fablico en general\u201d<\/p>\n","protected":false},"excerpt":{"rendered":"<p>Recientemente, el Instituto Profesional (IP) Los Lagos, de la Universidad de los Lagos, y el Proyecto Asociativo Regional (PAR) EXPLORA O\u2019Higgins, ejecutado por UC del Maule;\u00a0 firmaron un convenio de mutua cooperaci\u00f3n, con el objetivo de generar alianzas para\u00a0 optimizar y fortalecer el servicio a la comunidad, en lo que se refiere a la difusi\u00f3n [&hellip;]<\/p>\n","protected":false},"author":2,"featured_media":31786,"comment_status":"open","ping_status":"open","sticky":false,"template":"","format":"standard","meta":{"_acf_changed":false,"_exactmetrics_skip_tracking":false,"_exactmetrics_sitenote_active":false,"_exactmetrics_sitenote_note":"","_exactmetrics_sitenote_category":0,"footnotes":"","_links_to":"","_links_to_target":""},"categories":[4],"tags":[],"class_list":["post-31785","post","type-post","status-publish","format-standard","has-post-thumbnail","hentry","category-noticias"],"acf":[],"yoast_head":"<!-- This site is optimized with the Yoast SEO plugin v26.7 - https:\/\/yoast.com\/wordpress\/plugins\/seo\/ -->\n<title>Instituto Profesional Los Lagos y PAR EXPLORA O\u2019Higgins firman convenio de cooperaci\u00f3n - O&#039;Higgins<\/title>\n<meta name=\"robots\" content=\"index, follow, max-snippet:-1, max-image-preview:large, max-video-preview:-1\" \/>\n<link rel=\"canonical\" href=\"https:\/\/dev.explora.cl\/ohiggins\/convenio-ip-lagos\/\" class=\"yoast-seo-meta-tag\" \/>\n<meta property=\"og:locale\" content=\"es_ES\" class=\"yoast-seo-meta-tag\" \/>\n<meta property=\"og:type\" content=\"article\" class=\"yoast-seo-meta-tag\" \/>\n<meta property=\"og:title\" content=\"Instituto Profesional Los Lagos y PAR EXPLORA O\u2019Higgins firman convenio de cooperaci\u00f3n - O&#039;Higgins\" class=\"yoast-seo-meta-tag\" \/>\n<meta property=\"og:description\" content=\"Recientemente, el Instituto Profesional (IP) Los Lagos, de la Universidad de los Lagos, y el Proyecto Asociativo Regional (PAR) EXPLORA O\u2019Higgins, ejecutado por UC del Maule;\u00a0 firmaron un convenio de mutua cooperaci\u00f3n, con el objetivo de generar alianzas para\u00a0 optimizar y fortalecer el servicio a la comunidad, en lo que se refiere a la difusi\u00f3n [&hellip;]\" class=\"yoast-seo-meta-tag\" \/>\n<meta property=\"og:url\" content=\"https:\/\/dev.explora.cl\/ohiggins\/convenio-ip-lagos\/\" class=\"yoast-seo-meta-tag\" \/>\n<meta property=\"og:site_name\" content=\"O&#039;Higgins\" class=\"yoast-seo-meta-tag\" \/>\n<meta property=\"article:published_time\" content=\"2014-08-08T04:00:00+00:00\" class=\"yoast-seo-meta-tag\" \/>\n<meta property=\"article:modified_time\" content=\"2019-05-20T18:04:12+00:00\" class=\"yoast-seo-meta-tag\" \/>\n<meta property=\"og:image\" content=\"https:\/\/dev.explora.cl\/ohiggins\/wp-content\/uploads\/sites\/8\/2018\/06\/43c68c4dfc1cf29f78205f42ad9d79f7.jpg\" class=\"yoast-seo-meta-tag\" \/>\n\t<meta property=\"og:image:width\" content=\"1000\" class=\"yoast-seo-meta-tag\" \/>\n\t<meta property=\"og:image:height\" content=\"641\" class=\"yoast-seo-meta-tag\" \/>\n\t<meta property=\"og:image:type\" content=\"image\/jpeg\" class=\"yoast-seo-meta-tag\" \/>\n<meta name=\"author\" content=\"webman\" class=\"yoast-seo-meta-tag\" \/>\n<meta name=\"twitter:card\" content=\"summary_large_image\" class=\"yoast-seo-meta-tag\" \/>\n<meta name=\"twitter:label1\" content=\"Escrito por\" class=\"yoast-seo-meta-tag\" \/>\n\t<meta name=\"twitter:data1\" content=\"webman\" class=\"yoast-seo-meta-tag\" \/>\n\t<meta name=\"twitter:label2\" content=\"Tiempo estimado de lectura\" class=\"yoast-seo-meta-tag\" \/>\n\t<meta name=\"twitter:data2\" content=\"1 minuto\" class=\"yoast-seo-meta-tag\" \/>\n<script type=\"application\/ld+json\" class=\"yoast-schema-graph\">{\"@context\":\"https:\/\/schema.org\",\"@graph\":[{\"@type\":\"Article\",\"@id\":\"https:\/\/dev.explora.cl\/ohiggins\/convenio-ip-lagos\/#article\",\"isPartOf\":{\"@id\":\"https:\/\/dev.explora.cl\/ohiggins\/convenio-ip-lagos\/\"},\"author\":{\"name\":\"webman\",\"@id\":\"https:\/\/dev.explora.cl\/ohiggins\/#\/schema\/person\/cb8349c13ea2d324080adf8480d7ba5d\"},\"headline\":\"Instituto Profesional Los Lagos y PAR EXPLORA O\u2019Higgins firman convenio de cooperaci\u00f3n\",\"datePublished\":\"2014-08-08T04:00:00+00:00\",\"dateModified\":\"2019-05-20T18:04:12+00:00\",\"mainEntityOfPage\":{\"@id\":\"https:\/\/dev.explora.cl\/ohiggins\/convenio-ip-lagos\/\"},\"wordCount\":257,\"commentCount\":0,\"image\":{\"@id\":\"https:\/\/dev.explora.cl\/ohiggins\/convenio-ip-lagos\/#primaryimage\"},\"thumbnailUrl\":\"https:\/\/dev.explora.cl\/ohiggins\/wp-content\/uploads\/sites\/8\/2018\/06\/43c68c4dfc1cf29f78205f42ad9d79f7.jpg\",\"articleSection\":[\"Noticias\"],\"inLanguage\":\"es-CL\",\"potentialAction\":[{\"@type\":\"CommentAction\",\"name\":\"Comment\",\"target\":[\"https:\/\/dev.explora.cl\/ohiggins\/convenio-ip-lagos\/#respond\"]}]},{\"@type\":\"WebPage\",\"@id\":\"https:\/\/dev.explora.cl\/ohiggins\/convenio-ip-lagos\/\",\"url\":\"https:\/\/dev.explora.cl\/ohiggins\/convenio-ip-lagos\/\",\"name\":\"Instituto Profesional Los Lagos y PAR EXPLORA O\u2019Higgins firman convenio de cooperaci\u00f3n - O&#039;Higgins\",\"isPartOf\":{\"@id\":\"https:\/\/dev.explora.cl\/ohiggins\/#website\"},\"primaryImageOfPage\":{\"@id\":\"https:\/\/dev.explora.cl\/ohiggins\/convenio-ip-lagos\/#primaryimage\"},\"image\":{\"@id\":\"https:\/\/dev.explora.cl\/ohiggins\/convenio-ip-lagos\/#primaryimage\"},\"thumbnailUrl\":\"https:\/\/dev.explora.cl\/ohiggins\/wp-content\/uploads\/sites\/8\/2018\/06\/43c68c4dfc1cf29f78205f42ad9d79f7.jpg\",\"datePublished\":\"2014-08-08T04:00:00+00:00\",\"dateModified\":\"2019-05-20T18:04:12+00:00\",\"author\":{\"@id\":\"https:\/\/dev.explora.cl\/ohiggins\/#\/schema\/person\/cb8349c13ea2d324080adf8480d7ba5d\"},\"breadcrumb\":{\"@id\":\"https:\/\/dev.explora.cl\/ohiggins\/convenio-ip-lagos\/#breadcrumb\"},\"inLanguage\":\"es-CL\",\"potentialAction\":[{\"@type\":\"ReadAction\",\"target\":[\"https:\/\/dev.explora.cl\/ohiggins\/convenio-ip-lagos\/\"]}]},{\"@type\":\"ImageObject\",\"inLanguage\":\"es-CL\",\"@id\":\"https:\/\/dev.explora.cl\/ohiggins\/convenio-ip-lagos\/#primaryimage\",\"url\":\"https:\/\/dev.explora.cl\/ohiggins\/wp-content\/uploads\/sites\/8\/2018\/06\/43c68c4dfc1cf29f78205f42ad9d79f7.jpg\",\"contentUrl\":\"https:\/\/dev.explora.cl\/ohiggins\/wp-content\/uploads\/sites\/8\/2018\/06\/43c68c4dfc1cf29f78205f42ad9d79f7.jpg\",\"width\":1000,\"height\":641},{\"@type\":\"BreadcrumbList\",\"@id\":\"https:\/\/dev.explora.cl\/ohiggins\/convenio-ip-lagos\/#breadcrumb\",\"itemListElement\":[{\"@type\":\"ListItem\",\"position\":1,\"name\":\"Portada\",\"item\":\"https:\/\/dev.explora.cl\/ohiggins\/\"},{\"@type\":\"ListItem\",\"position\":2,\"name\":\"Instituto Profesional Los Lagos y PAR EXPLORA O\u2019Higgins firman convenio de cooperaci\u00f3n\"}]},{\"@type\":\"WebSite\",\"@id\":\"https:\/\/dev.explora.cl\/ohiggins\/#website\",\"url\":\"https:\/\/dev.explora.cl\/ohiggins\/\",\"name\":\"O&#039;Higgins\",\"description\":\"Otro sitio m\u00e1s de dev.explora.cl\",\"potentialAction\":[{\"@type\":\"SearchAction\",\"target\":{\"@type\":\"EntryPoint\",\"urlTemplate\":\"https:\/\/dev.explora.cl\/ohiggins\/?s={search_term_string}\"},\"query-input\":{\"@type\":\"PropertyValueSpecification\",\"valueRequired\":true,\"valueName\":\"search_term_string\"}}],\"inLanguage\":\"es-CL\"},{\"@type\":\"Person\",\"@id\":\"https:\/\/dev.explora.cl\/ohiggins\/#\/schema\/person\/cb8349c13ea2d324080adf8480d7ba5d\",\"name\":\"webman\",\"image\":{\"@type\":\"ImageObject\",\"inLanguage\":\"es-CL\",\"@id\":\"https:\/\/dev.explora.cl\/ohiggins\/#\/schema\/person\/image\/\",\"url\":\"https:\/\/secure.gravatar.com\/avatar\/eeff3c82f2c02f7177d13663b7e6f890e9a6a0647ce9bb29cae02dcb094c7312?s=96&d=mm&r=g\",\"contentUrl\":\"https:\/\/secure.gravatar.com\/avatar\/eeff3c82f2c02f7177d13663b7e6f890e9a6a0647ce9bb29cae02dcb094c7312?s=96&d=mm&r=g\",\"caption\":\"webman\"},\"url\":\"https:\/\/dev.explora.cl\/ohiggins\/author\/webman\/\"}]}<\/script>\n<!-- \/ Yoast SEO plugin. -->","yoast_head_json":{"title":"Instituto Profesional Los Lagos y PAR EXPLORA O\u2019Higgins firman convenio de cooperaci\u00f3n - O&#039;Higgins","robots":{"index":"index","follow":"follow","max-snippet":"max-snippet:-1","max-image-preview":"max-image-preview:large","max-video-preview":"max-video-preview:-1"},"canonical":"https:\/\/dev.explora.cl\/ohiggins\/convenio-ip-lagos\/","og_locale":"es_ES","og_type":"article","og_title":"Instituto Profesional Los Lagos y PAR EXPLORA O\u2019Higgins firman convenio de cooperaci\u00f3n - O&#039;Higgins","og_description":"Recientemente, el Instituto Profesional (IP) Los Lagos, de la Universidad de los Lagos, y el Proyecto Asociativo Regional (PAR) EXPLORA O\u2019Higgins, ejecutado por UC del Maule;\u00a0 firmaron un convenio de mutua cooperaci\u00f3n, con el objetivo de generar alianzas para\u00a0 optimizar y fortalecer el servicio a la comunidad, en lo que se refiere a la difusi\u00f3n [&hellip;]","og_url":"https:\/\/dev.explora.cl\/ohiggins\/convenio-ip-lagos\/","og_site_name":"O&#039;Higgins","article_published_time":"2014-08-08T04:00:00+00:00","article_modified_time":"2019-05-20T18:04:12+00:00","og_image":[{"width":1000,"height":641,"url":"https:\/\/dev.explora.cl\/ohiggins\/wp-content\/uploads\/sites\/8\/2018\/06\/43c68c4dfc1cf29f78205f42ad9d79f7.jpg","type":"image\/jpeg"}],"author":"webman","twitter_card":"summary_large_image","twitter_misc":{"Escrito por":"webman","Tiempo estimado de lectura":"1 minuto"},"schema":{"@context":"https:\/\/schema.org","@graph":[{"@type":"Article","@id":"https:\/\/dev.explora.cl\/ohiggins\/convenio-ip-lagos\/#article","isPartOf":{"@id":"https:\/\/dev.explora.cl\/ohiggins\/convenio-ip-lagos\/"},"author":{"name":"webman","@id":"https:\/\/dev.explora.cl\/ohiggins\/#\/schema\/person\/cb8349c13ea2d324080adf8480d7ba5d"},"headline":"Instituto Profesional Los Lagos y PAR EXPLORA O\u2019Higgins firman convenio de cooperaci\u00f3n","datePublished":"2014-08-08T04:00:00+00:00","dateModified":"2019-05-20T18:04:12+00:00","mainEntityOfPage":{"@id":"https:\/\/dev.explora.cl\/ohiggins\/convenio-ip-lagos\/"},"wordCount":257,"commentCount":0,"image":{"@id":"https:\/\/dev.explora.cl\/ohiggins\/convenio-ip-lagos\/#primaryimage"},"thumbnailUrl":"https:\/\/dev.explora.cl\/ohiggins\/wp-content\/uploads\/sites\/8\/2018\/06\/43c68c4dfc1cf29f78205f42ad9d79f7.jpg","articleSection":["Noticias"],"inLanguage":"es-CL","potentialAction":[{"@type":"CommentAction","name":"Comment","target":["https:\/\/dev.explora.cl\/ohiggins\/convenio-ip-lagos\/#respond"]}]},{"@type":"WebPage","@id":"https:\/\/dev.explora.cl\/ohiggins\/convenio-ip-lagos\/","url":"https:\/\/dev.explora.cl\/ohiggins\/convenio-ip-lagos\/","name":"Instituto Profesional Los Lagos y PAR EXPLORA O\u2019Higgins firman convenio de cooperaci\u00f3n - O&#039;Higgins","isPartOf":{"@id":"https:\/\/dev.explora.cl\/ohiggins\/#website"},"primaryImageOfPage":{"@id":"https:\/\/dev.explora.cl\/ohiggins\/convenio-ip-lagos\/#primaryimage"},"image":{"@id":"https:\/\/dev.explora.cl\/ohiggins\/convenio-ip-lagos\/#primaryimage"},"thumbnailUrl":"https:\/\/dev.explora.cl\/ohiggins\/wp-content\/uploads\/sites\/8\/2018\/06\/43c68c4dfc1cf29f78205f42ad9d79f7.jpg","datePublished":"2014-08-08T04:00:00+00:00","dateModified":"2019-05-20T18:04:12+00:00","author":{"@id":"https:\/\/dev.explora.cl\/ohiggins\/#\/schema\/person\/cb8349c13ea2d324080adf8480d7ba5d"},"breadcrumb":{"@id":"https:\/\/dev.explora.cl\/ohiggins\/convenio-ip-lagos\/#breadcrumb"},"inLanguage":"es-CL","potentialAction":[{"@type":"ReadAction","target":["https:\/\/dev.explora.cl\/ohiggins\/convenio-ip-lagos\/"]}]},{"@type":"ImageObject","inLanguage":"es-CL","@id":"https:\/\/dev.explora.cl\/ohiggins\/convenio-ip-lagos\/#primaryimage","url":"https:\/\/dev.explora.cl\/ohiggins\/wp-content\/uploads\/sites\/8\/2018\/06\/43c68c4dfc1cf29f78205f42ad9d79f7.jpg","contentUrl":"https:\/\/dev.explora.cl\/ohiggins\/wp-content\/uploads\/sites\/8\/2018\/06\/43c68c4dfc1cf29f78205f42ad9d79f7.jpg","width":1000,"height":641},{"@type":"BreadcrumbList","@id":"https:\/\/dev.explora.cl\/ohiggins\/convenio-ip-lagos\/#breadcrumb","itemListElement":[{"@type":"ListItem","position":1,"name":"Portada","item":"https:\/\/dev.explora.cl\/ohiggins\/"},{"@type":"ListItem","position":2,"name":"Instituto Profesional Los Lagos y PAR EXPLORA O\u2019Higgins firman convenio de cooperaci\u00f3n"}]},{"@type":"WebSite","@id":"https:\/\/dev.explora.cl\/ohiggins\/#website","url":"https:\/\/dev.explora.cl\/ohiggins\/","name":"O&#039;Higgins","description":"Otro sitio m\u00e1s de dev.explora.cl","potentialAction":[{"@type":"SearchAction","target":{"@type":"EntryPoint","urlTemplate":"https:\/\/dev.explora.cl\/ohiggins\/?s={search_term_string}"},"query-input":{"@type":"PropertyValueSpecification","valueRequired":true,"valueName":"search_term_string"}}],"inLanguage":"es-CL"},{"@type":"Person","@id":"https:\/\/dev.explora.cl\/ohiggins\/#\/schema\/person\/cb8349c13ea2d324080adf8480d7ba5d","name":"webman","image":{"@type":"ImageObject","inLanguage":"es-CL","@id":"https:\/\/dev.explora.cl\/ohiggins\/#\/schema\/person\/image\/","url":"https:\/\/secure.gravatar.com\/avatar\/eeff3c82f2c02f7177d13663b7e6f890e9a6a0647ce9bb29cae02dcb094c7312?s=96&d=mm&r=g","contentUrl":"https:\/\/secure.gravatar.com\/avatar\/eeff3c82f2c02f7177d13663b7e6f890e9a6a0647ce9bb29cae02dcb094c7312?s=96&d=mm&r=g","caption":"webman"},"url":"https:\/\/dev.explora.cl\/ohiggins\/author\/webman\/"}]}},"_links":{"self":[{"href":"https:\/\/dev.explora.cl\/ohiggins\/wp-json\/wp\/v2\/posts\/31785","targetHints":{"allow":["GET"]}}],"collection":[{"href":"https:\/\/dev.explora.cl\/ohiggins\/wp-json\/wp\/v2\/posts"}],"about":[{"href":"https:\/\/dev.explora.cl\/ohiggins\/wp-json\/wp\/v2\/types\/post"}],"author":[{"embeddable":true,"href":"https:\/\/dev.explora.cl\/ohiggins\/wp-json\/wp\/v2\/users\/2"}],"replies":[{"embeddable":true,"href":"https:\/\/dev.explora.cl\/ohiggins\/wp-json\/wp\/v2\/comments?post=31785"}],"version-history":[{"count":1,"href":"https:\/\/dev.explora.cl\/ohiggins\/wp-json\/wp\/v2\/posts\/31785\/revisions"}],"predecessor-version":[{"id":37915,"href":"https:\/\/dev.explora.cl\/ohiggins\/wp-json\/wp\/v2\/posts\/31785\/revisions\/37915"}],"wp:featuredmedia":[{"embeddable":true,"href":"https:\/\/dev.explora.cl\/ohiggins\/wp-json\/wp\/v2\/media\/31786"}],"wp:attachment":[{"href":"https:\/\/dev.explora.cl\/ohiggins\/wp-json\/wp\/v2\/media?parent=31785"}],"wp:term":[{"taxonomy":"category","embeddable":true,"href":"https:\/\/dev.explora.cl\/ohiggins\/wp-json\/wp\/v2\/categories?post=31785"},{"taxonomy":"post_tag","embeddable":true,"href":"https:\/\/dev.explora.cl\/ohiggins\/wp-json\/wp\/v2\/tags?post=31785"}],"curies":[{"name":"wp","href":"https:\/\/api.w.org\/{rel}","templated":true}]}}