{"id":37597,"date":"2025-05-22T16:36:48","date_gmt":"2025-05-22T20:36:48","guid":{"rendered":"https:\/\/dev.explora.cl\/nuble\/?p=37597"},"modified":"2025-05-22T16:37:22","modified_gmt":"2025-05-22T20:37:22","slug":"educadoras-de-parvulos-se-capacitan-en-pipe-nuble-2025","status":"publish","type":"post","link":"https:\/\/dev.explora.cl\/nuble\/educadoras-de-parvulos-se-capacitan-en-pipe-nuble-2025\/","title":{"rendered":"Educadoras de p\u00e1rvulos se capacitan en PIPE \u00d1uble 2025"},"content":{"rendered":"<p><strong>Con una alta participaci\u00f3n de educadoras y t\u00e9cnicos de p\u00e1rvulos, los d\u00edas 15 y 16 de mayo se llev\u00f3 a cabo la capacitaci\u00f3n del Programa de Indagaci\u00f3n para Primeras Edades (PIPE) \u00d1uble 2025 en la Facultad de Agronom\u00eda de la Universidad de Concepci\u00f3n, campus Chill\u00e1n. La iniciativa, impulsada por el Proyecto Asociativo Regional Explora \u00d1uble del Ministerio de Ciencia, Tecnolog\u00eda, Conocimiento e Innovaci\u00f3n, y liderado por la misma cada de estudios superiores, busca fortalecer el rol de las profesionales de la educaci\u00f3n inicial como mediadoras del pensamiento cient\u00edfico desde los primeros a\u00f1os de vida.<\/strong><\/p>\n<p>Durante la primera jornada, las participantes fueron recibidas con una bienvenida que destac\u00f3 el valor de su labor pedag\u00f3gica y la importancia de seguir generando espacios de formaci\u00f3n continua en educaci\u00f3n inicial. En esta instancia, se profundiz\u00f3 en los contenidos y principios del programa PIPE, reflexionando sobre c\u00f3mo acercar la ciencia a ni\u00f1as y ni\u00f1os desde lo cotidiano, respetando sus ritmos, intereses y formas de aprender.<\/p>\n<p>Adem\u00e1s, la jornada cont\u00f3 con una presentaci\u00f3n art\u00edstica a cargo de la Escuela de Cultura Art\u00edstica Claudio Arrau Le\u00f3n, que puso en valor el arte como parte fundamental de los primeros aprendizajes, integrando expresi\u00f3n, sensibilidad y creatividad al proceso formativo.<\/p>\n<p>El segundo d\u00eda estuvo centrado en el m\u00f3dulo de tecnolog\u00eda del programa, con \u00e9nfasis en metodolog\u00edas l\u00fadicas y significativas. Una de las actividades m\u00e1s valoradas fue la creaci\u00f3n de sombras chinas, que permiti\u00f3 explorar la indagaci\u00f3n desde el juego, la expresi\u00f3n art\u00edstica y la experimentaci\u00f3n con materiales simples. Ambas jornadas tuvieron como relatora a la profesional de la educaci\u00f3n: Alicia Ceballos Riveros.<\/p>\n<p>Aquiles Avil\u00e9s Inostroza, coordinador de rutas formativas del PAR Explora \u00d1uble sostuvo que fue gratificante ver tan motivados a los equipos pedag\u00f3gicos que participaron de la transferencia metodol\u00f3gica inicial lo que se evidenci\u00f3 en la excelente participaci\u00f3n que tuvieron en las actividades: \u201cEsto nos motiva a mantener un alto est\u00e1ndar en la planificaci\u00f3n de las actividades para el resto del periodo\u201d indic\u00f3.<\/p>\n<p>Una de las principales reflexiones compartidas fue si es posible hacer ciencia en los primeros niveles educativos. La respuesta, construida de forma colectiva, fue clara: <strong>s\u00ed es posible, y es necesario<\/strong>.<\/p>\n<p>Las educadoras se retiraron con nuevas herramientas pedag\u00f3gicas, ideas compartidas y la convicci\u00f3n de que la ciencia en la primera infancia es una oportunidad para fomentar la curiosidad, el pensamiento cr\u00edtico y el respeto por el entorno desde los primeros a\u00f1os.<\/p>\n<p>In\u00e9s Figueroa, directora del PAR Explora \u00d1uble destac\u00f3 el respaldo de instituciones que est\u00e1n apoyando activamente esta iniciativa como lo son: Fundaci\u00f3n Integra, JUNJI \u00d1uble, SLEP Punilla Cordillera y DAEM Chill\u00e1n.<\/p>\n<p>Avil\u00e9s destac\u00f3 que pr\u00f3ximamente har\u00e1n la entrega de kits de materiales para que repliquen las actividades, los acompa\u00f1amientos presenciales: \u201cy lo que personalmente me tiene muy expectante, que es la transferencia metodol\u00f3gica del m\u00f3dulo de indagaci\u00f3n en artes que est\u00e1 dirigido espec\u00edficamente al nivel de sala-cuna\u201d concluy\u00f3.<\/p>\n<p>&nbsp;<\/p>\n","protected":false},"excerpt":{"rendered":"<p>Con una alta participaci\u00f3n de educadoras y t\u00e9cnicos de p\u00e1rvulos, los d\u00edas 15 y 16 de mayo se llev\u00f3 a cabo la capacitaci\u00f3n del Programa de Indagaci\u00f3n para Primeras Edades (PIPE) \u00d1uble 2025 en la Facultad de Agronom\u00eda de la Universidad de Concepci\u00f3n, campus Chill\u00e1n. La iniciativa, impulsada por el Proyecto Asociativo Regional Explora \u00d1uble [&hellip;]<\/p>\n","protected":false},"author":25,"featured_media":37600,"comment_status":"open","ping_status":"open","sticky":false,"template":"","format":"standard","meta":{"_acf_changed":false,"_exactmetrics_skip_tracking":false,"_exactmetrics_sitenote_active":false,"_exactmetrics_sitenote_note":"","_exactmetrics_sitenote_category":0,"footnotes":"","_links_to":"","_links_to_target":""},"categories":[137,1],"tags":[217,239],"class_list":["post-37597","post","type-post","status-publish","format-standard","has-post-thumbnail","hentry","category-lugar-2","category-sin-categoria","tag-celebremoslacuriosidad","tag-pipe-actualizacionpedagogica"],"acf":[],"yoast_head":"<!-- This site is optimized with the Yoast SEO plugin v26.7 - https:\/\/yoast.com\/wordpress\/plugins\/seo\/ -->\n<title>Educadoras de p\u00e1rvulos se capacitan en PIPE \u00d1uble 2025 - \u00d1uble<\/title>\n<meta name=\"robots\" content=\"index, follow, max-snippet:-1, max-image-preview:large, max-video-preview:-1\" \/>\n<link rel=\"canonical\" href=\"https:\/\/dev.explora.cl\/nuble\/educadoras-de-parvulos-se-capacitan-en-pipe-nuble-2025\/\" class=\"yoast-seo-meta-tag\" \/>\n<meta property=\"og:locale\" content=\"es_ES\" class=\"yoast-seo-meta-tag\" \/>\n<meta property=\"og:type\" content=\"article\" class=\"yoast-seo-meta-tag\" \/>\n<meta property=\"og:title\" content=\"Educadoras de p\u00e1rvulos se capacitan en PIPE \u00d1uble 2025 - \u00d1uble\" class=\"yoast-seo-meta-tag\" \/>\n<meta property=\"og:description\" content=\"Con una alta participaci\u00f3n de educadoras y t\u00e9cnicos de p\u00e1rvulos, los d\u00edas 15 y 16 de mayo se llev\u00f3 a cabo la capacitaci\u00f3n del Programa de Indagaci\u00f3n para Primeras Edades (PIPE) \u00d1uble 2025 en la Facultad de Agronom\u00eda de la Universidad de Concepci\u00f3n, campus Chill\u00e1n. La iniciativa, impulsada por el Proyecto Asociativo Regional Explora \u00d1uble [&hellip;]\" class=\"yoast-seo-meta-tag\" \/>\n<meta property=\"og:url\" content=\"https:\/\/dev.explora.cl\/nuble\/educadoras-de-parvulos-se-capacitan-en-pipe-nuble-2025\/\" class=\"yoast-seo-meta-tag\" \/>\n<meta property=\"og:site_name\" content=\"\u00d1uble\" class=\"yoast-seo-meta-tag\" \/>\n<meta property=\"article:published_time\" content=\"2025-05-22T20:36:48+00:00\" class=\"yoast-seo-meta-tag\" \/>\n<meta property=\"article:modified_time\" content=\"2025-05-22T20:37:22+00:00\" class=\"yoast-seo-meta-tag\" \/>\n<meta name=\"author\" content=\"cbeltran\" class=\"yoast-seo-meta-tag\" \/>\n<meta name=\"twitter:card\" content=\"summary_large_image\" class=\"yoast-seo-meta-tag\" \/>\n<meta name=\"twitter:label1\" content=\"Escrito por\" class=\"yoast-seo-meta-tag\" \/>\n\t<meta name=\"twitter:data1\" content=\"cbeltran\" class=\"yoast-seo-meta-tag\" \/>\n\t<meta name=\"twitter:label2\" content=\"Tiempo estimado de lectura\" class=\"yoast-seo-meta-tag\" \/>\n\t<meta name=\"twitter:data2\" content=\"3 minutos\" class=\"yoast-seo-meta-tag\" \/>\n<script type=\"application\/ld+json\" class=\"yoast-schema-graph\">{\"@context\":\"https:\/\/schema.org\",\"@graph\":[{\"@type\":\"Article\",\"@id\":\"https:\/\/dev.explora.cl\/nuble\/educadoras-de-parvulos-se-capacitan-en-pipe-nuble-2025\/#article\",\"isPartOf\":{\"@id\":\"https:\/\/dev.explora.cl\/nuble\/educadoras-de-parvulos-se-capacitan-en-pipe-nuble-2025\/\"},\"author\":{\"name\":\"cbeltran\",\"@id\":\"https:\/\/dev.explora.cl\/nuble\/#\/schema\/person\/f611679f39b55ae7cdea76bc915b056e\"},\"headline\":\"Educadoras de p\u00e1rvulos se capacitan en PIPE \u00d1uble 2025\",\"datePublished\":\"2025-05-22T20:36:48+00:00\",\"dateModified\":\"2025-05-22T20:37:22+00:00\",\"mainEntityOfPage\":{\"@id\":\"https:\/\/dev.explora.cl\/nuble\/educadoras-de-parvulos-se-capacitan-en-pipe-nuble-2025\/\"},\"wordCount\":541,\"commentCount\":0,\"image\":{\"@id\":\"https:\/\/dev.explora.cl\/nuble\/educadoras-de-parvulos-se-capacitan-en-pipe-nuble-2025\/#primaryimage\"},\"thumbnailUrl\":\"https:\/\/dev.explora.cl\/nuble\/wp-content\/uploads\/sites\/10\/2025\/05\/WEB-PIPE-scaled.jpg\",\"keywords\":[\"#CelebremosLaCuriosidad\",\"#PIPE #Actualizaci\u00f3nPedag\u00f3gica\"],\"articleSection\":[\"Lugar 2\"],\"inLanguage\":\"es-CL\",\"potentialAction\":[{\"@type\":\"CommentAction\",\"name\":\"Comment\",\"target\":[\"https:\/\/dev.explora.cl\/nuble\/educadoras-de-parvulos-se-capacitan-en-pipe-nuble-2025\/#respond\"]}]},{\"@type\":\"WebPage\",\"@id\":\"https:\/\/dev.explora.cl\/nuble\/educadoras-de-parvulos-se-capacitan-en-pipe-nuble-2025\/\",\"url\":\"https:\/\/dev.explora.cl\/nuble\/educadoras-de-parvulos-se-capacitan-en-pipe-nuble-2025\/\",\"name\":\"Educadoras de p\u00e1rvulos se capacitan en PIPE \u00d1uble 2025 - \u00d1uble\",\"isPartOf\":{\"@id\":\"https:\/\/dev.explora.cl\/nuble\/#website\"},\"primaryImageOfPage\":{\"@id\":\"https:\/\/dev.explora.cl\/nuble\/educadoras-de-parvulos-se-capacitan-en-pipe-nuble-2025\/#primaryimage\"},\"image\":{\"@id\":\"https:\/\/dev.explora.cl\/nuble\/educadoras-de-parvulos-se-capacitan-en-pipe-nuble-2025\/#primaryimage\"},\"thumbnailUrl\":\"https:\/\/dev.explora.cl\/nuble\/wp-content\/uploads\/sites\/10\/2025\/05\/WEB-PIPE-scaled.jpg\",\"datePublished\":\"2025-05-22T20:36:48+00:00\",\"dateModified\":\"2025-05-22T20:37:22+00:00\",\"author\":{\"@id\":\"https:\/\/dev.explora.cl\/nuble\/#\/schema\/person\/f611679f39b55ae7cdea76bc915b056e\"},\"breadcrumb\":{\"@id\":\"https:\/\/dev.explora.cl\/nuble\/educadoras-de-parvulos-se-capacitan-en-pipe-nuble-2025\/#breadcrumb\"},\"inLanguage\":\"es-CL\",\"potentialAction\":[{\"@type\":\"ReadAction\",\"target\":[\"https:\/\/dev.explora.cl\/nuble\/educadoras-de-parvulos-se-capacitan-en-pipe-nuble-2025\/\"]}]},{\"@type\":\"ImageObject\",\"inLanguage\":\"es-CL\",\"@id\":\"https:\/\/dev.explora.cl\/nuble\/educadoras-de-parvulos-se-capacitan-en-pipe-nuble-2025\/#primaryimage\",\"url\":\"https:\/\/dev.explora.cl\/nuble\/wp-content\/uploads\/sites\/10\/2025\/05\/WEB-PIPE-scaled.jpg\",\"contentUrl\":\"https:\/\/dev.explora.cl\/nuble\/wp-content\/uploads\/sites\/10\/2025\/05\/WEB-PIPE-scaled.jpg\",\"width\":2560,\"height\":1422},{\"@type\":\"BreadcrumbList\",\"@id\":\"https:\/\/dev.explora.cl\/nuble\/educadoras-de-parvulos-se-capacitan-en-pipe-nuble-2025\/#breadcrumb\",\"itemListElement\":[{\"@type\":\"ListItem\",\"position\":1,\"name\":\"Portada\",\"item\":\"https:\/\/dev.explora.cl\/nuble\/\"},{\"@type\":\"ListItem\",\"position\":2,\"name\":\"Educadoras de p\u00e1rvulos se capacitan en PIPE \u00d1uble 2025\"}]},{\"@type\":\"WebSite\",\"@id\":\"https:\/\/dev.explora.cl\/nuble\/#website\",\"url\":\"https:\/\/dev.explora.cl\/nuble\/\",\"name\":\"\u00d1uble\",\"description\":\"Otro sitio m\u00e1s de dev.explora.cl\",\"potentialAction\":[{\"@type\":\"SearchAction\",\"target\":{\"@type\":\"EntryPoint\",\"urlTemplate\":\"https:\/\/dev.explora.cl\/nuble\/?s={search_term_string}\"},\"query-input\":{\"@type\":\"PropertyValueSpecification\",\"valueRequired\":true,\"valueName\":\"search_term_string\"}}],\"inLanguage\":\"es-CL\"},{\"@type\":\"Person\",\"@id\":\"https:\/\/dev.explora.cl\/nuble\/#\/schema\/person\/f611679f39b55ae7cdea76bc915b056e\",\"name\":\"cbeltran\",\"image\":{\"@type\":\"ImageObject\",\"inLanguage\":\"es-CL\",\"@id\":\"https:\/\/dev.explora.cl\/nuble\/#\/schema\/person\/image\/\",\"url\":\"https:\/\/secure.gravatar.com\/avatar\/fde624b0b0faed85e420465a1cdb73a02c199b16b1d2d6bfe0a82b9ba438afbd?s=96&d=mm&r=g\",\"contentUrl\":\"https:\/\/secure.gravatar.com\/avatar\/fde624b0b0faed85e420465a1cdb73a02c199b16b1d2d6bfe0a82b9ba438afbd?s=96&d=mm&r=g\",\"caption\":\"cbeltran\"},\"url\":\"https:\/\/dev.explora.cl\/nuble\/author\/cbeltran\/\"}]}<\/script>\n<!-- \/ Yoast SEO plugin. -->","yoast_head_json":{"title":"Educadoras de p\u00e1rvulos se capacitan en PIPE \u00d1uble 2025 - \u00d1uble","robots":{"index":"index","follow":"follow","max-snippet":"max-snippet:-1","max-image-preview":"max-image-preview:large","max-video-preview":"max-video-preview:-1"},"canonical":"https:\/\/dev.explora.cl\/nuble\/educadoras-de-parvulos-se-capacitan-en-pipe-nuble-2025\/","og_locale":"es_ES","og_type":"article","og_title":"Educadoras de p\u00e1rvulos se capacitan en PIPE \u00d1uble 2025 - \u00d1uble","og_description":"Con una alta participaci\u00f3n de educadoras y t\u00e9cnicos de p\u00e1rvulos, los d\u00edas 15 y 16 de mayo se llev\u00f3 a cabo la capacitaci\u00f3n del Programa de Indagaci\u00f3n para Primeras Edades (PIPE) \u00d1uble 2025 en la Facultad de Agronom\u00eda de la Universidad de Concepci\u00f3n, campus Chill\u00e1n. La iniciativa, impulsada por el Proyecto Asociativo Regional Explora \u00d1uble [&hellip;]","og_url":"https:\/\/dev.explora.cl\/nuble\/educadoras-de-parvulos-se-capacitan-en-pipe-nuble-2025\/","og_site_name":"\u00d1uble","article_published_time":"2025-05-22T20:36:48+00:00","article_modified_time":"2025-05-22T20:37:22+00:00","author":"cbeltran","twitter_card":"summary_large_image","twitter_misc":{"Escrito por":"cbeltran","Tiempo estimado de lectura":"3 minutos"},"schema":{"@context":"https:\/\/schema.org","@graph":[{"@type":"Article","@id":"https:\/\/dev.explora.cl\/nuble\/educadoras-de-parvulos-se-capacitan-en-pipe-nuble-2025\/#article","isPartOf":{"@id":"https:\/\/dev.explora.cl\/nuble\/educadoras-de-parvulos-se-capacitan-en-pipe-nuble-2025\/"},"author":{"name":"cbeltran","@id":"https:\/\/dev.explora.cl\/nuble\/#\/schema\/person\/f611679f39b55ae7cdea76bc915b056e"},"headline":"Educadoras de p\u00e1rvulos se capacitan en PIPE \u00d1uble 2025","datePublished":"2025-05-22T20:36:48+00:00","dateModified":"2025-05-22T20:37:22+00:00","mainEntityOfPage":{"@id":"https:\/\/dev.explora.cl\/nuble\/educadoras-de-parvulos-se-capacitan-en-pipe-nuble-2025\/"},"wordCount":541,"commentCount":0,"image":{"@id":"https:\/\/dev.explora.cl\/nuble\/educadoras-de-parvulos-se-capacitan-en-pipe-nuble-2025\/#primaryimage"},"thumbnailUrl":"https:\/\/dev.explora.cl\/nuble\/wp-content\/uploads\/sites\/10\/2025\/05\/WEB-PIPE-scaled.jpg","keywords":["#CelebremosLaCuriosidad","#PIPE #Actualizaci\u00f3nPedag\u00f3gica"],"articleSection":["Lugar 2"],"inLanguage":"es-CL","potentialAction":[{"@type":"CommentAction","name":"Comment","target":["https:\/\/dev.explora.cl\/nuble\/educadoras-de-parvulos-se-capacitan-en-pipe-nuble-2025\/#respond"]}]},{"@type":"WebPage","@id":"https:\/\/dev.explora.cl\/nuble\/educadoras-de-parvulos-se-capacitan-en-pipe-nuble-2025\/","url":"https:\/\/dev.explora.cl\/nuble\/educadoras-de-parvulos-se-capacitan-en-pipe-nuble-2025\/","name":"Educadoras de p\u00e1rvulos se capacitan en PIPE \u00d1uble 2025 - \u00d1uble","isPartOf":{"@id":"https:\/\/dev.explora.cl\/nuble\/#website"},"primaryImageOfPage":{"@id":"https:\/\/dev.explora.cl\/nuble\/educadoras-de-parvulos-se-capacitan-en-pipe-nuble-2025\/#primaryimage"},"image":{"@id":"https:\/\/dev.explora.cl\/nuble\/educadoras-de-parvulos-se-capacitan-en-pipe-nuble-2025\/#primaryimage"},"thumbnailUrl":"https:\/\/dev.explora.cl\/nuble\/wp-content\/uploads\/sites\/10\/2025\/05\/WEB-PIPE-scaled.jpg","datePublished":"2025-05-22T20:36:48+00:00","dateModified":"2025-05-22T20:37:22+00:00","author":{"@id":"https:\/\/dev.explora.cl\/nuble\/#\/schema\/person\/f611679f39b55ae7cdea76bc915b056e"},"breadcrumb":{"@id":"https:\/\/dev.explora.cl\/nuble\/educadoras-de-parvulos-se-capacitan-en-pipe-nuble-2025\/#breadcrumb"},"inLanguage":"es-CL","potentialAction":[{"@type":"ReadAction","target":["https:\/\/dev.explora.cl\/nuble\/educadoras-de-parvulos-se-capacitan-en-pipe-nuble-2025\/"]}]},{"@type":"ImageObject","inLanguage":"es-CL","@id":"https:\/\/dev.explora.cl\/nuble\/educadoras-de-parvulos-se-capacitan-en-pipe-nuble-2025\/#primaryimage","url":"https:\/\/dev.explora.cl\/nuble\/wp-content\/uploads\/sites\/10\/2025\/05\/WEB-PIPE-scaled.jpg","contentUrl":"https:\/\/dev.explora.cl\/nuble\/wp-content\/uploads\/sites\/10\/2025\/05\/WEB-PIPE-scaled.jpg","width":2560,"height":1422},{"@type":"BreadcrumbList","@id":"https:\/\/dev.explora.cl\/nuble\/educadoras-de-parvulos-se-capacitan-en-pipe-nuble-2025\/#breadcrumb","itemListElement":[{"@type":"ListItem","position":1,"name":"Portada","item":"https:\/\/dev.explora.cl\/nuble\/"},{"@type":"ListItem","position":2,"name":"Educadoras de p\u00e1rvulos se capacitan en PIPE \u00d1uble 2025"}]},{"@type":"WebSite","@id":"https:\/\/dev.explora.cl\/nuble\/#website","url":"https:\/\/dev.explora.cl\/nuble\/","name":"\u00d1uble","description":"Otro sitio m\u00e1s de dev.explora.cl","potentialAction":[{"@type":"SearchAction","target":{"@type":"EntryPoint","urlTemplate":"https:\/\/dev.explora.cl\/nuble\/?s={search_term_string}"},"query-input":{"@type":"PropertyValueSpecification","valueRequired":true,"valueName":"search_term_string"}}],"inLanguage":"es-CL"},{"@type":"Person","@id":"https:\/\/dev.explora.cl\/nuble\/#\/schema\/person\/f611679f39b55ae7cdea76bc915b056e","name":"cbeltran","image":{"@type":"ImageObject","inLanguage":"es-CL","@id":"https:\/\/dev.explora.cl\/nuble\/#\/schema\/person\/image\/","url":"https:\/\/secure.gravatar.com\/avatar\/fde624b0b0faed85e420465a1cdb73a02c199b16b1d2d6bfe0a82b9ba438afbd?s=96&d=mm&r=g","contentUrl":"https:\/\/secure.gravatar.com\/avatar\/fde624b0b0faed85e420465a1cdb73a02c199b16b1d2d6bfe0a82b9ba438afbd?s=96&d=mm&r=g","caption":"cbeltran"},"url":"https:\/\/dev.explora.cl\/nuble\/author\/cbeltran\/"}]}},"_links":{"self":[{"href":"https:\/\/dev.explora.cl\/nuble\/wp-json\/wp\/v2\/posts\/37597","targetHints":{"allow":["GET"]}}],"collection":[{"href":"https:\/\/dev.explora.cl\/nuble\/wp-json\/wp\/v2\/posts"}],"about":[{"href":"https:\/\/dev.explora.cl\/nuble\/wp-json\/wp\/v2\/types\/post"}],"author":[{"embeddable":true,"href":"https:\/\/dev.explora.cl\/nuble\/wp-json\/wp\/v2\/users\/25"}],"replies":[{"embeddable":true,"href":"https:\/\/dev.explora.cl\/nuble\/wp-json\/wp\/v2\/comments?post=37597"}],"version-history":[{"count":2,"href":"https:\/\/dev.explora.cl\/nuble\/wp-json\/wp\/v2\/posts\/37597\/revisions"}],"predecessor-version":[{"id":37599,"href":"https:\/\/dev.explora.cl\/nuble\/wp-json\/wp\/v2\/posts\/37597\/revisions\/37599"}],"wp:featuredmedia":[{"embeddable":true,"href":"https:\/\/dev.explora.cl\/nuble\/wp-json\/wp\/v2\/media\/37600"}],"wp:attachment":[{"href":"https:\/\/dev.explora.cl\/nuble\/wp-json\/wp\/v2\/media?parent=37597"}],"wp:term":[{"taxonomy":"category","embeddable":true,"href":"https:\/\/dev.explora.cl\/nuble\/wp-json\/wp\/v2\/categories?post=37597"},{"taxonomy":"post_tag","embeddable":true,"href":"https:\/\/dev.explora.cl\/nuble\/wp-json\/wp\/v2\/tags?post=37597"}],"curies":[{"name":"wp","href":"https:\/\/api.w.org\/{rel}","templated":true}]}}