{"id":37571,"date":"2025-04-11T12:24:41","date_gmt":"2025-04-11T16:24:41","guid":{"rendered":"https:\/\/dev.explora.cl\/nuble\/?p=37571"},"modified":"2025-04-11T12:34:56","modified_gmt":"2025-04-11T16:34:56","slug":"resultados-de-convocatoria-de-investigacion-e-innovacion-escolar-2025-2026","status":"publish","type":"post","link":"https:\/\/dev.explora.cl\/nuble\/resultados-de-convocatoria-de-investigacion-e-innovacion-escolar-2025-2026\/","title":{"rendered":"Resultados de Convocatoria de Investigaci\u00f3n e Innovaci\u00f3n Escolar 2025"},"content":{"rendered":"<p class=\"\" data-start=\"114\" data-end=\"233\"><strong data-start=\"114\" data-end=\"233\">M\u00e1s de 440 ni\u00f1as y ni\u00f1os de \u00d1uble ser\u00e1n protagonistas de las Iniciativas de Investigaci\u00f3n e Innovaci\u00f3n Escolar 2025\u00a0<\/strong><\/p>\n<p class=\"\" data-start=\"235\" data-end=\"508\">Con una alta participaci\u00f3n regional damos a conocer la lista de proyectos seleccionados para desarrollar durante el a\u00f1o escolar 2025 , en el marco de la convocatoria de Iniciativas de Investigaci\u00f3n e Innovaci\u00f3n Escolar (IIE).<\/p>\n<p class=\"\" data-start=\"510\" data-end=\"786\">En total, fueron seleccionadas cerca de 142 iniciativas que permitir\u00e1n que m\u00e1s de 440 ni\u00f1as, ni\u00f1os y adolescentes de distintos niveles y comunas del territorio se embarquen en un proceso de investigaci\u00f3n o innovaci\u00f3n, acompa\u00f1ados por sus docentes &#8211; gu\u00edas y asesores\/as cient\u00edficos\/as.<\/p>\n<p class=\"\" data-start=\"788\" data-end=\"1084\">Esta iniciativa busca fortalecer el pensamiento cr\u00edtico, la creatividad y la valoraci\u00f3n de la ciencia y la tecnolog\u00eda en las comunidades educativas, especialmente en contextos rurales y diversos, contribuyendo a formar ciudadanos y ciudadanas activos, informados y comprometidos con sus entornos.<\/p>\n<p class=\"\" data-start=\"1086\" data-end=\"1312\">Desde temas vinculados al medioambiente, salud, tecnolog\u00eda, ciencias sociales y cultura local, los proyectos seleccionados reflejan el inter\u00e9s y la motivaci\u00f3n de estudiantes por comprender y transformar el mundo que los rodea.<\/p>\n<p class=\"\" data-start=\"1314\" data-end=\"1570\">El equipo PAR Explora \u00d1uble agradece a todas las comunidades educativas que postularon, valorando el compromiso demostrado con la formaci\u00f3n cient\u00edfica temprana, y reafirma su compromiso con una educaci\u00f3n inclusiva, participativa y situada en el territorio.<\/p>\n<p class=\"\" data-start=\"1572\" data-end=\"1679\">\ud83d\udccc El listado completo de proyectos seleccionados se encuentra disponible ac\u00e1: <a href=\"https:\/\/dev.explora.cl\/nuble\/wp-content\/uploads\/sites\/10\/2025\/04\/Resultados-Convocatoria-IIE-2025.pdf\">Resultados Convocatoria IIE 2025<\/a><\/p>\n","protected":false},"excerpt":{"rendered":"<p>M\u00e1s de 440 ni\u00f1as y ni\u00f1os de \u00d1uble ser\u00e1n protagonistas de las Iniciativas de Investigaci\u00f3n e Innovaci\u00f3n Escolar 2025\u00a0 Con una alta participaci\u00f3n regional damos a conocer la lista de proyectos seleccionados para desarrollar durante el a\u00f1o escolar 2025 , en el marco de la convocatoria de Iniciativas de Investigaci\u00f3n e Innovaci\u00f3n Escolar (IIE). En [&hellip;]<\/p>\n","protected":false},"author":25,"featured_media":37573,"comment_status":"open","ping_status":"open","sticky":false,"template":"","format":"standard","meta":{"_acf_changed":false,"_exactmetrics_skip_tracking":false,"_exactmetrics_sitenote_active":false,"_exactmetrics_sitenote_note":"","_exactmetrics_sitenote_category":0,"footnotes":"","_links_to":"","_links_to_target":""},"categories":[138],"tags":[],"class_list":["post-37571","post","type-post","status-publish","format-standard","has-post-thumbnail","hentry","category-lugar-3"],"acf":[],"yoast_head":"<!-- This site is optimized with the Yoast SEO plugin v26.7 - https:\/\/yoast.com\/wordpress\/plugins\/seo\/ -->\n<title>Resultados de Convocatoria de Investigaci\u00f3n e Innovaci\u00f3n Escolar 2025 - \u00d1uble<\/title>\n<meta name=\"robots\" content=\"index, follow, max-snippet:-1, max-image-preview:large, max-video-preview:-1\" \/>\n<link rel=\"canonical\" href=\"https:\/\/dev.explora.cl\/nuble\/resultados-de-convocatoria-de-investigacion-e-innovacion-escolar-2025-2026\/\" class=\"yoast-seo-meta-tag\" \/>\n<meta property=\"og:locale\" content=\"es_ES\" class=\"yoast-seo-meta-tag\" \/>\n<meta property=\"og:type\" content=\"article\" class=\"yoast-seo-meta-tag\" \/>\n<meta property=\"og:title\" content=\"Resultados de Convocatoria de Investigaci\u00f3n e Innovaci\u00f3n Escolar 2025 - \u00d1uble\" class=\"yoast-seo-meta-tag\" \/>\n<meta property=\"og:description\" content=\"M\u00e1s de 440 ni\u00f1as y ni\u00f1os de \u00d1uble ser\u00e1n protagonistas de las Iniciativas de Investigaci\u00f3n e Innovaci\u00f3n Escolar 2025\u00a0 Con una alta participaci\u00f3n regional damos a conocer la lista de proyectos seleccionados para desarrollar durante el a\u00f1o escolar 2025 , en el marco de la convocatoria de Iniciativas de Investigaci\u00f3n e Innovaci\u00f3n Escolar (IIE). En [&hellip;]\" class=\"yoast-seo-meta-tag\" \/>\n<meta property=\"og:url\" content=\"https:\/\/dev.explora.cl\/nuble\/resultados-de-convocatoria-de-investigacion-e-innovacion-escolar-2025-2026\/\" class=\"yoast-seo-meta-tag\" \/>\n<meta property=\"og:site_name\" content=\"\u00d1uble\" class=\"yoast-seo-meta-tag\" \/>\n<meta property=\"article:published_time\" content=\"2025-04-11T16:24:41+00:00\" class=\"yoast-seo-meta-tag\" \/>\n<meta property=\"article:modified_time\" content=\"2025-04-11T16:34:56+00:00\" class=\"yoast-seo-meta-tag\" \/>\n<meta property=\"og:image\" content=\"https:\/\/dev.explora.cl\/nuble\/wp-content\/uploads\/sites\/10\/2025\/04\/web-03-scaled.jpg\" class=\"yoast-seo-meta-tag\" \/>\n\t<meta property=\"og:image:width\" content=\"2560\" class=\"yoast-seo-meta-tag\" \/>\n\t<meta property=\"og:image:height\" content=\"1339\" class=\"yoast-seo-meta-tag\" \/>\n\t<meta property=\"og:image:type\" content=\"image\/jpeg\" class=\"yoast-seo-meta-tag\" \/>\n<meta name=\"author\" content=\"cbeltran\" class=\"yoast-seo-meta-tag\" \/>\n<meta name=\"twitter:card\" content=\"summary_large_image\" class=\"yoast-seo-meta-tag\" \/>\n<meta name=\"twitter:label1\" content=\"Escrito por\" class=\"yoast-seo-meta-tag\" \/>\n\t<meta name=\"twitter:data1\" content=\"cbeltran\" class=\"yoast-seo-meta-tag\" \/>\n\t<meta name=\"twitter:label2\" content=\"Tiempo estimado de lectura\" class=\"yoast-seo-meta-tag\" \/>\n\t<meta name=\"twitter:data2\" content=\"2 minutos\" class=\"yoast-seo-meta-tag\" \/>\n<script type=\"application\/ld+json\" class=\"yoast-schema-graph\">{\"@context\":\"https:\/\/schema.org\",\"@graph\":[{\"@type\":\"Article\",\"@id\":\"https:\/\/dev.explora.cl\/nuble\/resultados-de-convocatoria-de-investigacion-e-innovacion-escolar-2025-2026\/#article\",\"isPartOf\":{\"@id\":\"https:\/\/dev.explora.cl\/nuble\/resultados-de-convocatoria-de-investigacion-e-innovacion-escolar-2025-2026\/\"},\"author\":{\"name\":\"cbeltran\",\"@id\":\"https:\/\/dev.explora.cl\/nuble\/#\/schema\/person\/f611679f39b55ae7cdea76bc915b056e\"},\"headline\":\"Resultados de Convocatoria de Investigaci\u00f3n e Innovaci\u00f3n Escolar 2025\",\"datePublished\":\"2025-04-11T16:24:41+00:00\",\"dateModified\":\"2025-04-11T16:34:56+00:00\",\"mainEntityOfPage\":{\"@id\":\"https:\/\/dev.explora.cl\/nuble\/resultados-de-convocatoria-de-investigacion-e-innovacion-escolar-2025-2026\/\"},\"wordCount\":253,\"commentCount\":0,\"image\":{\"@id\":\"https:\/\/dev.explora.cl\/nuble\/resultados-de-convocatoria-de-investigacion-e-innovacion-escolar-2025-2026\/#primaryimage\"},\"thumbnailUrl\":\"https:\/\/dev.explora.cl\/nuble\/wp-content\/uploads\/sites\/10\/2025\/04\/web-03-scaled.jpg\",\"articleSection\":[\"Lugar 3\"],\"inLanguage\":\"es-CL\",\"potentialAction\":[{\"@type\":\"CommentAction\",\"name\":\"Comment\",\"target\":[\"https:\/\/dev.explora.cl\/nuble\/resultados-de-convocatoria-de-investigacion-e-innovacion-escolar-2025-2026\/#respond\"]}]},{\"@type\":\"WebPage\",\"@id\":\"https:\/\/dev.explora.cl\/nuble\/resultados-de-convocatoria-de-investigacion-e-innovacion-escolar-2025-2026\/\",\"url\":\"https:\/\/dev.explora.cl\/nuble\/resultados-de-convocatoria-de-investigacion-e-innovacion-escolar-2025-2026\/\",\"name\":\"Resultados de Convocatoria de Investigaci\u00f3n e Innovaci\u00f3n Escolar 2025 - \u00d1uble\",\"isPartOf\":{\"@id\":\"https:\/\/dev.explora.cl\/nuble\/#website\"},\"primaryImageOfPage\":{\"@id\":\"https:\/\/dev.explora.cl\/nuble\/resultados-de-convocatoria-de-investigacion-e-innovacion-escolar-2025-2026\/#primaryimage\"},\"image\":{\"@id\":\"https:\/\/dev.explora.cl\/nuble\/resultados-de-convocatoria-de-investigacion-e-innovacion-escolar-2025-2026\/#primaryimage\"},\"thumbnailUrl\":\"https:\/\/dev.explora.cl\/nuble\/wp-content\/uploads\/sites\/10\/2025\/04\/web-03-scaled.jpg\",\"datePublished\":\"2025-04-11T16:24:41+00:00\",\"dateModified\":\"2025-04-11T16:34:56+00:00\",\"author\":{\"@id\":\"https:\/\/dev.explora.cl\/nuble\/#\/schema\/person\/f611679f39b55ae7cdea76bc915b056e\"},\"breadcrumb\":{\"@id\":\"https:\/\/dev.explora.cl\/nuble\/resultados-de-convocatoria-de-investigacion-e-innovacion-escolar-2025-2026\/#breadcrumb\"},\"inLanguage\":\"es-CL\",\"potentialAction\":[{\"@type\":\"ReadAction\",\"target\":[\"https:\/\/dev.explora.cl\/nuble\/resultados-de-convocatoria-de-investigacion-e-innovacion-escolar-2025-2026\/\"]}]},{\"@type\":\"ImageObject\",\"inLanguage\":\"es-CL\",\"@id\":\"https:\/\/dev.explora.cl\/nuble\/resultados-de-convocatoria-de-investigacion-e-innovacion-escolar-2025-2026\/#primaryimage\",\"url\":\"https:\/\/dev.explora.cl\/nuble\/wp-content\/uploads\/sites\/10\/2025\/04\/web-03-scaled.jpg\",\"contentUrl\":\"https:\/\/dev.explora.cl\/nuble\/wp-content\/uploads\/sites\/10\/2025\/04\/web-03-scaled.jpg\",\"width\":2560,\"height\":1339},{\"@type\":\"BreadcrumbList\",\"@id\":\"https:\/\/dev.explora.cl\/nuble\/resultados-de-convocatoria-de-investigacion-e-innovacion-escolar-2025-2026\/#breadcrumb\",\"itemListElement\":[{\"@type\":\"ListItem\",\"position\":1,\"name\":\"Portada\",\"item\":\"https:\/\/dev.explora.cl\/nuble\/\"},{\"@type\":\"ListItem\",\"position\":2,\"name\":\"Resultados de Convocatoria de Investigaci\u00f3n e Innovaci\u00f3n Escolar 2025\"}]},{\"@type\":\"WebSite\",\"@id\":\"https:\/\/dev.explora.cl\/nuble\/#website\",\"url\":\"https:\/\/dev.explora.cl\/nuble\/\",\"name\":\"\u00d1uble\",\"description\":\"Otro sitio m\u00e1s de dev.explora.cl\",\"potentialAction\":[{\"@type\":\"SearchAction\",\"target\":{\"@type\":\"EntryPoint\",\"urlTemplate\":\"https:\/\/dev.explora.cl\/nuble\/?s={search_term_string}\"},\"query-input\":{\"@type\":\"PropertyValueSpecification\",\"valueRequired\":true,\"valueName\":\"search_term_string\"}}],\"inLanguage\":\"es-CL\"},{\"@type\":\"Person\",\"@id\":\"https:\/\/dev.explora.cl\/nuble\/#\/schema\/person\/f611679f39b55ae7cdea76bc915b056e\",\"name\":\"cbeltran\",\"image\":{\"@type\":\"ImageObject\",\"inLanguage\":\"es-CL\",\"@id\":\"https:\/\/dev.explora.cl\/nuble\/#\/schema\/person\/image\/\",\"url\":\"https:\/\/secure.gravatar.com\/avatar\/fde624b0b0faed85e420465a1cdb73a02c199b16b1d2d6bfe0a82b9ba438afbd?s=96&d=mm&r=g\",\"contentUrl\":\"https:\/\/secure.gravatar.com\/avatar\/fde624b0b0faed85e420465a1cdb73a02c199b16b1d2d6bfe0a82b9ba438afbd?s=96&d=mm&r=g\",\"caption\":\"cbeltran\"},\"url\":\"https:\/\/dev.explora.cl\/nuble\/author\/cbeltran\/\"}]}<\/script>\n<!-- \/ Yoast SEO plugin. -->","yoast_head_json":{"title":"Resultados de Convocatoria de Investigaci\u00f3n e Innovaci\u00f3n Escolar 2025 - \u00d1uble","robots":{"index":"index","follow":"follow","max-snippet":"max-snippet:-1","max-image-preview":"max-image-preview:large","max-video-preview":"max-video-preview:-1"},"canonical":"https:\/\/dev.explora.cl\/nuble\/resultados-de-convocatoria-de-investigacion-e-innovacion-escolar-2025-2026\/","og_locale":"es_ES","og_type":"article","og_title":"Resultados de Convocatoria de Investigaci\u00f3n e Innovaci\u00f3n Escolar 2025 - \u00d1uble","og_description":"M\u00e1s de 440 ni\u00f1as y ni\u00f1os de \u00d1uble ser\u00e1n protagonistas de las Iniciativas de Investigaci\u00f3n e Innovaci\u00f3n Escolar 2025\u00a0 Con una alta participaci\u00f3n regional damos a conocer la lista de proyectos seleccionados para desarrollar durante el a\u00f1o escolar 2025 , en el marco de la convocatoria de Iniciativas de Investigaci\u00f3n e Innovaci\u00f3n Escolar (IIE). En [&hellip;]","og_url":"https:\/\/dev.explora.cl\/nuble\/resultados-de-convocatoria-de-investigacion-e-innovacion-escolar-2025-2026\/","og_site_name":"\u00d1uble","article_published_time":"2025-04-11T16:24:41+00:00","article_modified_time":"2025-04-11T16:34:56+00:00","og_image":[{"width":2560,"height":1339,"url":"https:\/\/dev.explora.cl\/nuble\/wp-content\/uploads\/sites\/10\/2025\/04\/web-03-scaled.jpg","type":"image\/jpeg"}],"author":"cbeltran","twitter_card":"summary_large_image","twitter_misc":{"Escrito por":"cbeltran","Tiempo estimado de lectura":"2 minutos"},"schema":{"@context":"https:\/\/schema.org","@graph":[{"@type":"Article","@id":"https:\/\/dev.explora.cl\/nuble\/resultados-de-convocatoria-de-investigacion-e-innovacion-escolar-2025-2026\/#article","isPartOf":{"@id":"https:\/\/dev.explora.cl\/nuble\/resultados-de-convocatoria-de-investigacion-e-innovacion-escolar-2025-2026\/"},"author":{"name":"cbeltran","@id":"https:\/\/dev.explora.cl\/nuble\/#\/schema\/person\/f611679f39b55ae7cdea76bc915b056e"},"headline":"Resultados de Convocatoria de Investigaci\u00f3n e Innovaci\u00f3n Escolar 2025","datePublished":"2025-04-11T16:24:41+00:00","dateModified":"2025-04-11T16:34:56+00:00","mainEntityOfPage":{"@id":"https:\/\/dev.explora.cl\/nuble\/resultados-de-convocatoria-de-investigacion-e-innovacion-escolar-2025-2026\/"},"wordCount":253,"commentCount":0,"image":{"@id":"https:\/\/dev.explora.cl\/nuble\/resultados-de-convocatoria-de-investigacion-e-innovacion-escolar-2025-2026\/#primaryimage"},"thumbnailUrl":"https:\/\/dev.explora.cl\/nuble\/wp-content\/uploads\/sites\/10\/2025\/04\/web-03-scaled.jpg","articleSection":["Lugar 3"],"inLanguage":"es-CL","potentialAction":[{"@type":"CommentAction","name":"Comment","target":["https:\/\/dev.explora.cl\/nuble\/resultados-de-convocatoria-de-investigacion-e-innovacion-escolar-2025-2026\/#respond"]}]},{"@type":"WebPage","@id":"https:\/\/dev.explora.cl\/nuble\/resultados-de-convocatoria-de-investigacion-e-innovacion-escolar-2025-2026\/","url":"https:\/\/dev.explora.cl\/nuble\/resultados-de-convocatoria-de-investigacion-e-innovacion-escolar-2025-2026\/","name":"Resultados de Convocatoria de Investigaci\u00f3n e Innovaci\u00f3n Escolar 2025 - \u00d1uble","isPartOf":{"@id":"https:\/\/dev.explora.cl\/nuble\/#website"},"primaryImageOfPage":{"@id":"https:\/\/dev.explora.cl\/nuble\/resultados-de-convocatoria-de-investigacion-e-innovacion-escolar-2025-2026\/#primaryimage"},"image":{"@id":"https:\/\/dev.explora.cl\/nuble\/resultados-de-convocatoria-de-investigacion-e-innovacion-escolar-2025-2026\/#primaryimage"},"thumbnailUrl":"https:\/\/dev.explora.cl\/nuble\/wp-content\/uploads\/sites\/10\/2025\/04\/web-03-scaled.jpg","datePublished":"2025-04-11T16:24:41+00:00","dateModified":"2025-04-11T16:34:56+00:00","author":{"@id":"https:\/\/dev.explora.cl\/nuble\/#\/schema\/person\/f611679f39b55ae7cdea76bc915b056e"},"breadcrumb":{"@id":"https:\/\/dev.explora.cl\/nuble\/resultados-de-convocatoria-de-investigacion-e-innovacion-escolar-2025-2026\/#breadcrumb"},"inLanguage":"es-CL","potentialAction":[{"@type":"ReadAction","target":["https:\/\/dev.explora.cl\/nuble\/resultados-de-convocatoria-de-investigacion-e-innovacion-escolar-2025-2026\/"]}]},{"@type":"ImageObject","inLanguage":"es-CL","@id":"https:\/\/dev.explora.cl\/nuble\/resultados-de-convocatoria-de-investigacion-e-innovacion-escolar-2025-2026\/#primaryimage","url":"https:\/\/dev.explora.cl\/nuble\/wp-content\/uploads\/sites\/10\/2025\/04\/web-03-scaled.jpg","contentUrl":"https:\/\/dev.explora.cl\/nuble\/wp-content\/uploads\/sites\/10\/2025\/04\/web-03-scaled.jpg","width":2560,"height":1339},{"@type":"BreadcrumbList","@id":"https:\/\/dev.explora.cl\/nuble\/resultados-de-convocatoria-de-investigacion-e-innovacion-escolar-2025-2026\/#breadcrumb","itemListElement":[{"@type":"ListItem","position":1,"name":"Portada","item":"https:\/\/dev.explora.cl\/nuble\/"},{"@type":"ListItem","position":2,"name":"Resultados de Convocatoria de Investigaci\u00f3n e Innovaci\u00f3n Escolar 2025"}]},{"@type":"WebSite","@id":"https:\/\/dev.explora.cl\/nuble\/#website","url":"https:\/\/dev.explora.cl\/nuble\/","name":"\u00d1uble","description":"Otro sitio m\u00e1s de dev.explora.cl","potentialAction":[{"@type":"SearchAction","target":{"@type":"EntryPoint","urlTemplate":"https:\/\/dev.explora.cl\/nuble\/?s={search_term_string}"},"query-input":{"@type":"PropertyValueSpecification","valueRequired":true,"valueName":"search_term_string"}}],"inLanguage":"es-CL"},{"@type":"Person","@id":"https:\/\/dev.explora.cl\/nuble\/#\/schema\/person\/f611679f39b55ae7cdea76bc915b056e","name":"cbeltran","image":{"@type":"ImageObject","inLanguage":"es-CL","@id":"https:\/\/dev.explora.cl\/nuble\/#\/schema\/person\/image\/","url":"https:\/\/secure.gravatar.com\/avatar\/fde624b0b0faed85e420465a1cdb73a02c199b16b1d2d6bfe0a82b9ba438afbd?s=96&d=mm&r=g","contentUrl":"https:\/\/secure.gravatar.com\/avatar\/fde624b0b0faed85e420465a1cdb73a02c199b16b1d2d6bfe0a82b9ba438afbd?s=96&d=mm&r=g","caption":"cbeltran"},"url":"https:\/\/dev.explora.cl\/nuble\/author\/cbeltran\/"}]}},"_links":{"self":[{"href":"https:\/\/dev.explora.cl\/nuble\/wp-json\/wp\/v2\/posts\/37571","targetHints":{"allow":["GET"]}}],"collection":[{"href":"https:\/\/dev.explora.cl\/nuble\/wp-json\/wp\/v2\/posts"}],"about":[{"href":"https:\/\/dev.explora.cl\/nuble\/wp-json\/wp\/v2\/types\/post"}],"author":[{"embeddable":true,"href":"https:\/\/dev.explora.cl\/nuble\/wp-json\/wp\/v2\/users\/25"}],"replies":[{"embeddable":true,"href":"https:\/\/dev.explora.cl\/nuble\/wp-json\/wp\/v2\/comments?post=37571"}],"version-history":[{"count":2,"href":"https:\/\/dev.explora.cl\/nuble\/wp-json\/wp\/v2\/posts\/37571\/revisions"}],"predecessor-version":[{"id":37575,"href":"https:\/\/dev.explora.cl\/nuble\/wp-json\/wp\/v2\/posts\/37571\/revisions\/37575"}],"wp:featuredmedia":[{"embeddable":true,"href":"https:\/\/dev.explora.cl\/nuble\/wp-json\/wp\/v2\/media\/37573"}],"wp:attachment":[{"href":"https:\/\/dev.explora.cl\/nuble\/wp-json\/wp\/v2\/media?parent=37571"}],"wp:term":[{"taxonomy":"category","embeddable":true,"href":"https:\/\/dev.explora.cl\/nuble\/wp-json\/wp\/v2\/categories?post=37571"},{"taxonomy":"post_tag","embeddable":true,"href":"https:\/\/dev.explora.cl\/nuble\/wp-json\/wp\/v2\/tags?post=37571"}],"curies":[{"name":"wp","href":"https:\/\/api.w.org\/{rel}","templated":true}]}}